{"id":5990,"date":"2023-05-11T18:07:53","date_gmt":"2023-05-11T21:07:53","guid":{"rendered":"https:\/\/brasilnoticias.org\/site\/?p=5990"},"modified":"2023-05-11T18:07:53","modified_gmt":"2023-05-11T21:07:53","slug":"missao-dada-e-missao-cumprida-diz-capitao-alden-ao-completar-100-dias-de-mandato-na-camara-dos-deputados","status":"publish","type":"post","link":"https:\/\/brasilnoticias.org\/site\/missao-dada-e-missao-cumprida-diz-capitao-alden-ao-completar-100-dias-de-mandato-na-camara-dos-deputados\/","title":{"rendered":"&#8220;Miss\u00e3o dada \u00e9 miss\u00e3o cumprida&#8221;, diz Capit\u00e3o Alden ao completar 100 dias de mandato na C\u00e2mara dos Deputados"},"content":{"rendered":"<p>Completando 100 dias de mandato da C\u00e2mara, o deputado federal Capit\u00e3o Alden (PL-BA) relembrou suas principais a\u00e7\u00f5es neste per\u00edodo e reafirmou o seu compromisso com os baianos e brasileiros em defender pautas conservadores, como Deus, p\u00e1tria, fam\u00edlia e liberdade.<\/p>\n<p>Desde quando tomou posse, Capit\u00e3o Alden foi reconhecido pelos seus discursos fortes e contra o governo do PT, inclusive criticando a forma como os petistas tratam temas importantes para a sociedade como a Seguran\u00e7a P\u00fablica.  Sua atua\u00e7\u00e3o o rendeu o posto de parlamentar destaque, de acordo com a plataforma Ranking dos Pol\u00edticos, que apontou o deputado como o representante baiano melhor avaliado do estado. <\/p>\n<p>Al\u00e9m da sua postura, Alden tamb\u00e9m se destacou ao anunciar a cria\u00e7\u00e3o da Frente Parlamentar contra o Suic\u00eddio e Mutila\u00e7\u00e3o, bem como pela assinatura das frentes parlamentares evang\u00e9lica e seguran\u00e7a p\u00fablica. Ele tamb\u00e9m foi nomeado como presidente regional do Nordeste na Frente Parlamentar da Seguran\u00e7a P\u00fablica.<\/p>\n<p>Capit\u00e3o Alden tamb\u00e9m \u00e9 autor do projeto de Lei que torna crime de terrorismo a invas\u00e3o armada a terras particulares e da PEC que visa permuta para profissionais da seguran\u00e7a p\u00fablica. Falando no tema, o parlamentar aprovou na Comiss\u00e3o o PL 1469 \/ 2020 idade limite de 35 anos para ingresso na pol\u00edcia e bombeiro militar e votou contra a urg\u00eancia da PL da censura. <\/p>\n<p>&#8220;Miss\u00e3o dada \u00e9 miss\u00e3o cumprida. Seguiremos atuando em prol da Bahia e do Brasil, combatendo aqueles que visam apenas favorecer a eles pr\u00f3prios. A Bahia tem o seu Capit\u00e3o e sabe que pode contar comigo para qualquer coisa. Seguiremos!&#8221;, disse o deputado.<\/p>\n","protected":false},"excerpt":{"rendered":"<p>Completando 100 dias de mandato da C\u00e2mara, o deputado federal Capit\u00e3o Alden (PL-BA) relembrou suas principais a\u00e7\u00f5es neste per\u00edodo e<\/p>\n","protected":false},"author":1,"featured_media":5991,"comment_status":"open","ping_status":"open","sticky":false,"template":"","format":"standard","meta":{"colormag_page_container_layout":"default_layout","colormag_page_sidebar_layout":"default_layout","_FSMCFIC_featured_image_caption":"","_FSMCFIC_featured_image_nocaption":"","_FSMCFIC_featured_image_hide":"","footnotes":""},"categories":[5,1],"tags":[],"class_list":["post-5990","post","type-post","status-publish","format-standard","has-post-thumbnail","hentry","category-politica","category-ultimas"],"yoast_head":"<!-- This site is optimized with the Yoast SEO plugin v27.1.1 - https:\/\/yoast.com\/product\/yoast-seo-wordpress\/ -->\n<title>&quot;Miss\u00e3o dada \u00e9 miss\u00e3o cumprida&quot;, diz Capit\u00e3o Alden ao completar 100 dias de mandato na C\u00e2mara dos Deputados - Brasil not\u00edcias<\/title>\n<meta name=\"robots\" content=\"index, follow, max-snippet:-1, max-image-preview:large, max-video-preview:-1\" \/>\n<link rel=\"canonical\" href=\"https:\/\/brasilnoticias.org\/site\/missao-dada-e-missao-cumprida-diz-capitao-alden-ao-completar-100-dias-de-mandato-na-camara-dos-deputados\/\" \/>\n<meta property=\"og:locale\" content=\"pt_PT\" \/>\n<meta property=\"og:type\" content=\"article\" \/>\n<meta property=\"og:title\" content=\"&quot;Miss\u00e3o dada \u00e9 miss\u00e3o cumprida&quot;, diz Capit\u00e3o Alden ao completar 100 dias de mandato na C\u00e2mara dos Deputados - Brasil not\u00edcias\" \/>\n<meta property=\"og:description\" content=\"Completando 100 dias de mandato da C\u00e2mara, o deputado federal Capit\u00e3o Alden (PL-BA) relembrou suas principais a\u00e7\u00f5es neste per\u00edodo e\" \/>\n<meta property=\"og:url\" content=\"https:\/\/brasilnoticias.org\/site\/missao-dada-e-missao-cumprida-diz-capitao-alden-ao-completar-100-dias-de-mandato-na-camara-dos-deputados\/\" \/>\n<meta property=\"og:site_name\" content=\"Brasil not\u00edcias\" \/>\n<meta property=\"article:published_time\" content=\"2023-05-11T21:07:53+00:00\" \/>\n<meta property=\"og:image\" content=\"https:\/\/brasilnoticias.org\/site\/wp-content\/uploads\/2023\/05\/WhatsApp-Image-2023-05-11-at-18.05.04.jpeg\" \/>\n\t<meta property=\"og:image:width\" content=\"800\" \/>\n\t<meta property=\"og:image:height\" content=\"445\" \/>\n\t<meta property=\"og:image:type\" content=\"image\/jpeg\" \/>\n<meta name=\"author\" content=\"Reda\u00e7\u00e3o\" \/>\n<meta name=\"twitter:card\" content=\"summary_large_image\" \/>\n<meta name=\"twitter:label1\" content=\"Escrito por\" \/>\n\t<meta name=\"twitter:data1\" content=\"Reda\u00e7\u00e3o\" \/>\n<script type=\"application\/ld+json\" class=\"yoast-schema-graph\">{\"@context\":\"https:\/\/schema.org\",\"@graph\":[{\"@type\":\"Article\",\"@id\":\"https:\/\/brasilnoticias.org\/site\/missao-dada-e-missao-cumprida-diz-capitao-alden-ao-completar-100-dias-de-mandato-na-camara-dos-deputados\/#article\",\"isPartOf\":{\"@id\":\"https:\/\/brasilnoticias.org\/site\/missao-dada-e-missao-cumprida-diz-capitao-alden-ao-completar-100-dias-de-mandato-na-camara-dos-deputados\/\"},\"author\":{\"name\":\"Reda\u00e7\u00e3o\",\"@id\":\"https:\/\/brasilnoticias.org\/site\/#\/schema\/person\/a0e05b973ec4d15c658d51911e53507b\"},\"headline\":\"&#8220;Miss\u00e3o dada \u00e9 miss\u00e3o cumprida&#8221;, diz Capit\u00e3o Alden ao completar 100 dias de mandato na C\u00e2mara dos Deputados\",\"datePublished\":\"2023-05-11T21:07:53+00:00\",\"mainEntityOfPage\":{\"@id\":\"https:\/\/brasilnoticias.org\/site\/missao-dada-e-missao-cumprida-diz-capitao-alden-ao-completar-100-dias-de-mandato-na-camara-dos-deputados\/\"},\"wordCount\":303,\"commentCount\":0,\"publisher\":{\"@id\":\"https:\/\/brasilnoticias.org\/site\/#organization\"},\"image\":{\"@id\":\"https:\/\/brasilnoticias.org\/site\/missao-dada-e-missao-cumprida-diz-capitao-alden-ao-completar-100-dias-de-mandato-na-camara-dos-deputados\/#primaryimage\"},\"thumbnailUrl\":\"https:\/\/brasilnoticias.org\/site\/wp-content\/uploads\/2023\/05\/WhatsApp-Image-2023-05-11-at-18.05.04.jpeg\",\"articleSection\":[\"Pol\u00edtica\",\"\u00daltimas\"],\"inLanguage\":\"pt-PT\",\"potentialAction\":[{\"@type\":\"CommentAction\",\"name\":\"Comment\",\"target\":[\"https:\/\/brasilnoticias.org\/site\/missao-dada-e-missao-cumprida-diz-capitao-alden-ao-completar-100-dias-de-mandato-na-camara-dos-deputados\/#respond\"]}]},{\"@type\":\"WebPage\",\"@id\":\"https:\/\/brasilnoticias.org\/site\/missao-dada-e-missao-cumprida-diz-capitao-alden-ao-completar-100-dias-de-mandato-na-camara-dos-deputados\/\",\"url\":\"https:\/\/brasilnoticias.org\/site\/missao-dada-e-missao-cumprida-diz-capitao-alden-ao-completar-100-dias-de-mandato-na-camara-dos-deputados\/\",\"name\":\"\\\"Miss\u00e3o dada \u00e9 miss\u00e3o cumprida\\\", diz Capit\u00e3o Alden ao completar 100 dias de mandato na C\u00e2mara dos Deputados - Brasil not\u00edcias\",\"isPartOf\":{\"@id\":\"https:\/\/brasilnoticias.org\/site\/#website\"},\"primaryImageOfPage\":{\"@id\":\"https:\/\/brasilnoticias.org\/site\/missao-dada-e-missao-cumprida-diz-capitao-alden-ao-completar-100-dias-de-mandato-na-camara-dos-deputados\/#primaryimage\"},\"image\":{\"@id\":\"https:\/\/brasilnoticias.org\/site\/missao-dada-e-missao-cumprida-diz-capitao-alden-ao-completar-100-dias-de-mandato-na-camara-dos-deputados\/#primaryimage\"},\"thumbnailUrl\":\"https:\/\/brasilnoticias.org\/site\/wp-content\/uploads\/2023\/05\/WhatsApp-Image-2023-05-11-at-18.05.04.jpeg\",\"datePublished\":\"2023-05-11T21:07:53+00:00\",\"breadcrumb\":{\"@id\":\"https:\/\/brasilnoticias.org\/site\/missao-dada-e-missao-cumprida-diz-capitao-alden-ao-completar-100-dias-de-mandato-na-camara-dos-deputados\/#breadcrumb\"},\"inLanguage\":\"pt-PT\",\"potentialAction\":[{\"@type\":\"ReadAction\",\"target\":[\"https:\/\/brasilnoticias.org\/site\/missao-dada-e-missao-cumprida-diz-capitao-alden-ao-completar-100-dias-de-mandato-na-camara-dos-deputados\/\"]}]},{\"@type\":\"ImageObject\",\"inLanguage\":\"pt-PT\",\"@id\":\"https:\/\/brasilnoticias.org\/site\/missao-dada-e-missao-cumprida-diz-capitao-alden-ao-completar-100-dias-de-mandato-na-camara-dos-deputados\/#primaryimage\",\"url\":\"https:\/\/brasilnoticias.org\/site\/wp-content\/uploads\/2023\/05\/WhatsApp-Image-2023-05-11-at-18.05.04.jpeg\",\"contentUrl\":\"https:\/\/brasilnoticias.org\/site\/wp-content\/uploads\/2023\/05\/WhatsApp-Image-2023-05-11-at-18.05.04.jpeg\",\"width\":800,\"height\":445},{\"@type\":\"BreadcrumbList\",\"@id\":\"https:\/\/brasilnoticias.org\/site\/missao-dada-e-missao-cumprida-diz-capitao-alden-ao-completar-100-dias-de-mandato-na-camara-dos-deputados\/#breadcrumb\",\"itemListElement\":[{\"@type\":\"ListItem\",\"position\":1,\"name\":\"In\u00edcio\",\"item\":\"https:\/\/brasilnoticias.org\/site\/\"},{\"@type\":\"ListItem\",\"position\":2,\"name\":\"&#8220;Miss\u00e3o dada \u00e9 miss\u00e3o cumprida&#8221;, diz Capit\u00e3o Alden ao completar 100 dias de mandato na C\u00e2mara dos Deputados\"}]},{\"@type\":\"WebSite\",\"@id\":\"https:\/\/brasilnoticias.org\/site\/#website\",\"url\":\"https:\/\/brasilnoticias.org\/site\/\",\"name\":\"Brasil not\u00edcias\",\"description\":\"Brasil not\u00edcias\",\"publisher\":{\"@id\":\"https:\/\/brasilnoticias.org\/site\/#organization\"},\"potentialAction\":[{\"@type\":\"SearchAction\",\"target\":{\"@type\":\"EntryPoint\",\"urlTemplate\":\"https:\/\/brasilnoticias.org\/site\/?s={search_term_string}\"},\"query-input\":{\"@type\":\"PropertyValueSpecification\",\"valueRequired\":true,\"valueName\":\"search_term_string\"}}],\"inLanguage\":\"pt-PT\"},{\"@type\":\"Organization\",\"@id\":\"https:\/\/brasilnoticias.org\/site\/#organization\",\"name\":\"Brasil not\u00edcias\",\"url\":\"https:\/\/brasilnoticias.org\/site\/\",\"logo\":{\"@type\":\"ImageObject\",\"inLanguage\":\"pt-PT\",\"@id\":\"https:\/\/brasilnoticias.org\/site\/#\/schema\/logo\/image\/\",\"url\":\"https:\/\/brasilnoticias.org\/site\/wp-content\/uploads\/2022\/05\/cropped-brasilnoticias-mini.jpg\",\"contentUrl\":\"https:\/\/brasilnoticias.org\/site\/wp-content\/uploads\/2022\/05\/cropped-brasilnoticias-mini.jpg\",\"width\":314,\"height\":86,\"caption\":\"Brasil not\u00edcias\"},\"image\":{\"@id\":\"https:\/\/brasilnoticias.org\/site\/#\/schema\/logo\/image\/\"}},{\"@type\":\"Person\",\"@id\":\"https:\/\/brasilnoticias.org\/site\/#\/schema\/person\/a0e05b973ec4d15c658d51911e53507b\",\"name\":\"Reda\u00e7\u00e3o\",\"image\":{\"@type\":\"ImageObject\",\"inLanguage\":\"pt-PT\",\"@id\":\"https:\/\/brasilnoticias.org\/site\/#\/schema\/person\/image\/\",\"url\":\"https:\/\/secure.gravatar.com\/avatar\/75d8b050df2de108b08ae78dfb8e374892df24a383c67db9c46a9c604f6aee9c?s=96&d=mm&r=g\",\"contentUrl\":\"https:\/\/secure.gravatar.com\/avatar\/75d8b050df2de108b08ae78dfb8e374892df24a383c67db9c46a9c604f6aee9c?s=96&d=mm&r=g\",\"caption\":\"Reda\u00e7\u00e3o\"},\"sameAs\":[\"https:\/\/brasilnoticias.org\/site\"],\"url\":\"https:\/\/brasilnoticias.org\/site\/author\/fernandozsngmail-com\/\"}]}<\/script>\n<!-- \/ Yoast SEO plugin. -->","yoast_head_json":{"title":"\"Miss\u00e3o dada \u00e9 miss\u00e3o cumprida\", diz Capit\u00e3o Alden ao completar 100 dias de mandato na C\u00e2mara dos Deputados - Brasil not\u00edcias","robots":{"index":"index","follow":"follow","max-snippet":"max-snippet:-1","max-image-preview":"max-image-preview:large","max-video-preview":"max-video-preview:-1"},"canonical":"https:\/\/brasilnoticias.org\/site\/missao-dada-e-missao-cumprida-diz-capitao-alden-ao-completar-100-dias-de-mandato-na-camara-dos-deputados\/","og_locale":"pt_PT","og_type":"article","og_title":"\"Miss\u00e3o dada \u00e9 miss\u00e3o cumprida\", diz Capit\u00e3o Alden ao completar 100 dias de mandato na C\u00e2mara dos Deputados - Brasil not\u00edcias","og_description":"Completando 100 dias de mandato da C\u00e2mara, o deputado federal Capit\u00e3o Alden (PL-BA) relembrou suas principais a\u00e7\u00f5es neste per\u00edodo e","og_url":"https:\/\/brasilnoticias.org\/site\/missao-dada-e-missao-cumprida-diz-capitao-alden-ao-completar-100-dias-de-mandato-na-camara-dos-deputados\/","og_site_name":"Brasil not\u00edcias","article_published_time":"2023-05-11T21:07:53+00:00","og_image":[{"width":800,"height":445,"url":"https:\/\/brasilnoticias.org\/site\/wp-content\/uploads\/2023\/05\/WhatsApp-Image-2023-05-11-at-18.05.04.jpeg","type":"image\/jpeg"}],"author":"Reda\u00e7\u00e3o","twitter_card":"summary_large_image","twitter_misc":{"Escrito por":"Reda\u00e7\u00e3o"},"schema":{"@context":"https:\/\/schema.org","@graph":[{"@type":"Article","@id":"https:\/\/brasilnoticias.org\/site\/missao-dada-e-missao-cumprida-diz-capitao-alden-ao-completar-100-dias-de-mandato-na-camara-dos-deputados\/#article","isPartOf":{"@id":"https:\/\/brasilnoticias.org\/site\/missao-dada-e-missao-cumprida-diz-capitao-alden-ao-completar-100-dias-de-mandato-na-camara-dos-deputados\/"},"author":{"name":"Reda\u00e7\u00e3o","@id":"https:\/\/brasilnoticias.org\/site\/#\/schema\/person\/a0e05b973ec4d15c658d51911e53507b"},"headline":"&#8220;Miss\u00e3o dada \u00e9 miss\u00e3o cumprida&#8221;, diz Capit\u00e3o Alden ao completar 100 dias de mandato na C\u00e2mara dos Deputados","datePublished":"2023-05-11T21:07:53+00:00","mainEntityOfPage":{"@id":"https:\/\/brasilnoticias.org\/site\/missao-dada-e-missao-cumprida-diz-capitao-alden-ao-completar-100-dias-de-mandato-na-camara-dos-deputados\/"},"wordCount":303,"commentCount":0,"publisher":{"@id":"https:\/\/brasilnoticias.org\/site\/#organization"},"image":{"@id":"https:\/\/brasilnoticias.org\/site\/missao-dada-e-missao-cumprida-diz-capitao-alden-ao-completar-100-dias-de-mandato-na-camara-dos-deputados\/#primaryimage"},"thumbnailUrl":"https:\/\/brasilnoticias.org\/site\/wp-content\/uploads\/2023\/05\/WhatsApp-Image-2023-05-11-at-18.05.04.jpeg","articleSection":["Pol\u00edtica","\u00daltimas"],"inLanguage":"pt-PT","potentialAction":[{"@type":"CommentAction","name":"Comment","target":["https:\/\/brasilnoticias.org\/site\/missao-dada-e-missao-cumprida-diz-capitao-alden-ao-completar-100-dias-de-mandato-na-camara-dos-deputados\/#respond"]}]},{"@type":"WebPage","@id":"https:\/\/brasilnoticias.org\/site\/missao-dada-e-missao-cumprida-diz-capitao-alden-ao-completar-100-dias-de-mandato-na-camara-dos-deputados\/","url":"https:\/\/brasilnoticias.org\/site\/missao-dada-e-missao-cumprida-diz-capitao-alden-ao-completar-100-dias-de-mandato-na-camara-dos-deputados\/","name":"\"Miss\u00e3o dada \u00e9 miss\u00e3o cumprida\", diz Capit\u00e3o Alden ao completar 100 dias de mandato na C\u00e2mara dos Deputados - Brasil not\u00edcias","isPartOf":{"@id":"https:\/\/brasilnoticias.org\/site\/#website"},"primaryImageOfPage":{"@id":"https:\/\/brasilnoticias.org\/site\/missao-dada-e-missao-cumprida-diz-capitao-alden-ao-completar-100-dias-de-mandato-na-camara-dos-deputados\/#primaryimage"},"image":{"@id":"https:\/\/brasilnoticias.org\/site\/missao-dada-e-missao-cumprida-diz-capitao-alden-ao-completar-100-dias-de-mandato-na-camara-dos-deputados\/#primaryimage"},"thumbnailUrl":"https:\/\/brasilnoticias.org\/site\/wp-content\/uploads\/2023\/05\/WhatsApp-Image-2023-05-11-at-18.05.04.jpeg","datePublished":"2023-05-11T21:07:53+00:00","breadcrumb":{"@id":"https:\/\/brasilnoticias.org\/site\/missao-dada-e-missao-cumprida-diz-capitao-alden-ao-completar-100-dias-de-mandato-na-camara-dos-deputados\/#breadcrumb"},"inLanguage":"pt-PT","potentialAction":[{"@type":"ReadAction","target":["https:\/\/brasilnoticias.org\/site\/missao-dada-e-missao-cumprida-diz-capitao-alden-ao-completar-100-dias-de-mandato-na-camara-dos-deputados\/"]}]},{"@type":"ImageObject","inLanguage":"pt-PT","@id":"https:\/\/brasilnoticias.org\/site\/missao-dada-e-missao-cumprida-diz-capitao-alden-ao-completar-100-dias-de-mandato-na-camara-dos-deputados\/#primaryimage","url":"https:\/\/brasilnoticias.org\/site\/wp-content\/uploads\/2023\/05\/WhatsApp-Image-2023-05-11-at-18.05.04.jpeg","contentUrl":"https:\/\/brasilnoticias.org\/site\/wp-content\/uploads\/2023\/05\/WhatsApp-Image-2023-05-11-at-18.05.04.jpeg","width":800,"height":445},{"@type":"BreadcrumbList","@id":"https:\/\/brasilnoticias.org\/site\/missao-dada-e-missao-cumprida-diz-capitao-alden-ao-completar-100-dias-de-mandato-na-camara-dos-deputados\/#breadcrumb","itemListElement":[{"@type":"ListItem","position":1,"name":"In\u00edcio","item":"https:\/\/brasilnoticias.org\/site\/"},{"@type":"ListItem","position":2,"name":"&#8220;Miss\u00e3o dada \u00e9 miss\u00e3o cumprida&#8221;, diz Capit\u00e3o Alden ao completar 100 dias de mandato na C\u00e2mara dos Deputados"}]},{"@type":"WebSite","@id":"https:\/\/brasilnoticias.org\/site\/#website","url":"https:\/\/brasilnoticias.org\/site\/","name":"Brasil not\u00edcias","description":"Brasil not\u00edcias","publisher":{"@id":"https:\/\/brasilnoticias.org\/site\/#organization"},"potentialAction":[{"@type":"SearchAction","target":{"@type":"EntryPoint","urlTemplate":"https:\/\/brasilnoticias.org\/site\/?s={search_term_string}"},"query-input":{"@type":"PropertyValueSpecification","valueRequired":true,"valueName":"search_term_string"}}],"inLanguage":"pt-PT"},{"@type":"Organization","@id":"https:\/\/brasilnoticias.org\/site\/#organization","name":"Brasil not\u00edcias","url":"https:\/\/brasilnoticias.org\/site\/","logo":{"@type":"ImageObject","inLanguage":"pt-PT","@id":"https:\/\/brasilnoticias.org\/site\/#\/schema\/logo\/image\/","url":"https:\/\/brasilnoticias.org\/site\/wp-content\/uploads\/2022\/05\/cropped-brasilnoticias-mini.jpg","contentUrl":"https:\/\/brasilnoticias.org\/site\/wp-content\/uploads\/2022\/05\/cropped-brasilnoticias-mini.jpg","width":314,"height":86,"caption":"Brasil not\u00edcias"},"image":{"@id":"https:\/\/brasilnoticias.org\/site\/#\/schema\/logo\/image\/"}},{"@type":"Person","@id":"https:\/\/brasilnoticias.org\/site\/#\/schema\/person\/a0e05b973ec4d15c658d51911e53507b","name":"Reda\u00e7\u00e3o","image":{"@type":"ImageObject","inLanguage":"pt-PT","@id":"https:\/\/brasilnoticias.org\/site\/#\/schema\/person\/image\/","url":"https:\/\/secure.gravatar.com\/avatar\/75d8b050df2de108b08ae78dfb8e374892df24a383c67db9c46a9c604f6aee9c?s=96&d=mm&r=g","contentUrl":"https:\/\/secure.gravatar.com\/avatar\/75d8b050df2de108b08ae78dfb8e374892df24a383c67db9c46a9c604f6aee9c?s=96&d=mm&r=g","caption":"Reda\u00e7\u00e3o"},"sameAs":["https:\/\/brasilnoticias.org\/site"],"url":"https:\/\/brasilnoticias.org\/site\/author\/fernandozsngmail-com\/"}]}},"_links":{"self":[{"href":"https:\/\/brasilnoticias.org\/site\/wp-json\/wp\/v2\/posts\/5990","targetHints":{"allow":["GET"]}}],"collection":[{"href":"https:\/\/brasilnoticias.org\/site\/wp-json\/wp\/v2\/posts"}],"about":[{"href":"https:\/\/brasilnoticias.org\/site\/wp-json\/wp\/v2\/types\/post"}],"author":[{"embeddable":true,"href":"https:\/\/brasilnoticias.org\/site\/wp-json\/wp\/v2\/users\/1"}],"replies":[{"embeddable":true,"href":"https:\/\/brasilnoticias.org\/site\/wp-json\/wp\/v2\/comments?post=5990"}],"version-history":[{"count":2,"href":"https:\/\/brasilnoticias.org\/site\/wp-json\/wp\/v2\/posts\/5990\/revisions"}],"predecessor-version":[{"id":5993,"href":"https:\/\/brasilnoticias.org\/site\/wp-json\/wp\/v2\/posts\/5990\/revisions\/5993"}],"wp:featuredmedia":[{"embeddable":true,"href":"https:\/\/brasilnoticias.org\/site\/wp-json\/wp\/v2\/media\/5991"}],"wp:attachment":[{"href":"https:\/\/brasilnoticias.org\/site\/wp-json\/wp\/v2\/media?parent=5990"}],"wp:term":[{"taxonomy":"category","embeddable":true,"href":"https:\/\/brasilnoticias.org\/site\/wp-json\/wp\/v2\/categories?post=5990"},{"taxonomy":"post_tag","embeddable":true,"href":"https:\/\/brasilnoticias.org\/site\/wp-json\/wp\/v2\/tags?post=5990"}],"curies":[{"name":"wp","href":"https:\/\/api.w.org\/{rel}","templated":true}]}}