{"id":6001,"date":"2023-05-12T06:47:17","date_gmt":"2023-05-12T09:47:17","guid":{"rendered":"https:\/\/brasilnoticias.org\/site\/?p=6001"},"modified":"2023-05-12T06:47:17","modified_gmt":"2023-05-12T09:47:17","slug":"anderson-torres-deixa-prisao-apos-4-meses-e-chega-em-casa","status":"publish","type":"post","link":"https:\/\/brasilnoticias.org\/site\/anderson-torres-deixa-prisao-apos-4-meses-e-chega-em-casa\/","title":{"rendered":"Anderson Torres deixa pris\u00e3o ap\u00f3s 4 meses e chega em casa"},"content":{"rendered":"<p>O ex-ministro da Justi\u00e7a Anderson Torres chegou em casa ap\u00f3s deixar a pris\u00e3o na noite desta quinta-feira (11). Torres estava preso havia quatro meses por suposta omiss\u00e3o nos atos golpistas do dia 8 de janeiro.<\/p>\n<p>A soltura ocorreu horas ap\u00f3s o ministro Alexandre de Moraes, do Supremo Tribunal Federal (STF), autorizar a liberdade do ex-ministro, preso desde 14 de janeiro no 19\u00ba batalh\u00e3o da Pol\u00edcia Militar do Distrito Federal.<\/p>\n<p>Na decis\u00e3o, Moraes informou que n\u00e3o v\u00ea mais motivos para Torres continuar preso preventivamente. E que as investiga\u00e7\u00f5es podem transcorrer com o ex-ministro em liberdade.<\/p>\n<p>&#8220;A presente decis\u00e3o servir\u00e1 de alvar\u00e1 de soltura clausulado em favor de ANDERSON GUSTAVO TORRES servir\u00e1 tamb\u00e9m de of\u00edcio de apresenta\u00e7\u00e3o ao Ju\u00edzo da Vara de Execu\u00e7\u00f5es Penais do Distrito Federal, no prazo de 24 horas&#8221;, escreveu o ministro.<\/p>\n<p>Os advogados de Torres j\u00e1 vinham pedindo na Justi\u00e7a a soltura do ex-ministro, alegando que a pris\u00e3o preventiva n\u00e3o se justificava e que ele estava com agravamento das condi\u00e7\u00f5es de sa\u00fade mental na pris\u00e3o.<\/p>\n<p>Para permitir a liberdade de Torres, o ministro determinou medidas cautelares que incluem:<\/p>\n<p>uso de tornozeleira eletr\u00f4nica;<br \/>\nproibi\u00e7\u00e3o de deixar o Distrito Federal e de sair de casa \u00e0 noite e nos fins de semana;<br \/>\nafastamento tempor\u00e1rio do cargo de delegado de Pol\u00edcia Federal;<br \/>\ncomparecimento semanal na Justi\u00e7a;<br \/>\nentrega do passaporte \u00e0 Justi\u00e7a e cancelamentos de todos os passaportes j\u00e1 emitidos para Torres ;<br \/>\nsuspens\u00e3o de porte de armas de fogo, inclusive funcionais;<br \/>\nproibi\u00e7\u00e3o de uso de redes sociais; e<br \/>\nproibi\u00e7\u00e3o de comunica\u00e7\u00e3o com os demais investigados no caso.<\/p>\n<p>&#8220;As raz\u00f5es para a manuten\u00e7\u00e3o da medida cautelar extrema em rela\u00e7\u00e3o a Anderson Gustavo Torres cessaram, pois a necess\u00e1ria compatibiliza\u00e7\u00e3o entre a Justi\u00e7a Penal e o direito de liberdade demonstra que a efic\u00e1cia da pris\u00e3o preventiva j\u00e1 alcan\u00e7ou sua finalidade, com a efetiva realiza\u00e7\u00e3o de novas dilig\u00eancias policiais, que encontravam-se pendentes em 20\/4\/2023.&#8221;<\/p>\n<p>Moraes destacou ainda que o descumprimento de qualquer uma das medidas alternativas vai levar Torres de volta \u00e0 pris\u00e3o.<\/p>\n<p>G1<br \/>\n Foto: Reprodu\u00e7\u00e3o<\/p>\n","protected":false},"excerpt":{"rendered":"<p>O ex-ministro da Justi\u00e7a Anderson Torres chegou em casa ap\u00f3s deixar a pris\u00e3o na noite desta quinta-feira (11). Torres estava<\/p>\n","protected":false},"author":1,"featured_media":6002,"comment_status":"open","ping_status":"open","sticky":false,"template":"","format":"standard","meta":{"colormag_page_container_layout":"default_layout","colormag_page_sidebar_layout":"default_layout","_FSMCFIC_featured_image_caption":"","_FSMCFIC_featured_image_nocaption":"","_FSMCFIC_featured_image_hide":"","footnotes":""},"categories":[7,1],"tags":[],"class_list":["post-6001","post","type-post","status-publish","format-standard","has-post-thumbnail","hentry","category-justica","category-ultimas"],"yoast_head":"<!-- This site is optimized with the Yoast SEO plugin v27.1.1 - https:\/\/yoast.com\/product\/yoast-seo-wordpress\/ -->\n<title>Anderson Torres deixa pris\u00e3o ap\u00f3s 4 meses e chega em casa - Brasil not\u00edcias<\/title>\n<meta name=\"robots\" content=\"index, follow, max-snippet:-1, max-image-preview:large, max-video-preview:-1\" \/>\n<link rel=\"canonical\" href=\"https:\/\/brasilnoticias.org\/site\/anderson-torres-deixa-prisao-apos-4-meses-e-chega-em-casa\/\" \/>\n<meta property=\"og:locale\" content=\"pt_PT\" \/>\n<meta property=\"og:type\" content=\"article\" \/>\n<meta property=\"og:title\" content=\"Anderson Torres deixa pris\u00e3o ap\u00f3s 4 meses e chega em casa - Brasil not\u00edcias\" \/>\n<meta property=\"og:description\" content=\"O ex-ministro da Justi\u00e7a Anderson Torres chegou em casa ap\u00f3s deixar a pris\u00e3o na noite desta quinta-feira (11). Torres estava\" \/>\n<meta property=\"og:url\" content=\"https:\/\/brasilnoticias.org\/site\/anderson-torres-deixa-prisao-apos-4-meses-e-chega-em-casa\/\" \/>\n<meta property=\"og:site_name\" content=\"Brasil not\u00edcias\" \/>\n<meta property=\"article:published_time\" content=\"2023-05-12T09:47:17+00:00\" \/>\n<meta property=\"og:image\" content=\"https:\/\/brasilnoticias.org\/site\/wp-content\/uploads\/2023\/05\/pgm-globonews-limpo-ao-vivo-20230511-1959-frame-191111.webp\" \/>\n\t<meta property=\"og:image:width\" content=\"600\" \/>\n\t<meta property=\"og:image:height\" content=\"338\" \/>\n\t<meta property=\"og:image:type\" content=\"image\/webp\" \/>\n<meta name=\"author\" content=\"Reda\u00e7\u00e3o\" \/>\n<meta name=\"twitter:card\" content=\"summary_large_image\" \/>\n<meta name=\"twitter:label1\" content=\"Escrito por\" \/>\n\t<meta name=\"twitter:data1\" content=\"Reda\u00e7\u00e3o\" \/>\n<script type=\"application\/ld+json\" class=\"yoast-schema-graph\">{\"@context\":\"https:\/\/schema.org\",\"@graph\":[{\"@type\":\"Article\",\"@id\":\"https:\/\/brasilnoticias.org\/site\/anderson-torres-deixa-prisao-apos-4-meses-e-chega-em-casa\/#article\",\"isPartOf\":{\"@id\":\"https:\/\/brasilnoticias.org\/site\/anderson-torres-deixa-prisao-apos-4-meses-e-chega-em-casa\/\"},\"author\":{\"name\":\"Reda\u00e7\u00e3o\",\"@id\":\"https:\/\/brasilnoticias.org\/site\/#\/schema\/person\/a0e05b973ec4d15c658d51911e53507b\"},\"headline\":\"Anderson Torres deixa pris\u00e3o ap\u00f3s 4 meses e chega em casa\",\"datePublished\":\"2023-05-12T09:47:17+00:00\",\"mainEntityOfPage\":{\"@id\":\"https:\/\/brasilnoticias.org\/site\/anderson-torres-deixa-prisao-apos-4-meses-e-chega-em-casa\/\"},\"wordCount\":378,\"commentCount\":0,\"publisher\":{\"@id\":\"https:\/\/brasilnoticias.org\/site\/#organization\"},\"image\":{\"@id\":\"https:\/\/brasilnoticias.org\/site\/anderson-torres-deixa-prisao-apos-4-meses-e-chega-em-casa\/#primaryimage\"},\"thumbnailUrl\":\"https:\/\/brasilnoticias.org\/site\/wp-content\/uploads\/2023\/05\/pgm-globonews-limpo-ao-vivo-20230511-1959-frame-191111.webp\",\"articleSection\":[\"Justi\u00e7a\",\"\u00daltimas\"],\"inLanguage\":\"pt-PT\",\"potentialAction\":[{\"@type\":\"CommentAction\",\"name\":\"Comment\",\"target\":[\"https:\/\/brasilnoticias.org\/site\/anderson-torres-deixa-prisao-apos-4-meses-e-chega-em-casa\/#respond\"]}]},{\"@type\":\"WebPage\",\"@id\":\"https:\/\/brasilnoticias.org\/site\/anderson-torres-deixa-prisao-apos-4-meses-e-chega-em-casa\/\",\"url\":\"https:\/\/brasilnoticias.org\/site\/anderson-torres-deixa-prisao-apos-4-meses-e-chega-em-casa\/\",\"name\":\"Anderson Torres deixa pris\u00e3o ap\u00f3s 4 meses e chega em casa - Brasil not\u00edcias\",\"isPartOf\":{\"@id\":\"https:\/\/brasilnoticias.org\/site\/#website\"},\"primaryImageOfPage\":{\"@id\":\"https:\/\/brasilnoticias.org\/site\/anderson-torres-deixa-prisao-apos-4-meses-e-chega-em-casa\/#primaryimage\"},\"image\":{\"@id\":\"https:\/\/brasilnoticias.org\/site\/anderson-torres-deixa-prisao-apos-4-meses-e-chega-em-casa\/#primaryimage\"},\"thumbnailUrl\":\"https:\/\/brasilnoticias.org\/site\/wp-content\/uploads\/2023\/05\/pgm-globonews-limpo-ao-vivo-20230511-1959-frame-191111.webp\",\"datePublished\":\"2023-05-12T09:47:17+00:00\",\"breadcrumb\":{\"@id\":\"https:\/\/brasilnoticias.org\/site\/anderson-torres-deixa-prisao-apos-4-meses-e-chega-em-casa\/#breadcrumb\"},\"inLanguage\":\"pt-PT\",\"potentialAction\":[{\"@type\":\"ReadAction\",\"target\":[\"https:\/\/brasilnoticias.org\/site\/anderson-torres-deixa-prisao-apos-4-meses-e-chega-em-casa\/\"]}]},{\"@type\":\"ImageObject\",\"inLanguage\":\"pt-PT\",\"@id\":\"https:\/\/brasilnoticias.org\/site\/anderson-torres-deixa-prisao-apos-4-meses-e-chega-em-casa\/#primaryimage\",\"url\":\"https:\/\/brasilnoticias.org\/site\/wp-content\/uploads\/2023\/05\/pgm-globonews-limpo-ao-vivo-20230511-1959-frame-191111.webp\",\"contentUrl\":\"https:\/\/brasilnoticias.org\/site\/wp-content\/uploads\/2023\/05\/pgm-globonews-limpo-ao-vivo-20230511-1959-frame-191111.webp\",\"width\":600,\"height\":338},{\"@type\":\"BreadcrumbList\",\"@id\":\"https:\/\/brasilnoticias.org\/site\/anderson-torres-deixa-prisao-apos-4-meses-e-chega-em-casa\/#breadcrumb\",\"itemListElement\":[{\"@type\":\"ListItem\",\"position\":1,\"name\":\"In\u00edcio\",\"item\":\"https:\/\/brasilnoticias.org\/site\/\"},{\"@type\":\"ListItem\",\"position\":2,\"name\":\"Anderson Torres deixa pris\u00e3o ap\u00f3s 4 meses e chega em casa\"}]},{\"@type\":\"WebSite\",\"@id\":\"https:\/\/brasilnoticias.org\/site\/#website\",\"url\":\"https:\/\/brasilnoticias.org\/site\/\",\"name\":\"Brasil not\u00edcias\",\"description\":\"Brasil not\u00edcias\",\"publisher\":{\"@id\":\"https:\/\/brasilnoticias.org\/site\/#organization\"},\"potentialAction\":[{\"@type\":\"SearchAction\",\"target\":{\"@type\":\"EntryPoint\",\"urlTemplate\":\"https:\/\/brasilnoticias.org\/site\/?s={search_term_string}\"},\"query-input\":{\"@type\":\"PropertyValueSpecification\",\"valueRequired\":true,\"valueName\":\"search_term_string\"}}],\"inLanguage\":\"pt-PT\"},{\"@type\":\"Organization\",\"@id\":\"https:\/\/brasilnoticias.org\/site\/#organization\",\"name\":\"Brasil not\u00edcias\",\"url\":\"https:\/\/brasilnoticias.org\/site\/\",\"logo\":{\"@type\":\"ImageObject\",\"inLanguage\":\"pt-PT\",\"@id\":\"https:\/\/brasilnoticias.org\/site\/#\/schema\/logo\/image\/\",\"url\":\"https:\/\/brasilnoticias.org\/site\/wp-content\/uploads\/2022\/05\/cropped-brasilnoticias-mini.jpg\",\"contentUrl\":\"https:\/\/brasilnoticias.org\/site\/wp-content\/uploads\/2022\/05\/cropped-brasilnoticias-mini.jpg\",\"width\":314,\"height\":86,\"caption\":\"Brasil not\u00edcias\"},\"image\":{\"@id\":\"https:\/\/brasilnoticias.org\/site\/#\/schema\/logo\/image\/\"}},{\"@type\":\"Person\",\"@id\":\"https:\/\/brasilnoticias.org\/site\/#\/schema\/person\/a0e05b973ec4d15c658d51911e53507b\",\"name\":\"Reda\u00e7\u00e3o\",\"image\":{\"@type\":\"ImageObject\",\"inLanguage\":\"pt-PT\",\"@id\":\"https:\/\/brasilnoticias.org\/site\/#\/schema\/person\/image\/\",\"url\":\"https:\/\/secure.gravatar.com\/avatar\/75d8b050df2de108b08ae78dfb8e374892df24a383c67db9c46a9c604f6aee9c?s=96&d=mm&r=g\",\"contentUrl\":\"https:\/\/secure.gravatar.com\/avatar\/75d8b050df2de108b08ae78dfb8e374892df24a383c67db9c46a9c604f6aee9c?s=96&d=mm&r=g\",\"caption\":\"Reda\u00e7\u00e3o\"},\"sameAs\":[\"https:\/\/brasilnoticias.org\/site\"],\"url\":\"https:\/\/brasilnoticias.org\/site\/author\/fernandozsngmail-com\/\"}]}<\/script>\n<!-- \/ Yoast SEO plugin. -->","yoast_head_json":{"title":"Anderson Torres deixa pris\u00e3o ap\u00f3s 4 meses e chega em casa - Brasil not\u00edcias","robots":{"index":"index","follow":"follow","max-snippet":"max-snippet:-1","max-image-preview":"max-image-preview:large","max-video-preview":"max-video-preview:-1"},"canonical":"https:\/\/brasilnoticias.org\/site\/anderson-torres-deixa-prisao-apos-4-meses-e-chega-em-casa\/","og_locale":"pt_PT","og_type":"article","og_title":"Anderson Torres deixa pris\u00e3o ap\u00f3s 4 meses e chega em casa - Brasil not\u00edcias","og_description":"O ex-ministro da Justi\u00e7a Anderson Torres chegou em casa ap\u00f3s deixar a pris\u00e3o na noite desta quinta-feira (11). Torres estava","og_url":"https:\/\/brasilnoticias.org\/site\/anderson-torres-deixa-prisao-apos-4-meses-e-chega-em-casa\/","og_site_name":"Brasil not\u00edcias","article_published_time":"2023-05-12T09:47:17+00:00","og_image":[{"width":600,"height":338,"url":"https:\/\/brasilnoticias.org\/site\/wp-content\/uploads\/2023\/05\/pgm-globonews-limpo-ao-vivo-20230511-1959-frame-191111.webp","type":"image\/webp"}],"author":"Reda\u00e7\u00e3o","twitter_card":"summary_large_image","twitter_misc":{"Escrito por":"Reda\u00e7\u00e3o"},"schema":{"@context":"https:\/\/schema.org","@graph":[{"@type":"Article","@id":"https:\/\/brasilnoticias.org\/site\/anderson-torres-deixa-prisao-apos-4-meses-e-chega-em-casa\/#article","isPartOf":{"@id":"https:\/\/brasilnoticias.org\/site\/anderson-torres-deixa-prisao-apos-4-meses-e-chega-em-casa\/"},"author":{"name":"Reda\u00e7\u00e3o","@id":"https:\/\/brasilnoticias.org\/site\/#\/schema\/person\/a0e05b973ec4d15c658d51911e53507b"},"headline":"Anderson Torres deixa pris\u00e3o ap\u00f3s 4 meses e chega em casa","datePublished":"2023-05-12T09:47:17+00:00","mainEntityOfPage":{"@id":"https:\/\/brasilnoticias.org\/site\/anderson-torres-deixa-prisao-apos-4-meses-e-chega-em-casa\/"},"wordCount":378,"commentCount":0,"publisher":{"@id":"https:\/\/brasilnoticias.org\/site\/#organization"},"image":{"@id":"https:\/\/brasilnoticias.org\/site\/anderson-torres-deixa-prisao-apos-4-meses-e-chega-em-casa\/#primaryimage"},"thumbnailUrl":"https:\/\/brasilnoticias.org\/site\/wp-content\/uploads\/2023\/05\/pgm-globonews-limpo-ao-vivo-20230511-1959-frame-191111.webp","articleSection":["Justi\u00e7a","\u00daltimas"],"inLanguage":"pt-PT","potentialAction":[{"@type":"CommentAction","name":"Comment","target":["https:\/\/brasilnoticias.org\/site\/anderson-torres-deixa-prisao-apos-4-meses-e-chega-em-casa\/#respond"]}]},{"@type":"WebPage","@id":"https:\/\/brasilnoticias.org\/site\/anderson-torres-deixa-prisao-apos-4-meses-e-chega-em-casa\/","url":"https:\/\/brasilnoticias.org\/site\/anderson-torres-deixa-prisao-apos-4-meses-e-chega-em-casa\/","name":"Anderson Torres deixa pris\u00e3o ap\u00f3s 4 meses e chega em casa - Brasil not\u00edcias","isPartOf":{"@id":"https:\/\/brasilnoticias.org\/site\/#website"},"primaryImageOfPage":{"@id":"https:\/\/brasilnoticias.org\/site\/anderson-torres-deixa-prisao-apos-4-meses-e-chega-em-casa\/#primaryimage"},"image":{"@id":"https:\/\/brasilnoticias.org\/site\/anderson-torres-deixa-prisao-apos-4-meses-e-chega-em-casa\/#primaryimage"},"thumbnailUrl":"https:\/\/brasilnoticias.org\/site\/wp-content\/uploads\/2023\/05\/pgm-globonews-limpo-ao-vivo-20230511-1959-frame-191111.webp","datePublished":"2023-05-12T09:47:17+00:00","breadcrumb":{"@id":"https:\/\/brasilnoticias.org\/site\/anderson-torres-deixa-prisao-apos-4-meses-e-chega-em-casa\/#breadcrumb"},"inLanguage":"pt-PT","potentialAction":[{"@type":"ReadAction","target":["https:\/\/brasilnoticias.org\/site\/anderson-torres-deixa-prisao-apos-4-meses-e-chega-em-casa\/"]}]},{"@type":"ImageObject","inLanguage":"pt-PT","@id":"https:\/\/brasilnoticias.org\/site\/anderson-torres-deixa-prisao-apos-4-meses-e-chega-em-casa\/#primaryimage","url":"https:\/\/brasilnoticias.org\/site\/wp-content\/uploads\/2023\/05\/pgm-globonews-limpo-ao-vivo-20230511-1959-frame-191111.webp","contentUrl":"https:\/\/brasilnoticias.org\/site\/wp-content\/uploads\/2023\/05\/pgm-globonews-limpo-ao-vivo-20230511-1959-frame-191111.webp","width":600,"height":338},{"@type":"BreadcrumbList","@id":"https:\/\/brasilnoticias.org\/site\/anderson-torres-deixa-prisao-apos-4-meses-e-chega-em-casa\/#breadcrumb","itemListElement":[{"@type":"ListItem","position":1,"name":"In\u00edcio","item":"https:\/\/brasilnoticias.org\/site\/"},{"@type":"ListItem","position":2,"name":"Anderson Torres deixa pris\u00e3o ap\u00f3s 4 meses e chega em casa"}]},{"@type":"WebSite","@id":"https:\/\/brasilnoticias.org\/site\/#website","url":"https:\/\/brasilnoticias.org\/site\/","name":"Brasil not\u00edcias","description":"Brasil not\u00edcias","publisher":{"@id":"https:\/\/brasilnoticias.org\/site\/#organization"},"potentialAction":[{"@type":"SearchAction","target":{"@type":"EntryPoint","urlTemplate":"https:\/\/brasilnoticias.org\/site\/?s={search_term_string}"},"query-input":{"@type":"PropertyValueSpecification","valueRequired":true,"valueName":"search_term_string"}}],"inLanguage":"pt-PT"},{"@type":"Organization","@id":"https:\/\/brasilnoticias.org\/site\/#organization","name":"Brasil not\u00edcias","url":"https:\/\/brasilnoticias.org\/site\/","logo":{"@type":"ImageObject","inLanguage":"pt-PT","@id":"https:\/\/brasilnoticias.org\/site\/#\/schema\/logo\/image\/","url":"https:\/\/brasilnoticias.org\/site\/wp-content\/uploads\/2022\/05\/cropped-brasilnoticias-mini.jpg","contentUrl":"https:\/\/brasilnoticias.org\/site\/wp-content\/uploads\/2022\/05\/cropped-brasilnoticias-mini.jpg","width":314,"height":86,"caption":"Brasil not\u00edcias"},"image":{"@id":"https:\/\/brasilnoticias.org\/site\/#\/schema\/logo\/image\/"}},{"@type":"Person","@id":"https:\/\/brasilnoticias.org\/site\/#\/schema\/person\/a0e05b973ec4d15c658d51911e53507b","name":"Reda\u00e7\u00e3o","image":{"@type":"ImageObject","inLanguage":"pt-PT","@id":"https:\/\/brasilnoticias.org\/site\/#\/schema\/person\/image\/","url":"https:\/\/secure.gravatar.com\/avatar\/75d8b050df2de108b08ae78dfb8e374892df24a383c67db9c46a9c604f6aee9c?s=96&d=mm&r=g","contentUrl":"https:\/\/secure.gravatar.com\/avatar\/75d8b050df2de108b08ae78dfb8e374892df24a383c67db9c46a9c604f6aee9c?s=96&d=mm&r=g","caption":"Reda\u00e7\u00e3o"},"sameAs":["https:\/\/brasilnoticias.org\/site"],"url":"https:\/\/brasilnoticias.org\/site\/author\/fernandozsngmail-com\/"}]}},"_links":{"self":[{"href":"https:\/\/brasilnoticias.org\/site\/wp-json\/wp\/v2\/posts\/6001","targetHints":{"allow":["GET"]}}],"collection":[{"href":"https:\/\/brasilnoticias.org\/site\/wp-json\/wp\/v2\/posts"}],"about":[{"href":"https:\/\/brasilnoticias.org\/site\/wp-json\/wp\/v2\/types\/post"}],"author":[{"embeddable":true,"href":"https:\/\/brasilnoticias.org\/site\/wp-json\/wp\/v2\/users\/1"}],"replies":[{"embeddable":true,"href":"https:\/\/brasilnoticias.org\/site\/wp-json\/wp\/v2\/comments?post=6001"}],"version-history":[{"count":1,"href":"https:\/\/brasilnoticias.org\/site\/wp-json\/wp\/v2\/posts\/6001\/revisions"}],"predecessor-version":[{"id":6003,"href":"https:\/\/brasilnoticias.org\/site\/wp-json\/wp\/v2\/posts\/6001\/revisions\/6003"}],"wp:featuredmedia":[{"embeddable":true,"href":"https:\/\/brasilnoticias.org\/site\/wp-json\/wp\/v2\/media\/6002"}],"wp:attachment":[{"href":"https:\/\/brasilnoticias.org\/site\/wp-json\/wp\/v2\/media?parent=6001"}],"wp:term":[{"taxonomy":"category","embeddable":true,"href":"https:\/\/brasilnoticias.org\/site\/wp-json\/wp\/v2\/categories?post=6001"},{"taxonomy":"post_tag","embeddable":true,"href":"https:\/\/brasilnoticias.org\/site\/wp-json\/wp\/v2\/tags?post=6001"}],"curies":[{"name":"wp","href":"https:\/\/api.w.org\/{rel}","templated":true}]}}