{"id":6004,"date":"2023-05-12T06:49:43","date_gmt":"2023-05-12T09:49:43","guid":{"rendered":"https:\/\/brasilnoticias.org\/site\/?p=6004"},"modified":"2023-05-12T06:49:43","modified_gmt":"2023-05-12T09:49:43","slug":"justica-determina-abertura-de-pavilhao-no-presidio-de-feira-de-santana-saiba-motivo","status":"publish","type":"post","link":"https:\/\/brasilnoticias.org\/site\/justica-determina-abertura-de-pavilhao-no-presidio-de-feira-de-santana-saiba-motivo\/","title":{"rendered":"Justi\u00e7a determina abertura de pavilh\u00e3o no pres\u00eddio de Feira de Santana; saiba motivo"},"content":{"rendered":"<p>O Conjunto Penal de Feira de Santana ser\u00e1 obrigado, pelo Minist\u00e9rio P\u00fablico estadual, a reabrir o Pavilh\u00e3o 11, dentro de 30 dias, para abrigar detentos condenados em regime semiaberto. A decis\u00e3o \u00e9 do dia 2 de maio e atende a um requerimento do MP-BA.<\/p>\n<p>Segundo a promotora de Justi\u00e7a, L\u00edvia Sampaio Pereira, o pavilh\u00e3o estava fechado, mesmo com condi\u00e7\u00f5es de funcionamento, por falta de pessoal, incluindo policiais penais, algo que ela classificou como &#8220;muito grave&#8221;.<\/p>\n<p>Uma inspe\u00e7\u00e3o realizada pelo MP no dia 9 de fevereiro deste ano constatou que o conjunto penal tinha 1.661 presos, sendo que a capacidade do local \u00e9 de 1.325 vagas.<\/p>\n<p>Pela decis\u00e3o, os pavilh\u00f5es ser\u00e3o destinados a presos em regime semiaberto que est\u00e3o convivendo com detentos de regime fechado ou provis\u00f3rio. Al\u00e9m do Pavilh\u00e3o 11, a decis\u00e3o determina que o Pavilh\u00e3o 10 seja destinado aos de regime semiaberto tamb\u00e9m.<\/p>\n<p>Caso n\u00e3o haja disponibilidade, a decis\u00e3o pede pela escolha de outro pavilh\u00e3o, desde que n\u00e3o haja conv\u00edvio entre os presos do semiaberto com os dos regimes mais graves.<\/p>\n<p>Foi determinado tamb\u00e9m que, dentro de 30 dias, todos os presos do semiaberto tenham acesso, em at\u00e9 30 dias, \u00e0 educa\u00e7\u00e3o oferecida por meio das vagas dispon\u00edveis no anexo do Col\u00e9gio Estadual Paulo VI, j\u00e1 instalado na unidade.<\/p>\n<p>BNews<br \/>\nFoto Divulga\u00e7\u00e3o\/CPFS<\/p>\n","protected":false},"excerpt":{"rendered":"<p>O Conjunto Penal de Feira de Santana ser\u00e1 obrigado, pelo Minist\u00e9rio P\u00fablico estadual, a reabrir o Pavilh\u00e3o 11, dentro de<\/p>\n","protected":false},"author":1,"featured_media":6005,"comment_status":"open","ping_status":"open","sticky":false,"template":"","format":"standard","meta":{"colormag_page_container_layout":"default_layout","colormag_page_sidebar_layout":"default_layout","_FSMCFIC_featured_image_caption":"","_FSMCFIC_featured_image_nocaption":"","_FSMCFIC_featured_image_hide":"","footnotes":""},"categories":[7,1],"tags":[],"class_list":["post-6004","post","type-post","status-publish","format-standard","has-post-thumbnail","hentry","category-justica","category-ultimas"],"yoast_head":"<!-- This site is optimized with the Yoast SEO plugin v27.1.1 - https:\/\/yoast.com\/product\/yoast-seo-wordpress\/ -->\n<title>Justi\u00e7a determina abertura de pavilh\u00e3o no pres\u00eddio de Feira de Santana; saiba motivo - Brasil not\u00edcias<\/title>\n<meta name=\"robots\" content=\"index, follow, max-snippet:-1, max-image-preview:large, max-video-preview:-1\" \/>\n<link rel=\"canonical\" href=\"https:\/\/brasilnoticias.org\/site\/justica-determina-abertura-de-pavilhao-no-presidio-de-feira-de-santana-saiba-motivo\/\" \/>\n<meta property=\"og:locale\" content=\"pt_PT\" \/>\n<meta property=\"og:type\" content=\"article\" \/>\n<meta property=\"og:title\" content=\"Justi\u00e7a determina abertura de pavilh\u00e3o no pres\u00eddio de Feira de Santana; saiba motivo - Brasil not\u00edcias\" \/>\n<meta property=\"og:description\" content=\"O Conjunto Penal de Feira de Santana ser\u00e1 obrigado, pelo Minist\u00e9rio P\u00fablico estadual, a reabrir o Pavilh\u00e3o 11, dentro de\" \/>\n<meta property=\"og:url\" content=\"https:\/\/brasilnoticias.org\/site\/justica-determina-abertura-de-pavilhao-no-presidio-de-feira-de-santana-saiba-motivo\/\" \/>\n<meta property=\"og:site_name\" content=\"Brasil not\u00edcias\" \/>\n<meta property=\"article:published_time\" content=\"2023-05-12T09:49:43+00:00\" \/>\n<meta property=\"og:image\" content=\"https:\/\/brasilnoticias.org\/site\/wp-content\/uploads\/2023\/05\/foto-divulgacao-operacao-genesis-conjunto-penal-de-feira-de-santana.jpg2__YuGO6PP_widelg.jpg\" \/>\n\t<meta property=\"og:image:width\" content=\"800\" \/>\n\t<meta property=\"og:image:height\" content=\"450\" \/>\n\t<meta property=\"og:image:type\" content=\"image\/jpeg\" \/>\n<meta name=\"author\" content=\"Reda\u00e7\u00e3o\" \/>\n<meta name=\"twitter:card\" content=\"summary_large_image\" \/>\n<meta name=\"twitter:label1\" content=\"Escrito por\" \/>\n\t<meta name=\"twitter:data1\" content=\"Reda\u00e7\u00e3o\" \/>\n<script type=\"application\/ld+json\" class=\"yoast-schema-graph\">{\"@context\":\"https:\/\/schema.org\",\"@graph\":[{\"@type\":\"Article\",\"@id\":\"https:\/\/brasilnoticias.org\/site\/justica-determina-abertura-de-pavilhao-no-presidio-de-feira-de-santana-saiba-motivo\/#article\",\"isPartOf\":{\"@id\":\"https:\/\/brasilnoticias.org\/site\/justica-determina-abertura-de-pavilhao-no-presidio-de-feira-de-santana-saiba-motivo\/\"},\"author\":{\"name\":\"Reda\u00e7\u00e3o\",\"@id\":\"https:\/\/brasilnoticias.org\/site\/#\/schema\/person\/a0e05b973ec4d15c658d51911e53507b\"},\"headline\":\"Justi\u00e7a determina abertura de pavilh\u00e3o no pres\u00eddio de Feira de Santana; saiba motivo\",\"datePublished\":\"2023-05-12T09:49:43+00:00\",\"mainEntityOfPage\":{\"@id\":\"https:\/\/brasilnoticias.org\/site\/justica-determina-abertura-de-pavilhao-no-presidio-de-feira-de-santana-saiba-motivo\/\"},\"wordCount\":246,\"commentCount\":0,\"publisher\":{\"@id\":\"https:\/\/brasilnoticias.org\/site\/#organization\"},\"image\":{\"@id\":\"https:\/\/brasilnoticias.org\/site\/justica-determina-abertura-de-pavilhao-no-presidio-de-feira-de-santana-saiba-motivo\/#primaryimage\"},\"thumbnailUrl\":\"https:\/\/brasilnoticias.org\/site\/wp-content\/uploads\/2023\/05\/foto-divulgacao-operacao-genesis-conjunto-penal-de-feira-de-santana.jpg2__YuGO6PP_widelg.jpg\",\"articleSection\":[\"Justi\u00e7a\",\"\u00daltimas\"],\"inLanguage\":\"pt-PT\",\"potentialAction\":[{\"@type\":\"CommentAction\",\"name\":\"Comment\",\"target\":[\"https:\/\/brasilnoticias.org\/site\/justica-determina-abertura-de-pavilhao-no-presidio-de-feira-de-santana-saiba-motivo\/#respond\"]}]},{\"@type\":\"WebPage\",\"@id\":\"https:\/\/brasilnoticias.org\/site\/justica-determina-abertura-de-pavilhao-no-presidio-de-feira-de-santana-saiba-motivo\/\",\"url\":\"https:\/\/brasilnoticias.org\/site\/justica-determina-abertura-de-pavilhao-no-presidio-de-feira-de-santana-saiba-motivo\/\",\"name\":\"Justi\u00e7a determina abertura de pavilh\u00e3o no pres\u00eddio de Feira de Santana; saiba motivo - Brasil not\u00edcias\",\"isPartOf\":{\"@id\":\"https:\/\/brasilnoticias.org\/site\/#website\"},\"primaryImageOfPage\":{\"@id\":\"https:\/\/brasilnoticias.org\/site\/justica-determina-abertura-de-pavilhao-no-presidio-de-feira-de-santana-saiba-motivo\/#primaryimage\"},\"image\":{\"@id\":\"https:\/\/brasilnoticias.org\/site\/justica-determina-abertura-de-pavilhao-no-presidio-de-feira-de-santana-saiba-motivo\/#primaryimage\"},\"thumbnailUrl\":\"https:\/\/brasilnoticias.org\/site\/wp-content\/uploads\/2023\/05\/foto-divulgacao-operacao-genesis-conjunto-penal-de-feira-de-santana.jpg2__YuGO6PP_widelg.jpg\",\"datePublished\":\"2023-05-12T09:49:43+00:00\",\"breadcrumb\":{\"@id\":\"https:\/\/brasilnoticias.org\/site\/justica-determina-abertura-de-pavilhao-no-presidio-de-feira-de-santana-saiba-motivo\/#breadcrumb\"},\"inLanguage\":\"pt-PT\",\"potentialAction\":[{\"@type\":\"ReadAction\",\"target\":[\"https:\/\/brasilnoticias.org\/site\/justica-determina-abertura-de-pavilhao-no-presidio-de-feira-de-santana-saiba-motivo\/\"]}]},{\"@type\":\"ImageObject\",\"inLanguage\":\"pt-PT\",\"@id\":\"https:\/\/brasilnoticias.org\/site\/justica-determina-abertura-de-pavilhao-no-presidio-de-feira-de-santana-saiba-motivo\/#primaryimage\",\"url\":\"https:\/\/brasilnoticias.org\/site\/wp-content\/uploads\/2023\/05\/foto-divulgacao-operacao-genesis-conjunto-penal-de-feira-de-santana.jpg2__YuGO6PP_widelg.jpg\",\"contentUrl\":\"https:\/\/brasilnoticias.org\/site\/wp-content\/uploads\/2023\/05\/foto-divulgacao-operacao-genesis-conjunto-penal-de-feira-de-santana.jpg2__YuGO6PP_widelg.jpg\",\"width\":800,\"height\":450},{\"@type\":\"BreadcrumbList\",\"@id\":\"https:\/\/brasilnoticias.org\/site\/justica-determina-abertura-de-pavilhao-no-presidio-de-feira-de-santana-saiba-motivo\/#breadcrumb\",\"itemListElement\":[{\"@type\":\"ListItem\",\"position\":1,\"name\":\"In\u00edcio\",\"item\":\"https:\/\/brasilnoticias.org\/site\/\"},{\"@type\":\"ListItem\",\"position\":2,\"name\":\"Justi\u00e7a determina abertura de pavilh\u00e3o no pres\u00eddio de Feira de Santana; saiba motivo\"}]},{\"@type\":\"WebSite\",\"@id\":\"https:\/\/brasilnoticias.org\/site\/#website\",\"url\":\"https:\/\/brasilnoticias.org\/site\/\",\"name\":\"Brasil not\u00edcias\",\"description\":\"Brasil not\u00edcias\",\"publisher\":{\"@id\":\"https:\/\/brasilnoticias.org\/site\/#organization\"},\"potentialAction\":[{\"@type\":\"SearchAction\",\"target\":{\"@type\":\"EntryPoint\",\"urlTemplate\":\"https:\/\/brasilnoticias.org\/site\/?s={search_term_string}\"},\"query-input\":{\"@type\":\"PropertyValueSpecification\",\"valueRequired\":true,\"valueName\":\"search_term_string\"}}],\"inLanguage\":\"pt-PT\"},{\"@type\":\"Organization\",\"@id\":\"https:\/\/brasilnoticias.org\/site\/#organization\",\"name\":\"Brasil not\u00edcias\",\"url\":\"https:\/\/brasilnoticias.org\/site\/\",\"logo\":{\"@type\":\"ImageObject\",\"inLanguage\":\"pt-PT\",\"@id\":\"https:\/\/brasilnoticias.org\/site\/#\/schema\/logo\/image\/\",\"url\":\"https:\/\/brasilnoticias.org\/site\/wp-content\/uploads\/2022\/05\/cropped-brasilnoticias-mini.jpg\",\"contentUrl\":\"https:\/\/brasilnoticias.org\/site\/wp-content\/uploads\/2022\/05\/cropped-brasilnoticias-mini.jpg\",\"width\":314,\"height\":86,\"caption\":\"Brasil not\u00edcias\"},\"image\":{\"@id\":\"https:\/\/brasilnoticias.org\/site\/#\/schema\/logo\/image\/\"}},{\"@type\":\"Person\",\"@id\":\"https:\/\/brasilnoticias.org\/site\/#\/schema\/person\/a0e05b973ec4d15c658d51911e53507b\",\"name\":\"Reda\u00e7\u00e3o\",\"image\":{\"@type\":\"ImageObject\",\"inLanguage\":\"pt-PT\",\"@id\":\"https:\/\/brasilnoticias.org\/site\/#\/schema\/person\/image\/\",\"url\":\"https:\/\/secure.gravatar.com\/avatar\/75d8b050df2de108b08ae78dfb8e374892df24a383c67db9c46a9c604f6aee9c?s=96&d=mm&r=g\",\"contentUrl\":\"https:\/\/secure.gravatar.com\/avatar\/75d8b050df2de108b08ae78dfb8e374892df24a383c67db9c46a9c604f6aee9c?s=96&d=mm&r=g\",\"caption\":\"Reda\u00e7\u00e3o\"},\"sameAs\":[\"https:\/\/brasilnoticias.org\/site\"],\"url\":\"https:\/\/brasilnoticias.org\/site\/author\/fernandozsngmail-com\/\"}]}<\/script>\n<!-- \/ Yoast SEO plugin. -->","yoast_head_json":{"title":"Justi\u00e7a determina abertura de pavilh\u00e3o no pres\u00eddio de Feira de Santana; saiba motivo - Brasil not\u00edcias","robots":{"index":"index","follow":"follow","max-snippet":"max-snippet:-1","max-image-preview":"max-image-preview:large","max-video-preview":"max-video-preview:-1"},"canonical":"https:\/\/brasilnoticias.org\/site\/justica-determina-abertura-de-pavilhao-no-presidio-de-feira-de-santana-saiba-motivo\/","og_locale":"pt_PT","og_type":"article","og_title":"Justi\u00e7a determina abertura de pavilh\u00e3o no pres\u00eddio de Feira de Santana; saiba motivo - Brasil not\u00edcias","og_description":"O Conjunto Penal de Feira de Santana ser\u00e1 obrigado, pelo Minist\u00e9rio P\u00fablico estadual, a reabrir o Pavilh\u00e3o 11, dentro de","og_url":"https:\/\/brasilnoticias.org\/site\/justica-determina-abertura-de-pavilhao-no-presidio-de-feira-de-santana-saiba-motivo\/","og_site_name":"Brasil not\u00edcias","article_published_time":"2023-05-12T09:49:43+00:00","og_image":[{"width":800,"height":450,"url":"https:\/\/brasilnoticias.org\/site\/wp-content\/uploads\/2023\/05\/foto-divulgacao-operacao-genesis-conjunto-penal-de-feira-de-santana.jpg2__YuGO6PP_widelg.jpg","type":"image\/jpeg"}],"author":"Reda\u00e7\u00e3o","twitter_card":"summary_large_image","twitter_misc":{"Escrito por":"Reda\u00e7\u00e3o"},"schema":{"@context":"https:\/\/schema.org","@graph":[{"@type":"Article","@id":"https:\/\/brasilnoticias.org\/site\/justica-determina-abertura-de-pavilhao-no-presidio-de-feira-de-santana-saiba-motivo\/#article","isPartOf":{"@id":"https:\/\/brasilnoticias.org\/site\/justica-determina-abertura-de-pavilhao-no-presidio-de-feira-de-santana-saiba-motivo\/"},"author":{"name":"Reda\u00e7\u00e3o","@id":"https:\/\/brasilnoticias.org\/site\/#\/schema\/person\/a0e05b973ec4d15c658d51911e53507b"},"headline":"Justi\u00e7a determina abertura de pavilh\u00e3o no pres\u00eddio de Feira de Santana; saiba motivo","datePublished":"2023-05-12T09:49:43+00:00","mainEntityOfPage":{"@id":"https:\/\/brasilnoticias.org\/site\/justica-determina-abertura-de-pavilhao-no-presidio-de-feira-de-santana-saiba-motivo\/"},"wordCount":246,"commentCount":0,"publisher":{"@id":"https:\/\/brasilnoticias.org\/site\/#organization"},"image":{"@id":"https:\/\/brasilnoticias.org\/site\/justica-determina-abertura-de-pavilhao-no-presidio-de-feira-de-santana-saiba-motivo\/#primaryimage"},"thumbnailUrl":"https:\/\/brasilnoticias.org\/site\/wp-content\/uploads\/2023\/05\/foto-divulgacao-operacao-genesis-conjunto-penal-de-feira-de-santana.jpg2__YuGO6PP_widelg.jpg","articleSection":["Justi\u00e7a","\u00daltimas"],"inLanguage":"pt-PT","potentialAction":[{"@type":"CommentAction","name":"Comment","target":["https:\/\/brasilnoticias.org\/site\/justica-determina-abertura-de-pavilhao-no-presidio-de-feira-de-santana-saiba-motivo\/#respond"]}]},{"@type":"WebPage","@id":"https:\/\/brasilnoticias.org\/site\/justica-determina-abertura-de-pavilhao-no-presidio-de-feira-de-santana-saiba-motivo\/","url":"https:\/\/brasilnoticias.org\/site\/justica-determina-abertura-de-pavilhao-no-presidio-de-feira-de-santana-saiba-motivo\/","name":"Justi\u00e7a determina abertura de pavilh\u00e3o no pres\u00eddio de Feira de Santana; saiba motivo - Brasil not\u00edcias","isPartOf":{"@id":"https:\/\/brasilnoticias.org\/site\/#website"},"primaryImageOfPage":{"@id":"https:\/\/brasilnoticias.org\/site\/justica-determina-abertura-de-pavilhao-no-presidio-de-feira-de-santana-saiba-motivo\/#primaryimage"},"image":{"@id":"https:\/\/brasilnoticias.org\/site\/justica-determina-abertura-de-pavilhao-no-presidio-de-feira-de-santana-saiba-motivo\/#primaryimage"},"thumbnailUrl":"https:\/\/brasilnoticias.org\/site\/wp-content\/uploads\/2023\/05\/foto-divulgacao-operacao-genesis-conjunto-penal-de-feira-de-santana.jpg2__YuGO6PP_widelg.jpg","datePublished":"2023-05-12T09:49:43+00:00","breadcrumb":{"@id":"https:\/\/brasilnoticias.org\/site\/justica-determina-abertura-de-pavilhao-no-presidio-de-feira-de-santana-saiba-motivo\/#breadcrumb"},"inLanguage":"pt-PT","potentialAction":[{"@type":"ReadAction","target":["https:\/\/brasilnoticias.org\/site\/justica-determina-abertura-de-pavilhao-no-presidio-de-feira-de-santana-saiba-motivo\/"]}]},{"@type":"ImageObject","inLanguage":"pt-PT","@id":"https:\/\/brasilnoticias.org\/site\/justica-determina-abertura-de-pavilhao-no-presidio-de-feira-de-santana-saiba-motivo\/#primaryimage","url":"https:\/\/brasilnoticias.org\/site\/wp-content\/uploads\/2023\/05\/foto-divulgacao-operacao-genesis-conjunto-penal-de-feira-de-santana.jpg2__YuGO6PP_widelg.jpg","contentUrl":"https:\/\/brasilnoticias.org\/site\/wp-content\/uploads\/2023\/05\/foto-divulgacao-operacao-genesis-conjunto-penal-de-feira-de-santana.jpg2__YuGO6PP_widelg.jpg","width":800,"height":450},{"@type":"BreadcrumbList","@id":"https:\/\/brasilnoticias.org\/site\/justica-determina-abertura-de-pavilhao-no-presidio-de-feira-de-santana-saiba-motivo\/#breadcrumb","itemListElement":[{"@type":"ListItem","position":1,"name":"In\u00edcio","item":"https:\/\/brasilnoticias.org\/site\/"},{"@type":"ListItem","position":2,"name":"Justi\u00e7a determina abertura de pavilh\u00e3o no pres\u00eddio de Feira de Santana; saiba motivo"}]},{"@type":"WebSite","@id":"https:\/\/brasilnoticias.org\/site\/#website","url":"https:\/\/brasilnoticias.org\/site\/","name":"Brasil not\u00edcias","description":"Brasil not\u00edcias","publisher":{"@id":"https:\/\/brasilnoticias.org\/site\/#organization"},"potentialAction":[{"@type":"SearchAction","target":{"@type":"EntryPoint","urlTemplate":"https:\/\/brasilnoticias.org\/site\/?s={search_term_string}"},"query-input":{"@type":"PropertyValueSpecification","valueRequired":true,"valueName":"search_term_string"}}],"inLanguage":"pt-PT"},{"@type":"Organization","@id":"https:\/\/brasilnoticias.org\/site\/#organization","name":"Brasil not\u00edcias","url":"https:\/\/brasilnoticias.org\/site\/","logo":{"@type":"ImageObject","inLanguage":"pt-PT","@id":"https:\/\/brasilnoticias.org\/site\/#\/schema\/logo\/image\/","url":"https:\/\/brasilnoticias.org\/site\/wp-content\/uploads\/2022\/05\/cropped-brasilnoticias-mini.jpg","contentUrl":"https:\/\/brasilnoticias.org\/site\/wp-content\/uploads\/2022\/05\/cropped-brasilnoticias-mini.jpg","width":314,"height":86,"caption":"Brasil not\u00edcias"},"image":{"@id":"https:\/\/brasilnoticias.org\/site\/#\/schema\/logo\/image\/"}},{"@type":"Person","@id":"https:\/\/brasilnoticias.org\/site\/#\/schema\/person\/a0e05b973ec4d15c658d51911e53507b","name":"Reda\u00e7\u00e3o","image":{"@type":"ImageObject","inLanguage":"pt-PT","@id":"https:\/\/brasilnoticias.org\/site\/#\/schema\/person\/image\/","url":"https:\/\/secure.gravatar.com\/avatar\/75d8b050df2de108b08ae78dfb8e374892df24a383c67db9c46a9c604f6aee9c?s=96&d=mm&r=g","contentUrl":"https:\/\/secure.gravatar.com\/avatar\/75d8b050df2de108b08ae78dfb8e374892df24a383c67db9c46a9c604f6aee9c?s=96&d=mm&r=g","caption":"Reda\u00e7\u00e3o"},"sameAs":["https:\/\/brasilnoticias.org\/site"],"url":"https:\/\/brasilnoticias.org\/site\/author\/fernandozsngmail-com\/"}]}},"_links":{"self":[{"href":"https:\/\/brasilnoticias.org\/site\/wp-json\/wp\/v2\/posts\/6004","targetHints":{"allow":["GET"]}}],"collection":[{"href":"https:\/\/brasilnoticias.org\/site\/wp-json\/wp\/v2\/posts"}],"about":[{"href":"https:\/\/brasilnoticias.org\/site\/wp-json\/wp\/v2\/types\/post"}],"author":[{"embeddable":true,"href":"https:\/\/brasilnoticias.org\/site\/wp-json\/wp\/v2\/users\/1"}],"replies":[{"embeddable":true,"href":"https:\/\/brasilnoticias.org\/site\/wp-json\/wp\/v2\/comments?post=6004"}],"version-history":[{"count":1,"href":"https:\/\/brasilnoticias.org\/site\/wp-json\/wp\/v2\/posts\/6004\/revisions"}],"predecessor-version":[{"id":6006,"href":"https:\/\/brasilnoticias.org\/site\/wp-json\/wp\/v2\/posts\/6004\/revisions\/6006"}],"wp:featuredmedia":[{"embeddable":true,"href":"https:\/\/brasilnoticias.org\/site\/wp-json\/wp\/v2\/media\/6005"}],"wp:attachment":[{"href":"https:\/\/brasilnoticias.org\/site\/wp-json\/wp\/v2\/media?parent=6004"}],"wp:term":[{"taxonomy":"category","embeddable":true,"href":"https:\/\/brasilnoticias.org\/site\/wp-json\/wp\/v2\/categories?post=6004"},{"taxonomy":"post_tag","embeddable":true,"href":"https:\/\/brasilnoticias.org\/site\/wp-json\/wp\/v2\/tags?post=6004"}],"curies":[{"name":"wp","href":"https:\/\/api.w.org\/{rel}","templated":true}]}}