{"id":6008,"date":"2023-05-15T06:47:56","date_gmt":"2023-05-15T09:47:56","guid":{"rendered":"https:\/\/brasilnoticias.org\/site\/?p=6008"},"modified":"2023-05-15T06:47:56","modified_gmt":"2023-05-15T09:47:56","slug":"delegacia-onde-policial-fez-chacina-contra-quatro-colegas-tem-passado-obscuro-entenda","status":"publish","type":"post","link":"https:\/\/brasilnoticias.org\/site\/delegacia-onde-policial-fez-chacina-contra-quatro-colegas-tem-passado-obscuro-entenda\/","title":{"rendered":"Delegacia onde policial fez chacina contra quatro colegas tem passado \u2018obscuro\u2019; entenda"},"content":{"rendered":"<p>A cidade de Camocim, localizada no estado do Cear\u00e1, foi palco de mais um caso sinistro de assassinato em pouco mais de um ano. Neste domingo (14), um inspetor matou quatro policiais dentro da delegacia local. Do mesmo modo, em fevereiro de 2022, um jovem, de 19 anos, foi executado por outro agente, de acordo com informa\u00e7\u00f5es divulgadas pelo portal g1.<\/p>\n<p>Um dos detalhes curiosos \u00e9 que a mesma unidade alterou o endere\u00e7o ap\u00f3s o caso \u2018obscuro\u2019 anterior. Desta vez, as v\u00edtimas foram identificadas como os escriv\u00e3es Ant\u00f4nio Claudio dos Santos, Ant\u00f4nio Jos\u00e9 Rodrigues Miranda e Francisco dos Santos Pereira, e o inspetor Gabriel de Souza Ferreira. <\/p>\n<p>A unidade, localizada no munic\u00edpio situado a cerca de 350 quil\u00f4metros da capital Fortaleza, atraiu os holofotes de forma consecutiva. Al\u00e9m do crime mais recente, o anterior envolveu a morte de Mateus Silva Cruz, de 19 anos, pelas m\u00e3os de um policial militar. <\/p>\n<p>Segundo o autor do crime, o agente George Tarick de Vasconcelos, o jovem foi assassinado \u201cem um momento de f\u00faria, levado por violenta emo\u00e7\u00e3o\u201d. Ap\u00f3s as declara\u00e7\u00f5es, ele foi preso e deve passar por j\u00fari popular. Outro detalhe que conecta as duas atividades \u00e9 que o advogado de acusa\u00e7\u00e3o do caso de Mateus era vizinho de uma das v\u00edtimas deste domingo. <\/p>\n<p>Caso recente<\/p>\n<p>Ainda conforme a publica\u00e7\u00e3o, o suspeito estava de folga neste domingo, segundo mencionado por um capit\u00e3o da Pol\u00edcia Civil. Ap\u00f3s disparar contra os colegas, ele fugiu em um carro da corpora\u00e7\u00e3o, por\u00e9m abandonou o autom\u00f3vel e se entregou no quartel da Pol\u00edcia Militar da cidade.<\/p>\n<p>A raz\u00e3o do crime ainda est\u00e1 em investiga\u00e7\u00e3o. O suspeito tamb\u00e9m n\u00e3o foi ouvido at\u00e9 o momento. O governador Elmano de Freitas lamentou o caso por meio das redes sociais. J\u00e1 a Prefeitura de Camocim decretou luto oficial de tr\u00eas dias.<\/p>\n<p>Foto Divulga\u00e7\u00e3o\/SSPDS<\/p>\n","protected":false},"excerpt":{"rendered":"<p>A cidade de Camocim, localizada no estado do Cear\u00e1, foi palco de mais um caso sinistro de assassinato em pouco<\/p>\n","protected":false},"author":1,"featured_media":6009,"comment_status":"open","ping_status":"open","sticky":false,"template":"","format":"standard","meta":{"colormag_page_container_layout":"default_layout","colormag_page_sidebar_layout":"default_layout","_FSMCFIC_featured_image_caption":"","_FSMCFIC_featured_image_nocaption":"","_FSMCFIC_featured_image_hide":"","footnotes":""},"categories":[3,1],"tags":[],"class_list":["post-6008","post","type-post","status-publish","format-standard","has-post-thumbnail","hentry","category-policia","category-ultimas"],"yoast_head":"<!-- This site is optimized with the Yoast SEO plugin v27.1.1 - https:\/\/yoast.com\/product\/yoast-seo-wordpress\/ -->\n<title>Delegacia onde policial fez chacina contra quatro colegas tem passado \u2018obscuro\u2019; entenda - Brasil not\u00edcias<\/title>\n<meta name=\"robots\" content=\"index, follow, max-snippet:-1, max-image-preview:large, max-video-preview:-1\" \/>\n<link rel=\"canonical\" href=\"https:\/\/brasilnoticias.org\/site\/delegacia-onde-policial-fez-chacina-contra-quatro-colegas-tem-passado-obscuro-entenda\/\" \/>\n<meta property=\"og:locale\" content=\"pt_PT\" \/>\n<meta property=\"og:type\" content=\"article\" \/>\n<meta property=\"og:title\" content=\"Delegacia onde policial fez chacina contra quatro colegas tem passado \u2018obscuro\u2019; entenda - Brasil not\u00edcias\" \/>\n<meta property=\"og:description\" content=\"A cidade de Camocim, localizada no estado do Cear\u00e1, foi palco de mais um caso sinistro de assassinato em pouco\" \/>\n<meta property=\"og:url\" content=\"https:\/\/brasilnoticias.org\/site\/delegacia-onde-policial-fez-chacina-contra-quatro-colegas-tem-passado-obscuro-entenda\/\" \/>\n<meta property=\"og:site_name\" content=\"Brasil not\u00edcias\" \/>\n<meta property=\"article:published_time\" content=\"2023-05-15T09:47:56+00:00\" \/>\n<meta property=\"og:image\" content=\"https:\/\/brasilnoticias.org\/site\/wp-content\/uploads\/2023\/05\/delegacia-camocim_widelg.jpg\" \/>\n\t<meta property=\"og:image:width\" content=\"800\" \/>\n\t<meta property=\"og:image:height\" content=\"450\" \/>\n\t<meta property=\"og:image:type\" content=\"image\/jpeg\" \/>\n<meta name=\"author\" content=\"Reda\u00e7\u00e3o\" \/>\n<meta name=\"twitter:card\" content=\"summary_large_image\" \/>\n<meta name=\"twitter:label1\" content=\"Escrito por\" \/>\n\t<meta name=\"twitter:data1\" content=\"Reda\u00e7\u00e3o\" \/>\n<script type=\"application\/ld+json\" class=\"yoast-schema-graph\">{\"@context\":\"https:\/\/schema.org\",\"@graph\":[{\"@type\":\"Article\",\"@id\":\"https:\/\/brasilnoticias.org\/site\/delegacia-onde-policial-fez-chacina-contra-quatro-colegas-tem-passado-obscuro-entenda\/#article\",\"isPartOf\":{\"@id\":\"https:\/\/brasilnoticias.org\/site\/delegacia-onde-policial-fez-chacina-contra-quatro-colegas-tem-passado-obscuro-entenda\/\"},\"author\":{\"name\":\"Reda\u00e7\u00e3o\",\"@id\":\"https:\/\/brasilnoticias.org\/site\/#\/schema\/person\/a0e05b973ec4d15c658d51911e53507b\"},\"headline\":\"Delegacia onde policial fez chacina contra quatro colegas tem passado \u2018obscuro\u2019; entenda\",\"datePublished\":\"2023-05-15T09:47:56+00:00\",\"mainEntityOfPage\":{\"@id\":\"https:\/\/brasilnoticias.org\/site\/delegacia-onde-policial-fez-chacina-contra-quatro-colegas-tem-passado-obscuro-entenda\/\"},\"wordCount\":339,\"commentCount\":0,\"publisher\":{\"@id\":\"https:\/\/brasilnoticias.org\/site\/#organization\"},\"image\":{\"@id\":\"https:\/\/brasilnoticias.org\/site\/delegacia-onde-policial-fez-chacina-contra-quatro-colegas-tem-passado-obscuro-entenda\/#primaryimage\"},\"thumbnailUrl\":\"https:\/\/brasilnoticias.org\/site\/wp-content\/uploads\/2023\/05\/delegacia-camocim_widelg.jpg\",\"articleSection\":[\"Pol\u00edcia\",\"\u00daltimas\"],\"inLanguage\":\"pt-PT\",\"potentialAction\":[{\"@type\":\"CommentAction\",\"name\":\"Comment\",\"target\":[\"https:\/\/brasilnoticias.org\/site\/delegacia-onde-policial-fez-chacina-contra-quatro-colegas-tem-passado-obscuro-entenda\/#respond\"]}]},{\"@type\":\"WebPage\",\"@id\":\"https:\/\/brasilnoticias.org\/site\/delegacia-onde-policial-fez-chacina-contra-quatro-colegas-tem-passado-obscuro-entenda\/\",\"url\":\"https:\/\/brasilnoticias.org\/site\/delegacia-onde-policial-fez-chacina-contra-quatro-colegas-tem-passado-obscuro-entenda\/\",\"name\":\"Delegacia onde policial fez chacina contra quatro colegas tem passado \u2018obscuro\u2019; entenda - Brasil not\u00edcias\",\"isPartOf\":{\"@id\":\"https:\/\/brasilnoticias.org\/site\/#website\"},\"primaryImageOfPage\":{\"@id\":\"https:\/\/brasilnoticias.org\/site\/delegacia-onde-policial-fez-chacina-contra-quatro-colegas-tem-passado-obscuro-entenda\/#primaryimage\"},\"image\":{\"@id\":\"https:\/\/brasilnoticias.org\/site\/delegacia-onde-policial-fez-chacina-contra-quatro-colegas-tem-passado-obscuro-entenda\/#primaryimage\"},\"thumbnailUrl\":\"https:\/\/brasilnoticias.org\/site\/wp-content\/uploads\/2023\/05\/delegacia-camocim_widelg.jpg\",\"datePublished\":\"2023-05-15T09:47:56+00:00\",\"breadcrumb\":{\"@id\":\"https:\/\/brasilnoticias.org\/site\/delegacia-onde-policial-fez-chacina-contra-quatro-colegas-tem-passado-obscuro-entenda\/#breadcrumb\"},\"inLanguage\":\"pt-PT\",\"potentialAction\":[{\"@type\":\"ReadAction\",\"target\":[\"https:\/\/brasilnoticias.org\/site\/delegacia-onde-policial-fez-chacina-contra-quatro-colegas-tem-passado-obscuro-entenda\/\"]}]},{\"@type\":\"ImageObject\",\"inLanguage\":\"pt-PT\",\"@id\":\"https:\/\/brasilnoticias.org\/site\/delegacia-onde-policial-fez-chacina-contra-quatro-colegas-tem-passado-obscuro-entenda\/#primaryimage\",\"url\":\"https:\/\/brasilnoticias.org\/site\/wp-content\/uploads\/2023\/05\/delegacia-camocim_widelg.jpg\",\"contentUrl\":\"https:\/\/brasilnoticias.org\/site\/wp-content\/uploads\/2023\/05\/delegacia-camocim_widelg.jpg\",\"width\":800,\"height\":450},{\"@type\":\"BreadcrumbList\",\"@id\":\"https:\/\/brasilnoticias.org\/site\/delegacia-onde-policial-fez-chacina-contra-quatro-colegas-tem-passado-obscuro-entenda\/#breadcrumb\",\"itemListElement\":[{\"@type\":\"ListItem\",\"position\":1,\"name\":\"In\u00edcio\",\"item\":\"https:\/\/brasilnoticias.org\/site\/\"},{\"@type\":\"ListItem\",\"position\":2,\"name\":\"Delegacia onde policial fez chacina contra quatro colegas tem passado \u2018obscuro\u2019; entenda\"}]},{\"@type\":\"WebSite\",\"@id\":\"https:\/\/brasilnoticias.org\/site\/#website\",\"url\":\"https:\/\/brasilnoticias.org\/site\/\",\"name\":\"Brasil not\u00edcias\",\"description\":\"Brasil not\u00edcias\",\"publisher\":{\"@id\":\"https:\/\/brasilnoticias.org\/site\/#organization\"},\"potentialAction\":[{\"@type\":\"SearchAction\",\"target\":{\"@type\":\"EntryPoint\",\"urlTemplate\":\"https:\/\/brasilnoticias.org\/site\/?s={search_term_string}\"},\"query-input\":{\"@type\":\"PropertyValueSpecification\",\"valueRequired\":true,\"valueName\":\"search_term_string\"}}],\"inLanguage\":\"pt-PT\"},{\"@type\":\"Organization\",\"@id\":\"https:\/\/brasilnoticias.org\/site\/#organization\",\"name\":\"Brasil not\u00edcias\",\"url\":\"https:\/\/brasilnoticias.org\/site\/\",\"logo\":{\"@type\":\"ImageObject\",\"inLanguage\":\"pt-PT\",\"@id\":\"https:\/\/brasilnoticias.org\/site\/#\/schema\/logo\/image\/\",\"url\":\"https:\/\/brasilnoticias.org\/site\/wp-content\/uploads\/2022\/05\/cropped-brasilnoticias-mini.jpg\",\"contentUrl\":\"https:\/\/brasilnoticias.org\/site\/wp-content\/uploads\/2022\/05\/cropped-brasilnoticias-mini.jpg\",\"width\":314,\"height\":86,\"caption\":\"Brasil not\u00edcias\"},\"image\":{\"@id\":\"https:\/\/brasilnoticias.org\/site\/#\/schema\/logo\/image\/\"}},{\"@type\":\"Person\",\"@id\":\"https:\/\/brasilnoticias.org\/site\/#\/schema\/person\/a0e05b973ec4d15c658d51911e53507b\",\"name\":\"Reda\u00e7\u00e3o\",\"image\":{\"@type\":\"ImageObject\",\"inLanguage\":\"pt-PT\",\"@id\":\"https:\/\/brasilnoticias.org\/site\/#\/schema\/person\/image\/\",\"url\":\"https:\/\/secure.gravatar.com\/avatar\/75d8b050df2de108b08ae78dfb8e374892df24a383c67db9c46a9c604f6aee9c?s=96&d=mm&r=g\",\"contentUrl\":\"https:\/\/secure.gravatar.com\/avatar\/75d8b050df2de108b08ae78dfb8e374892df24a383c67db9c46a9c604f6aee9c?s=96&d=mm&r=g\",\"caption\":\"Reda\u00e7\u00e3o\"},\"sameAs\":[\"https:\/\/brasilnoticias.org\/site\"],\"url\":\"https:\/\/brasilnoticias.org\/site\/author\/fernandozsngmail-com\/\"}]}<\/script>\n<!-- \/ Yoast SEO plugin. -->","yoast_head_json":{"title":"Delegacia onde policial fez chacina contra quatro colegas tem passado \u2018obscuro\u2019; entenda - Brasil not\u00edcias","robots":{"index":"index","follow":"follow","max-snippet":"max-snippet:-1","max-image-preview":"max-image-preview:large","max-video-preview":"max-video-preview:-1"},"canonical":"https:\/\/brasilnoticias.org\/site\/delegacia-onde-policial-fez-chacina-contra-quatro-colegas-tem-passado-obscuro-entenda\/","og_locale":"pt_PT","og_type":"article","og_title":"Delegacia onde policial fez chacina contra quatro colegas tem passado \u2018obscuro\u2019; entenda - Brasil not\u00edcias","og_description":"A cidade de Camocim, localizada no estado do Cear\u00e1, foi palco de mais um caso sinistro de assassinato em pouco","og_url":"https:\/\/brasilnoticias.org\/site\/delegacia-onde-policial-fez-chacina-contra-quatro-colegas-tem-passado-obscuro-entenda\/","og_site_name":"Brasil not\u00edcias","article_published_time":"2023-05-15T09:47:56+00:00","og_image":[{"width":800,"height":450,"url":"https:\/\/brasilnoticias.org\/site\/wp-content\/uploads\/2023\/05\/delegacia-camocim_widelg.jpg","type":"image\/jpeg"}],"author":"Reda\u00e7\u00e3o","twitter_card":"summary_large_image","twitter_misc":{"Escrito por":"Reda\u00e7\u00e3o"},"schema":{"@context":"https:\/\/schema.org","@graph":[{"@type":"Article","@id":"https:\/\/brasilnoticias.org\/site\/delegacia-onde-policial-fez-chacina-contra-quatro-colegas-tem-passado-obscuro-entenda\/#article","isPartOf":{"@id":"https:\/\/brasilnoticias.org\/site\/delegacia-onde-policial-fez-chacina-contra-quatro-colegas-tem-passado-obscuro-entenda\/"},"author":{"name":"Reda\u00e7\u00e3o","@id":"https:\/\/brasilnoticias.org\/site\/#\/schema\/person\/a0e05b973ec4d15c658d51911e53507b"},"headline":"Delegacia onde policial fez chacina contra quatro colegas tem passado \u2018obscuro\u2019; entenda","datePublished":"2023-05-15T09:47:56+00:00","mainEntityOfPage":{"@id":"https:\/\/brasilnoticias.org\/site\/delegacia-onde-policial-fez-chacina-contra-quatro-colegas-tem-passado-obscuro-entenda\/"},"wordCount":339,"commentCount":0,"publisher":{"@id":"https:\/\/brasilnoticias.org\/site\/#organization"},"image":{"@id":"https:\/\/brasilnoticias.org\/site\/delegacia-onde-policial-fez-chacina-contra-quatro-colegas-tem-passado-obscuro-entenda\/#primaryimage"},"thumbnailUrl":"https:\/\/brasilnoticias.org\/site\/wp-content\/uploads\/2023\/05\/delegacia-camocim_widelg.jpg","articleSection":["Pol\u00edcia","\u00daltimas"],"inLanguage":"pt-PT","potentialAction":[{"@type":"CommentAction","name":"Comment","target":["https:\/\/brasilnoticias.org\/site\/delegacia-onde-policial-fez-chacina-contra-quatro-colegas-tem-passado-obscuro-entenda\/#respond"]}]},{"@type":"WebPage","@id":"https:\/\/brasilnoticias.org\/site\/delegacia-onde-policial-fez-chacina-contra-quatro-colegas-tem-passado-obscuro-entenda\/","url":"https:\/\/brasilnoticias.org\/site\/delegacia-onde-policial-fez-chacina-contra-quatro-colegas-tem-passado-obscuro-entenda\/","name":"Delegacia onde policial fez chacina contra quatro colegas tem passado \u2018obscuro\u2019; entenda - Brasil not\u00edcias","isPartOf":{"@id":"https:\/\/brasilnoticias.org\/site\/#website"},"primaryImageOfPage":{"@id":"https:\/\/brasilnoticias.org\/site\/delegacia-onde-policial-fez-chacina-contra-quatro-colegas-tem-passado-obscuro-entenda\/#primaryimage"},"image":{"@id":"https:\/\/brasilnoticias.org\/site\/delegacia-onde-policial-fez-chacina-contra-quatro-colegas-tem-passado-obscuro-entenda\/#primaryimage"},"thumbnailUrl":"https:\/\/brasilnoticias.org\/site\/wp-content\/uploads\/2023\/05\/delegacia-camocim_widelg.jpg","datePublished":"2023-05-15T09:47:56+00:00","breadcrumb":{"@id":"https:\/\/brasilnoticias.org\/site\/delegacia-onde-policial-fez-chacina-contra-quatro-colegas-tem-passado-obscuro-entenda\/#breadcrumb"},"inLanguage":"pt-PT","potentialAction":[{"@type":"ReadAction","target":["https:\/\/brasilnoticias.org\/site\/delegacia-onde-policial-fez-chacina-contra-quatro-colegas-tem-passado-obscuro-entenda\/"]}]},{"@type":"ImageObject","inLanguage":"pt-PT","@id":"https:\/\/brasilnoticias.org\/site\/delegacia-onde-policial-fez-chacina-contra-quatro-colegas-tem-passado-obscuro-entenda\/#primaryimage","url":"https:\/\/brasilnoticias.org\/site\/wp-content\/uploads\/2023\/05\/delegacia-camocim_widelg.jpg","contentUrl":"https:\/\/brasilnoticias.org\/site\/wp-content\/uploads\/2023\/05\/delegacia-camocim_widelg.jpg","width":800,"height":450},{"@type":"BreadcrumbList","@id":"https:\/\/brasilnoticias.org\/site\/delegacia-onde-policial-fez-chacina-contra-quatro-colegas-tem-passado-obscuro-entenda\/#breadcrumb","itemListElement":[{"@type":"ListItem","position":1,"name":"In\u00edcio","item":"https:\/\/brasilnoticias.org\/site\/"},{"@type":"ListItem","position":2,"name":"Delegacia onde policial fez chacina contra quatro colegas tem passado \u2018obscuro\u2019; entenda"}]},{"@type":"WebSite","@id":"https:\/\/brasilnoticias.org\/site\/#website","url":"https:\/\/brasilnoticias.org\/site\/","name":"Brasil not\u00edcias","description":"Brasil not\u00edcias","publisher":{"@id":"https:\/\/brasilnoticias.org\/site\/#organization"},"potentialAction":[{"@type":"SearchAction","target":{"@type":"EntryPoint","urlTemplate":"https:\/\/brasilnoticias.org\/site\/?s={search_term_string}"},"query-input":{"@type":"PropertyValueSpecification","valueRequired":true,"valueName":"search_term_string"}}],"inLanguage":"pt-PT"},{"@type":"Organization","@id":"https:\/\/brasilnoticias.org\/site\/#organization","name":"Brasil not\u00edcias","url":"https:\/\/brasilnoticias.org\/site\/","logo":{"@type":"ImageObject","inLanguage":"pt-PT","@id":"https:\/\/brasilnoticias.org\/site\/#\/schema\/logo\/image\/","url":"https:\/\/brasilnoticias.org\/site\/wp-content\/uploads\/2022\/05\/cropped-brasilnoticias-mini.jpg","contentUrl":"https:\/\/brasilnoticias.org\/site\/wp-content\/uploads\/2022\/05\/cropped-brasilnoticias-mini.jpg","width":314,"height":86,"caption":"Brasil not\u00edcias"},"image":{"@id":"https:\/\/brasilnoticias.org\/site\/#\/schema\/logo\/image\/"}},{"@type":"Person","@id":"https:\/\/brasilnoticias.org\/site\/#\/schema\/person\/a0e05b973ec4d15c658d51911e53507b","name":"Reda\u00e7\u00e3o","image":{"@type":"ImageObject","inLanguage":"pt-PT","@id":"https:\/\/brasilnoticias.org\/site\/#\/schema\/person\/image\/","url":"https:\/\/secure.gravatar.com\/avatar\/75d8b050df2de108b08ae78dfb8e374892df24a383c67db9c46a9c604f6aee9c?s=96&d=mm&r=g","contentUrl":"https:\/\/secure.gravatar.com\/avatar\/75d8b050df2de108b08ae78dfb8e374892df24a383c67db9c46a9c604f6aee9c?s=96&d=mm&r=g","caption":"Reda\u00e7\u00e3o"},"sameAs":["https:\/\/brasilnoticias.org\/site"],"url":"https:\/\/brasilnoticias.org\/site\/author\/fernandozsngmail-com\/"}]}},"_links":{"self":[{"href":"https:\/\/brasilnoticias.org\/site\/wp-json\/wp\/v2\/posts\/6008","targetHints":{"allow":["GET"]}}],"collection":[{"href":"https:\/\/brasilnoticias.org\/site\/wp-json\/wp\/v2\/posts"}],"about":[{"href":"https:\/\/brasilnoticias.org\/site\/wp-json\/wp\/v2\/types\/post"}],"author":[{"embeddable":true,"href":"https:\/\/brasilnoticias.org\/site\/wp-json\/wp\/v2\/users\/1"}],"replies":[{"embeddable":true,"href":"https:\/\/brasilnoticias.org\/site\/wp-json\/wp\/v2\/comments?post=6008"}],"version-history":[{"count":1,"href":"https:\/\/brasilnoticias.org\/site\/wp-json\/wp\/v2\/posts\/6008\/revisions"}],"predecessor-version":[{"id":6010,"href":"https:\/\/brasilnoticias.org\/site\/wp-json\/wp\/v2\/posts\/6008\/revisions\/6010"}],"wp:featuredmedia":[{"embeddable":true,"href":"https:\/\/brasilnoticias.org\/site\/wp-json\/wp\/v2\/media\/6009"}],"wp:attachment":[{"href":"https:\/\/brasilnoticias.org\/site\/wp-json\/wp\/v2\/media?parent=6008"}],"wp:term":[{"taxonomy":"category","embeddable":true,"href":"https:\/\/brasilnoticias.org\/site\/wp-json\/wp\/v2\/categories?post=6008"},{"taxonomy":"post_tag","embeddable":true,"href":"https:\/\/brasilnoticias.org\/site\/wp-json\/wp\/v2\/tags?post=6008"}],"curies":[{"name":"wp","href":"https:\/\/api.w.org\/{rel}","templated":true}]}}