{"id":6023,"date":"2023-05-15T17:22:44","date_gmt":"2023-05-15T20:22:44","guid":{"rendered":"https:\/\/brasilnoticias.org\/site\/?p=6023"},"modified":"2023-05-15T17:22:44","modified_gmt":"2023-05-15T20:22:44","slug":"detran-promove-1o-seminario-estadual-de-transito-na-alba","status":"publish","type":"post","link":"https:\/\/brasilnoticias.org\/site\/detran-promove-1o-seminario-estadual-de-transito-na-alba\/","title":{"rendered":"Detran promove 1\u00ba Semin\u00e1rio Estadual de Tr\u00e2nsito na ALBA"},"content":{"rendered":"<p>O Departamento Estadual de Tr\u00e2nsito (Detran-Ba) promove, na pr\u00f3xima quarta-feira (17), o 1\u00ba Semin\u00e1rio Estadual de Tr\u00e2nsito, no audit\u00f3rio Jornalista J. Calmon, da Assembleia Legislativa da Bahia(ALBA), \u00e0s 9h, com a presen\u00e7a de diversos especialistas do Brasil para discutir ideias e compartilhar experi\u00eancias.<\/p>\n<p>Com o tema \u2018Tr\u00e2nsito respons\u00e1vel: como melhorar os indicadores\u2019, a programa\u00e7\u00e3o do evento traz o anfitri\u00e3o, Rodrigo Pimentel, diretor-geral do Detran-BA que apresenta o \u2018Projeto de educa\u00e7\u00e3o para o tr\u00e2nsito\u2019 desenvolvido no Estado. As inscri\u00e7\u00f5es s\u00e3o gratuitas e podem ser feitas realizadas por meio do link https:\/\/forms.gle\/XLQNMQPjmU3qyjtz7. Para quem n\u00e3o puder participar, presencialmente, as atividades ser\u00e3o transmitidas \u2013 ao vivo \u2013 atrav\u00e9s do canal youtube.com\/detranbahiaoficial.<\/p>\n<p>Entre os convidados, o mestre em Sociologia (UnB) e especialista em seguran\u00e7a no tr\u00e2nsito, Eduardo Biavati (RS) \u2013 com a palestra \u201cMobilidade sustent\u00e1vel e seguran\u00e7a no tr\u00e2nsito: o desafio sobre duas rodas\u201d; do Distrito Federal (DF), o p\u00f3s-doutor em seguran\u00e7a de tr\u00e2nsito, David Duarte Lima, apresentando \u201cComo reduzir em 50% o n\u00famero de mortos em cinco anos\u201d.<\/p>\n<p>Para representar a Bahia, estar\u00e1 presente o advogado e presidente da comiss\u00e3o de tr\u00e2nsito da OAB-BA, Danilo Oliveira, que tamb\u00e9m \u00e9 o fundador do IBDTr\u00e2nsito que vai apresentar a import\u00e2ncia do Maio Amarelo.<\/p>\n<p>Oliveira destacou a import\u00e2ncia do evento para aumentar o engajamento do poder p\u00fablico em rela\u00e7\u00e3o ao tr\u00e2nsito. \u201cO Semin\u00e1rio ser\u00e1 de suma import\u00e2ncia para podermos provocar mais engajamento dos gestores p\u00fablicos j\u00e1 que ser\u00e1 realizado na Assembleia Legislativa com a presen\u00e7a de Deputados, da UPB (prefeitos) que pode colaborar muito com a municipaliza\u00e7\u00e3o do tr\u00e2nsito\u201d, disse.<\/p>\n<p>\u201cO evento servir\u00e1 para mostrarmos dados estat\u00edsticos atualizados e sugerirmos pol\u00edticas p\u00fablicas para cumprirmos a meta estabelecida pela ONU de reduzir em 50% o n\u00famero de v\u00edtimas e lesionados no tr\u00e2nsito na pr\u00f3xima d\u00e9cada. As entidades OAB, IBDTRANSITO e Observat\u00f3rio aderiam a essa meta e iremos trabalhar para o cumprimento dela\u201d, acrescentou.<\/p>\n<p>BNews<br \/>\nFoto Ascom\/Detran-BA<\/p>\n","protected":false},"excerpt":{"rendered":"<p>O Departamento Estadual de Tr\u00e2nsito (Detran-Ba) promove, na pr\u00f3xima quarta-feira (17), o 1\u00ba Semin\u00e1rio Estadual de Tr\u00e2nsito, no audit\u00f3rio Jornalista<\/p>\n","protected":false},"author":1,"featured_media":6024,"comment_status":"open","ping_status":"open","sticky":false,"template":"","format":"standard","meta":{"colormag_page_container_layout":"default_layout","colormag_page_sidebar_layout":"default_layout","_FSMCFIC_featured_image_caption":"","_FSMCFIC_featured_image_nocaption":"","_FSMCFIC_featured_image_hide":"","footnotes":""},"categories":[2,1],"tags":[],"class_list":["post-6023","post","type-post","status-publish","format-standard","has-post-thumbnail","hentry","category-noticias","category-ultimas"],"yoast_head":"<!-- This site is optimized with the Yoast SEO plugin v27.1.1 - https:\/\/yoast.com\/product\/yoast-seo-wordpress\/ -->\n<title>Detran promove 1\u00ba Semin\u00e1rio Estadual de Tr\u00e2nsito na ALBA - Brasil not\u00edcias<\/title>\n<meta name=\"robots\" content=\"index, follow, max-snippet:-1, max-image-preview:large, max-video-preview:-1\" \/>\n<link rel=\"canonical\" href=\"https:\/\/brasilnoticias.org\/site\/detran-promove-1o-seminario-estadual-de-transito-na-alba\/\" \/>\n<meta property=\"og:locale\" content=\"pt_PT\" \/>\n<meta property=\"og:type\" content=\"article\" \/>\n<meta property=\"og:title\" content=\"Detran promove 1\u00ba Semin\u00e1rio Estadual de Tr\u00e2nsito na ALBA - Brasil not\u00edcias\" \/>\n<meta property=\"og:description\" content=\"O Departamento Estadual de Tr\u00e2nsito (Detran-Ba) promove, na pr\u00f3xima quarta-feira (17), o 1\u00ba Semin\u00e1rio Estadual de Tr\u00e2nsito, no audit\u00f3rio Jornalista\" \/>\n<meta property=\"og:url\" content=\"https:\/\/brasilnoticias.org\/site\/detran-promove-1o-seminario-estadual-de-transito-na-alba\/\" \/>\n<meta property=\"og:site_name\" content=\"Brasil not\u00edcias\" \/>\n<meta property=\"article:published_time\" content=\"2023-05-15T20:22:44+00:00\" \/>\n<meta property=\"og:image\" content=\"https:\/\/brasilnoticias.org\/site\/wp-content\/uploads\/2023\/05\/detran-seminario-bahia_widelg.jpg\" \/>\n\t<meta property=\"og:image:width\" content=\"800\" \/>\n\t<meta property=\"og:image:height\" content=\"450\" \/>\n\t<meta property=\"og:image:type\" content=\"image\/jpeg\" \/>\n<meta name=\"author\" content=\"Reda\u00e7\u00e3o\" \/>\n<meta name=\"twitter:card\" content=\"summary_large_image\" \/>\n<meta name=\"twitter:label1\" content=\"Escrito por\" \/>\n\t<meta name=\"twitter:data1\" content=\"Reda\u00e7\u00e3o\" \/>\n<script type=\"application\/ld+json\" class=\"yoast-schema-graph\">{\"@context\":\"https:\/\/schema.org\",\"@graph\":[{\"@type\":\"Article\",\"@id\":\"https:\/\/brasilnoticias.org\/site\/detran-promove-1o-seminario-estadual-de-transito-na-alba\/#article\",\"isPartOf\":{\"@id\":\"https:\/\/brasilnoticias.org\/site\/detran-promove-1o-seminario-estadual-de-transito-na-alba\/\"},\"author\":{\"name\":\"Reda\u00e7\u00e3o\",\"@id\":\"https:\/\/brasilnoticias.org\/site\/#\/schema\/person\/a0e05b973ec4d15c658d51911e53507b\"},\"headline\":\"Detran promove 1\u00ba Semin\u00e1rio Estadual de Tr\u00e2nsito na ALBA\",\"datePublished\":\"2023-05-15T20:22:44+00:00\",\"mainEntityOfPage\":{\"@id\":\"https:\/\/brasilnoticias.org\/site\/detran-promove-1o-seminario-estadual-de-transito-na-alba\/\"},\"wordCount\":370,\"commentCount\":0,\"publisher\":{\"@id\":\"https:\/\/brasilnoticias.org\/site\/#organization\"},\"image\":{\"@id\":\"https:\/\/brasilnoticias.org\/site\/detran-promove-1o-seminario-estadual-de-transito-na-alba\/#primaryimage\"},\"thumbnailUrl\":\"https:\/\/brasilnoticias.org\/site\/wp-content\/uploads\/2023\/05\/detran-seminario-bahia_widelg.jpg\",\"articleSection\":[\"Not\u00edcias\",\"\u00daltimas\"],\"inLanguage\":\"pt-PT\",\"potentialAction\":[{\"@type\":\"CommentAction\",\"name\":\"Comment\",\"target\":[\"https:\/\/brasilnoticias.org\/site\/detran-promove-1o-seminario-estadual-de-transito-na-alba\/#respond\"]}]},{\"@type\":\"WebPage\",\"@id\":\"https:\/\/brasilnoticias.org\/site\/detran-promove-1o-seminario-estadual-de-transito-na-alba\/\",\"url\":\"https:\/\/brasilnoticias.org\/site\/detran-promove-1o-seminario-estadual-de-transito-na-alba\/\",\"name\":\"Detran promove 1\u00ba Semin\u00e1rio Estadual de Tr\u00e2nsito na ALBA - Brasil not\u00edcias\",\"isPartOf\":{\"@id\":\"https:\/\/brasilnoticias.org\/site\/#website\"},\"primaryImageOfPage\":{\"@id\":\"https:\/\/brasilnoticias.org\/site\/detran-promove-1o-seminario-estadual-de-transito-na-alba\/#primaryimage\"},\"image\":{\"@id\":\"https:\/\/brasilnoticias.org\/site\/detran-promove-1o-seminario-estadual-de-transito-na-alba\/#primaryimage\"},\"thumbnailUrl\":\"https:\/\/brasilnoticias.org\/site\/wp-content\/uploads\/2023\/05\/detran-seminario-bahia_widelg.jpg\",\"datePublished\":\"2023-05-15T20:22:44+00:00\",\"breadcrumb\":{\"@id\":\"https:\/\/brasilnoticias.org\/site\/detran-promove-1o-seminario-estadual-de-transito-na-alba\/#breadcrumb\"},\"inLanguage\":\"pt-PT\",\"potentialAction\":[{\"@type\":\"ReadAction\",\"target\":[\"https:\/\/brasilnoticias.org\/site\/detran-promove-1o-seminario-estadual-de-transito-na-alba\/\"]}]},{\"@type\":\"ImageObject\",\"inLanguage\":\"pt-PT\",\"@id\":\"https:\/\/brasilnoticias.org\/site\/detran-promove-1o-seminario-estadual-de-transito-na-alba\/#primaryimage\",\"url\":\"https:\/\/brasilnoticias.org\/site\/wp-content\/uploads\/2023\/05\/detran-seminario-bahia_widelg.jpg\",\"contentUrl\":\"https:\/\/brasilnoticias.org\/site\/wp-content\/uploads\/2023\/05\/detran-seminario-bahia_widelg.jpg\",\"width\":800,\"height\":450},{\"@type\":\"BreadcrumbList\",\"@id\":\"https:\/\/brasilnoticias.org\/site\/detran-promove-1o-seminario-estadual-de-transito-na-alba\/#breadcrumb\",\"itemListElement\":[{\"@type\":\"ListItem\",\"position\":1,\"name\":\"In\u00edcio\",\"item\":\"https:\/\/brasilnoticias.org\/site\/\"},{\"@type\":\"ListItem\",\"position\":2,\"name\":\"Detran promove 1\u00ba Semin\u00e1rio Estadual de Tr\u00e2nsito na ALBA\"}]},{\"@type\":\"WebSite\",\"@id\":\"https:\/\/brasilnoticias.org\/site\/#website\",\"url\":\"https:\/\/brasilnoticias.org\/site\/\",\"name\":\"Brasil not\u00edcias\",\"description\":\"Brasil not\u00edcias\",\"publisher\":{\"@id\":\"https:\/\/brasilnoticias.org\/site\/#organization\"},\"potentialAction\":[{\"@type\":\"SearchAction\",\"target\":{\"@type\":\"EntryPoint\",\"urlTemplate\":\"https:\/\/brasilnoticias.org\/site\/?s={search_term_string}\"},\"query-input\":{\"@type\":\"PropertyValueSpecification\",\"valueRequired\":true,\"valueName\":\"search_term_string\"}}],\"inLanguage\":\"pt-PT\"},{\"@type\":\"Organization\",\"@id\":\"https:\/\/brasilnoticias.org\/site\/#organization\",\"name\":\"Brasil not\u00edcias\",\"url\":\"https:\/\/brasilnoticias.org\/site\/\",\"logo\":{\"@type\":\"ImageObject\",\"inLanguage\":\"pt-PT\",\"@id\":\"https:\/\/brasilnoticias.org\/site\/#\/schema\/logo\/image\/\",\"url\":\"https:\/\/brasilnoticias.org\/site\/wp-content\/uploads\/2022\/05\/cropped-brasilnoticias-mini.jpg\",\"contentUrl\":\"https:\/\/brasilnoticias.org\/site\/wp-content\/uploads\/2022\/05\/cropped-brasilnoticias-mini.jpg\",\"width\":314,\"height\":86,\"caption\":\"Brasil not\u00edcias\"},\"image\":{\"@id\":\"https:\/\/brasilnoticias.org\/site\/#\/schema\/logo\/image\/\"}},{\"@type\":\"Person\",\"@id\":\"https:\/\/brasilnoticias.org\/site\/#\/schema\/person\/a0e05b973ec4d15c658d51911e53507b\",\"name\":\"Reda\u00e7\u00e3o\",\"image\":{\"@type\":\"ImageObject\",\"inLanguage\":\"pt-PT\",\"@id\":\"https:\/\/brasilnoticias.org\/site\/#\/schema\/person\/image\/\",\"url\":\"https:\/\/secure.gravatar.com\/avatar\/75d8b050df2de108b08ae78dfb8e374892df24a383c67db9c46a9c604f6aee9c?s=96&d=mm&r=g\",\"contentUrl\":\"https:\/\/secure.gravatar.com\/avatar\/75d8b050df2de108b08ae78dfb8e374892df24a383c67db9c46a9c604f6aee9c?s=96&d=mm&r=g\",\"caption\":\"Reda\u00e7\u00e3o\"},\"sameAs\":[\"https:\/\/brasilnoticias.org\/site\"],\"url\":\"https:\/\/brasilnoticias.org\/site\/author\/fernandozsngmail-com\/\"}]}<\/script>\n<!-- \/ Yoast SEO plugin. -->","yoast_head_json":{"title":"Detran promove 1\u00ba Semin\u00e1rio Estadual de Tr\u00e2nsito na ALBA - Brasil not\u00edcias","robots":{"index":"index","follow":"follow","max-snippet":"max-snippet:-1","max-image-preview":"max-image-preview:large","max-video-preview":"max-video-preview:-1"},"canonical":"https:\/\/brasilnoticias.org\/site\/detran-promove-1o-seminario-estadual-de-transito-na-alba\/","og_locale":"pt_PT","og_type":"article","og_title":"Detran promove 1\u00ba Semin\u00e1rio Estadual de Tr\u00e2nsito na ALBA - Brasil not\u00edcias","og_description":"O Departamento Estadual de Tr\u00e2nsito (Detran-Ba) promove, na pr\u00f3xima quarta-feira (17), o 1\u00ba Semin\u00e1rio Estadual de Tr\u00e2nsito, no audit\u00f3rio Jornalista","og_url":"https:\/\/brasilnoticias.org\/site\/detran-promove-1o-seminario-estadual-de-transito-na-alba\/","og_site_name":"Brasil not\u00edcias","article_published_time":"2023-05-15T20:22:44+00:00","og_image":[{"width":800,"height":450,"url":"https:\/\/brasilnoticias.org\/site\/wp-content\/uploads\/2023\/05\/detran-seminario-bahia_widelg.jpg","type":"image\/jpeg"}],"author":"Reda\u00e7\u00e3o","twitter_card":"summary_large_image","twitter_misc":{"Escrito por":"Reda\u00e7\u00e3o"},"schema":{"@context":"https:\/\/schema.org","@graph":[{"@type":"Article","@id":"https:\/\/brasilnoticias.org\/site\/detran-promove-1o-seminario-estadual-de-transito-na-alba\/#article","isPartOf":{"@id":"https:\/\/brasilnoticias.org\/site\/detran-promove-1o-seminario-estadual-de-transito-na-alba\/"},"author":{"name":"Reda\u00e7\u00e3o","@id":"https:\/\/brasilnoticias.org\/site\/#\/schema\/person\/a0e05b973ec4d15c658d51911e53507b"},"headline":"Detran promove 1\u00ba Semin\u00e1rio Estadual de Tr\u00e2nsito na ALBA","datePublished":"2023-05-15T20:22:44+00:00","mainEntityOfPage":{"@id":"https:\/\/brasilnoticias.org\/site\/detran-promove-1o-seminario-estadual-de-transito-na-alba\/"},"wordCount":370,"commentCount":0,"publisher":{"@id":"https:\/\/brasilnoticias.org\/site\/#organization"},"image":{"@id":"https:\/\/brasilnoticias.org\/site\/detran-promove-1o-seminario-estadual-de-transito-na-alba\/#primaryimage"},"thumbnailUrl":"https:\/\/brasilnoticias.org\/site\/wp-content\/uploads\/2023\/05\/detran-seminario-bahia_widelg.jpg","articleSection":["Not\u00edcias","\u00daltimas"],"inLanguage":"pt-PT","potentialAction":[{"@type":"CommentAction","name":"Comment","target":["https:\/\/brasilnoticias.org\/site\/detran-promove-1o-seminario-estadual-de-transito-na-alba\/#respond"]}]},{"@type":"WebPage","@id":"https:\/\/brasilnoticias.org\/site\/detran-promove-1o-seminario-estadual-de-transito-na-alba\/","url":"https:\/\/brasilnoticias.org\/site\/detran-promove-1o-seminario-estadual-de-transito-na-alba\/","name":"Detran promove 1\u00ba Semin\u00e1rio Estadual de Tr\u00e2nsito na ALBA - Brasil not\u00edcias","isPartOf":{"@id":"https:\/\/brasilnoticias.org\/site\/#website"},"primaryImageOfPage":{"@id":"https:\/\/brasilnoticias.org\/site\/detran-promove-1o-seminario-estadual-de-transito-na-alba\/#primaryimage"},"image":{"@id":"https:\/\/brasilnoticias.org\/site\/detran-promove-1o-seminario-estadual-de-transito-na-alba\/#primaryimage"},"thumbnailUrl":"https:\/\/brasilnoticias.org\/site\/wp-content\/uploads\/2023\/05\/detran-seminario-bahia_widelg.jpg","datePublished":"2023-05-15T20:22:44+00:00","breadcrumb":{"@id":"https:\/\/brasilnoticias.org\/site\/detran-promove-1o-seminario-estadual-de-transito-na-alba\/#breadcrumb"},"inLanguage":"pt-PT","potentialAction":[{"@type":"ReadAction","target":["https:\/\/brasilnoticias.org\/site\/detran-promove-1o-seminario-estadual-de-transito-na-alba\/"]}]},{"@type":"ImageObject","inLanguage":"pt-PT","@id":"https:\/\/brasilnoticias.org\/site\/detran-promove-1o-seminario-estadual-de-transito-na-alba\/#primaryimage","url":"https:\/\/brasilnoticias.org\/site\/wp-content\/uploads\/2023\/05\/detran-seminario-bahia_widelg.jpg","contentUrl":"https:\/\/brasilnoticias.org\/site\/wp-content\/uploads\/2023\/05\/detran-seminario-bahia_widelg.jpg","width":800,"height":450},{"@type":"BreadcrumbList","@id":"https:\/\/brasilnoticias.org\/site\/detran-promove-1o-seminario-estadual-de-transito-na-alba\/#breadcrumb","itemListElement":[{"@type":"ListItem","position":1,"name":"In\u00edcio","item":"https:\/\/brasilnoticias.org\/site\/"},{"@type":"ListItem","position":2,"name":"Detran promove 1\u00ba Semin\u00e1rio Estadual de Tr\u00e2nsito na ALBA"}]},{"@type":"WebSite","@id":"https:\/\/brasilnoticias.org\/site\/#website","url":"https:\/\/brasilnoticias.org\/site\/","name":"Brasil not\u00edcias","description":"Brasil not\u00edcias","publisher":{"@id":"https:\/\/brasilnoticias.org\/site\/#organization"},"potentialAction":[{"@type":"SearchAction","target":{"@type":"EntryPoint","urlTemplate":"https:\/\/brasilnoticias.org\/site\/?s={search_term_string}"},"query-input":{"@type":"PropertyValueSpecification","valueRequired":true,"valueName":"search_term_string"}}],"inLanguage":"pt-PT"},{"@type":"Organization","@id":"https:\/\/brasilnoticias.org\/site\/#organization","name":"Brasil not\u00edcias","url":"https:\/\/brasilnoticias.org\/site\/","logo":{"@type":"ImageObject","inLanguage":"pt-PT","@id":"https:\/\/brasilnoticias.org\/site\/#\/schema\/logo\/image\/","url":"https:\/\/brasilnoticias.org\/site\/wp-content\/uploads\/2022\/05\/cropped-brasilnoticias-mini.jpg","contentUrl":"https:\/\/brasilnoticias.org\/site\/wp-content\/uploads\/2022\/05\/cropped-brasilnoticias-mini.jpg","width":314,"height":86,"caption":"Brasil not\u00edcias"},"image":{"@id":"https:\/\/brasilnoticias.org\/site\/#\/schema\/logo\/image\/"}},{"@type":"Person","@id":"https:\/\/brasilnoticias.org\/site\/#\/schema\/person\/a0e05b973ec4d15c658d51911e53507b","name":"Reda\u00e7\u00e3o","image":{"@type":"ImageObject","inLanguage":"pt-PT","@id":"https:\/\/brasilnoticias.org\/site\/#\/schema\/person\/image\/","url":"https:\/\/secure.gravatar.com\/avatar\/75d8b050df2de108b08ae78dfb8e374892df24a383c67db9c46a9c604f6aee9c?s=96&d=mm&r=g","contentUrl":"https:\/\/secure.gravatar.com\/avatar\/75d8b050df2de108b08ae78dfb8e374892df24a383c67db9c46a9c604f6aee9c?s=96&d=mm&r=g","caption":"Reda\u00e7\u00e3o"},"sameAs":["https:\/\/brasilnoticias.org\/site"],"url":"https:\/\/brasilnoticias.org\/site\/author\/fernandozsngmail-com\/"}]}},"_links":{"self":[{"href":"https:\/\/brasilnoticias.org\/site\/wp-json\/wp\/v2\/posts\/6023","targetHints":{"allow":["GET"]}}],"collection":[{"href":"https:\/\/brasilnoticias.org\/site\/wp-json\/wp\/v2\/posts"}],"about":[{"href":"https:\/\/brasilnoticias.org\/site\/wp-json\/wp\/v2\/types\/post"}],"author":[{"embeddable":true,"href":"https:\/\/brasilnoticias.org\/site\/wp-json\/wp\/v2\/users\/1"}],"replies":[{"embeddable":true,"href":"https:\/\/brasilnoticias.org\/site\/wp-json\/wp\/v2\/comments?post=6023"}],"version-history":[{"count":1,"href":"https:\/\/brasilnoticias.org\/site\/wp-json\/wp\/v2\/posts\/6023\/revisions"}],"predecessor-version":[{"id":6025,"href":"https:\/\/brasilnoticias.org\/site\/wp-json\/wp\/v2\/posts\/6023\/revisions\/6025"}],"wp:featuredmedia":[{"embeddable":true,"href":"https:\/\/brasilnoticias.org\/site\/wp-json\/wp\/v2\/media\/6024"}],"wp:attachment":[{"href":"https:\/\/brasilnoticias.org\/site\/wp-json\/wp\/v2\/media?parent=6023"}],"wp:term":[{"taxonomy":"category","embeddable":true,"href":"https:\/\/brasilnoticias.org\/site\/wp-json\/wp\/v2\/categories?post=6023"},{"taxonomy":"post_tag","embeddable":true,"href":"https:\/\/brasilnoticias.org\/site\/wp-json\/wp\/v2\/tags?post=6023"}],"curies":[{"name":"wp","href":"https:\/\/api.w.org\/{rel}","templated":true}]}}