{"id":6047,"date":"2023-05-16T06:29:36","date_gmt":"2023-05-16T09:29:36","guid":{"rendered":"https:\/\/brasilnoticias.org\/site\/?p=6047"},"modified":"2023-05-16T06:29:36","modified_gmt":"2023-05-16T09:29:36","slug":"especialistas-dizem-que-objeto-que-caiu-do-ceu-e-atingiu-carro-em-sp-pode-ser-lixo-espacial-e-que-poderia-matar-pessoa","status":"publish","type":"post","link":"https:\/\/brasilnoticias.org\/site\/especialistas-dizem-que-objeto-que-caiu-do-ceu-e-atingiu-carro-em-sp-pode-ser-lixo-espacial-e-que-poderia-matar-pessoa\/","title":{"rendered":"Especialistas dizem que objeto que caiu do c\u00e9u e atingiu carro em SP pode ser lixo espacial e que poderia matar pessoa"},"content":{"rendered":"<p>O objeto cil\u00edndrico de metal e com temperatura bastante quente que atingiu um carro em Santos, no litoral de S\u00e3o Paulo, pode ser lixo espacial, segundo especialistas ouvidos pelo g1. Com a velocidade da queda, o artefato amassou e disparou o alarme do ve\u00edculo, que estava estacionado.<\/p>\n<p>Em entrevista ao g1 nesta ter\u00e7a-feira (16), o analista de planejamento de manuten\u00e7\u00e3o de aeronaves e professor da ETEC Santos Dumont, Eduard da Macena, afirmou acreditar se tratar de um objeto que veio do espa\u00e7o. &#8220;Pela altura que caiu, \u00e9 bem prov\u00e1vel. Lixo espacial cai praticamente todo dia na Terra&#8221;.<\/p>\n<p>Daniel Mello, que \u00e9 astr\u00f4nomo do Observat\u00f3rio do Valongo da Universidade Federal do Rio de Janeiro (UFRJ), segue a mesma linha de racioc\u00ednio. &#8220;\u00c9 muito v\u00e1lida essa possibilidade [de lixo espacial]&#8221;.<\/p>\n<p>Segundo ele, h\u00e1 muito lixo espacial orbitando a Terra e a tend\u00eancia \u00e9 que problemas dessa natureza aconte\u00e7am com mais frequ\u00eancia. &#8220;Hoje, voc\u00ea olha para o c\u00e9u e consegue detectar a olho nu, no come\u00e7o da noite ou no final da noite, duzentos sat\u00e9lites fazendo \u00f3rbita em torno da Terra&#8221;, Ele destacou que muitas dessas m\u00e1quinas s\u00e3o desativadas e, consequentemente, viram lixo espacial.<\/p>\n<p>&#8220;Vai se tornar cada vez mais comum esses fragmentos despencarem em dire\u00e7\u00e3o \u00e0 superf\u00edcie da Terra. Para nossa sorte, nossa atmosfera consegue barrar os pequenos fragmentos, mas os maiores peda\u00e7os acabam caindo [ inclusive em \u00e1rea urbana]&#8221;, disse Mello.<\/p>\n<p>Mello e Macena n\u00e3o acreditam que o elemento seja de alguma aeronave. Para o professor da ETEC, inclusive, as possibilidades s\u00e3o quase inexistentes. &#8220;Eu acho muito improv\u00e1vel. Para ter certeza, teria que fazer uma pesquisa, mas as chances s\u00e3o bem baixas&#8221;, explicou.<\/p>\n<p>Temperatura<br \/>\nCom rela\u00e7\u00e3o a temperatura muito alta, o analista disse que isso ocorre devido a queda ser de alt\u00edssima velocidade junto ao atrito do ar. &#8220;Se tivesse atingido a cabe\u00e7a de algu\u00e9m poderia matar. Ainda bem que n\u00e3o atingiu ningu\u00e9m&#8221;, comentou Macena.<\/p>\n<p>O professor explicou que atualmente h\u00e1 diversos estudos para diminuir o lixo espacial que est\u00e1 em \u00f3rbita. &#8220;Esse objetos est\u00e3o atrapalhando tanto lan\u00e7amento de foguetes como novos sat\u00e9lites. E quando caem, costuma ser no mar, onde temos a maior por\u00e7\u00e3o de espa\u00e7o&#8221;, finaliza.<\/p>\n<p>O caso<br \/>\nUm objeto cil\u00edndrico de metal e com temperatura bastante quente atingiu um carro em Santos, no litoral de S\u00e3o Paulo. Com a velocidade da queda, o artefato amassou o teto e disparou o alarme do ve\u00edculo, que estava estacionado na garagem de uma resid\u00eancia. De acordo com o banc\u00e1rio Marcel de Camargo, o objeto estava fervendo e n\u00e3o foi poss\u00edvel peg\u00e1-lo com a m\u00e3o.<\/p>\n<p>Em entrevista ao g1, Marcel afirmou que estava em casa, localizada no bairro do Embar\u00e9, quando escutou um barulho semelhante a uma explos\u00e3o.<\/p>\n<p>&#8220;Estava comendo dentro de casa e escutamos um estrondo muito forte. Na sequ\u00eancia, o alarme do carro disparou. Quando olhei na garagem vi o teto do meu carro amassado e um pouco fundo. Achei que algu\u00e9m pudesse ter jogado algo pelo lado de fora, mas acabei observando o desenho de um c\u00edrculo marcado e, no mesmo momento, conclui que a pe\u00e7a deve ter ca\u00eddo do c\u00e9u&#8221;, afirma.<br \/>\nAinda de acordo com o banc\u00e1rio, o metal estava ca\u00eddo no ch\u00e3o, ainda extremamente quente. &#8220;N\u00e3o dava para encostar com a m\u00e3o. Ainda bem que n\u00e3o pegou na cabe\u00e7a de ningu\u00e9m, pois poderia ser fatal. Mas isso n\u00e3o aconteceu e estamos bem&#8221;, diz.<\/p>\n<p>Dia seguinte<br \/>\nO banc\u00e1rio explica que, no dia seguinte ao aparecimento da pe\u00e7a, a esposa dele foi ver o objeto e notou que o metal estava com cheiro bastante forte. &#8220;A ponta estava amassada, com um \u00f3leo preto saindo. Al\u00e9m disso, tinha um cheiro podre de ovo&#8221;.<\/p>\n<p>O banc\u00e1rio conta ainda que conversou com amigos que trabalham na \u00e1rea de engenharia para tentar descobrir o que poderia ser o metal. &#8220;Ningu\u00e9m conseguiu me explicar, ent\u00e3o eu estou tentando ver como vou resolver o preju\u00edzo e a quem recorrer&#8221;, finaliza.<\/p>\n<p>Foto: Arquivo Pessoal<br \/>\nG1<\/p>\n","protected":false},"excerpt":{"rendered":"<p>O objeto cil\u00edndrico de metal e com temperatura bastante quente que atingiu um carro em Santos, no litoral de S\u00e3o<\/p>\n","protected":false},"author":1,"featured_media":6048,"comment_status":"open","ping_status":"open","sticky":false,"template":"","format":"standard","meta":{"colormag_page_container_layout":"default_layout","colormag_page_sidebar_layout":"default_layout","_FSMCFIC_featured_image_caption":"","_FSMCFIC_featured_image_nocaption":"","_FSMCFIC_featured_image_hide":"","footnotes":""},"categories":[2,1],"tags":[],"class_list":["post-6047","post","type-post","status-publish","format-standard","has-post-thumbnail","hentry","category-noticias","category-ultimas"],"yoast_head":"<!-- This site is optimized with the Yoast SEO plugin v27.1.1 - https:\/\/yoast.com\/product\/yoast-seo-wordpress\/ -->\n<title>Especialistas dizem que objeto que caiu do c\u00e9u e atingiu carro em SP pode ser lixo espacial e que poderia matar pessoa - Brasil not\u00edcias<\/title>\n<meta name=\"robots\" content=\"index, follow, max-snippet:-1, max-image-preview:large, max-video-preview:-1\" \/>\n<link rel=\"canonical\" href=\"https:\/\/brasilnoticias.org\/site\/especialistas-dizem-que-objeto-que-caiu-do-ceu-e-atingiu-carro-em-sp-pode-ser-lixo-espacial-e-que-poderia-matar-pessoa\/\" \/>\n<meta property=\"og:locale\" content=\"pt_PT\" \/>\n<meta property=\"og:type\" content=\"article\" \/>\n<meta property=\"og:title\" content=\"Especialistas dizem que objeto que caiu do c\u00e9u e atingiu carro em SP pode ser lixo espacial e que poderia matar pessoa - Brasil not\u00edcias\" \/>\n<meta property=\"og:description\" content=\"O objeto cil\u00edndrico de metal e com temperatura bastante quente que atingiu um carro em Santos, no litoral de S\u00e3o\" \/>\n<meta property=\"og:url\" content=\"https:\/\/brasilnoticias.org\/site\/especialistas-dizem-que-objeto-que-caiu-do-ceu-e-atingiu-carro-em-sp-pode-ser-lixo-espacial-e-que-poderia-matar-pessoa\/\" \/>\n<meta property=\"og:site_name\" content=\"Brasil not\u00edcias\" \/>\n<meta property=\"article:published_time\" content=\"2023-05-16T09:29:36+00:00\" \/>\n<meta property=\"og:image\" content=\"https:\/\/brasilnoticias.org\/site\/wp-content\/uploads\/2023\/05\/design-sem-nome-85-.webp\" \/>\n\t<meta property=\"og:image:width\" content=\"600\" \/>\n\t<meta property=\"og:image:height\" content=\"480\" \/>\n\t<meta property=\"og:image:type\" content=\"image\/webp\" \/>\n<meta name=\"author\" content=\"Reda\u00e7\u00e3o\" \/>\n<meta name=\"twitter:card\" content=\"summary_large_image\" \/>\n<meta name=\"twitter:label1\" content=\"Escrito por\" \/>\n\t<meta name=\"twitter:data1\" content=\"Reda\u00e7\u00e3o\" \/>\n<script type=\"application\/ld+json\" class=\"yoast-schema-graph\">{\"@context\":\"https:\/\/schema.org\",\"@graph\":[{\"@type\":\"Article\",\"@id\":\"https:\/\/brasilnoticias.org\/site\/especialistas-dizem-que-objeto-que-caiu-do-ceu-e-atingiu-carro-em-sp-pode-ser-lixo-espacial-e-que-poderia-matar-pessoa\/#article\",\"isPartOf\":{\"@id\":\"https:\/\/brasilnoticias.org\/site\/especialistas-dizem-que-objeto-que-caiu-do-ceu-e-atingiu-carro-em-sp-pode-ser-lixo-espacial-e-que-poderia-matar-pessoa\/\"},\"author\":{\"name\":\"Reda\u00e7\u00e3o\",\"@id\":\"https:\/\/brasilnoticias.org\/site\/#\/schema\/person\/a0e05b973ec4d15c658d51911e53507b\"},\"headline\":\"Especialistas dizem que objeto que caiu do c\u00e9u e atingiu carro em SP pode ser lixo espacial e que poderia matar pessoa\",\"datePublished\":\"2023-05-16T09:29:36+00:00\",\"mainEntityOfPage\":{\"@id\":\"https:\/\/brasilnoticias.org\/site\/especialistas-dizem-que-objeto-que-caiu-do-ceu-e-atingiu-carro-em-sp-pode-ser-lixo-espacial-e-que-poderia-matar-pessoa\/\"},\"wordCount\":734,\"commentCount\":0,\"publisher\":{\"@id\":\"https:\/\/brasilnoticias.org\/site\/#organization\"},\"image\":{\"@id\":\"https:\/\/brasilnoticias.org\/site\/especialistas-dizem-que-objeto-que-caiu-do-ceu-e-atingiu-carro-em-sp-pode-ser-lixo-espacial-e-que-poderia-matar-pessoa\/#primaryimage\"},\"thumbnailUrl\":\"https:\/\/brasilnoticias.org\/site\/wp-content\/uploads\/2023\/05\/design-sem-nome-85-.webp\",\"articleSection\":[\"Not\u00edcias\",\"\u00daltimas\"],\"inLanguage\":\"pt-PT\",\"potentialAction\":[{\"@type\":\"CommentAction\",\"name\":\"Comment\",\"target\":[\"https:\/\/brasilnoticias.org\/site\/especialistas-dizem-que-objeto-que-caiu-do-ceu-e-atingiu-carro-em-sp-pode-ser-lixo-espacial-e-que-poderia-matar-pessoa\/#respond\"]}]},{\"@type\":\"WebPage\",\"@id\":\"https:\/\/brasilnoticias.org\/site\/especialistas-dizem-que-objeto-que-caiu-do-ceu-e-atingiu-carro-em-sp-pode-ser-lixo-espacial-e-que-poderia-matar-pessoa\/\",\"url\":\"https:\/\/brasilnoticias.org\/site\/especialistas-dizem-que-objeto-que-caiu-do-ceu-e-atingiu-carro-em-sp-pode-ser-lixo-espacial-e-que-poderia-matar-pessoa\/\",\"name\":\"Especialistas dizem que objeto que caiu do c\u00e9u e atingiu carro em SP pode ser lixo espacial e que poderia matar pessoa - Brasil not\u00edcias\",\"isPartOf\":{\"@id\":\"https:\/\/brasilnoticias.org\/site\/#website\"},\"primaryImageOfPage\":{\"@id\":\"https:\/\/brasilnoticias.org\/site\/especialistas-dizem-que-objeto-que-caiu-do-ceu-e-atingiu-carro-em-sp-pode-ser-lixo-espacial-e-que-poderia-matar-pessoa\/#primaryimage\"},\"image\":{\"@id\":\"https:\/\/brasilnoticias.org\/site\/especialistas-dizem-que-objeto-que-caiu-do-ceu-e-atingiu-carro-em-sp-pode-ser-lixo-espacial-e-que-poderia-matar-pessoa\/#primaryimage\"},\"thumbnailUrl\":\"https:\/\/brasilnoticias.org\/site\/wp-content\/uploads\/2023\/05\/design-sem-nome-85-.webp\",\"datePublished\":\"2023-05-16T09:29:36+00:00\",\"breadcrumb\":{\"@id\":\"https:\/\/brasilnoticias.org\/site\/especialistas-dizem-que-objeto-que-caiu-do-ceu-e-atingiu-carro-em-sp-pode-ser-lixo-espacial-e-que-poderia-matar-pessoa\/#breadcrumb\"},\"inLanguage\":\"pt-PT\",\"potentialAction\":[{\"@type\":\"ReadAction\",\"target\":[\"https:\/\/brasilnoticias.org\/site\/especialistas-dizem-que-objeto-que-caiu-do-ceu-e-atingiu-carro-em-sp-pode-ser-lixo-espacial-e-que-poderia-matar-pessoa\/\"]}]},{\"@type\":\"ImageObject\",\"inLanguage\":\"pt-PT\",\"@id\":\"https:\/\/brasilnoticias.org\/site\/especialistas-dizem-que-objeto-que-caiu-do-ceu-e-atingiu-carro-em-sp-pode-ser-lixo-espacial-e-que-poderia-matar-pessoa\/#primaryimage\",\"url\":\"https:\/\/brasilnoticias.org\/site\/wp-content\/uploads\/2023\/05\/design-sem-nome-85-.webp\",\"contentUrl\":\"https:\/\/brasilnoticias.org\/site\/wp-content\/uploads\/2023\/05\/design-sem-nome-85-.webp\",\"width\":600,\"height\":480},{\"@type\":\"BreadcrumbList\",\"@id\":\"https:\/\/brasilnoticias.org\/site\/especialistas-dizem-que-objeto-que-caiu-do-ceu-e-atingiu-carro-em-sp-pode-ser-lixo-espacial-e-que-poderia-matar-pessoa\/#breadcrumb\",\"itemListElement\":[{\"@type\":\"ListItem\",\"position\":1,\"name\":\"In\u00edcio\",\"item\":\"https:\/\/brasilnoticias.org\/site\/\"},{\"@type\":\"ListItem\",\"position\":2,\"name\":\"Especialistas dizem que objeto que caiu do c\u00e9u e atingiu carro em SP pode ser lixo espacial e que poderia matar pessoa\"}]},{\"@type\":\"WebSite\",\"@id\":\"https:\/\/brasilnoticias.org\/site\/#website\",\"url\":\"https:\/\/brasilnoticias.org\/site\/\",\"name\":\"Brasil not\u00edcias\",\"description\":\"Brasil not\u00edcias\",\"publisher\":{\"@id\":\"https:\/\/brasilnoticias.org\/site\/#organization\"},\"potentialAction\":[{\"@type\":\"SearchAction\",\"target\":{\"@type\":\"EntryPoint\",\"urlTemplate\":\"https:\/\/brasilnoticias.org\/site\/?s={search_term_string}\"},\"query-input\":{\"@type\":\"PropertyValueSpecification\",\"valueRequired\":true,\"valueName\":\"search_term_string\"}}],\"inLanguage\":\"pt-PT\"},{\"@type\":\"Organization\",\"@id\":\"https:\/\/brasilnoticias.org\/site\/#organization\",\"name\":\"Brasil not\u00edcias\",\"url\":\"https:\/\/brasilnoticias.org\/site\/\",\"logo\":{\"@type\":\"ImageObject\",\"inLanguage\":\"pt-PT\",\"@id\":\"https:\/\/brasilnoticias.org\/site\/#\/schema\/logo\/image\/\",\"url\":\"https:\/\/brasilnoticias.org\/site\/wp-content\/uploads\/2022\/05\/cropped-brasilnoticias-mini.jpg\",\"contentUrl\":\"https:\/\/brasilnoticias.org\/site\/wp-content\/uploads\/2022\/05\/cropped-brasilnoticias-mini.jpg\",\"width\":314,\"height\":86,\"caption\":\"Brasil not\u00edcias\"},\"image\":{\"@id\":\"https:\/\/brasilnoticias.org\/site\/#\/schema\/logo\/image\/\"}},{\"@type\":\"Person\",\"@id\":\"https:\/\/brasilnoticias.org\/site\/#\/schema\/person\/a0e05b973ec4d15c658d51911e53507b\",\"name\":\"Reda\u00e7\u00e3o\",\"image\":{\"@type\":\"ImageObject\",\"inLanguage\":\"pt-PT\",\"@id\":\"https:\/\/brasilnoticias.org\/site\/#\/schema\/person\/image\/\",\"url\":\"https:\/\/secure.gravatar.com\/avatar\/75d8b050df2de108b08ae78dfb8e374892df24a383c67db9c46a9c604f6aee9c?s=96&d=mm&r=g\",\"contentUrl\":\"https:\/\/secure.gravatar.com\/avatar\/75d8b050df2de108b08ae78dfb8e374892df24a383c67db9c46a9c604f6aee9c?s=96&d=mm&r=g\",\"caption\":\"Reda\u00e7\u00e3o\"},\"sameAs\":[\"https:\/\/brasilnoticias.org\/site\"],\"url\":\"https:\/\/brasilnoticias.org\/site\/author\/fernandozsngmail-com\/\"}]}<\/script>\n<!-- \/ Yoast SEO plugin. -->","yoast_head_json":{"title":"Especialistas dizem que objeto que caiu do c\u00e9u e atingiu carro em SP pode ser lixo espacial e que poderia matar pessoa - Brasil not\u00edcias","robots":{"index":"index","follow":"follow","max-snippet":"max-snippet:-1","max-image-preview":"max-image-preview:large","max-video-preview":"max-video-preview:-1"},"canonical":"https:\/\/brasilnoticias.org\/site\/especialistas-dizem-que-objeto-que-caiu-do-ceu-e-atingiu-carro-em-sp-pode-ser-lixo-espacial-e-que-poderia-matar-pessoa\/","og_locale":"pt_PT","og_type":"article","og_title":"Especialistas dizem que objeto que caiu do c\u00e9u e atingiu carro em SP pode ser lixo espacial e que poderia matar pessoa - Brasil not\u00edcias","og_description":"O objeto cil\u00edndrico de metal e com temperatura bastante quente que atingiu um carro em Santos, no litoral de S\u00e3o","og_url":"https:\/\/brasilnoticias.org\/site\/especialistas-dizem-que-objeto-que-caiu-do-ceu-e-atingiu-carro-em-sp-pode-ser-lixo-espacial-e-que-poderia-matar-pessoa\/","og_site_name":"Brasil not\u00edcias","article_published_time":"2023-05-16T09:29:36+00:00","og_image":[{"width":600,"height":480,"url":"https:\/\/brasilnoticias.org\/site\/wp-content\/uploads\/2023\/05\/design-sem-nome-85-.webp","type":"image\/webp"}],"author":"Reda\u00e7\u00e3o","twitter_card":"summary_large_image","twitter_misc":{"Escrito por":"Reda\u00e7\u00e3o"},"schema":{"@context":"https:\/\/schema.org","@graph":[{"@type":"Article","@id":"https:\/\/brasilnoticias.org\/site\/especialistas-dizem-que-objeto-que-caiu-do-ceu-e-atingiu-carro-em-sp-pode-ser-lixo-espacial-e-que-poderia-matar-pessoa\/#article","isPartOf":{"@id":"https:\/\/brasilnoticias.org\/site\/especialistas-dizem-que-objeto-que-caiu-do-ceu-e-atingiu-carro-em-sp-pode-ser-lixo-espacial-e-que-poderia-matar-pessoa\/"},"author":{"name":"Reda\u00e7\u00e3o","@id":"https:\/\/brasilnoticias.org\/site\/#\/schema\/person\/a0e05b973ec4d15c658d51911e53507b"},"headline":"Especialistas dizem que objeto que caiu do c\u00e9u e atingiu carro em SP pode ser lixo espacial e que poderia matar pessoa","datePublished":"2023-05-16T09:29:36+00:00","mainEntityOfPage":{"@id":"https:\/\/brasilnoticias.org\/site\/especialistas-dizem-que-objeto-que-caiu-do-ceu-e-atingiu-carro-em-sp-pode-ser-lixo-espacial-e-que-poderia-matar-pessoa\/"},"wordCount":734,"commentCount":0,"publisher":{"@id":"https:\/\/brasilnoticias.org\/site\/#organization"},"image":{"@id":"https:\/\/brasilnoticias.org\/site\/especialistas-dizem-que-objeto-que-caiu-do-ceu-e-atingiu-carro-em-sp-pode-ser-lixo-espacial-e-que-poderia-matar-pessoa\/#primaryimage"},"thumbnailUrl":"https:\/\/brasilnoticias.org\/site\/wp-content\/uploads\/2023\/05\/design-sem-nome-85-.webp","articleSection":["Not\u00edcias","\u00daltimas"],"inLanguage":"pt-PT","potentialAction":[{"@type":"CommentAction","name":"Comment","target":["https:\/\/brasilnoticias.org\/site\/especialistas-dizem-que-objeto-que-caiu-do-ceu-e-atingiu-carro-em-sp-pode-ser-lixo-espacial-e-que-poderia-matar-pessoa\/#respond"]}]},{"@type":"WebPage","@id":"https:\/\/brasilnoticias.org\/site\/especialistas-dizem-que-objeto-que-caiu-do-ceu-e-atingiu-carro-em-sp-pode-ser-lixo-espacial-e-que-poderia-matar-pessoa\/","url":"https:\/\/brasilnoticias.org\/site\/especialistas-dizem-que-objeto-que-caiu-do-ceu-e-atingiu-carro-em-sp-pode-ser-lixo-espacial-e-que-poderia-matar-pessoa\/","name":"Especialistas dizem que objeto que caiu do c\u00e9u e atingiu carro em SP pode ser lixo espacial e que poderia matar pessoa - Brasil not\u00edcias","isPartOf":{"@id":"https:\/\/brasilnoticias.org\/site\/#website"},"primaryImageOfPage":{"@id":"https:\/\/brasilnoticias.org\/site\/especialistas-dizem-que-objeto-que-caiu-do-ceu-e-atingiu-carro-em-sp-pode-ser-lixo-espacial-e-que-poderia-matar-pessoa\/#primaryimage"},"image":{"@id":"https:\/\/brasilnoticias.org\/site\/especialistas-dizem-que-objeto-que-caiu-do-ceu-e-atingiu-carro-em-sp-pode-ser-lixo-espacial-e-que-poderia-matar-pessoa\/#primaryimage"},"thumbnailUrl":"https:\/\/brasilnoticias.org\/site\/wp-content\/uploads\/2023\/05\/design-sem-nome-85-.webp","datePublished":"2023-05-16T09:29:36+00:00","breadcrumb":{"@id":"https:\/\/brasilnoticias.org\/site\/especialistas-dizem-que-objeto-que-caiu-do-ceu-e-atingiu-carro-em-sp-pode-ser-lixo-espacial-e-que-poderia-matar-pessoa\/#breadcrumb"},"inLanguage":"pt-PT","potentialAction":[{"@type":"ReadAction","target":["https:\/\/brasilnoticias.org\/site\/especialistas-dizem-que-objeto-que-caiu-do-ceu-e-atingiu-carro-em-sp-pode-ser-lixo-espacial-e-que-poderia-matar-pessoa\/"]}]},{"@type":"ImageObject","inLanguage":"pt-PT","@id":"https:\/\/brasilnoticias.org\/site\/especialistas-dizem-que-objeto-que-caiu-do-ceu-e-atingiu-carro-em-sp-pode-ser-lixo-espacial-e-que-poderia-matar-pessoa\/#primaryimage","url":"https:\/\/brasilnoticias.org\/site\/wp-content\/uploads\/2023\/05\/design-sem-nome-85-.webp","contentUrl":"https:\/\/brasilnoticias.org\/site\/wp-content\/uploads\/2023\/05\/design-sem-nome-85-.webp","width":600,"height":480},{"@type":"BreadcrumbList","@id":"https:\/\/brasilnoticias.org\/site\/especialistas-dizem-que-objeto-que-caiu-do-ceu-e-atingiu-carro-em-sp-pode-ser-lixo-espacial-e-que-poderia-matar-pessoa\/#breadcrumb","itemListElement":[{"@type":"ListItem","position":1,"name":"In\u00edcio","item":"https:\/\/brasilnoticias.org\/site\/"},{"@type":"ListItem","position":2,"name":"Especialistas dizem que objeto que caiu do c\u00e9u e atingiu carro em SP pode ser lixo espacial e que poderia matar pessoa"}]},{"@type":"WebSite","@id":"https:\/\/brasilnoticias.org\/site\/#website","url":"https:\/\/brasilnoticias.org\/site\/","name":"Brasil not\u00edcias","description":"Brasil not\u00edcias","publisher":{"@id":"https:\/\/brasilnoticias.org\/site\/#organization"},"potentialAction":[{"@type":"SearchAction","target":{"@type":"EntryPoint","urlTemplate":"https:\/\/brasilnoticias.org\/site\/?s={search_term_string}"},"query-input":{"@type":"PropertyValueSpecification","valueRequired":true,"valueName":"search_term_string"}}],"inLanguage":"pt-PT"},{"@type":"Organization","@id":"https:\/\/brasilnoticias.org\/site\/#organization","name":"Brasil not\u00edcias","url":"https:\/\/brasilnoticias.org\/site\/","logo":{"@type":"ImageObject","inLanguage":"pt-PT","@id":"https:\/\/brasilnoticias.org\/site\/#\/schema\/logo\/image\/","url":"https:\/\/brasilnoticias.org\/site\/wp-content\/uploads\/2022\/05\/cropped-brasilnoticias-mini.jpg","contentUrl":"https:\/\/brasilnoticias.org\/site\/wp-content\/uploads\/2022\/05\/cropped-brasilnoticias-mini.jpg","width":314,"height":86,"caption":"Brasil not\u00edcias"},"image":{"@id":"https:\/\/brasilnoticias.org\/site\/#\/schema\/logo\/image\/"}},{"@type":"Person","@id":"https:\/\/brasilnoticias.org\/site\/#\/schema\/person\/a0e05b973ec4d15c658d51911e53507b","name":"Reda\u00e7\u00e3o","image":{"@type":"ImageObject","inLanguage":"pt-PT","@id":"https:\/\/brasilnoticias.org\/site\/#\/schema\/person\/image\/","url":"https:\/\/secure.gravatar.com\/avatar\/75d8b050df2de108b08ae78dfb8e374892df24a383c67db9c46a9c604f6aee9c?s=96&d=mm&r=g","contentUrl":"https:\/\/secure.gravatar.com\/avatar\/75d8b050df2de108b08ae78dfb8e374892df24a383c67db9c46a9c604f6aee9c?s=96&d=mm&r=g","caption":"Reda\u00e7\u00e3o"},"sameAs":["https:\/\/brasilnoticias.org\/site"],"url":"https:\/\/brasilnoticias.org\/site\/author\/fernandozsngmail-com\/"}]}},"_links":{"self":[{"href":"https:\/\/brasilnoticias.org\/site\/wp-json\/wp\/v2\/posts\/6047","targetHints":{"allow":["GET"]}}],"collection":[{"href":"https:\/\/brasilnoticias.org\/site\/wp-json\/wp\/v2\/posts"}],"about":[{"href":"https:\/\/brasilnoticias.org\/site\/wp-json\/wp\/v2\/types\/post"}],"author":[{"embeddable":true,"href":"https:\/\/brasilnoticias.org\/site\/wp-json\/wp\/v2\/users\/1"}],"replies":[{"embeddable":true,"href":"https:\/\/brasilnoticias.org\/site\/wp-json\/wp\/v2\/comments?post=6047"}],"version-history":[{"count":1,"href":"https:\/\/brasilnoticias.org\/site\/wp-json\/wp\/v2\/posts\/6047\/revisions"}],"predecessor-version":[{"id":6049,"href":"https:\/\/brasilnoticias.org\/site\/wp-json\/wp\/v2\/posts\/6047\/revisions\/6049"}],"wp:featuredmedia":[{"embeddable":true,"href":"https:\/\/brasilnoticias.org\/site\/wp-json\/wp\/v2\/media\/6048"}],"wp:attachment":[{"href":"https:\/\/brasilnoticias.org\/site\/wp-json\/wp\/v2\/media?parent=6047"}],"wp:term":[{"taxonomy":"category","embeddable":true,"href":"https:\/\/brasilnoticias.org\/site\/wp-json\/wp\/v2\/categories?post=6047"},{"taxonomy":"post_tag","embeddable":true,"href":"https:\/\/brasilnoticias.org\/site\/wp-json\/wp\/v2\/tags?post=6047"}],"curies":[{"name":"wp","href":"https:\/\/api.w.org\/{rel}","templated":true}]}}