{"id":6051,"date":"2023-05-16T12:12:15","date_gmt":"2023-05-16T15:12:15","guid":{"rendered":"https:\/\/brasilnoticias.org\/site\/?p=6051"},"modified":"2023-05-16T12:12:15","modified_gmt":"2023-05-16T15:12:15","slug":"deputados-do-podemos-apresentam-pl-que-obriga-veiculos-de-aplicativos-a-transportarem-animais-domesticos","status":"publish","type":"post","link":"https:\/\/brasilnoticias.org\/site\/deputados-do-podemos-apresentam-pl-que-obriga-veiculos-de-aplicativos-a-transportarem-animais-domesticos\/","title":{"rendered":"Deputados do Podemos apresentam PL que obriga ve\u00edculos de aplicativos a  transportarem animais dom\u00e9sticos"},"content":{"rendered":"<p>O Projeto de Lei 2548\/2023 que visa obrigar todos os ve\u00edculos oferecidos pelas empresas de<br \/>\naplicativos de servi\u00e7o de mobilidade urbana a realizarem o transporte de animais de estima\u00e7\u00e3o<br \/>\nfoi apresentado na \u00faltima sexta-feira (12\/05) pelos deputados federais Bruno Ganem e<br \/>\nRaimundo Costa, ambos do Podemos. Caso aprovado, o projeto passar\u00e1 a valer em todo o<br \/>\nterrit\u00f3rio nacional.<br \/>\nSegundo o PL, o transporte de animais de estima\u00e7\u00e3o ser\u00e1 feito com base nas condi\u00e7\u00f5es e<br \/>\nlimita\u00e7\u00f5es oferecidas na plataforma de transporte. O PL tamb\u00e9m cita a proibi\u00e7\u00e3o de uma taxa<br \/>\nadicionar para o embarque dos pets.<br \/>\nAl\u00e9m disso, o PL garante que c\u00e3es de pequeno, m\u00e9dio e grande porte dever\u00e3o ser<br \/>\ntransportados no banco traseiro e presos por peitorais ao sistema de seguran\u00e7a do ve\u00edculo e<br \/>\ngatos dever\u00e3o ser transportados em caixas de transporte e presas ao sistema de seguran\u00e7a do<br \/>\nve\u00edculo.<\/p>\n<p>O texto destaca que os motoristas de aplicativo s\u00f3 poder\u00e3o se recursos a realizar o transporte<br \/>\ndos animais, caso n\u00e3o seja poss\u00edvel acomodar no ve\u00edculo, por conta do peso e tamanho do pet,<br \/>\nassim como em situa\u00e7\u00e3o de amea\u00e7a direta \u00e0 sa\u00fade ou seguran\u00e7a do motorista, como poss\u00edveis<br \/>\nrea\u00e7\u00f5es al\u00e9rgicas, por exemplo.<br \/>\nSegundo os deputados, Bruno Ganem (Pode\/SP) e Raimundo Costa (Pode\/BA) a proposta tem<br \/>\ncomo objetivo a redu\u00e7\u00e3o dos casos de atritos e transportes inadequados de animais de<br \/>\nestima\u00e7\u00e3o nos ve\u00edculos de transporte por aplicativos e o bem-estar e prote\u00e7\u00e3o dos animais<\/p>\n","protected":false},"excerpt":{"rendered":"<p>O Projeto de Lei 2548\/2023 que visa obrigar todos os ve\u00edculos oferecidos pelas empresas de aplicativos de servi\u00e7o de mobilidade<\/p>\n","protected":false},"author":1,"featured_media":6052,"comment_status":"open","ping_status":"open","sticky":false,"template":"","format":"standard","meta":{"colormag_page_container_layout":"default_layout","colormag_page_sidebar_layout":"default_layout","_FSMCFIC_featured_image_caption":"","_FSMCFIC_featured_image_nocaption":"","_FSMCFIC_featured_image_hide":"","footnotes":""},"categories":[5,1],"tags":[],"class_list":["post-6051","post","type-post","status-publish","format-standard","has-post-thumbnail","hentry","category-politica","category-ultimas"],"yoast_head":"<!-- This site is optimized with the Yoast SEO plugin v27.1.1 - https:\/\/yoast.com\/product\/yoast-seo-wordpress\/ -->\n<title>Deputados do Podemos apresentam PL que obriga ve\u00edculos de aplicativos a transportarem animais dom\u00e9sticos - Brasil not\u00edcias<\/title>\n<meta name=\"robots\" content=\"index, follow, max-snippet:-1, max-image-preview:large, max-video-preview:-1\" \/>\n<link rel=\"canonical\" href=\"https:\/\/brasilnoticias.org\/site\/deputados-do-podemos-apresentam-pl-que-obriga-veiculos-de-aplicativos-a-transportarem-animais-domesticos\/\" \/>\n<meta property=\"og:locale\" content=\"pt_PT\" \/>\n<meta property=\"og:type\" content=\"article\" \/>\n<meta property=\"og:title\" content=\"Deputados do Podemos apresentam PL que obriga ve\u00edculos de aplicativos a transportarem animais dom\u00e9sticos - Brasil not\u00edcias\" \/>\n<meta property=\"og:description\" content=\"O Projeto de Lei 2548\/2023 que visa obrigar todos os ve\u00edculos oferecidos pelas empresas de aplicativos de servi\u00e7o de mobilidade\" \/>\n<meta property=\"og:url\" content=\"https:\/\/brasilnoticias.org\/site\/deputados-do-podemos-apresentam-pl-que-obriga-veiculos-de-aplicativos-a-transportarem-animais-domesticos\/\" \/>\n<meta property=\"og:site_name\" content=\"Brasil not\u00edcias\" \/>\n<meta property=\"article:published_time\" content=\"2023-05-16T15:12:15+00:00\" \/>\n<meta property=\"og:image\" content=\"https:\/\/brasilnoticias.org\/site\/wp-content\/uploads\/2023\/05\/deputado.jpg\" \/>\n\t<meta property=\"og:image:width\" content=\"640\" \/>\n\t<meta property=\"og:image:height\" content=\"427\" \/>\n\t<meta property=\"og:image:type\" content=\"image\/jpeg\" \/>\n<meta name=\"author\" content=\"Reda\u00e7\u00e3o\" \/>\n<meta name=\"twitter:card\" content=\"summary_large_image\" \/>\n<meta name=\"twitter:label1\" content=\"Escrito por\" \/>\n\t<meta name=\"twitter:data1\" content=\"Reda\u00e7\u00e3o\" \/>\n<script type=\"application\/ld+json\" class=\"yoast-schema-graph\">{\"@context\":\"https:\/\/schema.org\",\"@graph\":[{\"@type\":\"Article\",\"@id\":\"https:\/\/brasilnoticias.org\/site\/deputados-do-podemos-apresentam-pl-que-obriga-veiculos-de-aplicativos-a-transportarem-animais-domesticos\/#article\",\"isPartOf\":{\"@id\":\"https:\/\/brasilnoticias.org\/site\/deputados-do-podemos-apresentam-pl-que-obriga-veiculos-de-aplicativos-a-transportarem-animais-domesticos\/\"},\"author\":{\"name\":\"Reda\u00e7\u00e3o\",\"@id\":\"https:\/\/brasilnoticias.org\/site\/#\/schema\/person\/a0e05b973ec4d15c658d51911e53507b\"},\"headline\":\"Deputados do Podemos apresentam PL que obriga ve\u00edculos de aplicativos a transportarem animais dom\u00e9sticos\",\"datePublished\":\"2023-05-16T15:12:15+00:00\",\"mainEntityOfPage\":{\"@id\":\"https:\/\/brasilnoticias.org\/site\/deputados-do-podemos-apresentam-pl-que-obriga-veiculos-de-aplicativos-a-transportarem-animais-domesticos\/\"},\"wordCount\":282,\"commentCount\":0,\"publisher\":{\"@id\":\"https:\/\/brasilnoticias.org\/site\/#organization\"},\"image\":{\"@id\":\"https:\/\/brasilnoticias.org\/site\/deputados-do-podemos-apresentam-pl-que-obriga-veiculos-de-aplicativos-a-transportarem-animais-domesticos\/#primaryimage\"},\"thumbnailUrl\":\"https:\/\/brasilnoticias.org\/site\/wp-content\/uploads\/2023\/05\/deputado.jpg\",\"articleSection\":[\"Pol\u00edtica\",\"\u00daltimas\"],\"inLanguage\":\"pt-PT\",\"potentialAction\":[{\"@type\":\"CommentAction\",\"name\":\"Comment\",\"target\":[\"https:\/\/brasilnoticias.org\/site\/deputados-do-podemos-apresentam-pl-que-obriga-veiculos-de-aplicativos-a-transportarem-animais-domesticos\/#respond\"]}]},{\"@type\":\"WebPage\",\"@id\":\"https:\/\/brasilnoticias.org\/site\/deputados-do-podemos-apresentam-pl-que-obriga-veiculos-de-aplicativos-a-transportarem-animais-domesticos\/\",\"url\":\"https:\/\/brasilnoticias.org\/site\/deputados-do-podemos-apresentam-pl-que-obriga-veiculos-de-aplicativos-a-transportarem-animais-domesticos\/\",\"name\":\"Deputados do Podemos apresentam PL que obriga ve\u00edculos de aplicativos a transportarem animais dom\u00e9sticos - Brasil not\u00edcias\",\"isPartOf\":{\"@id\":\"https:\/\/brasilnoticias.org\/site\/#website\"},\"primaryImageOfPage\":{\"@id\":\"https:\/\/brasilnoticias.org\/site\/deputados-do-podemos-apresentam-pl-que-obriga-veiculos-de-aplicativos-a-transportarem-animais-domesticos\/#primaryimage\"},\"image\":{\"@id\":\"https:\/\/brasilnoticias.org\/site\/deputados-do-podemos-apresentam-pl-que-obriga-veiculos-de-aplicativos-a-transportarem-animais-domesticos\/#primaryimage\"},\"thumbnailUrl\":\"https:\/\/brasilnoticias.org\/site\/wp-content\/uploads\/2023\/05\/deputado.jpg\",\"datePublished\":\"2023-05-16T15:12:15+00:00\",\"breadcrumb\":{\"@id\":\"https:\/\/brasilnoticias.org\/site\/deputados-do-podemos-apresentam-pl-que-obriga-veiculos-de-aplicativos-a-transportarem-animais-domesticos\/#breadcrumb\"},\"inLanguage\":\"pt-PT\",\"potentialAction\":[{\"@type\":\"ReadAction\",\"target\":[\"https:\/\/brasilnoticias.org\/site\/deputados-do-podemos-apresentam-pl-que-obriga-veiculos-de-aplicativos-a-transportarem-animais-domesticos\/\"]}]},{\"@type\":\"ImageObject\",\"inLanguage\":\"pt-PT\",\"@id\":\"https:\/\/brasilnoticias.org\/site\/deputados-do-podemos-apresentam-pl-que-obriga-veiculos-de-aplicativos-a-transportarem-animais-domesticos\/#primaryimage\",\"url\":\"https:\/\/brasilnoticias.org\/site\/wp-content\/uploads\/2023\/05\/deputado.jpg\",\"contentUrl\":\"https:\/\/brasilnoticias.org\/site\/wp-content\/uploads\/2023\/05\/deputado.jpg\",\"width\":640,\"height\":427},{\"@type\":\"BreadcrumbList\",\"@id\":\"https:\/\/brasilnoticias.org\/site\/deputados-do-podemos-apresentam-pl-que-obriga-veiculos-de-aplicativos-a-transportarem-animais-domesticos\/#breadcrumb\",\"itemListElement\":[{\"@type\":\"ListItem\",\"position\":1,\"name\":\"In\u00edcio\",\"item\":\"https:\/\/brasilnoticias.org\/site\/\"},{\"@type\":\"ListItem\",\"position\":2,\"name\":\"Deputados do Podemos apresentam PL que obriga ve\u00edculos de aplicativos a transportarem animais dom\u00e9sticos\"}]},{\"@type\":\"WebSite\",\"@id\":\"https:\/\/brasilnoticias.org\/site\/#website\",\"url\":\"https:\/\/brasilnoticias.org\/site\/\",\"name\":\"Brasil not\u00edcias\",\"description\":\"Brasil not\u00edcias\",\"publisher\":{\"@id\":\"https:\/\/brasilnoticias.org\/site\/#organization\"},\"potentialAction\":[{\"@type\":\"SearchAction\",\"target\":{\"@type\":\"EntryPoint\",\"urlTemplate\":\"https:\/\/brasilnoticias.org\/site\/?s={search_term_string}\"},\"query-input\":{\"@type\":\"PropertyValueSpecification\",\"valueRequired\":true,\"valueName\":\"search_term_string\"}}],\"inLanguage\":\"pt-PT\"},{\"@type\":\"Organization\",\"@id\":\"https:\/\/brasilnoticias.org\/site\/#organization\",\"name\":\"Brasil not\u00edcias\",\"url\":\"https:\/\/brasilnoticias.org\/site\/\",\"logo\":{\"@type\":\"ImageObject\",\"inLanguage\":\"pt-PT\",\"@id\":\"https:\/\/brasilnoticias.org\/site\/#\/schema\/logo\/image\/\",\"url\":\"https:\/\/brasilnoticias.org\/site\/wp-content\/uploads\/2022\/05\/cropped-brasilnoticias-mini.jpg\",\"contentUrl\":\"https:\/\/brasilnoticias.org\/site\/wp-content\/uploads\/2022\/05\/cropped-brasilnoticias-mini.jpg\",\"width\":314,\"height\":86,\"caption\":\"Brasil not\u00edcias\"},\"image\":{\"@id\":\"https:\/\/brasilnoticias.org\/site\/#\/schema\/logo\/image\/\"}},{\"@type\":\"Person\",\"@id\":\"https:\/\/brasilnoticias.org\/site\/#\/schema\/person\/a0e05b973ec4d15c658d51911e53507b\",\"name\":\"Reda\u00e7\u00e3o\",\"image\":{\"@type\":\"ImageObject\",\"inLanguage\":\"pt-PT\",\"@id\":\"https:\/\/brasilnoticias.org\/site\/#\/schema\/person\/image\/\",\"url\":\"https:\/\/secure.gravatar.com\/avatar\/75d8b050df2de108b08ae78dfb8e374892df24a383c67db9c46a9c604f6aee9c?s=96&d=mm&r=g\",\"contentUrl\":\"https:\/\/secure.gravatar.com\/avatar\/75d8b050df2de108b08ae78dfb8e374892df24a383c67db9c46a9c604f6aee9c?s=96&d=mm&r=g\",\"caption\":\"Reda\u00e7\u00e3o\"},\"sameAs\":[\"https:\/\/brasilnoticias.org\/site\"],\"url\":\"https:\/\/brasilnoticias.org\/site\/author\/fernandozsngmail-com\/\"}]}<\/script>\n<!-- \/ Yoast SEO plugin. -->","yoast_head_json":{"title":"Deputados do Podemos apresentam PL que obriga ve\u00edculos de aplicativos a transportarem animais dom\u00e9sticos - Brasil not\u00edcias","robots":{"index":"index","follow":"follow","max-snippet":"max-snippet:-1","max-image-preview":"max-image-preview:large","max-video-preview":"max-video-preview:-1"},"canonical":"https:\/\/brasilnoticias.org\/site\/deputados-do-podemos-apresentam-pl-que-obriga-veiculos-de-aplicativos-a-transportarem-animais-domesticos\/","og_locale":"pt_PT","og_type":"article","og_title":"Deputados do Podemos apresentam PL que obriga ve\u00edculos de aplicativos a transportarem animais dom\u00e9sticos - Brasil not\u00edcias","og_description":"O Projeto de Lei 2548\/2023 que visa obrigar todos os ve\u00edculos oferecidos pelas empresas de aplicativos de servi\u00e7o de mobilidade","og_url":"https:\/\/brasilnoticias.org\/site\/deputados-do-podemos-apresentam-pl-que-obriga-veiculos-de-aplicativos-a-transportarem-animais-domesticos\/","og_site_name":"Brasil not\u00edcias","article_published_time":"2023-05-16T15:12:15+00:00","og_image":[{"width":640,"height":427,"url":"https:\/\/brasilnoticias.org\/site\/wp-content\/uploads\/2023\/05\/deputado.jpg","type":"image\/jpeg"}],"author":"Reda\u00e7\u00e3o","twitter_card":"summary_large_image","twitter_misc":{"Escrito por":"Reda\u00e7\u00e3o"},"schema":{"@context":"https:\/\/schema.org","@graph":[{"@type":"Article","@id":"https:\/\/brasilnoticias.org\/site\/deputados-do-podemos-apresentam-pl-que-obriga-veiculos-de-aplicativos-a-transportarem-animais-domesticos\/#article","isPartOf":{"@id":"https:\/\/brasilnoticias.org\/site\/deputados-do-podemos-apresentam-pl-que-obriga-veiculos-de-aplicativos-a-transportarem-animais-domesticos\/"},"author":{"name":"Reda\u00e7\u00e3o","@id":"https:\/\/brasilnoticias.org\/site\/#\/schema\/person\/a0e05b973ec4d15c658d51911e53507b"},"headline":"Deputados do Podemos apresentam PL que obriga ve\u00edculos de aplicativos a transportarem animais dom\u00e9sticos","datePublished":"2023-05-16T15:12:15+00:00","mainEntityOfPage":{"@id":"https:\/\/brasilnoticias.org\/site\/deputados-do-podemos-apresentam-pl-que-obriga-veiculos-de-aplicativos-a-transportarem-animais-domesticos\/"},"wordCount":282,"commentCount":0,"publisher":{"@id":"https:\/\/brasilnoticias.org\/site\/#organization"},"image":{"@id":"https:\/\/brasilnoticias.org\/site\/deputados-do-podemos-apresentam-pl-que-obriga-veiculos-de-aplicativos-a-transportarem-animais-domesticos\/#primaryimage"},"thumbnailUrl":"https:\/\/brasilnoticias.org\/site\/wp-content\/uploads\/2023\/05\/deputado.jpg","articleSection":["Pol\u00edtica","\u00daltimas"],"inLanguage":"pt-PT","potentialAction":[{"@type":"CommentAction","name":"Comment","target":["https:\/\/brasilnoticias.org\/site\/deputados-do-podemos-apresentam-pl-que-obriga-veiculos-de-aplicativos-a-transportarem-animais-domesticos\/#respond"]}]},{"@type":"WebPage","@id":"https:\/\/brasilnoticias.org\/site\/deputados-do-podemos-apresentam-pl-que-obriga-veiculos-de-aplicativos-a-transportarem-animais-domesticos\/","url":"https:\/\/brasilnoticias.org\/site\/deputados-do-podemos-apresentam-pl-que-obriga-veiculos-de-aplicativos-a-transportarem-animais-domesticos\/","name":"Deputados do Podemos apresentam PL que obriga ve\u00edculos de aplicativos a transportarem animais dom\u00e9sticos - Brasil not\u00edcias","isPartOf":{"@id":"https:\/\/brasilnoticias.org\/site\/#website"},"primaryImageOfPage":{"@id":"https:\/\/brasilnoticias.org\/site\/deputados-do-podemos-apresentam-pl-que-obriga-veiculos-de-aplicativos-a-transportarem-animais-domesticos\/#primaryimage"},"image":{"@id":"https:\/\/brasilnoticias.org\/site\/deputados-do-podemos-apresentam-pl-que-obriga-veiculos-de-aplicativos-a-transportarem-animais-domesticos\/#primaryimage"},"thumbnailUrl":"https:\/\/brasilnoticias.org\/site\/wp-content\/uploads\/2023\/05\/deputado.jpg","datePublished":"2023-05-16T15:12:15+00:00","breadcrumb":{"@id":"https:\/\/brasilnoticias.org\/site\/deputados-do-podemos-apresentam-pl-que-obriga-veiculos-de-aplicativos-a-transportarem-animais-domesticos\/#breadcrumb"},"inLanguage":"pt-PT","potentialAction":[{"@type":"ReadAction","target":["https:\/\/brasilnoticias.org\/site\/deputados-do-podemos-apresentam-pl-que-obriga-veiculos-de-aplicativos-a-transportarem-animais-domesticos\/"]}]},{"@type":"ImageObject","inLanguage":"pt-PT","@id":"https:\/\/brasilnoticias.org\/site\/deputados-do-podemos-apresentam-pl-que-obriga-veiculos-de-aplicativos-a-transportarem-animais-domesticos\/#primaryimage","url":"https:\/\/brasilnoticias.org\/site\/wp-content\/uploads\/2023\/05\/deputado.jpg","contentUrl":"https:\/\/brasilnoticias.org\/site\/wp-content\/uploads\/2023\/05\/deputado.jpg","width":640,"height":427},{"@type":"BreadcrumbList","@id":"https:\/\/brasilnoticias.org\/site\/deputados-do-podemos-apresentam-pl-que-obriga-veiculos-de-aplicativos-a-transportarem-animais-domesticos\/#breadcrumb","itemListElement":[{"@type":"ListItem","position":1,"name":"In\u00edcio","item":"https:\/\/brasilnoticias.org\/site\/"},{"@type":"ListItem","position":2,"name":"Deputados do Podemos apresentam PL que obriga ve\u00edculos de aplicativos a transportarem animais dom\u00e9sticos"}]},{"@type":"WebSite","@id":"https:\/\/brasilnoticias.org\/site\/#website","url":"https:\/\/brasilnoticias.org\/site\/","name":"Brasil not\u00edcias","description":"Brasil not\u00edcias","publisher":{"@id":"https:\/\/brasilnoticias.org\/site\/#organization"},"potentialAction":[{"@type":"SearchAction","target":{"@type":"EntryPoint","urlTemplate":"https:\/\/brasilnoticias.org\/site\/?s={search_term_string}"},"query-input":{"@type":"PropertyValueSpecification","valueRequired":true,"valueName":"search_term_string"}}],"inLanguage":"pt-PT"},{"@type":"Organization","@id":"https:\/\/brasilnoticias.org\/site\/#organization","name":"Brasil not\u00edcias","url":"https:\/\/brasilnoticias.org\/site\/","logo":{"@type":"ImageObject","inLanguage":"pt-PT","@id":"https:\/\/brasilnoticias.org\/site\/#\/schema\/logo\/image\/","url":"https:\/\/brasilnoticias.org\/site\/wp-content\/uploads\/2022\/05\/cropped-brasilnoticias-mini.jpg","contentUrl":"https:\/\/brasilnoticias.org\/site\/wp-content\/uploads\/2022\/05\/cropped-brasilnoticias-mini.jpg","width":314,"height":86,"caption":"Brasil not\u00edcias"},"image":{"@id":"https:\/\/brasilnoticias.org\/site\/#\/schema\/logo\/image\/"}},{"@type":"Person","@id":"https:\/\/brasilnoticias.org\/site\/#\/schema\/person\/a0e05b973ec4d15c658d51911e53507b","name":"Reda\u00e7\u00e3o","image":{"@type":"ImageObject","inLanguage":"pt-PT","@id":"https:\/\/brasilnoticias.org\/site\/#\/schema\/person\/image\/","url":"https:\/\/secure.gravatar.com\/avatar\/75d8b050df2de108b08ae78dfb8e374892df24a383c67db9c46a9c604f6aee9c?s=96&d=mm&r=g","contentUrl":"https:\/\/secure.gravatar.com\/avatar\/75d8b050df2de108b08ae78dfb8e374892df24a383c67db9c46a9c604f6aee9c?s=96&d=mm&r=g","caption":"Reda\u00e7\u00e3o"},"sameAs":["https:\/\/brasilnoticias.org\/site"],"url":"https:\/\/brasilnoticias.org\/site\/author\/fernandozsngmail-com\/"}]}},"_links":{"self":[{"href":"https:\/\/brasilnoticias.org\/site\/wp-json\/wp\/v2\/posts\/6051","targetHints":{"allow":["GET"]}}],"collection":[{"href":"https:\/\/brasilnoticias.org\/site\/wp-json\/wp\/v2\/posts"}],"about":[{"href":"https:\/\/brasilnoticias.org\/site\/wp-json\/wp\/v2\/types\/post"}],"author":[{"embeddable":true,"href":"https:\/\/brasilnoticias.org\/site\/wp-json\/wp\/v2\/users\/1"}],"replies":[{"embeddable":true,"href":"https:\/\/brasilnoticias.org\/site\/wp-json\/wp\/v2\/comments?post=6051"}],"version-history":[{"count":1,"href":"https:\/\/brasilnoticias.org\/site\/wp-json\/wp\/v2\/posts\/6051\/revisions"}],"predecessor-version":[{"id":6053,"href":"https:\/\/brasilnoticias.org\/site\/wp-json\/wp\/v2\/posts\/6051\/revisions\/6053"}],"wp:featuredmedia":[{"embeddable":true,"href":"https:\/\/brasilnoticias.org\/site\/wp-json\/wp\/v2\/media\/6052"}],"wp:attachment":[{"href":"https:\/\/brasilnoticias.org\/site\/wp-json\/wp\/v2\/media?parent=6051"}],"wp:term":[{"taxonomy":"category","embeddable":true,"href":"https:\/\/brasilnoticias.org\/site\/wp-json\/wp\/v2\/categories?post=6051"},{"taxonomy":"post_tag","embeddable":true,"href":"https:\/\/brasilnoticias.org\/site\/wp-json\/wp\/v2\/tags?post=6051"}],"curies":[{"name":"wp","href":"https:\/\/api.w.org\/{rel}","templated":true}]}}