{"id":6055,"date":"2023-05-16T18:03:11","date_gmt":"2023-05-16T21:03:11","guid":{"rendered":"https:\/\/brasilnoticias.org\/site\/?p=6055"},"modified":"2023-05-16T18:03:11","modified_gmt":"2023-05-16T21:03:11","slug":"suspeitos-de-furto-sao-presos-menos-de-24-horas-apos-o-crime","status":"publish","type":"post","link":"https:\/\/brasilnoticias.org\/site\/suspeitos-de-furto-sao-presos-menos-de-24-horas-apos-o-crime\/","title":{"rendered":"Suspeitos de furto s\u00e3o presos menos de 24 horas ap\u00f3s o crime"},"content":{"rendered":"<p>Tr\u00eas homens suspeitos de envolvimento no furto de objetos de uma casa e de uma cl\u00ednica odontol\u00f3gica foram presos no bairro de Nova Itapetinga, na cidade baiana de Itapetinga, nesta ter\u00e7a-feira (16). A pris\u00e3o aconteceu menos de 24 horas ap\u00f3s o crime, ocorrido na segunda (15).<\/p>\n<p>Dois notebooks, tr\u00eas celulares, um rel\u00f3gio, um gravador digital, uma bateria externa, um estojo, 100 gramas de maconha e quatro cart\u00f5es banc\u00e1rios foram recuperados por uma equipe da 21\u00aa Coordenadoria Regional de Pol\u00edcia do Interior (Coorpin).<\/p>\n<p>O trio foi autuado por furto e est\u00e1 \u00e0 disposi\u00e7\u00e3o da Justi\u00e7a, aguardando pela audi\u00eancia de cust\u00f3dia. A droga foi encaminhada \u00e0 per\u00edcia e os eletr\u00f4nicos recuperados ser\u00e3o restitu\u00eddos aos propriet\u00e1rios.<\/p>\n<p>Foto Divulga\u00e7\u00e3o\/Pol\u00edcia Militar<br \/>\nBNews<\/p>\n","protected":false},"excerpt":{"rendered":"<p>Tr\u00eas homens suspeitos de envolvimento no furto de objetos de uma casa e de uma cl\u00ednica odontol\u00f3gica foram presos no<\/p>\n","protected":false},"author":1,"featured_media":6057,"comment_status":"open","ping_status":"open","sticky":false,"template":"","format":"standard","meta":{"colormag_page_container_layout":"default_layout","colormag_page_sidebar_layout":"default_layout","_FSMCFIC_featured_image_caption":"","_FSMCFIC_featured_image_nocaption":"","_FSMCFIC_featured_image_hide":"","footnotes":""},"categories":[3,1],"tags":[],"class_list":["post-6055","post","type-post","status-publish","format-standard","has-post-thumbnail","hentry","category-policia","category-ultimas"],"yoast_head":"<!-- This site is optimized with the Yoast SEO plugin v27.1.1 - https:\/\/yoast.com\/product\/yoast-seo-wordpress\/ -->\n<title>Suspeitos de furto s\u00e3o presos menos de 24 horas ap\u00f3s o crime - Brasil not\u00edcias<\/title>\n<meta name=\"robots\" content=\"index, follow, max-snippet:-1, max-image-preview:large, max-video-preview:-1\" \/>\n<link rel=\"canonical\" href=\"https:\/\/brasilnoticias.org\/site\/suspeitos-de-furto-sao-presos-menos-de-24-horas-apos-o-crime\/\" \/>\n<meta property=\"og:locale\" content=\"pt_PT\" \/>\n<meta property=\"og:type\" content=\"article\" \/>\n<meta property=\"og:title\" content=\"Suspeitos de furto s\u00e3o presos menos de 24 horas ap\u00f3s o crime - Brasil not\u00edcias\" \/>\n<meta property=\"og:description\" content=\"Tr\u00eas homens suspeitos de envolvimento no furto de objetos de uma casa e de uma cl\u00ednica odontol\u00f3gica foram presos no\" \/>\n<meta property=\"og:url\" content=\"https:\/\/brasilnoticias.org\/site\/suspeitos-de-furto-sao-presos-menos-de-24-horas-apos-o-crime\/\" \/>\n<meta property=\"og:site_name\" content=\"Brasil not\u00edcias\" \/>\n<meta property=\"article:published_time\" content=\"2023-05-16T21:03:11+00:00\" \/>\n<meta property=\"og:image\" content=\"https:\/\/brasilnoticias.org\/site\/wp-content\/uploads\/2023\/05\/bandeira_lgbt_0_8vB4ayQ_widelg.jpg\" \/>\n\t<meta property=\"og:image:width\" content=\"800\" \/>\n\t<meta property=\"og:image:height\" content=\"450\" \/>\n\t<meta property=\"og:image:type\" content=\"image\/jpeg\" \/>\n<meta name=\"author\" content=\"Reda\u00e7\u00e3o\" \/>\n<meta name=\"twitter:card\" content=\"summary_large_image\" \/>\n<meta name=\"twitter:label1\" content=\"Escrito por\" \/>\n\t<meta name=\"twitter:data1\" content=\"Reda\u00e7\u00e3o\" \/>\n<script type=\"application\/ld+json\" class=\"yoast-schema-graph\">{\"@context\":\"https:\/\/schema.org\",\"@graph\":[{\"@type\":\"Article\",\"@id\":\"https:\/\/brasilnoticias.org\/site\/suspeitos-de-furto-sao-presos-menos-de-24-horas-apos-o-crime\/#article\",\"isPartOf\":{\"@id\":\"https:\/\/brasilnoticias.org\/site\/suspeitos-de-furto-sao-presos-menos-de-24-horas-apos-o-crime\/\"},\"author\":{\"name\":\"Reda\u00e7\u00e3o\",\"@id\":\"https:\/\/brasilnoticias.org\/site\/#\/schema\/person\/a0e05b973ec4d15c658d51911e53507b\"},\"headline\":\"Suspeitos de furto s\u00e3o presos menos de 24 horas ap\u00f3s o crime\",\"datePublished\":\"2023-05-16T21:03:11+00:00\",\"mainEntityOfPage\":{\"@id\":\"https:\/\/brasilnoticias.org\/site\/suspeitos-de-furto-sao-presos-menos-de-24-horas-apos-o-crime\/\"},\"wordCount\":146,\"commentCount\":0,\"publisher\":{\"@id\":\"https:\/\/brasilnoticias.org\/site\/#organization\"},\"image\":{\"@id\":\"https:\/\/brasilnoticias.org\/site\/suspeitos-de-furto-sao-presos-menos-de-24-horas-apos-o-crime\/#primaryimage\"},\"thumbnailUrl\":\"https:\/\/brasilnoticias.org\/site\/wp-content\/uploads\/2023\/05\/bandeira_lgbt_0_8vB4ayQ_widelg.jpg\",\"articleSection\":[\"Pol\u00edcia\",\"\u00daltimas\"],\"inLanguage\":\"pt-PT\",\"potentialAction\":[{\"@type\":\"CommentAction\",\"name\":\"Comment\",\"target\":[\"https:\/\/brasilnoticias.org\/site\/suspeitos-de-furto-sao-presos-menos-de-24-horas-apos-o-crime\/#respond\"]}]},{\"@type\":\"WebPage\",\"@id\":\"https:\/\/brasilnoticias.org\/site\/suspeitos-de-furto-sao-presos-menos-de-24-horas-apos-o-crime\/\",\"url\":\"https:\/\/brasilnoticias.org\/site\/suspeitos-de-furto-sao-presos-menos-de-24-horas-apos-o-crime\/\",\"name\":\"Suspeitos de furto s\u00e3o presos menos de 24 horas ap\u00f3s o crime - Brasil not\u00edcias\",\"isPartOf\":{\"@id\":\"https:\/\/brasilnoticias.org\/site\/#website\"},\"primaryImageOfPage\":{\"@id\":\"https:\/\/brasilnoticias.org\/site\/suspeitos-de-furto-sao-presos-menos-de-24-horas-apos-o-crime\/#primaryimage\"},\"image\":{\"@id\":\"https:\/\/brasilnoticias.org\/site\/suspeitos-de-furto-sao-presos-menos-de-24-horas-apos-o-crime\/#primaryimage\"},\"thumbnailUrl\":\"https:\/\/brasilnoticias.org\/site\/wp-content\/uploads\/2023\/05\/bandeira_lgbt_0_8vB4ayQ_widelg.jpg\",\"datePublished\":\"2023-05-16T21:03:11+00:00\",\"breadcrumb\":{\"@id\":\"https:\/\/brasilnoticias.org\/site\/suspeitos-de-furto-sao-presos-menos-de-24-horas-apos-o-crime\/#breadcrumb\"},\"inLanguage\":\"pt-PT\",\"potentialAction\":[{\"@type\":\"ReadAction\",\"target\":[\"https:\/\/brasilnoticias.org\/site\/suspeitos-de-furto-sao-presos-menos-de-24-horas-apos-o-crime\/\"]}]},{\"@type\":\"ImageObject\",\"inLanguage\":\"pt-PT\",\"@id\":\"https:\/\/brasilnoticias.org\/site\/suspeitos-de-furto-sao-presos-menos-de-24-horas-apos-o-crime\/#primaryimage\",\"url\":\"https:\/\/brasilnoticias.org\/site\/wp-content\/uploads\/2023\/05\/bandeira_lgbt_0_8vB4ayQ_widelg.jpg\",\"contentUrl\":\"https:\/\/brasilnoticias.org\/site\/wp-content\/uploads\/2023\/05\/bandeira_lgbt_0_8vB4ayQ_widelg.jpg\",\"width\":800,\"height\":450},{\"@type\":\"BreadcrumbList\",\"@id\":\"https:\/\/brasilnoticias.org\/site\/suspeitos-de-furto-sao-presos-menos-de-24-horas-apos-o-crime\/#breadcrumb\",\"itemListElement\":[{\"@type\":\"ListItem\",\"position\":1,\"name\":\"In\u00edcio\",\"item\":\"https:\/\/brasilnoticias.org\/site\/\"},{\"@type\":\"ListItem\",\"position\":2,\"name\":\"Suspeitos de furto s\u00e3o presos menos de 24 horas ap\u00f3s o crime\"}]},{\"@type\":\"WebSite\",\"@id\":\"https:\/\/brasilnoticias.org\/site\/#website\",\"url\":\"https:\/\/brasilnoticias.org\/site\/\",\"name\":\"Brasil not\u00edcias\",\"description\":\"Brasil not\u00edcias\",\"publisher\":{\"@id\":\"https:\/\/brasilnoticias.org\/site\/#organization\"},\"potentialAction\":[{\"@type\":\"SearchAction\",\"target\":{\"@type\":\"EntryPoint\",\"urlTemplate\":\"https:\/\/brasilnoticias.org\/site\/?s={search_term_string}\"},\"query-input\":{\"@type\":\"PropertyValueSpecification\",\"valueRequired\":true,\"valueName\":\"search_term_string\"}}],\"inLanguage\":\"pt-PT\"},{\"@type\":\"Organization\",\"@id\":\"https:\/\/brasilnoticias.org\/site\/#organization\",\"name\":\"Brasil not\u00edcias\",\"url\":\"https:\/\/brasilnoticias.org\/site\/\",\"logo\":{\"@type\":\"ImageObject\",\"inLanguage\":\"pt-PT\",\"@id\":\"https:\/\/brasilnoticias.org\/site\/#\/schema\/logo\/image\/\",\"url\":\"https:\/\/brasilnoticias.org\/site\/wp-content\/uploads\/2022\/05\/cropped-brasilnoticias-mini.jpg\",\"contentUrl\":\"https:\/\/brasilnoticias.org\/site\/wp-content\/uploads\/2022\/05\/cropped-brasilnoticias-mini.jpg\",\"width\":314,\"height\":86,\"caption\":\"Brasil not\u00edcias\"},\"image\":{\"@id\":\"https:\/\/brasilnoticias.org\/site\/#\/schema\/logo\/image\/\"}},{\"@type\":\"Person\",\"@id\":\"https:\/\/brasilnoticias.org\/site\/#\/schema\/person\/a0e05b973ec4d15c658d51911e53507b\",\"name\":\"Reda\u00e7\u00e3o\",\"image\":{\"@type\":\"ImageObject\",\"inLanguage\":\"pt-PT\",\"@id\":\"https:\/\/brasilnoticias.org\/site\/#\/schema\/person\/image\/\",\"url\":\"https:\/\/secure.gravatar.com\/avatar\/75d8b050df2de108b08ae78dfb8e374892df24a383c67db9c46a9c604f6aee9c?s=96&d=mm&r=g\",\"contentUrl\":\"https:\/\/secure.gravatar.com\/avatar\/75d8b050df2de108b08ae78dfb8e374892df24a383c67db9c46a9c604f6aee9c?s=96&d=mm&r=g\",\"caption\":\"Reda\u00e7\u00e3o\"},\"sameAs\":[\"https:\/\/brasilnoticias.org\/site\"],\"url\":\"https:\/\/brasilnoticias.org\/site\/author\/fernandozsngmail-com\/\"}]}<\/script>\n<!-- \/ Yoast SEO plugin. -->","yoast_head_json":{"title":"Suspeitos de furto s\u00e3o presos menos de 24 horas ap\u00f3s o crime - Brasil not\u00edcias","robots":{"index":"index","follow":"follow","max-snippet":"max-snippet:-1","max-image-preview":"max-image-preview:large","max-video-preview":"max-video-preview:-1"},"canonical":"https:\/\/brasilnoticias.org\/site\/suspeitos-de-furto-sao-presos-menos-de-24-horas-apos-o-crime\/","og_locale":"pt_PT","og_type":"article","og_title":"Suspeitos de furto s\u00e3o presos menos de 24 horas ap\u00f3s o crime - Brasil not\u00edcias","og_description":"Tr\u00eas homens suspeitos de envolvimento no furto de objetos de uma casa e de uma cl\u00ednica odontol\u00f3gica foram presos no","og_url":"https:\/\/brasilnoticias.org\/site\/suspeitos-de-furto-sao-presos-menos-de-24-horas-apos-o-crime\/","og_site_name":"Brasil not\u00edcias","article_published_time":"2023-05-16T21:03:11+00:00","og_image":[{"width":800,"height":450,"url":"https:\/\/brasilnoticias.org\/site\/wp-content\/uploads\/2023\/05\/bandeira_lgbt_0_8vB4ayQ_widelg.jpg","type":"image\/jpeg"}],"author":"Reda\u00e7\u00e3o","twitter_card":"summary_large_image","twitter_misc":{"Escrito por":"Reda\u00e7\u00e3o"},"schema":{"@context":"https:\/\/schema.org","@graph":[{"@type":"Article","@id":"https:\/\/brasilnoticias.org\/site\/suspeitos-de-furto-sao-presos-menos-de-24-horas-apos-o-crime\/#article","isPartOf":{"@id":"https:\/\/brasilnoticias.org\/site\/suspeitos-de-furto-sao-presos-menos-de-24-horas-apos-o-crime\/"},"author":{"name":"Reda\u00e7\u00e3o","@id":"https:\/\/brasilnoticias.org\/site\/#\/schema\/person\/a0e05b973ec4d15c658d51911e53507b"},"headline":"Suspeitos de furto s\u00e3o presos menos de 24 horas ap\u00f3s o crime","datePublished":"2023-05-16T21:03:11+00:00","mainEntityOfPage":{"@id":"https:\/\/brasilnoticias.org\/site\/suspeitos-de-furto-sao-presos-menos-de-24-horas-apos-o-crime\/"},"wordCount":146,"commentCount":0,"publisher":{"@id":"https:\/\/brasilnoticias.org\/site\/#organization"},"image":{"@id":"https:\/\/brasilnoticias.org\/site\/suspeitos-de-furto-sao-presos-menos-de-24-horas-apos-o-crime\/#primaryimage"},"thumbnailUrl":"https:\/\/brasilnoticias.org\/site\/wp-content\/uploads\/2023\/05\/bandeira_lgbt_0_8vB4ayQ_widelg.jpg","articleSection":["Pol\u00edcia","\u00daltimas"],"inLanguage":"pt-PT","potentialAction":[{"@type":"CommentAction","name":"Comment","target":["https:\/\/brasilnoticias.org\/site\/suspeitos-de-furto-sao-presos-menos-de-24-horas-apos-o-crime\/#respond"]}]},{"@type":"WebPage","@id":"https:\/\/brasilnoticias.org\/site\/suspeitos-de-furto-sao-presos-menos-de-24-horas-apos-o-crime\/","url":"https:\/\/brasilnoticias.org\/site\/suspeitos-de-furto-sao-presos-menos-de-24-horas-apos-o-crime\/","name":"Suspeitos de furto s\u00e3o presos menos de 24 horas ap\u00f3s o crime - Brasil not\u00edcias","isPartOf":{"@id":"https:\/\/brasilnoticias.org\/site\/#website"},"primaryImageOfPage":{"@id":"https:\/\/brasilnoticias.org\/site\/suspeitos-de-furto-sao-presos-menos-de-24-horas-apos-o-crime\/#primaryimage"},"image":{"@id":"https:\/\/brasilnoticias.org\/site\/suspeitos-de-furto-sao-presos-menos-de-24-horas-apos-o-crime\/#primaryimage"},"thumbnailUrl":"https:\/\/brasilnoticias.org\/site\/wp-content\/uploads\/2023\/05\/bandeira_lgbt_0_8vB4ayQ_widelg.jpg","datePublished":"2023-05-16T21:03:11+00:00","breadcrumb":{"@id":"https:\/\/brasilnoticias.org\/site\/suspeitos-de-furto-sao-presos-menos-de-24-horas-apos-o-crime\/#breadcrumb"},"inLanguage":"pt-PT","potentialAction":[{"@type":"ReadAction","target":["https:\/\/brasilnoticias.org\/site\/suspeitos-de-furto-sao-presos-menos-de-24-horas-apos-o-crime\/"]}]},{"@type":"ImageObject","inLanguage":"pt-PT","@id":"https:\/\/brasilnoticias.org\/site\/suspeitos-de-furto-sao-presos-menos-de-24-horas-apos-o-crime\/#primaryimage","url":"https:\/\/brasilnoticias.org\/site\/wp-content\/uploads\/2023\/05\/bandeira_lgbt_0_8vB4ayQ_widelg.jpg","contentUrl":"https:\/\/brasilnoticias.org\/site\/wp-content\/uploads\/2023\/05\/bandeira_lgbt_0_8vB4ayQ_widelg.jpg","width":800,"height":450},{"@type":"BreadcrumbList","@id":"https:\/\/brasilnoticias.org\/site\/suspeitos-de-furto-sao-presos-menos-de-24-horas-apos-o-crime\/#breadcrumb","itemListElement":[{"@type":"ListItem","position":1,"name":"In\u00edcio","item":"https:\/\/brasilnoticias.org\/site\/"},{"@type":"ListItem","position":2,"name":"Suspeitos de furto s\u00e3o presos menos de 24 horas ap\u00f3s o crime"}]},{"@type":"WebSite","@id":"https:\/\/brasilnoticias.org\/site\/#website","url":"https:\/\/brasilnoticias.org\/site\/","name":"Brasil not\u00edcias","description":"Brasil not\u00edcias","publisher":{"@id":"https:\/\/brasilnoticias.org\/site\/#organization"},"potentialAction":[{"@type":"SearchAction","target":{"@type":"EntryPoint","urlTemplate":"https:\/\/brasilnoticias.org\/site\/?s={search_term_string}"},"query-input":{"@type":"PropertyValueSpecification","valueRequired":true,"valueName":"search_term_string"}}],"inLanguage":"pt-PT"},{"@type":"Organization","@id":"https:\/\/brasilnoticias.org\/site\/#organization","name":"Brasil not\u00edcias","url":"https:\/\/brasilnoticias.org\/site\/","logo":{"@type":"ImageObject","inLanguage":"pt-PT","@id":"https:\/\/brasilnoticias.org\/site\/#\/schema\/logo\/image\/","url":"https:\/\/brasilnoticias.org\/site\/wp-content\/uploads\/2022\/05\/cropped-brasilnoticias-mini.jpg","contentUrl":"https:\/\/brasilnoticias.org\/site\/wp-content\/uploads\/2022\/05\/cropped-brasilnoticias-mini.jpg","width":314,"height":86,"caption":"Brasil not\u00edcias"},"image":{"@id":"https:\/\/brasilnoticias.org\/site\/#\/schema\/logo\/image\/"}},{"@type":"Person","@id":"https:\/\/brasilnoticias.org\/site\/#\/schema\/person\/a0e05b973ec4d15c658d51911e53507b","name":"Reda\u00e7\u00e3o","image":{"@type":"ImageObject","inLanguage":"pt-PT","@id":"https:\/\/brasilnoticias.org\/site\/#\/schema\/person\/image\/","url":"https:\/\/secure.gravatar.com\/avatar\/75d8b050df2de108b08ae78dfb8e374892df24a383c67db9c46a9c604f6aee9c?s=96&d=mm&r=g","contentUrl":"https:\/\/secure.gravatar.com\/avatar\/75d8b050df2de108b08ae78dfb8e374892df24a383c67db9c46a9c604f6aee9c?s=96&d=mm&r=g","caption":"Reda\u00e7\u00e3o"},"sameAs":["https:\/\/brasilnoticias.org\/site"],"url":"https:\/\/brasilnoticias.org\/site\/author\/fernandozsngmail-com\/"}]}},"_links":{"self":[{"href":"https:\/\/brasilnoticias.org\/site\/wp-json\/wp\/v2\/posts\/6055","targetHints":{"allow":["GET"]}}],"collection":[{"href":"https:\/\/brasilnoticias.org\/site\/wp-json\/wp\/v2\/posts"}],"about":[{"href":"https:\/\/brasilnoticias.org\/site\/wp-json\/wp\/v2\/types\/post"}],"author":[{"embeddable":true,"href":"https:\/\/brasilnoticias.org\/site\/wp-json\/wp\/v2\/users\/1"}],"replies":[{"embeddable":true,"href":"https:\/\/brasilnoticias.org\/site\/wp-json\/wp\/v2\/comments?post=6055"}],"version-history":[{"count":1,"href":"https:\/\/brasilnoticias.org\/site\/wp-json\/wp\/v2\/posts\/6055\/revisions"}],"predecessor-version":[{"id":6058,"href":"https:\/\/brasilnoticias.org\/site\/wp-json\/wp\/v2\/posts\/6055\/revisions\/6058"}],"wp:featuredmedia":[{"embeddable":true,"href":"https:\/\/brasilnoticias.org\/site\/wp-json\/wp\/v2\/media\/6057"}],"wp:attachment":[{"href":"https:\/\/brasilnoticias.org\/site\/wp-json\/wp\/v2\/media?parent=6055"}],"wp:term":[{"taxonomy":"category","embeddable":true,"href":"https:\/\/brasilnoticias.org\/site\/wp-json\/wp\/v2\/categories?post=6055"},{"taxonomy":"post_tag","embeddable":true,"href":"https:\/\/brasilnoticias.org\/site\/wp-json\/wp\/v2\/tags?post=6055"}],"curies":[{"name":"wp","href":"https:\/\/api.w.org\/{rel}","templated":true}]}}