{"id":6065,"date":"2023-05-16T18:10:02","date_gmt":"2023-05-16T21:10:02","guid":{"rendered":"https:\/\/brasilnoticias.org\/site\/?p=6065"},"modified":"2023-05-16T18:10:02","modified_gmt":"2023-05-16T21:10:02","slug":"obras-de-requalificacao-serao-iniciadas-em-guarajuba","status":"publish","type":"post","link":"https:\/\/brasilnoticias.org\/site\/obras-de-requalificacao-serao-iniciadas-em-guarajuba\/","title":{"rendered":"Obras de requalifica\u00e7\u00e3o ser\u00e3o iniciadas em Guarajuba"},"content":{"rendered":"<p>A prefeitura de Cama\u00e7ari (BA) vai realizar obras de requalifica\u00e7\u00e3o urbana em Guarajuba, englobando a regi\u00e3o da praia e Av. Humait\u00e1.  A benfeitoria faz parte do projeto Caminhos do Mar que tem como intuito proporcionar conforto \u00e0 comunidade, melhores condi\u00e7\u00f5es de trafegabilidade e moderniza\u00e7\u00e3o dos ambientes. A ordem de servi\u00e7o est\u00e1 assinada e o prazo para a execu\u00e7\u00e3o da obra \u00e9 de 12 meses.<\/p>\n<p>\u201cO projeto Caminhos do Mar \u00e9 recheado de itens que v\u00e3o transformar a comunidade de Guarajuba, Itacimirim e Barra do Jacu\u00edpe. Tenho trabalhado no planejamento dessa obra junto com minha equipe diariamente. Tenho certeza que cada espa\u00e7o ficar\u00e1 bel\u00edssimo com a requalifica\u00e7\u00e3o e o povo de Cama\u00e7ari poder\u00e1 aproveitar bastante\u201d, compartilhou a titular da Secretaria da Infraestrutura (Seinfra), Joselene Cardim.<\/p>\n<p>A entrada de Guarajuba receber\u00e1 um portal de acesso com letreiro, paisagismo, guarita, pergolado, \u00e1rea destinada aos mototaxistas e ilumina\u00e7\u00e3o. Na regi\u00e3o da lagoa, ser\u00e1 feita melhorias de limpeza e implanta\u00e7\u00e3o de um deck em madeira. O investimento destinado \u00e0 revitaliza\u00e7\u00e3o \u00e9 de, aproximadamente, R$ 22 milh\u00f5es.<\/p>\n<p>Al\u00e9m disso, mais dois espa\u00e7os de conv\u00edvio social tamb\u00e9m ser\u00e3o contemplados com as obras. \u00c9 o caso da Pra\u00e7a do Mirante, pr\u00f3ximo \u00e0 lagoa, que ter\u00e1 nova pavimenta\u00e7\u00e3o, biciclet\u00e1rio e estacionamento.<\/p>\n<p>J\u00e1 a Pra\u00e7a Central contar\u00e1 com espa\u00e7o pet, \u00e1rea de conviv\u00eancia, fonte interativa, parque infantil, biciclet\u00e1rio, estacionamento, pergolado e letreiro. A iniciativa faz parte do pacote de a\u00e7\u00f5es previstas pelo Programa de Integra\u00e7\u00e3o e Desenvolvimento Urbano, Social e Ambiental de Cama\u00e7ari.<\/p>\n<p> Foto: Divulga\u00e7\u00e3o<br \/>\nBNews<\/p>\n","protected":false},"excerpt":{"rendered":"<p>A prefeitura de Cama\u00e7ari (BA) vai realizar obras de requalifica\u00e7\u00e3o urbana em Guarajuba, englobando a regi\u00e3o da praia e Av.<\/p>\n","protected":false},"author":1,"featured_media":6066,"comment_status":"open","ping_status":"open","sticky":false,"template":"","format":"standard","meta":{"colormag_page_container_layout":"default_layout","colormag_page_sidebar_layout":"default_layout","_FSMCFIC_featured_image_caption":"","_FSMCFIC_featured_image_nocaption":"","_FSMCFIC_featured_image_hide":"","footnotes":""},"categories":[2,1],"tags":[],"class_list":["post-6065","post","type-post","status-publish","format-standard","has-post-thumbnail","hentry","category-noticias","category-ultimas"],"yoast_head":"<!-- This site is optimized with the Yoast SEO plugin v27.1.1 - https:\/\/yoast.com\/product\/yoast-seo-wordpress\/ -->\n<title>Obras de requalifica\u00e7\u00e3o ser\u00e3o iniciadas em Guarajuba - Brasil not\u00edcias<\/title>\n<meta name=\"robots\" content=\"index, follow, max-snippet:-1, max-image-preview:large, max-video-preview:-1\" \/>\n<link rel=\"canonical\" href=\"https:\/\/brasilnoticias.org\/site\/obras-de-requalificacao-serao-iniciadas-em-guarajuba\/\" \/>\n<meta property=\"og:locale\" content=\"pt_PT\" \/>\n<meta property=\"og:type\" content=\"article\" \/>\n<meta property=\"og:title\" content=\"Obras de requalifica\u00e7\u00e3o ser\u00e3o iniciadas em Guarajuba - Brasil not\u00edcias\" \/>\n<meta property=\"og:description\" content=\"A prefeitura de Cama\u00e7ari (BA) vai realizar obras de requalifica\u00e7\u00e3o urbana em Guarajuba, englobando a regi\u00e3o da praia e Av.\" \/>\n<meta property=\"og:url\" content=\"https:\/\/brasilnoticias.org\/site\/obras-de-requalificacao-serao-iniciadas-em-guarajuba\/\" \/>\n<meta property=\"og:site_name\" content=\"Brasil not\u00edcias\" \/>\n<meta property=\"article:published_time\" content=\"2023-05-16T21:10:02+00:00\" \/>\n<meta property=\"og:image\" content=\"https:\/\/brasilnoticias.org\/site\/wp-content\/uploads\/2023\/05\/Artigo-Destaque_01229241_00.jpg\" \/>\n\t<meta property=\"og:image:width\" content=\"551\" \/>\n\t<meta property=\"og:image:height\" content=\"302\" \/>\n\t<meta property=\"og:image:type\" content=\"image\/jpeg\" \/>\n<meta name=\"author\" content=\"Reda\u00e7\u00e3o\" \/>\n<meta name=\"twitter:card\" content=\"summary_large_image\" \/>\n<meta name=\"twitter:label1\" content=\"Escrito por\" \/>\n\t<meta name=\"twitter:data1\" content=\"Reda\u00e7\u00e3o\" \/>\n<script type=\"application\/ld+json\" class=\"yoast-schema-graph\">{\"@context\":\"https:\/\/schema.org\",\"@graph\":[{\"@type\":\"Article\",\"@id\":\"https:\/\/brasilnoticias.org\/site\/obras-de-requalificacao-serao-iniciadas-em-guarajuba\/#article\",\"isPartOf\":{\"@id\":\"https:\/\/brasilnoticias.org\/site\/obras-de-requalificacao-serao-iniciadas-em-guarajuba\/\"},\"author\":{\"name\":\"Reda\u00e7\u00e3o\",\"@id\":\"https:\/\/brasilnoticias.org\/site\/#\/schema\/person\/a0e05b973ec4d15c658d51911e53507b\"},\"headline\":\"Obras de requalifica\u00e7\u00e3o ser\u00e3o iniciadas em Guarajuba\",\"datePublished\":\"2023-05-16T21:10:02+00:00\",\"mainEntityOfPage\":{\"@id\":\"https:\/\/brasilnoticias.org\/site\/obras-de-requalificacao-serao-iniciadas-em-guarajuba\/\"},\"wordCount\":281,\"commentCount\":0,\"publisher\":{\"@id\":\"https:\/\/brasilnoticias.org\/site\/#organization\"},\"image\":{\"@id\":\"https:\/\/brasilnoticias.org\/site\/obras-de-requalificacao-serao-iniciadas-em-guarajuba\/#primaryimage\"},\"thumbnailUrl\":\"https:\/\/brasilnoticias.org\/site\/wp-content\/uploads\/2023\/05\/Artigo-Destaque_01229241_00.jpg\",\"articleSection\":[\"Not\u00edcias\",\"\u00daltimas\"],\"inLanguage\":\"pt-PT\",\"potentialAction\":[{\"@type\":\"CommentAction\",\"name\":\"Comment\",\"target\":[\"https:\/\/brasilnoticias.org\/site\/obras-de-requalificacao-serao-iniciadas-em-guarajuba\/#respond\"]}]},{\"@type\":\"WebPage\",\"@id\":\"https:\/\/brasilnoticias.org\/site\/obras-de-requalificacao-serao-iniciadas-em-guarajuba\/\",\"url\":\"https:\/\/brasilnoticias.org\/site\/obras-de-requalificacao-serao-iniciadas-em-guarajuba\/\",\"name\":\"Obras de requalifica\u00e7\u00e3o ser\u00e3o iniciadas em Guarajuba - Brasil not\u00edcias\",\"isPartOf\":{\"@id\":\"https:\/\/brasilnoticias.org\/site\/#website\"},\"primaryImageOfPage\":{\"@id\":\"https:\/\/brasilnoticias.org\/site\/obras-de-requalificacao-serao-iniciadas-em-guarajuba\/#primaryimage\"},\"image\":{\"@id\":\"https:\/\/brasilnoticias.org\/site\/obras-de-requalificacao-serao-iniciadas-em-guarajuba\/#primaryimage\"},\"thumbnailUrl\":\"https:\/\/brasilnoticias.org\/site\/wp-content\/uploads\/2023\/05\/Artigo-Destaque_01229241_00.jpg\",\"datePublished\":\"2023-05-16T21:10:02+00:00\",\"breadcrumb\":{\"@id\":\"https:\/\/brasilnoticias.org\/site\/obras-de-requalificacao-serao-iniciadas-em-guarajuba\/#breadcrumb\"},\"inLanguage\":\"pt-PT\",\"potentialAction\":[{\"@type\":\"ReadAction\",\"target\":[\"https:\/\/brasilnoticias.org\/site\/obras-de-requalificacao-serao-iniciadas-em-guarajuba\/\"]}]},{\"@type\":\"ImageObject\",\"inLanguage\":\"pt-PT\",\"@id\":\"https:\/\/brasilnoticias.org\/site\/obras-de-requalificacao-serao-iniciadas-em-guarajuba\/#primaryimage\",\"url\":\"https:\/\/brasilnoticias.org\/site\/wp-content\/uploads\/2023\/05\/Artigo-Destaque_01229241_00.jpg\",\"contentUrl\":\"https:\/\/brasilnoticias.org\/site\/wp-content\/uploads\/2023\/05\/Artigo-Destaque_01229241_00.jpg\",\"width\":551,\"height\":302},{\"@type\":\"BreadcrumbList\",\"@id\":\"https:\/\/brasilnoticias.org\/site\/obras-de-requalificacao-serao-iniciadas-em-guarajuba\/#breadcrumb\",\"itemListElement\":[{\"@type\":\"ListItem\",\"position\":1,\"name\":\"In\u00edcio\",\"item\":\"https:\/\/brasilnoticias.org\/site\/\"},{\"@type\":\"ListItem\",\"position\":2,\"name\":\"Obras de requalifica\u00e7\u00e3o ser\u00e3o iniciadas em Guarajuba\"}]},{\"@type\":\"WebSite\",\"@id\":\"https:\/\/brasilnoticias.org\/site\/#website\",\"url\":\"https:\/\/brasilnoticias.org\/site\/\",\"name\":\"Brasil not\u00edcias\",\"description\":\"Brasil not\u00edcias\",\"publisher\":{\"@id\":\"https:\/\/brasilnoticias.org\/site\/#organization\"},\"potentialAction\":[{\"@type\":\"SearchAction\",\"target\":{\"@type\":\"EntryPoint\",\"urlTemplate\":\"https:\/\/brasilnoticias.org\/site\/?s={search_term_string}\"},\"query-input\":{\"@type\":\"PropertyValueSpecification\",\"valueRequired\":true,\"valueName\":\"search_term_string\"}}],\"inLanguage\":\"pt-PT\"},{\"@type\":\"Organization\",\"@id\":\"https:\/\/brasilnoticias.org\/site\/#organization\",\"name\":\"Brasil not\u00edcias\",\"url\":\"https:\/\/brasilnoticias.org\/site\/\",\"logo\":{\"@type\":\"ImageObject\",\"inLanguage\":\"pt-PT\",\"@id\":\"https:\/\/brasilnoticias.org\/site\/#\/schema\/logo\/image\/\",\"url\":\"https:\/\/brasilnoticias.org\/site\/wp-content\/uploads\/2022\/05\/cropped-brasilnoticias-mini.jpg\",\"contentUrl\":\"https:\/\/brasilnoticias.org\/site\/wp-content\/uploads\/2022\/05\/cropped-brasilnoticias-mini.jpg\",\"width\":314,\"height\":86,\"caption\":\"Brasil not\u00edcias\"},\"image\":{\"@id\":\"https:\/\/brasilnoticias.org\/site\/#\/schema\/logo\/image\/\"}},{\"@type\":\"Person\",\"@id\":\"https:\/\/brasilnoticias.org\/site\/#\/schema\/person\/a0e05b973ec4d15c658d51911e53507b\",\"name\":\"Reda\u00e7\u00e3o\",\"image\":{\"@type\":\"ImageObject\",\"inLanguage\":\"pt-PT\",\"@id\":\"https:\/\/brasilnoticias.org\/site\/#\/schema\/person\/image\/\",\"url\":\"https:\/\/secure.gravatar.com\/avatar\/75d8b050df2de108b08ae78dfb8e374892df24a383c67db9c46a9c604f6aee9c?s=96&d=mm&r=g\",\"contentUrl\":\"https:\/\/secure.gravatar.com\/avatar\/75d8b050df2de108b08ae78dfb8e374892df24a383c67db9c46a9c604f6aee9c?s=96&d=mm&r=g\",\"caption\":\"Reda\u00e7\u00e3o\"},\"sameAs\":[\"https:\/\/brasilnoticias.org\/site\"],\"url\":\"https:\/\/brasilnoticias.org\/site\/author\/fernandozsngmail-com\/\"}]}<\/script>\n<!-- \/ Yoast SEO plugin. -->","yoast_head_json":{"title":"Obras de requalifica\u00e7\u00e3o ser\u00e3o iniciadas em Guarajuba - Brasil not\u00edcias","robots":{"index":"index","follow":"follow","max-snippet":"max-snippet:-1","max-image-preview":"max-image-preview:large","max-video-preview":"max-video-preview:-1"},"canonical":"https:\/\/brasilnoticias.org\/site\/obras-de-requalificacao-serao-iniciadas-em-guarajuba\/","og_locale":"pt_PT","og_type":"article","og_title":"Obras de requalifica\u00e7\u00e3o ser\u00e3o iniciadas em Guarajuba - Brasil not\u00edcias","og_description":"A prefeitura de Cama\u00e7ari (BA) vai realizar obras de requalifica\u00e7\u00e3o urbana em Guarajuba, englobando a regi\u00e3o da praia e Av.","og_url":"https:\/\/brasilnoticias.org\/site\/obras-de-requalificacao-serao-iniciadas-em-guarajuba\/","og_site_name":"Brasil not\u00edcias","article_published_time":"2023-05-16T21:10:02+00:00","og_image":[{"width":551,"height":302,"url":"https:\/\/brasilnoticias.org\/site\/wp-content\/uploads\/2023\/05\/Artigo-Destaque_01229241_00.jpg","type":"image\/jpeg"}],"author":"Reda\u00e7\u00e3o","twitter_card":"summary_large_image","twitter_misc":{"Escrito por":"Reda\u00e7\u00e3o"},"schema":{"@context":"https:\/\/schema.org","@graph":[{"@type":"Article","@id":"https:\/\/brasilnoticias.org\/site\/obras-de-requalificacao-serao-iniciadas-em-guarajuba\/#article","isPartOf":{"@id":"https:\/\/brasilnoticias.org\/site\/obras-de-requalificacao-serao-iniciadas-em-guarajuba\/"},"author":{"name":"Reda\u00e7\u00e3o","@id":"https:\/\/brasilnoticias.org\/site\/#\/schema\/person\/a0e05b973ec4d15c658d51911e53507b"},"headline":"Obras de requalifica\u00e7\u00e3o ser\u00e3o iniciadas em Guarajuba","datePublished":"2023-05-16T21:10:02+00:00","mainEntityOfPage":{"@id":"https:\/\/brasilnoticias.org\/site\/obras-de-requalificacao-serao-iniciadas-em-guarajuba\/"},"wordCount":281,"commentCount":0,"publisher":{"@id":"https:\/\/brasilnoticias.org\/site\/#organization"},"image":{"@id":"https:\/\/brasilnoticias.org\/site\/obras-de-requalificacao-serao-iniciadas-em-guarajuba\/#primaryimage"},"thumbnailUrl":"https:\/\/brasilnoticias.org\/site\/wp-content\/uploads\/2023\/05\/Artigo-Destaque_01229241_00.jpg","articleSection":["Not\u00edcias","\u00daltimas"],"inLanguage":"pt-PT","potentialAction":[{"@type":"CommentAction","name":"Comment","target":["https:\/\/brasilnoticias.org\/site\/obras-de-requalificacao-serao-iniciadas-em-guarajuba\/#respond"]}]},{"@type":"WebPage","@id":"https:\/\/brasilnoticias.org\/site\/obras-de-requalificacao-serao-iniciadas-em-guarajuba\/","url":"https:\/\/brasilnoticias.org\/site\/obras-de-requalificacao-serao-iniciadas-em-guarajuba\/","name":"Obras de requalifica\u00e7\u00e3o ser\u00e3o iniciadas em Guarajuba - Brasil not\u00edcias","isPartOf":{"@id":"https:\/\/brasilnoticias.org\/site\/#website"},"primaryImageOfPage":{"@id":"https:\/\/brasilnoticias.org\/site\/obras-de-requalificacao-serao-iniciadas-em-guarajuba\/#primaryimage"},"image":{"@id":"https:\/\/brasilnoticias.org\/site\/obras-de-requalificacao-serao-iniciadas-em-guarajuba\/#primaryimage"},"thumbnailUrl":"https:\/\/brasilnoticias.org\/site\/wp-content\/uploads\/2023\/05\/Artigo-Destaque_01229241_00.jpg","datePublished":"2023-05-16T21:10:02+00:00","breadcrumb":{"@id":"https:\/\/brasilnoticias.org\/site\/obras-de-requalificacao-serao-iniciadas-em-guarajuba\/#breadcrumb"},"inLanguage":"pt-PT","potentialAction":[{"@type":"ReadAction","target":["https:\/\/brasilnoticias.org\/site\/obras-de-requalificacao-serao-iniciadas-em-guarajuba\/"]}]},{"@type":"ImageObject","inLanguage":"pt-PT","@id":"https:\/\/brasilnoticias.org\/site\/obras-de-requalificacao-serao-iniciadas-em-guarajuba\/#primaryimage","url":"https:\/\/brasilnoticias.org\/site\/wp-content\/uploads\/2023\/05\/Artigo-Destaque_01229241_00.jpg","contentUrl":"https:\/\/brasilnoticias.org\/site\/wp-content\/uploads\/2023\/05\/Artigo-Destaque_01229241_00.jpg","width":551,"height":302},{"@type":"BreadcrumbList","@id":"https:\/\/brasilnoticias.org\/site\/obras-de-requalificacao-serao-iniciadas-em-guarajuba\/#breadcrumb","itemListElement":[{"@type":"ListItem","position":1,"name":"In\u00edcio","item":"https:\/\/brasilnoticias.org\/site\/"},{"@type":"ListItem","position":2,"name":"Obras de requalifica\u00e7\u00e3o ser\u00e3o iniciadas em Guarajuba"}]},{"@type":"WebSite","@id":"https:\/\/brasilnoticias.org\/site\/#website","url":"https:\/\/brasilnoticias.org\/site\/","name":"Brasil not\u00edcias","description":"Brasil not\u00edcias","publisher":{"@id":"https:\/\/brasilnoticias.org\/site\/#organization"},"potentialAction":[{"@type":"SearchAction","target":{"@type":"EntryPoint","urlTemplate":"https:\/\/brasilnoticias.org\/site\/?s={search_term_string}"},"query-input":{"@type":"PropertyValueSpecification","valueRequired":true,"valueName":"search_term_string"}}],"inLanguage":"pt-PT"},{"@type":"Organization","@id":"https:\/\/brasilnoticias.org\/site\/#organization","name":"Brasil not\u00edcias","url":"https:\/\/brasilnoticias.org\/site\/","logo":{"@type":"ImageObject","inLanguage":"pt-PT","@id":"https:\/\/brasilnoticias.org\/site\/#\/schema\/logo\/image\/","url":"https:\/\/brasilnoticias.org\/site\/wp-content\/uploads\/2022\/05\/cropped-brasilnoticias-mini.jpg","contentUrl":"https:\/\/brasilnoticias.org\/site\/wp-content\/uploads\/2022\/05\/cropped-brasilnoticias-mini.jpg","width":314,"height":86,"caption":"Brasil not\u00edcias"},"image":{"@id":"https:\/\/brasilnoticias.org\/site\/#\/schema\/logo\/image\/"}},{"@type":"Person","@id":"https:\/\/brasilnoticias.org\/site\/#\/schema\/person\/a0e05b973ec4d15c658d51911e53507b","name":"Reda\u00e7\u00e3o","image":{"@type":"ImageObject","inLanguage":"pt-PT","@id":"https:\/\/brasilnoticias.org\/site\/#\/schema\/person\/image\/","url":"https:\/\/secure.gravatar.com\/avatar\/75d8b050df2de108b08ae78dfb8e374892df24a383c67db9c46a9c604f6aee9c?s=96&d=mm&r=g","contentUrl":"https:\/\/secure.gravatar.com\/avatar\/75d8b050df2de108b08ae78dfb8e374892df24a383c67db9c46a9c604f6aee9c?s=96&d=mm&r=g","caption":"Reda\u00e7\u00e3o"},"sameAs":["https:\/\/brasilnoticias.org\/site"],"url":"https:\/\/brasilnoticias.org\/site\/author\/fernandozsngmail-com\/"}]}},"_links":{"self":[{"href":"https:\/\/brasilnoticias.org\/site\/wp-json\/wp\/v2\/posts\/6065","targetHints":{"allow":["GET"]}}],"collection":[{"href":"https:\/\/brasilnoticias.org\/site\/wp-json\/wp\/v2\/posts"}],"about":[{"href":"https:\/\/brasilnoticias.org\/site\/wp-json\/wp\/v2\/types\/post"}],"author":[{"embeddable":true,"href":"https:\/\/brasilnoticias.org\/site\/wp-json\/wp\/v2\/users\/1"}],"replies":[{"embeddable":true,"href":"https:\/\/brasilnoticias.org\/site\/wp-json\/wp\/v2\/comments?post=6065"}],"version-history":[{"count":1,"href":"https:\/\/brasilnoticias.org\/site\/wp-json\/wp\/v2\/posts\/6065\/revisions"}],"predecessor-version":[{"id":6067,"href":"https:\/\/brasilnoticias.org\/site\/wp-json\/wp\/v2\/posts\/6065\/revisions\/6067"}],"wp:featuredmedia":[{"embeddable":true,"href":"https:\/\/brasilnoticias.org\/site\/wp-json\/wp\/v2\/media\/6066"}],"wp:attachment":[{"href":"https:\/\/brasilnoticias.org\/site\/wp-json\/wp\/v2\/media?parent=6065"}],"wp:term":[{"taxonomy":"category","embeddable":true,"href":"https:\/\/brasilnoticias.org\/site\/wp-json\/wp\/v2\/categories?post=6065"},{"taxonomy":"post_tag","embeddable":true,"href":"https:\/\/brasilnoticias.org\/site\/wp-json\/wp\/v2\/tags?post=6065"}],"curies":[{"name":"wp","href":"https:\/\/api.w.org\/{rel}","templated":true}]}}