{"id":6071,"date":"2023-05-17T06:21:55","date_gmt":"2023-05-17T09:21:55","guid":{"rendered":"https:\/\/brasilnoticias.org\/site\/?p=6071"},"modified":"2023-05-17T06:21:55","modified_gmt":"2023-05-17T09:21:55","slug":"crianca-de-oito-anos-morre-apos-ser-atropelada-por-caminhao-pipa-no-sudoeste-da-ba","status":"publish","type":"post","link":"https:\/\/brasilnoticias.org\/site\/crianca-de-oito-anos-morre-apos-ser-atropelada-por-caminhao-pipa-no-sudoeste-da-ba\/","title":{"rendered":"Crian\u00e7a de oito anos morre ap\u00f3s ser atropelada por caminh\u00e3o-pipa no sudoeste da BA"},"content":{"rendered":"<p>Uma crian\u00e7a de oito anos morreu ap\u00f3s ser atropelada por um caminh\u00e3o pipa, nesta ter\u00e7a-feira (16), na cidade de Barra do Cho\u00e7a, sudoeste da Bahia.<\/p>\n<p>Segundo a equipe de apura\u00e7\u00e3o da TV Sudoeste, afiliada da TV Bahia, a v\u00edtima foi identificada como Davi Ara\u00fajo dos Santos e voltava da escola T\u00e9odulo Leite, onde estudava. Davi estava de bicicleta no momento do acidente.<\/p>\n<p>O caminh\u00e3o-pipa saia de uma rua que est\u00e1 em obras. De acordo com a Pol\u00edcia Civil da cidade, o motorista do carro pipa disse que n\u00e3o viu a crian\u00e7a ao entrar na esquina onde o acidente aconteceu. Ele permaneceu no local para prestar socorro.<\/p>\n<p>A pol\u00edcia informou ainda que n\u00e3o h\u00e1 suspeitas de que ele tenha ingerido bebida alco\u00f3lica, mas ser\u00e1 feito o teste do baf\u00f4metro.<\/p>\n<p>As aulas na escola foram suspensas e a Prefeitura de Barra de Cho\u00e7a emitiu nota de pesar, na qual lamenta a morte precoce de David e se solidariza com a fam\u00edlia da crian\u00e7a.<\/p>\n<p>O corpo da crian\u00e7a foi levado para o Instituto M\u00e9dico Legal (IML) de Vit\u00f3ria da Conquista, a cerca de 30 km de Barra do Cho\u00e7a. O enterro deve ser realizado na quarta-feira (17), mas o local e hor\u00e1rio n\u00e3o foram divulgados.<\/p>\n<p> Foto: TV Sudoeste<br \/>\nG1<\/p>\n","protected":false},"excerpt":{"rendered":"<p>Uma crian\u00e7a de oito anos morreu ap\u00f3s ser atropelada por um caminh\u00e3o pipa, nesta ter\u00e7a-feira (16), na cidade de Barra<\/p>\n","protected":false},"author":1,"featured_media":6072,"comment_status":"open","ping_status":"open","sticky":false,"template":"","format":"standard","meta":{"colormag_page_container_layout":"default_layout","colormag_page_sidebar_layout":"default_layout","_FSMCFIC_featured_image_caption":"","_FSMCFIC_featured_image_nocaption":"","_FSMCFIC_featured_image_hide":"","footnotes":""},"categories":[2,1],"tags":[],"class_list":["post-6071","post","type-post","status-publish","format-standard","has-post-thumbnail","hentry","category-noticias","category-ultimas"],"yoast_head":"<!-- This site is optimized with the Yoast SEO plugin v27.1.1 - https:\/\/yoast.com\/product\/yoast-seo-wordpress\/ -->\n<title>Crian\u00e7a de oito anos morre ap\u00f3s ser atropelada por caminh\u00e3o-pipa no sudoeste da BA - Brasil not\u00edcias<\/title>\n<meta name=\"robots\" content=\"index, follow, max-snippet:-1, max-image-preview:large, max-video-preview:-1\" \/>\n<link rel=\"canonical\" href=\"https:\/\/brasilnoticias.org\/site\/crianca-de-oito-anos-morre-apos-ser-atropelada-por-caminhao-pipa-no-sudoeste-da-ba\/\" \/>\n<meta property=\"og:locale\" content=\"pt_PT\" \/>\n<meta property=\"og:type\" content=\"article\" \/>\n<meta property=\"og:title\" content=\"Crian\u00e7a de oito anos morre ap\u00f3s ser atropelada por caminh\u00e3o-pipa no sudoeste da BA - Brasil not\u00edcias\" \/>\n<meta property=\"og:description\" content=\"Uma crian\u00e7a de oito anos morreu ap\u00f3s ser atropelada por um caminh\u00e3o pipa, nesta ter\u00e7a-feira (16), na cidade de Barra\" \/>\n<meta property=\"og:url\" content=\"https:\/\/brasilnoticias.org\/site\/crianca-de-oito-anos-morre-apos-ser-atropelada-por-caminhao-pipa-no-sudoeste-da-ba\/\" \/>\n<meta property=\"og:site_name\" content=\"Brasil not\u00edcias\" \/>\n<meta property=\"article:published_time\" content=\"2023-05-17T09:21:55+00:00\" \/>\n<meta property=\"og:image\" content=\"https:\/\/brasilnoticias.org\/site\/wp-content\/uploads\/2023\/05\/design-sem-nome-3-.webp\" \/>\n\t<meta property=\"og:image:width\" content=\"600\" \/>\n\t<meta property=\"og:image:height\" content=\"376\" \/>\n\t<meta property=\"og:image:type\" content=\"image\/webp\" \/>\n<meta name=\"author\" content=\"Reda\u00e7\u00e3o\" \/>\n<meta name=\"twitter:card\" content=\"summary_large_image\" \/>\n<meta name=\"twitter:label1\" content=\"Escrito por\" \/>\n\t<meta name=\"twitter:data1\" content=\"Reda\u00e7\u00e3o\" \/>\n<script type=\"application\/ld+json\" class=\"yoast-schema-graph\">{\"@context\":\"https:\/\/schema.org\",\"@graph\":[{\"@type\":\"Article\",\"@id\":\"https:\/\/brasilnoticias.org\/site\/crianca-de-oito-anos-morre-apos-ser-atropelada-por-caminhao-pipa-no-sudoeste-da-ba\/#article\",\"isPartOf\":{\"@id\":\"https:\/\/brasilnoticias.org\/site\/crianca-de-oito-anos-morre-apos-ser-atropelada-por-caminhao-pipa-no-sudoeste-da-ba\/\"},\"author\":{\"name\":\"Reda\u00e7\u00e3o\",\"@id\":\"https:\/\/brasilnoticias.org\/site\/#\/schema\/person\/a0e05b973ec4d15c658d51911e53507b\"},\"headline\":\"Crian\u00e7a de oito anos morre ap\u00f3s ser atropelada por caminh\u00e3o-pipa no sudoeste da BA\",\"datePublished\":\"2023-05-17T09:21:55+00:00\",\"mainEntityOfPage\":{\"@id\":\"https:\/\/brasilnoticias.org\/site\/crianca-de-oito-anos-morre-apos-ser-atropelada-por-caminhao-pipa-no-sudoeste-da-ba\/\"},\"wordCount\":246,\"commentCount\":0,\"publisher\":{\"@id\":\"https:\/\/brasilnoticias.org\/site\/#organization\"},\"image\":{\"@id\":\"https:\/\/brasilnoticias.org\/site\/crianca-de-oito-anos-morre-apos-ser-atropelada-por-caminhao-pipa-no-sudoeste-da-ba\/#primaryimage\"},\"thumbnailUrl\":\"https:\/\/brasilnoticias.org\/site\/wp-content\/uploads\/2023\/05\/design-sem-nome-3-.webp\",\"articleSection\":[\"Not\u00edcias\",\"\u00daltimas\"],\"inLanguage\":\"pt-PT\",\"potentialAction\":[{\"@type\":\"CommentAction\",\"name\":\"Comment\",\"target\":[\"https:\/\/brasilnoticias.org\/site\/crianca-de-oito-anos-morre-apos-ser-atropelada-por-caminhao-pipa-no-sudoeste-da-ba\/#respond\"]}]},{\"@type\":\"WebPage\",\"@id\":\"https:\/\/brasilnoticias.org\/site\/crianca-de-oito-anos-morre-apos-ser-atropelada-por-caminhao-pipa-no-sudoeste-da-ba\/\",\"url\":\"https:\/\/brasilnoticias.org\/site\/crianca-de-oito-anos-morre-apos-ser-atropelada-por-caminhao-pipa-no-sudoeste-da-ba\/\",\"name\":\"Crian\u00e7a de oito anos morre ap\u00f3s ser atropelada por caminh\u00e3o-pipa no sudoeste da BA - Brasil not\u00edcias\",\"isPartOf\":{\"@id\":\"https:\/\/brasilnoticias.org\/site\/#website\"},\"primaryImageOfPage\":{\"@id\":\"https:\/\/brasilnoticias.org\/site\/crianca-de-oito-anos-morre-apos-ser-atropelada-por-caminhao-pipa-no-sudoeste-da-ba\/#primaryimage\"},\"image\":{\"@id\":\"https:\/\/brasilnoticias.org\/site\/crianca-de-oito-anos-morre-apos-ser-atropelada-por-caminhao-pipa-no-sudoeste-da-ba\/#primaryimage\"},\"thumbnailUrl\":\"https:\/\/brasilnoticias.org\/site\/wp-content\/uploads\/2023\/05\/design-sem-nome-3-.webp\",\"datePublished\":\"2023-05-17T09:21:55+00:00\",\"breadcrumb\":{\"@id\":\"https:\/\/brasilnoticias.org\/site\/crianca-de-oito-anos-morre-apos-ser-atropelada-por-caminhao-pipa-no-sudoeste-da-ba\/#breadcrumb\"},\"inLanguage\":\"pt-PT\",\"potentialAction\":[{\"@type\":\"ReadAction\",\"target\":[\"https:\/\/brasilnoticias.org\/site\/crianca-de-oito-anos-morre-apos-ser-atropelada-por-caminhao-pipa-no-sudoeste-da-ba\/\"]}]},{\"@type\":\"ImageObject\",\"inLanguage\":\"pt-PT\",\"@id\":\"https:\/\/brasilnoticias.org\/site\/crianca-de-oito-anos-morre-apos-ser-atropelada-por-caminhao-pipa-no-sudoeste-da-ba\/#primaryimage\",\"url\":\"https:\/\/brasilnoticias.org\/site\/wp-content\/uploads\/2023\/05\/design-sem-nome-3-.webp\",\"contentUrl\":\"https:\/\/brasilnoticias.org\/site\/wp-content\/uploads\/2023\/05\/design-sem-nome-3-.webp\",\"width\":600,\"height\":376},{\"@type\":\"BreadcrumbList\",\"@id\":\"https:\/\/brasilnoticias.org\/site\/crianca-de-oito-anos-morre-apos-ser-atropelada-por-caminhao-pipa-no-sudoeste-da-ba\/#breadcrumb\",\"itemListElement\":[{\"@type\":\"ListItem\",\"position\":1,\"name\":\"In\u00edcio\",\"item\":\"https:\/\/brasilnoticias.org\/site\/\"},{\"@type\":\"ListItem\",\"position\":2,\"name\":\"Crian\u00e7a de oito anos morre ap\u00f3s ser atropelada por caminh\u00e3o-pipa no sudoeste da BA\"}]},{\"@type\":\"WebSite\",\"@id\":\"https:\/\/brasilnoticias.org\/site\/#website\",\"url\":\"https:\/\/brasilnoticias.org\/site\/\",\"name\":\"Brasil not\u00edcias\",\"description\":\"Brasil not\u00edcias\",\"publisher\":{\"@id\":\"https:\/\/brasilnoticias.org\/site\/#organization\"},\"potentialAction\":[{\"@type\":\"SearchAction\",\"target\":{\"@type\":\"EntryPoint\",\"urlTemplate\":\"https:\/\/brasilnoticias.org\/site\/?s={search_term_string}\"},\"query-input\":{\"@type\":\"PropertyValueSpecification\",\"valueRequired\":true,\"valueName\":\"search_term_string\"}}],\"inLanguage\":\"pt-PT\"},{\"@type\":\"Organization\",\"@id\":\"https:\/\/brasilnoticias.org\/site\/#organization\",\"name\":\"Brasil not\u00edcias\",\"url\":\"https:\/\/brasilnoticias.org\/site\/\",\"logo\":{\"@type\":\"ImageObject\",\"inLanguage\":\"pt-PT\",\"@id\":\"https:\/\/brasilnoticias.org\/site\/#\/schema\/logo\/image\/\",\"url\":\"https:\/\/brasilnoticias.org\/site\/wp-content\/uploads\/2022\/05\/cropped-brasilnoticias-mini.jpg\",\"contentUrl\":\"https:\/\/brasilnoticias.org\/site\/wp-content\/uploads\/2022\/05\/cropped-brasilnoticias-mini.jpg\",\"width\":314,\"height\":86,\"caption\":\"Brasil not\u00edcias\"},\"image\":{\"@id\":\"https:\/\/brasilnoticias.org\/site\/#\/schema\/logo\/image\/\"}},{\"@type\":\"Person\",\"@id\":\"https:\/\/brasilnoticias.org\/site\/#\/schema\/person\/a0e05b973ec4d15c658d51911e53507b\",\"name\":\"Reda\u00e7\u00e3o\",\"image\":{\"@type\":\"ImageObject\",\"inLanguage\":\"pt-PT\",\"@id\":\"https:\/\/brasilnoticias.org\/site\/#\/schema\/person\/image\/\",\"url\":\"https:\/\/secure.gravatar.com\/avatar\/75d8b050df2de108b08ae78dfb8e374892df24a383c67db9c46a9c604f6aee9c?s=96&d=mm&r=g\",\"contentUrl\":\"https:\/\/secure.gravatar.com\/avatar\/75d8b050df2de108b08ae78dfb8e374892df24a383c67db9c46a9c604f6aee9c?s=96&d=mm&r=g\",\"caption\":\"Reda\u00e7\u00e3o\"},\"sameAs\":[\"https:\/\/brasilnoticias.org\/site\"],\"url\":\"https:\/\/brasilnoticias.org\/site\/author\/fernandozsngmail-com\/\"}]}<\/script>\n<!-- \/ Yoast SEO plugin. -->","yoast_head_json":{"title":"Crian\u00e7a de oito anos morre ap\u00f3s ser atropelada por caminh\u00e3o-pipa no sudoeste da BA - Brasil not\u00edcias","robots":{"index":"index","follow":"follow","max-snippet":"max-snippet:-1","max-image-preview":"max-image-preview:large","max-video-preview":"max-video-preview:-1"},"canonical":"https:\/\/brasilnoticias.org\/site\/crianca-de-oito-anos-morre-apos-ser-atropelada-por-caminhao-pipa-no-sudoeste-da-ba\/","og_locale":"pt_PT","og_type":"article","og_title":"Crian\u00e7a de oito anos morre ap\u00f3s ser atropelada por caminh\u00e3o-pipa no sudoeste da BA - Brasil not\u00edcias","og_description":"Uma crian\u00e7a de oito anos morreu ap\u00f3s ser atropelada por um caminh\u00e3o pipa, nesta ter\u00e7a-feira (16), na cidade de Barra","og_url":"https:\/\/brasilnoticias.org\/site\/crianca-de-oito-anos-morre-apos-ser-atropelada-por-caminhao-pipa-no-sudoeste-da-ba\/","og_site_name":"Brasil not\u00edcias","article_published_time":"2023-05-17T09:21:55+00:00","og_image":[{"width":600,"height":376,"url":"https:\/\/brasilnoticias.org\/site\/wp-content\/uploads\/2023\/05\/design-sem-nome-3-.webp","type":"image\/webp"}],"author":"Reda\u00e7\u00e3o","twitter_card":"summary_large_image","twitter_misc":{"Escrito por":"Reda\u00e7\u00e3o"},"schema":{"@context":"https:\/\/schema.org","@graph":[{"@type":"Article","@id":"https:\/\/brasilnoticias.org\/site\/crianca-de-oito-anos-morre-apos-ser-atropelada-por-caminhao-pipa-no-sudoeste-da-ba\/#article","isPartOf":{"@id":"https:\/\/brasilnoticias.org\/site\/crianca-de-oito-anos-morre-apos-ser-atropelada-por-caminhao-pipa-no-sudoeste-da-ba\/"},"author":{"name":"Reda\u00e7\u00e3o","@id":"https:\/\/brasilnoticias.org\/site\/#\/schema\/person\/a0e05b973ec4d15c658d51911e53507b"},"headline":"Crian\u00e7a de oito anos morre ap\u00f3s ser atropelada por caminh\u00e3o-pipa no sudoeste da BA","datePublished":"2023-05-17T09:21:55+00:00","mainEntityOfPage":{"@id":"https:\/\/brasilnoticias.org\/site\/crianca-de-oito-anos-morre-apos-ser-atropelada-por-caminhao-pipa-no-sudoeste-da-ba\/"},"wordCount":246,"commentCount":0,"publisher":{"@id":"https:\/\/brasilnoticias.org\/site\/#organization"},"image":{"@id":"https:\/\/brasilnoticias.org\/site\/crianca-de-oito-anos-morre-apos-ser-atropelada-por-caminhao-pipa-no-sudoeste-da-ba\/#primaryimage"},"thumbnailUrl":"https:\/\/brasilnoticias.org\/site\/wp-content\/uploads\/2023\/05\/design-sem-nome-3-.webp","articleSection":["Not\u00edcias","\u00daltimas"],"inLanguage":"pt-PT","potentialAction":[{"@type":"CommentAction","name":"Comment","target":["https:\/\/brasilnoticias.org\/site\/crianca-de-oito-anos-morre-apos-ser-atropelada-por-caminhao-pipa-no-sudoeste-da-ba\/#respond"]}]},{"@type":"WebPage","@id":"https:\/\/brasilnoticias.org\/site\/crianca-de-oito-anos-morre-apos-ser-atropelada-por-caminhao-pipa-no-sudoeste-da-ba\/","url":"https:\/\/brasilnoticias.org\/site\/crianca-de-oito-anos-morre-apos-ser-atropelada-por-caminhao-pipa-no-sudoeste-da-ba\/","name":"Crian\u00e7a de oito anos morre ap\u00f3s ser atropelada por caminh\u00e3o-pipa no sudoeste da BA - Brasil not\u00edcias","isPartOf":{"@id":"https:\/\/brasilnoticias.org\/site\/#website"},"primaryImageOfPage":{"@id":"https:\/\/brasilnoticias.org\/site\/crianca-de-oito-anos-morre-apos-ser-atropelada-por-caminhao-pipa-no-sudoeste-da-ba\/#primaryimage"},"image":{"@id":"https:\/\/brasilnoticias.org\/site\/crianca-de-oito-anos-morre-apos-ser-atropelada-por-caminhao-pipa-no-sudoeste-da-ba\/#primaryimage"},"thumbnailUrl":"https:\/\/brasilnoticias.org\/site\/wp-content\/uploads\/2023\/05\/design-sem-nome-3-.webp","datePublished":"2023-05-17T09:21:55+00:00","breadcrumb":{"@id":"https:\/\/brasilnoticias.org\/site\/crianca-de-oito-anos-morre-apos-ser-atropelada-por-caminhao-pipa-no-sudoeste-da-ba\/#breadcrumb"},"inLanguage":"pt-PT","potentialAction":[{"@type":"ReadAction","target":["https:\/\/brasilnoticias.org\/site\/crianca-de-oito-anos-morre-apos-ser-atropelada-por-caminhao-pipa-no-sudoeste-da-ba\/"]}]},{"@type":"ImageObject","inLanguage":"pt-PT","@id":"https:\/\/brasilnoticias.org\/site\/crianca-de-oito-anos-morre-apos-ser-atropelada-por-caminhao-pipa-no-sudoeste-da-ba\/#primaryimage","url":"https:\/\/brasilnoticias.org\/site\/wp-content\/uploads\/2023\/05\/design-sem-nome-3-.webp","contentUrl":"https:\/\/brasilnoticias.org\/site\/wp-content\/uploads\/2023\/05\/design-sem-nome-3-.webp","width":600,"height":376},{"@type":"BreadcrumbList","@id":"https:\/\/brasilnoticias.org\/site\/crianca-de-oito-anos-morre-apos-ser-atropelada-por-caminhao-pipa-no-sudoeste-da-ba\/#breadcrumb","itemListElement":[{"@type":"ListItem","position":1,"name":"In\u00edcio","item":"https:\/\/brasilnoticias.org\/site\/"},{"@type":"ListItem","position":2,"name":"Crian\u00e7a de oito anos morre ap\u00f3s ser atropelada por caminh\u00e3o-pipa no sudoeste da BA"}]},{"@type":"WebSite","@id":"https:\/\/brasilnoticias.org\/site\/#website","url":"https:\/\/brasilnoticias.org\/site\/","name":"Brasil not\u00edcias","description":"Brasil not\u00edcias","publisher":{"@id":"https:\/\/brasilnoticias.org\/site\/#organization"},"potentialAction":[{"@type":"SearchAction","target":{"@type":"EntryPoint","urlTemplate":"https:\/\/brasilnoticias.org\/site\/?s={search_term_string}"},"query-input":{"@type":"PropertyValueSpecification","valueRequired":true,"valueName":"search_term_string"}}],"inLanguage":"pt-PT"},{"@type":"Organization","@id":"https:\/\/brasilnoticias.org\/site\/#organization","name":"Brasil not\u00edcias","url":"https:\/\/brasilnoticias.org\/site\/","logo":{"@type":"ImageObject","inLanguage":"pt-PT","@id":"https:\/\/brasilnoticias.org\/site\/#\/schema\/logo\/image\/","url":"https:\/\/brasilnoticias.org\/site\/wp-content\/uploads\/2022\/05\/cropped-brasilnoticias-mini.jpg","contentUrl":"https:\/\/brasilnoticias.org\/site\/wp-content\/uploads\/2022\/05\/cropped-brasilnoticias-mini.jpg","width":314,"height":86,"caption":"Brasil not\u00edcias"},"image":{"@id":"https:\/\/brasilnoticias.org\/site\/#\/schema\/logo\/image\/"}},{"@type":"Person","@id":"https:\/\/brasilnoticias.org\/site\/#\/schema\/person\/a0e05b973ec4d15c658d51911e53507b","name":"Reda\u00e7\u00e3o","image":{"@type":"ImageObject","inLanguage":"pt-PT","@id":"https:\/\/brasilnoticias.org\/site\/#\/schema\/person\/image\/","url":"https:\/\/secure.gravatar.com\/avatar\/75d8b050df2de108b08ae78dfb8e374892df24a383c67db9c46a9c604f6aee9c?s=96&d=mm&r=g","contentUrl":"https:\/\/secure.gravatar.com\/avatar\/75d8b050df2de108b08ae78dfb8e374892df24a383c67db9c46a9c604f6aee9c?s=96&d=mm&r=g","caption":"Reda\u00e7\u00e3o"},"sameAs":["https:\/\/brasilnoticias.org\/site"],"url":"https:\/\/brasilnoticias.org\/site\/author\/fernandozsngmail-com\/"}]}},"_links":{"self":[{"href":"https:\/\/brasilnoticias.org\/site\/wp-json\/wp\/v2\/posts\/6071","targetHints":{"allow":["GET"]}}],"collection":[{"href":"https:\/\/brasilnoticias.org\/site\/wp-json\/wp\/v2\/posts"}],"about":[{"href":"https:\/\/brasilnoticias.org\/site\/wp-json\/wp\/v2\/types\/post"}],"author":[{"embeddable":true,"href":"https:\/\/brasilnoticias.org\/site\/wp-json\/wp\/v2\/users\/1"}],"replies":[{"embeddable":true,"href":"https:\/\/brasilnoticias.org\/site\/wp-json\/wp\/v2\/comments?post=6071"}],"version-history":[{"count":1,"href":"https:\/\/brasilnoticias.org\/site\/wp-json\/wp\/v2\/posts\/6071\/revisions"}],"predecessor-version":[{"id":6073,"href":"https:\/\/brasilnoticias.org\/site\/wp-json\/wp\/v2\/posts\/6071\/revisions\/6073"}],"wp:featuredmedia":[{"embeddable":true,"href":"https:\/\/brasilnoticias.org\/site\/wp-json\/wp\/v2\/media\/6072"}],"wp:attachment":[{"href":"https:\/\/brasilnoticias.org\/site\/wp-json\/wp\/v2\/media?parent=6071"}],"wp:term":[{"taxonomy":"category","embeddable":true,"href":"https:\/\/brasilnoticias.org\/site\/wp-json\/wp\/v2\/categories?post=6071"},{"taxonomy":"post_tag","embeddable":true,"href":"https:\/\/brasilnoticias.org\/site\/wp-json\/wp\/v2\/tags?post=6071"}],"curies":[{"name":"wp","href":"https:\/\/api.w.org\/{rel}","templated":true}]}}