{"id":6083,"date":"2023-05-17T06:58:00","date_gmt":"2023-05-17T09:58:00","guid":{"rendered":"https:\/\/brasilnoticias.org\/site\/?p=6083"},"modified":"2023-05-17T06:58:00","modified_gmt":"2023-05-17T09:58:00","slug":"capitao-alden-repudia-fala-de-vereadora-do-pt-que-desejou-que-mae-de-bolsonaro-morresse-antes-do-nascimento-do-ex-presidente","status":"publish","type":"post","link":"https:\/\/brasilnoticias.org\/site\/capitao-alden-repudia-fala-de-vereadora-do-pt-que-desejou-que-mae-de-bolsonaro-morresse-antes-do-nascimento-do-ex-presidente\/","title":{"rendered":"Capit\u00e3o Alden repudia fala de vereadora do PT que desejou que m\u00e3e de Bolsonaro morresse antes do nascimento do ex-presidente"},"content":{"rendered":"<p>Ap\u00f3s a vereadora Perla Muller (PT), de Ribeir\u00e3o Preto (SP), dizer que a m\u00e3e do ex-presidente Jair Bolsonaro (PL), Dona Olinda, morreu com 66 anos de atraso, o deputado federal Capit\u00e3o Alden (PL-BA), defendeu o pedido de mo\u00e7\u00e3o de rep\u00fadio \u00e0s declara\u00e7\u00f5es da petista proposta pelo parlamentar Paulo Bilynskyj (PL-SP), na C\u00e2mara dos Deputados. <\/p>\n<p>&#8220;Acuse-os do que voc\u00ea faz, chame-os do que voc\u00ea \u00e9. Esta \u00e9 uma pr\u00e1tica comum da esquerda. Diferente deles, n\u00f3s, da Direita, n\u00e3o temos um rep\u00fadio seletivo. Ao mesmo tempo que eles falam que &#8216;o amor venceu&#8217;, que eles dizem brigar por direitos iguais, eles defendem a morte de personagens de Direita. Hipocrisia. Essa fala deve ser repudiada&#8221;, disse o Capit\u00e3o Alden. <\/p>\n<p>A m\u00e3e do ex-presidente Jair Bolsonaro, dona Olinda Bolsonaro, faleceu em 2021, aos 94 anos, no munic\u00edpio de Registro-SP. Ap\u00f3s as declara\u00e7\u00f5es da petista, vereadores da C\u00e2mara Municipal de Ribeir\u00e3o Preto entraram com um pedido de cassa\u00e7\u00e3o contra Perla Muller, por quebra de decoro parlamentar.<\/p>\n","protected":false},"excerpt":{"rendered":"<p>Ap\u00f3s a vereadora Perla Muller (PT), de Ribeir\u00e3o Preto (SP), dizer que a m\u00e3e do ex-presidente Jair Bolsonaro (PL), Dona<\/p>\n","protected":false},"author":1,"featured_media":6069,"comment_status":"open","ping_status":"open","sticky":false,"template":"","format":"standard","meta":{"colormag_page_container_layout":"default_layout","colormag_page_sidebar_layout":"default_layout","_FSMCFIC_featured_image_caption":"","_FSMCFIC_featured_image_nocaption":"","_FSMCFIC_featured_image_hide":"","footnotes":""},"categories":[5,1],"tags":[],"class_list":["post-6083","post","type-post","status-publish","format-standard","has-post-thumbnail","hentry","category-politica","category-ultimas"],"yoast_head":"<!-- This site is optimized with the Yoast SEO plugin v27.1.1 - https:\/\/yoast.com\/product\/yoast-seo-wordpress\/ -->\n<title>Capit\u00e3o Alden repudia fala de vereadora do PT que desejou que m\u00e3e de Bolsonaro morresse antes do nascimento do ex-presidente - Brasil not\u00edcias<\/title>\n<meta name=\"robots\" content=\"index, follow, max-snippet:-1, max-image-preview:large, max-video-preview:-1\" \/>\n<link rel=\"canonical\" href=\"https:\/\/brasilnoticias.org\/site\/capitao-alden-repudia-fala-de-vereadora-do-pt-que-desejou-que-mae-de-bolsonaro-morresse-antes-do-nascimento-do-ex-presidente\/\" \/>\n<meta property=\"og:locale\" content=\"pt_PT\" \/>\n<meta property=\"og:type\" content=\"article\" \/>\n<meta property=\"og:title\" content=\"Capit\u00e3o Alden repudia fala de vereadora do PT que desejou que m\u00e3e de Bolsonaro morresse antes do nascimento do ex-presidente - Brasil not\u00edcias\" \/>\n<meta property=\"og:description\" content=\"Ap\u00f3s a vereadora Perla Muller (PT), de Ribeir\u00e3o Preto (SP), dizer que a m\u00e3e do ex-presidente Jair Bolsonaro (PL), Dona\" \/>\n<meta property=\"og:url\" content=\"https:\/\/brasilnoticias.org\/site\/capitao-alden-repudia-fala-de-vereadora-do-pt-que-desejou-que-mae-de-bolsonaro-morresse-antes-do-nascimento-do-ex-presidente\/\" \/>\n<meta property=\"og:site_name\" content=\"Brasil not\u00edcias\" \/>\n<meta property=\"article:published_time\" content=\"2023-05-17T09:58:00+00:00\" \/>\n<meta property=\"og:image\" content=\"https:\/\/brasilnoticias.org\/site\/wp-content\/uploads\/2023\/05\/WhatsApp-Image-2023-05-16-at-18.23.05.jpeg\" \/>\n\t<meta property=\"og:image:width\" content=\"1600\" \/>\n\t<meta property=\"og:image:height\" content=\"1066\" \/>\n\t<meta property=\"og:image:type\" content=\"image\/jpeg\" \/>\n<meta name=\"author\" content=\"Reda\u00e7\u00e3o\" \/>\n<meta name=\"twitter:card\" content=\"summary_large_image\" \/>\n<meta name=\"twitter:label1\" content=\"Escrito por\" \/>\n\t<meta name=\"twitter:data1\" content=\"Reda\u00e7\u00e3o\" \/>\n<script type=\"application\/ld+json\" class=\"yoast-schema-graph\">{\"@context\":\"https:\/\/schema.org\",\"@graph\":[{\"@type\":\"Article\",\"@id\":\"https:\/\/brasilnoticias.org\/site\/capitao-alden-repudia-fala-de-vereadora-do-pt-que-desejou-que-mae-de-bolsonaro-morresse-antes-do-nascimento-do-ex-presidente\/#article\",\"isPartOf\":{\"@id\":\"https:\/\/brasilnoticias.org\/site\/capitao-alden-repudia-fala-de-vereadora-do-pt-que-desejou-que-mae-de-bolsonaro-morresse-antes-do-nascimento-do-ex-presidente\/\"},\"author\":{\"name\":\"Reda\u00e7\u00e3o\",\"@id\":\"https:\/\/brasilnoticias.org\/site\/#\/schema\/person\/a0e05b973ec4d15c658d51911e53507b\"},\"headline\":\"Capit\u00e3o Alden repudia fala de vereadora do PT que desejou que m\u00e3e de Bolsonaro morresse antes do nascimento do ex-presidente\",\"datePublished\":\"2023-05-17T09:58:00+00:00\",\"mainEntityOfPage\":{\"@id\":\"https:\/\/brasilnoticias.org\/site\/capitao-alden-repudia-fala-de-vereadora-do-pt-que-desejou-que-mae-de-bolsonaro-morresse-antes-do-nascimento-do-ex-presidente\/\"},\"wordCount\":198,\"commentCount\":0,\"publisher\":{\"@id\":\"https:\/\/brasilnoticias.org\/site\/#organization\"},\"image\":{\"@id\":\"https:\/\/brasilnoticias.org\/site\/capitao-alden-repudia-fala-de-vereadora-do-pt-que-desejou-que-mae-de-bolsonaro-morresse-antes-do-nascimento-do-ex-presidente\/#primaryimage\"},\"thumbnailUrl\":\"https:\/\/brasilnoticias.org\/site\/wp-content\/uploads\/2023\/05\/WhatsApp-Image-2023-05-16-at-18.23.05.jpeg\",\"articleSection\":[\"Pol\u00edtica\",\"\u00daltimas\"],\"inLanguage\":\"pt-PT\",\"potentialAction\":[{\"@type\":\"CommentAction\",\"name\":\"Comment\",\"target\":[\"https:\/\/brasilnoticias.org\/site\/capitao-alden-repudia-fala-de-vereadora-do-pt-que-desejou-que-mae-de-bolsonaro-morresse-antes-do-nascimento-do-ex-presidente\/#respond\"]}]},{\"@type\":\"WebPage\",\"@id\":\"https:\/\/brasilnoticias.org\/site\/capitao-alden-repudia-fala-de-vereadora-do-pt-que-desejou-que-mae-de-bolsonaro-morresse-antes-do-nascimento-do-ex-presidente\/\",\"url\":\"https:\/\/brasilnoticias.org\/site\/capitao-alden-repudia-fala-de-vereadora-do-pt-que-desejou-que-mae-de-bolsonaro-morresse-antes-do-nascimento-do-ex-presidente\/\",\"name\":\"Capit\u00e3o Alden repudia fala de vereadora do PT que desejou que m\u00e3e de Bolsonaro morresse antes do nascimento do ex-presidente - Brasil not\u00edcias\",\"isPartOf\":{\"@id\":\"https:\/\/brasilnoticias.org\/site\/#website\"},\"primaryImageOfPage\":{\"@id\":\"https:\/\/brasilnoticias.org\/site\/capitao-alden-repudia-fala-de-vereadora-do-pt-que-desejou-que-mae-de-bolsonaro-morresse-antes-do-nascimento-do-ex-presidente\/#primaryimage\"},\"image\":{\"@id\":\"https:\/\/brasilnoticias.org\/site\/capitao-alden-repudia-fala-de-vereadora-do-pt-que-desejou-que-mae-de-bolsonaro-morresse-antes-do-nascimento-do-ex-presidente\/#primaryimage\"},\"thumbnailUrl\":\"https:\/\/brasilnoticias.org\/site\/wp-content\/uploads\/2023\/05\/WhatsApp-Image-2023-05-16-at-18.23.05.jpeg\",\"datePublished\":\"2023-05-17T09:58:00+00:00\",\"breadcrumb\":{\"@id\":\"https:\/\/brasilnoticias.org\/site\/capitao-alden-repudia-fala-de-vereadora-do-pt-que-desejou-que-mae-de-bolsonaro-morresse-antes-do-nascimento-do-ex-presidente\/#breadcrumb\"},\"inLanguage\":\"pt-PT\",\"potentialAction\":[{\"@type\":\"ReadAction\",\"target\":[\"https:\/\/brasilnoticias.org\/site\/capitao-alden-repudia-fala-de-vereadora-do-pt-que-desejou-que-mae-de-bolsonaro-morresse-antes-do-nascimento-do-ex-presidente\/\"]}]},{\"@type\":\"ImageObject\",\"inLanguage\":\"pt-PT\",\"@id\":\"https:\/\/brasilnoticias.org\/site\/capitao-alden-repudia-fala-de-vereadora-do-pt-que-desejou-que-mae-de-bolsonaro-morresse-antes-do-nascimento-do-ex-presidente\/#primaryimage\",\"url\":\"https:\/\/brasilnoticias.org\/site\/wp-content\/uploads\/2023\/05\/WhatsApp-Image-2023-05-16-at-18.23.05.jpeg\",\"contentUrl\":\"https:\/\/brasilnoticias.org\/site\/wp-content\/uploads\/2023\/05\/WhatsApp-Image-2023-05-16-at-18.23.05.jpeg\",\"width\":1600,\"height\":1066},{\"@type\":\"BreadcrumbList\",\"@id\":\"https:\/\/brasilnoticias.org\/site\/capitao-alden-repudia-fala-de-vereadora-do-pt-que-desejou-que-mae-de-bolsonaro-morresse-antes-do-nascimento-do-ex-presidente\/#breadcrumb\",\"itemListElement\":[{\"@type\":\"ListItem\",\"position\":1,\"name\":\"In\u00edcio\",\"item\":\"https:\/\/brasilnoticias.org\/site\/\"},{\"@type\":\"ListItem\",\"position\":2,\"name\":\"Capit\u00e3o Alden repudia fala de vereadora do PT que desejou que m\u00e3e de Bolsonaro morresse antes do nascimento do ex-presidente\"}]},{\"@type\":\"WebSite\",\"@id\":\"https:\/\/brasilnoticias.org\/site\/#website\",\"url\":\"https:\/\/brasilnoticias.org\/site\/\",\"name\":\"Brasil not\u00edcias\",\"description\":\"Brasil not\u00edcias\",\"publisher\":{\"@id\":\"https:\/\/brasilnoticias.org\/site\/#organization\"},\"potentialAction\":[{\"@type\":\"SearchAction\",\"target\":{\"@type\":\"EntryPoint\",\"urlTemplate\":\"https:\/\/brasilnoticias.org\/site\/?s={search_term_string}\"},\"query-input\":{\"@type\":\"PropertyValueSpecification\",\"valueRequired\":true,\"valueName\":\"search_term_string\"}}],\"inLanguage\":\"pt-PT\"},{\"@type\":\"Organization\",\"@id\":\"https:\/\/brasilnoticias.org\/site\/#organization\",\"name\":\"Brasil not\u00edcias\",\"url\":\"https:\/\/brasilnoticias.org\/site\/\",\"logo\":{\"@type\":\"ImageObject\",\"inLanguage\":\"pt-PT\",\"@id\":\"https:\/\/brasilnoticias.org\/site\/#\/schema\/logo\/image\/\",\"url\":\"https:\/\/brasilnoticias.org\/site\/wp-content\/uploads\/2022\/05\/cropped-brasilnoticias-mini.jpg\",\"contentUrl\":\"https:\/\/brasilnoticias.org\/site\/wp-content\/uploads\/2022\/05\/cropped-brasilnoticias-mini.jpg\",\"width\":314,\"height\":86,\"caption\":\"Brasil not\u00edcias\"},\"image\":{\"@id\":\"https:\/\/brasilnoticias.org\/site\/#\/schema\/logo\/image\/\"}},{\"@type\":\"Person\",\"@id\":\"https:\/\/brasilnoticias.org\/site\/#\/schema\/person\/a0e05b973ec4d15c658d51911e53507b\",\"name\":\"Reda\u00e7\u00e3o\",\"image\":{\"@type\":\"ImageObject\",\"inLanguage\":\"pt-PT\",\"@id\":\"https:\/\/brasilnoticias.org\/site\/#\/schema\/person\/image\/\",\"url\":\"https:\/\/secure.gravatar.com\/avatar\/75d8b050df2de108b08ae78dfb8e374892df24a383c67db9c46a9c604f6aee9c?s=96&d=mm&r=g\",\"contentUrl\":\"https:\/\/secure.gravatar.com\/avatar\/75d8b050df2de108b08ae78dfb8e374892df24a383c67db9c46a9c604f6aee9c?s=96&d=mm&r=g\",\"caption\":\"Reda\u00e7\u00e3o\"},\"sameAs\":[\"https:\/\/brasilnoticias.org\/site\"],\"url\":\"https:\/\/brasilnoticias.org\/site\/author\/fernandozsngmail-com\/\"}]}<\/script>\n<!-- \/ Yoast SEO plugin. -->","yoast_head_json":{"title":"Capit\u00e3o Alden repudia fala de vereadora do PT que desejou que m\u00e3e de Bolsonaro morresse antes do nascimento do ex-presidente - Brasil not\u00edcias","robots":{"index":"index","follow":"follow","max-snippet":"max-snippet:-1","max-image-preview":"max-image-preview:large","max-video-preview":"max-video-preview:-1"},"canonical":"https:\/\/brasilnoticias.org\/site\/capitao-alden-repudia-fala-de-vereadora-do-pt-que-desejou-que-mae-de-bolsonaro-morresse-antes-do-nascimento-do-ex-presidente\/","og_locale":"pt_PT","og_type":"article","og_title":"Capit\u00e3o Alden repudia fala de vereadora do PT que desejou que m\u00e3e de Bolsonaro morresse antes do nascimento do ex-presidente - Brasil not\u00edcias","og_description":"Ap\u00f3s a vereadora Perla Muller (PT), de Ribeir\u00e3o Preto (SP), dizer que a m\u00e3e do ex-presidente Jair Bolsonaro (PL), Dona","og_url":"https:\/\/brasilnoticias.org\/site\/capitao-alden-repudia-fala-de-vereadora-do-pt-que-desejou-que-mae-de-bolsonaro-morresse-antes-do-nascimento-do-ex-presidente\/","og_site_name":"Brasil not\u00edcias","article_published_time":"2023-05-17T09:58:00+00:00","og_image":[{"width":1600,"height":1066,"url":"https:\/\/brasilnoticias.org\/site\/wp-content\/uploads\/2023\/05\/WhatsApp-Image-2023-05-16-at-18.23.05.jpeg","type":"image\/jpeg"}],"author":"Reda\u00e7\u00e3o","twitter_card":"summary_large_image","twitter_misc":{"Escrito por":"Reda\u00e7\u00e3o"},"schema":{"@context":"https:\/\/schema.org","@graph":[{"@type":"Article","@id":"https:\/\/brasilnoticias.org\/site\/capitao-alden-repudia-fala-de-vereadora-do-pt-que-desejou-que-mae-de-bolsonaro-morresse-antes-do-nascimento-do-ex-presidente\/#article","isPartOf":{"@id":"https:\/\/brasilnoticias.org\/site\/capitao-alden-repudia-fala-de-vereadora-do-pt-que-desejou-que-mae-de-bolsonaro-morresse-antes-do-nascimento-do-ex-presidente\/"},"author":{"name":"Reda\u00e7\u00e3o","@id":"https:\/\/brasilnoticias.org\/site\/#\/schema\/person\/a0e05b973ec4d15c658d51911e53507b"},"headline":"Capit\u00e3o Alden repudia fala de vereadora do PT que desejou que m\u00e3e de Bolsonaro morresse antes do nascimento do ex-presidente","datePublished":"2023-05-17T09:58:00+00:00","mainEntityOfPage":{"@id":"https:\/\/brasilnoticias.org\/site\/capitao-alden-repudia-fala-de-vereadora-do-pt-que-desejou-que-mae-de-bolsonaro-morresse-antes-do-nascimento-do-ex-presidente\/"},"wordCount":198,"commentCount":0,"publisher":{"@id":"https:\/\/brasilnoticias.org\/site\/#organization"},"image":{"@id":"https:\/\/brasilnoticias.org\/site\/capitao-alden-repudia-fala-de-vereadora-do-pt-que-desejou-que-mae-de-bolsonaro-morresse-antes-do-nascimento-do-ex-presidente\/#primaryimage"},"thumbnailUrl":"https:\/\/brasilnoticias.org\/site\/wp-content\/uploads\/2023\/05\/WhatsApp-Image-2023-05-16-at-18.23.05.jpeg","articleSection":["Pol\u00edtica","\u00daltimas"],"inLanguage":"pt-PT","potentialAction":[{"@type":"CommentAction","name":"Comment","target":["https:\/\/brasilnoticias.org\/site\/capitao-alden-repudia-fala-de-vereadora-do-pt-que-desejou-que-mae-de-bolsonaro-morresse-antes-do-nascimento-do-ex-presidente\/#respond"]}]},{"@type":"WebPage","@id":"https:\/\/brasilnoticias.org\/site\/capitao-alden-repudia-fala-de-vereadora-do-pt-que-desejou-que-mae-de-bolsonaro-morresse-antes-do-nascimento-do-ex-presidente\/","url":"https:\/\/brasilnoticias.org\/site\/capitao-alden-repudia-fala-de-vereadora-do-pt-que-desejou-que-mae-de-bolsonaro-morresse-antes-do-nascimento-do-ex-presidente\/","name":"Capit\u00e3o Alden repudia fala de vereadora do PT que desejou que m\u00e3e de Bolsonaro morresse antes do nascimento do ex-presidente - Brasil not\u00edcias","isPartOf":{"@id":"https:\/\/brasilnoticias.org\/site\/#website"},"primaryImageOfPage":{"@id":"https:\/\/brasilnoticias.org\/site\/capitao-alden-repudia-fala-de-vereadora-do-pt-que-desejou-que-mae-de-bolsonaro-morresse-antes-do-nascimento-do-ex-presidente\/#primaryimage"},"image":{"@id":"https:\/\/brasilnoticias.org\/site\/capitao-alden-repudia-fala-de-vereadora-do-pt-que-desejou-que-mae-de-bolsonaro-morresse-antes-do-nascimento-do-ex-presidente\/#primaryimage"},"thumbnailUrl":"https:\/\/brasilnoticias.org\/site\/wp-content\/uploads\/2023\/05\/WhatsApp-Image-2023-05-16-at-18.23.05.jpeg","datePublished":"2023-05-17T09:58:00+00:00","breadcrumb":{"@id":"https:\/\/brasilnoticias.org\/site\/capitao-alden-repudia-fala-de-vereadora-do-pt-que-desejou-que-mae-de-bolsonaro-morresse-antes-do-nascimento-do-ex-presidente\/#breadcrumb"},"inLanguage":"pt-PT","potentialAction":[{"@type":"ReadAction","target":["https:\/\/brasilnoticias.org\/site\/capitao-alden-repudia-fala-de-vereadora-do-pt-que-desejou-que-mae-de-bolsonaro-morresse-antes-do-nascimento-do-ex-presidente\/"]}]},{"@type":"ImageObject","inLanguage":"pt-PT","@id":"https:\/\/brasilnoticias.org\/site\/capitao-alden-repudia-fala-de-vereadora-do-pt-que-desejou-que-mae-de-bolsonaro-morresse-antes-do-nascimento-do-ex-presidente\/#primaryimage","url":"https:\/\/brasilnoticias.org\/site\/wp-content\/uploads\/2023\/05\/WhatsApp-Image-2023-05-16-at-18.23.05.jpeg","contentUrl":"https:\/\/brasilnoticias.org\/site\/wp-content\/uploads\/2023\/05\/WhatsApp-Image-2023-05-16-at-18.23.05.jpeg","width":1600,"height":1066},{"@type":"BreadcrumbList","@id":"https:\/\/brasilnoticias.org\/site\/capitao-alden-repudia-fala-de-vereadora-do-pt-que-desejou-que-mae-de-bolsonaro-morresse-antes-do-nascimento-do-ex-presidente\/#breadcrumb","itemListElement":[{"@type":"ListItem","position":1,"name":"In\u00edcio","item":"https:\/\/brasilnoticias.org\/site\/"},{"@type":"ListItem","position":2,"name":"Capit\u00e3o Alden repudia fala de vereadora do PT que desejou que m\u00e3e de Bolsonaro morresse antes do nascimento do ex-presidente"}]},{"@type":"WebSite","@id":"https:\/\/brasilnoticias.org\/site\/#website","url":"https:\/\/brasilnoticias.org\/site\/","name":"Brasil not\u00edcias","description":"Brasil not\u00edcias","publisher":{"@id":"https:\/\/brasilnoticias.org\/site\/#organization"},"potentialAction":[{"@type":"SearchAction","target":{"@type":"EntryPoint","urlTemplate":"https:\/\/brasilnoticias.org\/site\/?s={search_term_string}"},"query-input":{"@type":"PropertyValueSpecification","valueRequired":true,"valueName":"search_term_string"}}],"inLanguage":"pt-PT"},{"@type":"Organization","@id":"https:\/\/brasilnoticias.org\/site\/#organization","name":"Brasil not\u00edcias","url":"https:\/\/brasilnoticias.org\/site\/","logo":{"@type":"ImageObject","inLanguage":"pt-PT","@id":"https:\/\/brasilnoticias.org\/site\/#\/schema\/logo\/image\/","url":"https:\/\/brasilnoticias.org\/site\/wp-content\/uploads\/2022\/05\/cropped-brasilnoticias-mini.jpg","contentUrl":"https:\/\/brasilnoticias.org\/site\/wp-content\/uploads\/2022\/05\/cropped-brasilnoticias-mini.jpg","width":314,"height":86,"caption":"Brasil not\u00edcias"},"image":{"@id":"https:\/\/brasilnoticias.org\/site\/#\/schema\/logo\/image\/"}},{"@type":"Person","@id":"https:\/\/brasilnoticias.org\/site\/#\/schema\/person\/a0e05b973ec4d15c658d51911e53507b","name":"Reda\u00e7\u00e3o","image":{"@type":"ImageObject","inLanguage":"pt-PT","@id":"https:\/\/brasilnoticias.org\/site\/#\/schema\/person\/image\/","url":"https:\/\/secure.gravatar.com\/avatar\/75d8b050df2de108b08ae78dfb8e374892df24a383c67db9c46a9c604f6aee9c?s=96&d=mm&r=g","contentUrl":"https:\/\/secure.gravatar.com\/avatar\/75d8b050df2de108b08ae78dfb8e374892df24a383c67db9c46a9c604f6aee9c?s=96&d=mm&r=g","caption":"Reda\u00e7\u00e3o"},"sameAs":["https:\/\/brasilnoticias.org\/site"],"url":"https:\/\/brasilnoticias.org\/site\/author\/fernandozsngmail-com\/"}]}},"_links":{"self":[{"href":"https:\/\/brasilnoticias.org\/site\/wp-json\/wp\/v2\/posts\/6083","targetHints":{"allow":["GET"]}}],"collection":[{"href":"https:\/\/brasilnoticias.org\/site\/wp-json\/wp\/v2\/posts"}],"about":[{"href":"https:\/\/brasilnoticias.org\/site\/wp-json\/wp\/v2\/types\/post"}],"author":[{"embeddable":true,"href":"https:\/\/brasilnoticias.org\/site\/wp-json\/wp\/v2\/users\/1"}],"replies":[{"embeddable":true,"href":"https:\/\/brasilnoticias.org\/site\/wp-json\/wp\/v2\/comments?post=6083"}],"version-history":[{"count":1,"href":"https:\/\/brasilnoticias.org\/site\/wp-json\/wp\/v2\/posts\/6083\/revisions"}],"predecessor-version":[{"id":6084,"href":"https:\/\/brasilnoticias.org\/site\/wp-json\/wp\/v2\/posts\/6083\/revisions\/6084"}],"wp:featuredmedia":[{"embeddable":true,"href":"https:\/\/brasilnoticias.org\/site\/wp-json\/wp\/v2\/media\/6069"}],"wp:attachment":[{"href":"https:\/\/brasilnoticias.org\/site\/wp-json\/wp\/v2\/media?parent=6083"}],"wp:term":[{"taxonomy":"category","embeddable":true,"href":"https:\/\/brasilnoticias.org\/site\/wp-json\/wp\/v2\/categories?post=6083"},{"taxonomy":"post_tag","embeddable":true,"href":"https:\/\/brasilnoticias.org\/site\/wp-json\/wp\/v2\/tags?post=6083"}],"curies":[{"name":"wp","href":"https:\/\/api.w.org\/{rel}","templated":true}]}}