{"id":6099,"date":"2023-05-17T17:41:07","date_gmt":"2023-05-17T20:41:07","guid":{"rendered":"https:\/\/brasilnoticias.org\/site\/?p=6099"},"modified":"2023-05-17T17:41:07","modified_gmt":"2023-05-17T20:41:07","slug":"irmaos-sao-presos-apos-tentativa-de-sequestro-de-crianca-de-9-anos-2","status":"publish","type":"post","link":"https:\/\/brasilnoticias.org\/site\/irmaos-sao-presos-apos-tentativa-de-sequestro-de-crianca-de-9-anos-2\/","title":{"rendered":"Irm\u00e3os s\u00e3o presos ap\u00f3s tentativa de sequestro de crian\u00e7a de 9 anos"},"content":{"rendered":"<p>Dois irm\u00e3os, de 33 e 29 anos, foram presos na tarde de ter\u00e7a-feira (16), suspeitos de tentar sequestrar um menino de 9 anos, em uma escola municipal, no Centro de Juscimeira (MT). Ele \u00e9 filho de uma gerente de banco.<\/p>\n<p>Conforme a Pol\u00edcia Militar de Mato Grosso (PM-MT), o homem de 33 anos, que conduzia um Fiat Argo, afirmou ser motorista de aplicativo e que teria sido contratado fora da plataforma, pelo pai da crian\u00e7a, para lev\u00e1-lo at\u00e9 um hospital em Campo Verde, pois a m\u00e3e do menino teria se acidentado.<\/p>\n<p>De acordo com informa\u00e7\u00f5es do site MidiaNews, por\u00e9m, a coordenadora da escola relatou que havia recebido mais cedo uma liga\u00e7\u00e3o da m\u00e3e do menino, solicitando que ele fosse liberado. <\/p>\n<p>Segundo ela, a suposta m\u00e3e disse que familiares deles teriam sofrido um acidente e que era para entregar o filho ao motorista de aplicativo, para que o levassem \u00e0 Campo Verde.<\/p>\n<p>A incoer\u00eancia das informa\u00e7\u00f5es, por\u00e9m, fez com que a coordenadora ligasse para para o contato que a m\u00e3e da crian\u00e7a registrou na matr\u00edcula dele. Assim, ela descobriu que a mulher n\u00e3o tinha ci\u00eancia de nenhum caso de acidente na fam\u00edlia.<\/p>\n<p>A m\u00e3e da crian\u00e7a foi at\u00e9 a escola e contou aos policiais que n\u00e3o solicitou a libera\u00e7\u00e3o do filho ou pediu que algu\u00e9m o buscasse.<\/p>\n<p>Durante investiga\u00e7\u00e3o preliminar, os PMs descobriram que o n\u00famero que contratou o servi\u00e7o do motorista de aplicativo era o mesmo que, no dia anterior, entrou em contato com a m\u00e3e da v\u00edtima solicitando a abertura de uma conta banc\u00e1ria.<\/p>\n<p>Diante do cen\u00e1rio, o homem de 33 anos, e seu irm\u00e3o, que tamb\u00e9m estava no ve\u00edculo no momento da ocorr\u00eancia e utilizava tornozeleira eletr\u00f4nica, foram presos e encaminhados \u00e0 delegacia. O caso \u00e9 investigado pela Pol\u00edcia Civil.<\/p>\n<p>Foto Reprodu\u00e7\u00e3o\/PM-MT<br \/>\nBNews<\/p>\n","protected":false},"excerpt":{"rendered":"<p>Dois irm\u00e3os, de 33 e 29 anos, foram presos na tarde de ter\u00e7a-feira (16), suspeitos de tentar sequestrar um menino<\/p>\n","protected":false},"author":1,"featured_media":6100,"comment_status":"open","ping_status":"open","sticky":false,"template":"","format":"standard","meta":{"colormag_page_container_layout":"default_layout","colormag_page_sidebar_layout":"default_layout","_FSMCFIC_featured_image_caption":"","_FSMCFIC_featured_image_nocaption":"","_FSMCFIC_featured_image_hide":"","footnotes":""},"categories":[2,1],"tags":[],"class_list":["post-6099","post","type-post","status-publish","format-standard","has-post-thumbnail","hentry","category-noticias","category-ultimas"],"yoast_head":"<!-- This site is optimized with the Yoast SEO plugin v27.1.1 - https:\/\/yoast.com\/product\/yoast-seo-wordpress\/ -->\n<title>Irm\u00e3os s\u00e3o presos ap\u00f3s tentativa de sequestro de crian\u00e7a de 9 anos - Brasil not\u00edcias<\/title>\n<meta name=\"robots\" content=\"index, follow, max-snippet:-1, max-image-preview:large, max-video-preview:-1\" \/>\n<link rel=\"canonical\" href=\"https:\/\/brasilnoticias.org\/site\/irmaos-sao-presos-apos-tentativa-de-sequestro-de-crianca-de-9-anos-2\/\" \/>\n<meta property=\"og:locale\" content=\"pt_PT\" \/>\n<meta property=\"og:type\" content=\"article\" \/>\n<meta property=\"og:title\" content=\"Irm\u00e3os s\u00e3o presos ap\u00f3s tentativa de sequestro de crian\u00e7a de 9 anos - Brasil not\u00edcias\" \/>\n<meta property=\"og:description\" content=\"Dois irm\u00e3os, de 33 e 29 anos, foram presos na tarde de ter\u00e7a-feira (16), suspeitos de tentar sequestrar um menino\" \/>\n<meta property=\"og:url\" content=\"https:\/\/brasilnoticias.org\/site\/irmaos-sao-presos-apos-tentativa-de-sequestro-de-crianca-de-9-anos-2\/\" \/>\n<meta property=\"og:site_name\" content=\"Brasil not\u00edcias\" \/>\n<meta property=\"article:published_time\" content=\"2023-05-17T20:41:07+00:00\" \/>\n<meta property=\"og:image\" content=\"https:\/\/brasilnoticias.org\/site\/wp-content\/uploads\/2023\/05\/ff2b63227c4f29dffbffd39bd6f2e311_widelg-1.jpg\" \/>\n\t<meta property=\"og:image:width\" content=\"438\" \/>\n\t<meta property=\"og:image:height\" content=\"292\" \/>\n\t<meta property=\"og:image:type\" content=\"image\/jpeg\" \/>\n<meta name=\"author\" content=\"Reda\u00e7\u00e3o\" \/>\n<meta name=\"twitter:card\" content=\"summary_large_image\" \/>\n<meta name=\"twitter:label1\" content=\"Escrito por\" \/>\n\t<meta name=\"twitter:data1\" content=\"Reda\u00e7\u00e3o\" \/>\n<script type=\"application\/ld+json\" class=\"yoast-schema-graph\">{\"@context\":\"https:\/\/schema.org\",\"@graph\":[{\"@type\":\"Article\",\"@id\":\"https:\/\/brasilnoticias.org\/site\/irmaos-sao-presos-apos-tentativa-de-sequestro-de-crianca-de-9-anos-2\/#article\",\"isPartOf\":{\"@id\":\"https:\/\/brasilnoticias.org\/site\/irmaos-sao-presos-apos-tentativa-de-sequestro-de-crianca-de-9-anos-2\/\"},\"author\":{\"name\":\"Reda\u00e7\u00e3o\",\"@id\":\"https:\/\/brasilnoticias.org\/site\/#\/schema\/person\/a0e05b973ec4d15c658d51911e53507b\"},\"headline\":\"Irm\u00e3os s\u00e3o presos ap\u00f3s tentativa de sequestro de crian\u00e7a de 9 anos\",\"datePublished\":\"2023-05-17T20:41:07+00:00\",\"mainEntityOfPage\":{\"@id\":\"https:\/\/brasilnoticias.org\/site\/irmaos-sao-presos-apos-tentativa-de-sequestro-de-crianca-de-9-anos-2\/\"},\"wordCount\":340,\"commentCount\":0,\"publisher\":{\"@id\":\"https:\/\/brasilnoticias.org\/site\/#organization\"},\"image\":{\"@id\":\"https:\/\/brasilnoticias.org\/site\/irmaos-sao-presos-apos-tentativa-de-sequestro-de-crianca-de-9-anos-2\/#primaryimage\"},\"thumbnailUrl\":\"https:\/\/brasilnoticias.org\/site\/wp-content\/uploads\/2023\/05\/ff2b63227c4f29dffbffd39bd6f2e311_widelg-1.jpg\",\"articleSection\":[\"Not\u00edcias\",\"\u00daltimas\"],\"inLanguage\":\"pt-PT\",\"potentialAction\":[{\"@type\":\"CommentAction\",\"name\":\"Comment\",\"target\":[\"https:\/\/brasilnoticias.org\/site\/irmaos-sao-presos-apos-tentativa-de-sequestro-de-crianca-de-9-anos-2\/#respond\"]}]},{\"@type\":\"WebPage\",\"@id\":\"https:\/\/brasilnoticias.org\/site\/irmaos-sao-presos-apos-tentativa-de-sequestro-de-crianca-de-9-anos-2\/\",\"url\":\"https:\/\/brasilnoticias.org\/site\/irmaos-sao-presos-apos-tentativa-de-sequestro-de-crianca-de-9-anos-2\/\",\"name\":\"Irm\u00e3os s\u00e3o presos ap\u00f3s tentativa de sequestro de crian\u00e7a de 9 anos - Brasil not\u00edcias\",\"isPartOf\":{\"@id\":\"https:\/\/brasilnoticias.org\/site\/#website\"},\"primaryImageOfPage\":{\"@id\":\"https:\/\/brasilnoticias.org\/site\/irmaos-sao-presos-apos-tentativa-de-sequestro-de-crianca-de-9-anos-2\/#primaryimage\"},\"image\":{\"@id\":\"https:\/\/brasilnoticias.org\/site\/irmaos-sao-presos-apos-tentativa-de-sequestro-de-crianca-de-9-anos-2\/#primaryimage\"},\"thumbnailUrl\":\"https:\/\/brasilnoticias.org\/site\/wp-content\/uploads\/2023\/05\/ff2b63227c4f29dffbffd39bd6f2e311_widelg-1.jpg\",\"datePublished\":\"2023-05-17T20:41:07+00:00\",\"breadcrumb\":{\"@id\":\"https:\/\/brasilnoticias.org\/site\/irmaos-sao-presos-apos-tentativa-de-sequestro-de-crianca-de-9-anos-2\/#breadcrumb\"},\"inLanguage\":\"pt-PT\",\"potentialAction\":[{\"@type\":\"ReadAction\",\"target\":[\"https:\/\/brasilnoticias.org\/site\/irmaos-sao-presos-apos-tentativa-de-sequestro-de-crianca-de-9-anos-2\/\"]}]},{\"@type\":\"ImageObject\",\"inLanguage\":\"pt-PT\",\"@id\":\"https:\/\/brasilnoticias.org\/site\/irmaos-sao-presos-apos-tentativa-de-sequestro-de-crianca-de-9-anos-2\/#primaryimage\",\"url\":\"https:\/\/brasilnoticias.org\/site\/wp-content\/uploads\/2023\/05\/ff2b63227c4f29dffbffd39bd6f2e311_widelg-1.jpg\",\"contentUrl\":\"https:\/\/brasilnoticias.org\/site\/wp-content\/uploads\/2023\/05\/ff2b63227c4f29dffbffd39bd6f2e311_widelg-1.jpg\",\"width\":438,\"height\":292},{\"@type\":\"BreadcrumbList\",\"@id\":\"https:\/\/brasilnoticias.org\/site\/irmaos-sao-presos-apos-tentativa-de-sequestro-de-crianca-de-9-anos-2\/#breadcrumb\",\"itemListElement\":[{\"@type\":\"ListItem\",\"position\":1,\"name\":\"In\u00edcio\",\"item\":\"https:\/\/brasilnoticias.org\/site\/\"},{\"@type\":\"ListItem\",\"position\":2,\"name\":\"Irm\u00e3os s\u00e3o presos ap\u00f3s tentativa de sequestro de crian\u00e7a de 9 anos\"}]},{\"@type\":\"WebSite\",\"@id\":\"https:\/\/brasilnoticias.org\/site\/#website\",\"url\":\"https:\/\/brasilnoticias.org\/site\/\",\"name\":\"Brasil not\u00edcias\",\"description\":\"Brasil not\u00edcias\",\"publisher\":{\"@id\":\"https:\/\/brasilnoticias.org\/site\/#organization\"},\"potentialAction\":[{\"@type\":\"SearchAction\",\"target\":{\"@type\":\"EntryPoint\",\"urlTemplate\":\"https:\/\/brasilnoticias.org\/site\/?s={search_term_string}\"},\"query-input\":{\"@type\":\"PropertyValueSpecification\",\"valueRequired\":true,\"valueName\":\"search_term_string\"}}],\"inLanguage\":\"pt-PT\"},{\"@type\":\"Organization\",\"@id\":\"https:\/\/brasilnoticias.org\/site\/#organization\",\"name\":\"Brasil not\u00edcias\",\"url\":\"https:\/\/brasilnoticias.org\/site\/\",\"logo\":{\"@type\":\"ImageObject\",\"inLanguage\":\"pt-PT\",\"@id\":\"https:\/\/brasilnoticias.org\/site\/#\/schema\/logo\/image\/\",\"url\":\"https:\/\/brasilnoticias.org\/site\/wp-content\/uploads\/2022\/05\/cropped-brasilnoticias-mini.jpg\",\"contentUrl\":\"https:\/\/brasilnoticias.org\/site\/wp-content\/uploads\/2022\/05\/cropped-brasilnoticias-mini.jpg\",\"width\":314,\"height\":86,\"caption\":\"Brasil not\u00edcias\"},\"image\":{\"@id\":\"https:\/\/brasilnoticias.org\/site\/#\/schema\/logo\/image\/\"}},{\"@type\":\"Person\",\"@id\":\"https:\/\/brasilnoticias.org\/site\/#\/schema\/person\/a0e05b973ec4d15c658d51911e53507b\",\"name\":\"Reda\u00e7\u00e3o\",\"image\":{\"@type\":\"ImageObject\",\"inLanguage\":\"pt-PT\",\"@id\":\"https:\/\/brasilnoticias.org\/site\/#\/schema\/person\/image\/\",\"url\":\"https:\/\/secure.gravatar.com\/avatar\/75d8b050df2de108b08ae78dfb8e374892df24a383c67db9c46a9c604f6aee9c?s=96&d=mm&r=g\",\"contentUrl\":\"https:\/\/secure.gravatar.com\/avatar\/75d8b050df2de108b08ae78dfb8e374892df24a383c67db9c46a9c604f6aee9c?s=96&d=mm&r=g\",\"caption\":\"Reda\u00e7\u00e3o\"},\"sameAs\":[\"https:\/\/brasilnoticias.org\/site\"],\"url\":\"https:\/\/brasilnoticias.org\/site\/author\/fernandozsngmail-com\/\"}]}<\/script>\n<!-- \/ Yoast SEO plugin. -->","yoast_head_json":{"title":"Irm\u00e3os s\u00e3o presos ap\u00f3s tentativa de sequestro de crian\u00e7a de 9 anos - Brasil not\u00edcias","robots":{"index":"index","follow":"follow","max-snippet":"max-snippet:-1","max-image-preview":"max-image-preview:large","max-video-preview":"max-video-preview:-1"},"canonical":"https:\/\/brasilnoticias.org\/site\/irmaos-sao-presos-apos-tentativa-de-sequestro-de-crianca-de-9-anos-2\/","og_locale":"pt_PT","og_type":"article","og_title":"Irm\u00e3os s\u00e3o presos ap\u00f3s tentativa de sequestro de crian\u00e7a de 9 anos - Brasil not\u00edcias","og_description":"Dois irm\u00e3os, de 33 e 29 anos, foram presos na tarde de ter\u00e7a-feira (16), suspeitos de tentar sequestrar um menino","og_url":"https:\/\/brasilnoticias.org\/site\/irmaos-sao-presos-apos-tentativa-de-sequestro-de-crianca-de-9-anos-2\/","og_site_name":"Brasil not\u00edcias","article_published_time":"2023-05-17T20:41:07+00:00","og_image":[{"width":438,"height":292,"url":"https:\/\/brasilnoticias.org\/site\/wp-content\/uploads\/2023\/05\/ff2b63227c4f29dffbffd39bd6f2e311_widelg-1.jpg","type":"image\/jpeg"}],"author":"Reda\u00e7\u00e3o","twitter_card":"summary_large_image","twitter_misc":{"Escrito por":"Reda\u00e7\u00e3o"},"schema":{"@context":"https:\/\/schema.org","@graph":[{"@type":"Article","@id":"https:\/\/brasilnoticias.org\/site\/irmaos-sao-presos-apos-tentativa-de-sequestro-de-crianca-de-9-anos-2\/#article","isPartOf":{"@id":"https:\/\/brasilnoticias.org\/site\/irmaos-sao-presos-apos-tentativa-de-sequestro-de-crianca-de-9-anos-2\/"},"author":{"name":"Reda\u00e7\u00e3o","@id":"https:\/\/brasilnoticias.org\/site\/#\/schema\/person\/a0e05b973ec4d15c658d51911e53507b"},"headline":"Irm\u00e3os s\u00e3o presos ap\u00f3s tentativa de sequestro de crian\u00e7a de 9 anos","datePublished":"2023-05-17T20:41:07+00:00","mainEntityOfPage":{"@id":"https:\/\/brasilnoticias.org\/site\/irmaos-sao-presos-apos-tentativa-de-sequestro-de-crianca-de-9-anos-2\/"},"wordCount":340,"commentCount":0,"publisher":{"@id":"https:\/\/brasilnoticias.org\/site\/#organization"},"image":{"@id":"https:\/\/brasilnoticias.org\/site\/irmaos-sao-presos-apos-tentativa-de-sequestro-de-crianca-de-9-anos-2\/#primaryimage"},"thumbnailUrl":"https:\/\/brasilnoticias.org\/site\/wp-content\/uploads\/2023\/05\/ff2b63227c4f29dffbffd39bd6f2e311_widelg-1.jpg","articleSection":["Not\u00edcias","\u00daltimas"],"inLanguage":"pt-PT","potentialAction":[{"@type":"CommentAction","name":"Comment","target":["https:\/\/brasilnoticias.org\/site\/irmaos-sao-presos-apos-tentativa-de-sequestro-de-crianca-de-9-anos-2\/#respond"]}]},{"@type":"WebPage","@id":"https:\/\/brasilnoticias.org\/site\/irmaos-sao-presos-apos-tentativa-de-sequestro-de-crianca-de-9-anos-2\/","url":"https:\/\/brasilnoticias.org\/site\/irmaos-sao-presos-apos-tentativa-de-sequestro-de-crianca-de-9-anos-2\/","name":"Irm\u00e3os s\u00e3o presos ap\u00f3s tentativa de sequestro de crian\u00e7a de 9 anos - Brasil not\u00edcias","isPartOf":{"@id":"https:\/\/brasilnoticias.org\/site\/#website"},"primaryImageOfPage":{"@id":"https:\/\/brasilnoticias.org\/site\/irmaos-sao-presos-apos-tentativa-de-sequestro-de-crianca-de-9-anos-2\/#primaryimage"},"image":{"@id":"https:\/\/brasilnoticias.org\/site\/irmaos-sao-presos-apos-tentativa-de-sequestro-de-crianca-de-9-anos-2\/#primaryimage"},"thumbnailUrl":"https:\/\/brasilnoticias.org\/site\/wp-content\/uploads\/2023\/05\/ff2b63227c4f29dffbffd39bd6f2e311_widelg-1.jpg","datePublished":"2023-05-17T20:41:07+00:00","breadcrumb":{"@id":"https:\/\/brasilnoticias.org\/site\/irmaos-sao-presos-apos-tentativa-de-sequestro-de-crianca-de-9-anos-2\/#breadcrumb"},"inLanguage":"pt-PT","potentialAction":[{"@type":"ReadAction","target":["https:\/\/brasilnoticias.org\/site\/irmaos-sao-presos-apos-tentativa-de-sequestro-de-crianca-de-9-anos-2\/"]}]},{"@type":"ImageObject","inLanguage":"pt-PT","@id":"https:\/\/brasilnoticias.org\/site\/irmaos-sao-presos-apos-tentativa-de-sequestro-de-crianca-de-9-anos-2\/#primaryimage","url":"https:\/\/brasilnoticias.org\/site\/wp-content\/uploads\/2023\/05\/ff2b63227c4f29dffbffd39bd6f2e311_widelg-1.jpg","contentUrl":"https:\/\/brasilnoticias.org\/site\/wp-content\/uploads\/2023\/05\/ff2b63227c4f29dffbffd39bd6f2e311_widelg-1.jpg","width":438,"height":292},{"@type":"BreadcrumbList","@id":"https:\/\/brasilnoticias.org\/site\/irmaos-sao-presos-apos-tentativa-de-sequestro-de-crianca-de-9-anos-2\/#breadcrumb","itemListElement":[{"@type":"ListItem","position":1,"name":"In\u00edcio","item":"https:\/\/brasilnoticias.org\/site\/"},{"@type":"ListItem","position":2,"name":"Irm\u00e3os s\u00e3o presos ap\u00f3s tentativa de sequestro de crian\u00e7a de 9 anos"}]},{"@type":"WebSite","@id":"https:\/\/brasilnoticias.org\/site\/#website","url":"https:\/\/brasilnoticias.org\/site\/","name":"Brasil not\u00edcias","description":"Brasil not\u00edcias","publisher":{"@id":"https:\/\/brasilnoticias.org\/site\/#organization"},"potentialAction":[{"@type":"SearchAction","target":{"@type":"EntryPoint","urlTemplate":"https:\/\/brasilnoticias.org\/site\/?s={search_term_string}"},"query-input":{"@type":"PropertyValueSpecification","valueRequired":true,"valueName":"search_term_string"}}],"inLanguage":"pt-PT"},{"@type":"Organization","@id":"https:\/\/brasilnoticias.org\/site\/#organization","name":"Brasil not\u00edcias","url":"https:\/\/brasilnoticias.org\/site\/","logo":{"@type":"ImageObject","inLanguage":"pt-PT","@id":"https:\/\/brasilnoticias.org\/site\/#\/schema\/logo\/image\/","url":"https:\/\/brasilnoticias.org\/site\/wp-content\/uploads\/2022\/05\/cropped-brasilnoticias-mini.jpg","contentUrl":"https:\/\/brasilnoticias.org\/site\/wp-content\/uploads\/2022\/05\/cropped-brasilnoticias-mini.jpg","width":314,"height":86,"caption":"Brasil not\u00edcias"},"image":{"@id":"https:\/\/brasilnoticias.org\/site\/#\/schema\/logo\/image\/"}},{"@type":"Person","@id":"https:\/\/brasilnoticias.org\/site\/#\/schema\/person\/a0e05b973ec4d15c658d51911e53507b","name":"Reda\u00e7\u00e3o","image":{"@type":"ImageObject","inLanguage":"pt-PT","@id":"https:\/\/brasilnoticias.org\/site\/#\/schema\/person\/image\/","url":"https:\/\/secure.gravatar.com\/avatar\/75d8b050df2de108b08ae78dfb8e374892df24a383c67db9c46a9c604f6aee9c?s=96&d=mm&r=g","contentUrl":"https:\/\/secure.gravatar.com\/avatar\/75d8b050df2de108b08ae78dfb8e374892df24a383c67db9c46a9c604f6aee9c?s=96&d=mm&r=g","caption":"Reda\u00e7\u00e3o"},"sameAs":["https:\/\/brasilnoticias.org\/site"],"url":"https:\/\/brasilnoticias.org\/site\/author\/fernandozsngmail-com\/"}]}},"_links":{"self":[{"href":"https:\/\/brasilnoticias.org\/site\/wp-json\/wp\/v2\/posts\/6099","targetHints":{"allow":["GET"]}}],"collection":[{"href":"https:\/\/brasilnoticias.org\/site\/wp-json\/wp\/v2\/posts"}],"about":[{"href":"https:\/\/brasilnoticias.org\/site\/wp-json\/wp\/v2\/types\/post"}],"author":[{"embeddable":true,"href":"https:\/\/brasilnoticias.org\/site\/wp-json\/wp\/v2\/users\/1"}],"replies":[{"embeddable":true,"href":"https:\/\/brasilnoticias.org\/site\/wp-json\/wp\/v2\/comments?post=6099"}],"version-history":[{"count":1,"href":"https:\/\/brasilnoticias.org\/site\/wp-json\/wp\/v2\/posts\/6099\/revisions"}],"predecessor-version":[{"id":6101,"href":"https:\/\/brasilnoticias.org\/site\/wp-json\/wp\/v2\/posts\/6099\/revisions\/6101"}],"wp:featuredmedia":[{"embeddable":true,"href":"https:\/\/brasilnoticias.org\/site\/wp-json\/wp\/v2\/media\/6100"}],"wp:attachment":[{"href":"https:\/\/brasilnoticias.org\/site\/wp-json\/wp\/v2\/media?parent=6099"}],"wp:term":[{"taxonomy":"category","embeddable":true,"href":"https:\/\/brasilnoticias.org\/site\/wp-json\/wp\/v2\/categories?post=6099"},{"taxonomy":"post_tag","embeddable":true,"href":"https:\/\/brasilnoticias.org\/site\/wp-json\/wp\/v2\/tags?post=6099"}],"curies":[{"name":"wp","href":"https:\/\/api.w.org\/{rel}","templated":true}]}}