{"id":6102,"date":"2023-05-18T06:27:57","date_gmt":"2023-05-18T09:27:57","guid":{"rendered":"https:\/\/brasilnoticias.org\/site\/?p=6102"},"modified":"2023-05-18T06:27:57","modified_gmt":"2023-05-18T09:27:57","slug":"paiva-ve-bahia-competente-e-elogia-atuacao-de-goleiro-do-santos","status":"publish","type":"post","link":"https:\/\/brasilnoticias.org\/site\/paiva-ve-bahia-competente-e-elogia-atuacao-de-goleiro-do-santos\/","title":{"rendered":"Paiva v\u00ea Bahia &#8220;competente&#8221;, e elogia atua\u00e7\u00e3o de goleiro do Santos"},"content":{"rendered":"<p>O Bahia foi at\u00e9 a Vila Belmiro encarar o Santos pela partida de ida das oitavas de final da Copa do Brasil na noite desta quarta-feira, 17. O duelo, que foi o segundo de tr\u00eas partidas que as equipes v\u00e3o fazer neste m\u00eas de maio, terminou empatado em 0 a 0.<\/p>\n<p>Em entrevista coletiva ap\u00f3s a partida, o t\u00e9cnico Renato Paiva destacou a atua\u00e7\u00e3o do Bahia que, diferente da jogo da semana passada, pelo Brasileir\u00e3o, competiu e merecia ter sa\u00eddo de campo com um resultado positivo.<\/p>\n<p>&#8220;Da mesma forma que merecemos a derrota e o Santos ganhou o \u00faltimo jogo, onde n\u00f3s fomos inexistentes, acho que hoje fizemos um jogo muito competente. N\u00e3o \u00e9 um jogo que eu gosto muito, n\u00e3o foi um jogo de proposi\u00e7\u00e3o, possivelmente a torcida gosta de um futebol mais pra frente, mais vibrante. \u00c9 um jogo que n\u00e3o \u00e9 pontos [corridos], \u00e9 uma eliminat\u00f3ria que se divide em dois jogos. Sab\u00edamos tamb\u00e9m, em fun\u00e7\u00e3o daquele jogo aqui, como joga o Santos. Hoje, querendo levar uma eliminat\u00f3ria para a Fonte Nova, para o nosso p\u00fablico, para a nossa torcida, n\u00f3s fomos mais estrat\u00e9gicos, fomos mais reativos, cortamos os espa\u00e7os do Santos&#8221;, disse o t\u00e9cnico tricolor.<\/p>\n<p>O comandante do Bahia ainda valorizou a atua\u00e7\u00e3o do goleiro Jo\u00e3o Paulo, do Santos, sobrtudo na primeira etapa. Ele foi o respons\u00e1vel por tr\u00eas grandes defesas, que evitaram que o Tricolor abrisse o placar na Vila Belmiro.<\/p>\n<p>&#8220;N\u00f3s hoje tiramos os espa\u00e7os do advers\u00e1rio e, com bola, conseguimos gerar alguns problemas. Por exemplo, na primeira fase, o goleiro do Santos foi bem, e isso afeta como os jogadores perceberam e puseram em pr\u00e1tica a estrat\u00e9gia&#8221;, afirmou o mister.<\/p>\n<p>Mesmo sem sair com o resultado positivo, Paiva destacou o fato de que a decis\u00e3o ser\u00e1 em Salvador, na Arena Fonte Nova, com o apoio do torcedor.<\/p>\n<p>&#8220;\u00c9 um jogo eliminat\u00f3rio e vamos vivos para Salvador, o crescimento come\u00e7a a ficar confort\u00e1vel quando n\u00e3o tem bola e come\u00e7a a se defender bem, seja por estrat\u00e9gia ou pelo advers\u00e1rio. Quero ver a Fonte Nova lotada e que nos ajude como ajudou contra o Flamengo. Eles estiveram vibrantes o jogo inteiro. E a forma que se despediram foi o reconhecimento do trabalho. Precisamos muito deles&#8221;, concluiu o treinador.<\/p>\n<p>A partida de volta contra o Santos est\u00e1 marcada para 31 de maio, na Arena Fonte Nova. Antes, neste s\u00e1bado, 20, \u00e0s 16h, o Bahia recebe o Goi\u00e1s, pela 7\u00aa rodada do Brasileir\u00e3o.<\/p>\n<p>Foto: Rafael Machaddo | EC Bahia<br \/>\nA Tarde <\/p>\n","protected":false},"excerpt":{"rendered":"<p>O Bahia foi at\u00e9 a Vila Belmiro encarar o Santos pela partida de ida das oitavas de final da Copa<\/p>\n","protected":false},"author":1,"featured_media":6103,"comment_status":"open","ping_status":"open","sticky":false,"template":"","format":"standard","meta":{"colormag_page_container_layout":"default_layout","colormag_page_sidebar_layout":"default_layout","_FSMCFIC_featured_image_caption":"","_FSMCFIC_featured_image_nocaption":"","_FSMCFIC_featured_image_hide":"","footnotes":""},"categories":[4,1],"tags":[],"class_list":["post-6102","post","type-post","status-publish","format-standard","has-post-thumbnail","hentry","category-esporte","category-ultimas"],"yoast_head":"<!-- This site is optimized with the Yoast SEO plugin v27.1.1 - https:\/\/yoast.com\/product\/yoast-seo-wordpress\/ -->\n<title>Paiva v\u00ea Bahia &quot;competente&quot;, e elogia atua\u00e7\u00e3o de goleiro do Santos - Brasil not\u00edcias<\/title>\n<meta name=\"robots\" content=\"index, follow, max-snippet:-1, max-image-preview:large, max-video-preview:-1\" \/>\n<link rel=\"canonical\" href=\"https:\/\/brasilnoticias.org\/site\/paiva-ve-bahia-competente-e-elogia-atuacao-de-goleiro-do-santos\/\" \/>\n<meta property=\"og:locale\" content=\"pt_PT\" \/>\n<meta property=\"og:type\" content=\"article\" \/>\n<meta property=\"og:title\" content=\"Paiva v\u00ea Bahia &quot;competente&quot;, e elogia atua\u00e7\u00e3o de goleiro do Santos - Brasil not\u00edcias\" \/>\n<meta property=\"og:description\" content=\"O Bahia foi at\u00e9 a Vila Belmiro encarar o Santos pela partida de ida das oitavas de final da Copa\" \/>\n<meta property=\"og:url\" content=\"https:\/\/brasilnoticias.org\/site\/paiva-ve-bahia-competente-e-elogia-atuacao-de-goleiro-do-santos\/\" \/>\n<meta property=\"og:site_name\" content=\"Brasil not\u00edcias\" \/>\n<meta property=\"article:published_time\" content=\"2023-05-18T09:27:57+00:00\" \/>\n<meta property=\"og:image\" content=\"https:\/\/brasilnoticias.org\/site\/wp-content\/uploads\/2023\/05\/Artigo-Destaque_01229510_00.jpg\" \/>\n\t<meta property=\"og:image:width\" content=\"1600\" \/>\n\t<meta property=\"og:image:height\" content=\"1069\" \/>\n\t<meta property=\"og:image:type\" content=\"image\/jpeg\" \/>\n<meta name=\"author\" content=\"Reda\u00e7\u00e3o\" \/>\n<meta name=\"twitter:card\" content=\"summary_large_image\" \/>\n<meta name=\"twitter:label1\" content=\"Escrito por\" \/>\n\t<meta name=\"twitter:data1\" content=\"Reda\u00e7\u00e3o\" \/>\n<script type=\"application\/ld+json\" class=\"yoast-schema-graph\">{\"@context\":\"https:\/\/schema.org\",\"@graph\":[{\"@type\":\"Article\",\"@id\":\"https:\/\/brasilnoticias.org\/site\/paiva-ve-bahia-competente-e-elogia-atuacao-de-goleiro-do-santos\/#article\",\"isPartOf\":{\"@id\":\"https:\/\/brasilnoticias.org\/site\/paiva-ve-bahia-competente-e-elogia-atuacao-de-goleiro-do-santos\/\"},\"author\":{\"name\":\"Reda\u00e7\u00e3o\",\"@id\":\"https:\/\/brasilnoticias.org\/site\/#\/schema\/person\/a0e05b973ec4d15c658d51911e53507b\"},\"headline\":\"Paiva v\u00ea Bahia &#8220;competente&#8221;, e elogia atua\u00e7\u00e3o de goleiro do Santos\",\"datePublished\":\"2023-05-18T09:27:57+00:00\",\"mainEntityOfPage\":{\"@id\":\"https:\/\/brasilnoticias.org\/site\/paiva-ve-bahia-competente-e-elogia-atuacao-de-goleiro-do-santos\/\"},\"wordCount\":457,\"commentCount\":0,\"publisher\":{\"@id\":\"https:\/\/brasilnoticias.org\/site\/#organization\"},\"image\":{\"@id\":\"https:\/\/brasilnoticias.org\/site\/paiva-ve-bahia-competente-e-elogia-atuacao-de-goleiro-do-santos\/#primaryimage\"},\"thumbnailUrl\":\"https:\/\/brasilnoticias.org\/site\/wp-content\/uploads\/2023\/05\/Artigo-Destaque_01229510_00.jpg\",\"articleSection\":[\"Esporte\",\"\u00daltimas\"],\"inLanguage\":\"pt-PT\",\"potentialAction\":[{\"@type\":\"CommentAction\",\"name\":\"Comment\",\"target\":[\"https:\/\/brasilnoticias.org\/site\/paiva-ve-bahia-competente-e-elogia-atuacao-de-goleiro-do-santos\/#respond\"]}]},{\"@type\":\"WebPage\",\"@id\":\"https:\/\/brasilnoticias.org\/site\/paiva-ve-bahia-competente-e-elogia-atuacao-de-goleiro-do-santos\/\",\"url\":\"https:\/\/brasilnoticias.org\/site\/paiva-ve-bahia-competente-e-elogia-atuacao-de-goleiro-do-santos\/\",\"name\":\"Paiva v\u00ea Bahia \\\"competente\\\", e elogia atua\u00e7\u00e3o de goleiro do Santos - Brasil not\u00edcias\",\"isPartOf\":{\"@id\":\"https:\/\/brasilnoticias.org\/site\/#website\"},\"primaryImageOfPage\":{\"@id\":\"https:\/\/brasilnoticias.org\/site\/paiva-ve-bahia-competente-e-elogia-atuacao-de-goleiro-do-santos\/#primaryimage\"},\"image\":{\"@id\":\"https:\/\/brasilnoticias.org\/site\/paiva-ve-bahia-competente-e-elogia-atuacao-de-goleiro-do-santos\/#primaryimage\"},\"thumbnailUrl\":\"https:\/\/brasilnoticias.org\/site\/wp-content\/uploads\/2023\/05\/Artigo-Destaque_01229510_00.jpg\",\"datePublished\":\"2023-05-18T09:27:57+00:00\",\"breadcrumb\":{\"@id\":\"https:\/\/brasilnoticias.org\/site\/paiva-ve-bahia-competente-e-elogia-atuacao-de-goleiro-do-santos\/#breadcrumb\"},\"inLanguage\":\"pt-PT\",\"potentialAction\":[{\"@type\":\"ReadAction\",\"target\":[\"https:\/\/brasilnoticias.org\/site\/paiva-ve-bahia-competente-e-elogia-atuacao-de-goleiro-do-santos\/\"]}]},{\"@type\":\"ImageObject\",\"inLanguage\":\"pt-PT\",\"@id\":\"https:\/\/brasilnoticias.org\/site\/paiva-ve-bahia-competente-e-elogia-atuacao-de-goleiro-do-santos\/#primaryimage\",\"url\":\"https:\/\/brasilnoticias.org\/site\/wp-content\/uploads\/2023\/05\/Artigo-Destaque_01229510_00.jpg\",\"contentUrl\":\"https:\/\/brasilnoticias.org\/site\/wp-content\/uploads\/2023\/05\/Artigo-Destaque_01229510_00.jpg\",\"width\":1600,\"height\":1069},{\"@type\":\"BreadcrumbList\",\"@id\":\"https:\/\/brasilnoticias.org\/site\/paiva-ve-bahia-competente-e-elogia-atuacao-de-goleiro-do-santos\/#breadcrumb\",\"itemListElement\":[{\"@type\":\"ListItem\",\"position\":1,\"name\":\"In\u00edcio\",\"item\":\"https:\/\/brasilnoticias.org\/site\/\"},{\"@type\":\"ListItem\",\"position\":2,\"name\":\"Paiva v\u00ea Bahia &#8220;competente&#8221;, e elogia atua\u00e7\u00e3o de goleiro do Santos\"}]},{\"@type\":\"WebSite\",\"@id\":\"https:\/\/brasilnoticias.org\/site\/#website\",\"url\":\"https:\/\/brasilnoticias.org\/site\/\",\"name\":\"Brasil not\u00edcias\",\"description\":\"Brasil not\u00edcias\",\"publisher\":{\"@id\":\"https:\/\/brasilnoticias.org\/site\/#organization\"},\"potentialAction\":[{\"@type\":\"SearchAction\",\"target\":{\"@type\":\"EntryPoint\",\"urlTemplate\":\"https:\/\/brasilnoticias.org\/site\/?s={search_term_string}\"},\"query-input\":{\"@type\":\"PropertyValueSpecification\",\"valueRequired\":true,\"valueName\":\"search_term_string\"}}],\"inLanguage\":\"pt-PT\"},{\"@type\":\"Organization\",\"@id\":\"https:\/\/brasilnoticias.org\/site\/#organization\",\"name\":\"Brasil not\u00edcias\",\"url\":\"https:\/\/brasilnoticias.org\/site\/\",\"logo\":{\"@type\":\"ImageObject\",\"inLanguage\":\"pt-PT\",\"@id\":\"https:\/\/brasilnoticias.org\/site\/#\/schema\/logo\/image\/\",\"url\":\"https:\/\/brasilnoticias.org\/site\/wp-content\/uploads\/2022\/05\/cropped-brasilnoticias-mini.jpg\",\"contentUrl\":\"https:\/\/brasilnoticias.org\/site\/wp-content\/uploads\/2022\/05\/cropped-brasilnoticias-mini.jpg\",\"width\":314,\"height\":86,\"caption\":\"Brasil not\u00edcias\"},\"image\":{\"@id\":\"https:\/\/brasilnoticias.org\/site\/#\/schema\/logo\/image\/\"}},{\"@type\":\"Person\",\"@id\":\"https:\/\/brasilnoticias.org\/site\/#\/schema\/person\/a0e05b973ec4d15c658d51911e53507b\",\"name\":\"Reda\u00e7\u00e3o\",\"image\":{\"@type\":\"ImageObject\",\"inLanguage\":\"pt-PT\",\"@id\":\"https:\/\/brasilnoticias.org\/site\/#\/schema\/person\/image\/\",\"url\":\"https:\/\/secure.gravatar.com\/avatar\/75d8b050df2de108b08ae78dfb8e374892df24a383c67db9c46a9c604f6aee9c?s=96&d=mm&r=g\",\"contentUrl\":\"https:\/\/secure.gravatar.com\/avatar\/75d8b050df2de108b08ae78dfb8e374892df24a383c67db9c46a9c604f6aee9c?s=96&d=mm&r=g\",\"caption\":\"Reda\u00e7\u00e3o\"},\"sameAs\":[\"https:\/\/brasilnoticias.org\/site\"],\"url\":\"https:\/\/brasilnoticias.org\/site\/author\/fernandozsngmail-com\/\"}]}<\/script>\n<!-- \/ Yoast SEO plugin. -->","yoast_head_json":{"title":"Paiva v\u00ea Bahia \"competente\", e elogia atua\u00e7\u00e3o de goleiro do Santos - Brasil not\u00edcias","robots":{"index":"index","follow":"follow","max-snippet":"max-snippet:-1","max-image-preview":"max-image-preview:large","max-video-preview":"max-video-preview:-1"},"canonical":"https:\/\/brasilnoticias.org\/site\/paiva-ve-bahia-competente-e-elogia-atuacao-de-goleiro-do-santos\/","og_locale":"pt_PT","og_type":"article","og_title":"Paiva v\u00ea Bahia \"competente\", e elogia atua\u00e7\u00e3o de goleiro do Santos - Brasil not\u00edcias","og_description":"O Bahia foi at\u00e9 a Vila Belmiro encarar o Santos pela partida de ida das oitavas de final da Copa","og_url":"https:\/\/brasilnoticias.org\/site\/paiva-ve-bahia-competente-e-elogia-atuacao-de-goleiro-do-santos\/","og_site_name":"Brasil not\u00edcias","article_published_time":"2023-05-18T09:27:57+00:00","og_image":[{"width":1600,"height":1069,"url":"https:\/\/brasilnoticias.org\/site\/wp-content\/uploads\/2023\/05\/Artigo-Destaque_01229510_00.jpg","type":"image\/jpeg"}],"author":"Reda\u00e7\u00e3o","twitter_card":"summary_large_image","twitter_misc":{"Escrito por":"Reda\u00e7\u00e3o"},"schema":{"@context":"https:\/\/schema.org","@graph":[{"@type":"Article","@id":"https:\/\/brasilnoticias.org\/site\/paiva-ve-bahia-competente-e-elogia-atuacao-de-goleiro-do-santos\/#article","isPartOf":{"@id":"https:\/\/brasilnoticias.org\/site\/paiva-ve-bahia-competente-e-elogia-atuacao-de-goleiro-do-santos\/"},"author":{"name":"Reda\u00e7\u00e3o","@id":"https:\/\/brasilnoticias.org\/site\/#\/schema\/person\/a0e05b973ec4d15c658d51911e53507b"},"headline":"Paiva v\u00ea Bahia &#8220;competente&#8221;, e elogia atua\u00e7\u00e3o de goleiro do Santos","datePublished":"2023-05-18T09:27:57+00:00","mainEntityOfPage":{"@id":"https:\/\/brasilnoticias.org\/site\/paiva-ve-bahia-competente-e-elogia-atuacao-de-goleiro-do-santos\/"},"wordCount":457,"commentCount":0,"publisher":{"@id":"https:\/\/brasilnoticias.org\/site\/#organization"},"image":{"@id":"https:\/\/brasilnoticias.org\/site\/paiva-ve-bahia-competente-e-elogia-atuacao-de-goleiro-do-santos\/#primaryimage"},"thumbnailUrl":"https:\/\/brasilnoticias.org\/site\/wp-content\/uploads\/2023\/05\/Artigo-Destaque_01229510_00.jpg","articleSection":["Esporte","\u00daltimas"],"inLanguage":"pt-PT","potentialAction":[{"@type":"CommentAction","name":"Comment","target":["https:\/\/brasilnoticias.org\/site\/paiva-ve-bahia-competente-e-elogia-atuacao-de-goleiro-do-santos\/#respond"]}]},{"@type":"WebPage","@id":"https:\/\/brasilnoticias.org\/site\/paiva-ve-bahia-competente-e-elogia-atuacao-de-goleiro-do-santos\/","url":"https:\/\/brasilnoticias.org\/site\/paiva-ve-bahia-competente-e-elogia-atuacao-de-goleiro-do-santos\/","name":"Paiva v\u00ea Bahia \"competente\", e elogia atua\u00e7\u00e3o de goleiro do Santos - Brasil not\u00edcias","isPartOf":{"@id":"https:\/\/brasilnoticias.org\/site\/#website"},"primaryImageOfPage":{"@id":"https:\/\/brasilnoticias.org\/site\/paiva-ve-bahia-competente-e-elogia-atuacao-de-goleiro-do-santos\/#primaryimage"},"image":{"@id":"https:\/\/brasilnoticias.org\/site\/paiva-ve-bahia-competente-e-elogia-atuacao-de-goleiro-do-santos\/#primaryimage"},"thumbnailUrl":"https:\/\/brasilnoticias.org\/site\/wp-content\/uploads\/2023\/05\/Artigo-Destaque_01229510_00.jpg","datePublished":"2023-05-18T09:27:57+00:00","breadcrumb":{"@id":"https:\/\/brasilnoticias.org\/site\/paiva-ve-bahia-competente-e-elogia-atuacao-de-goleiro-do-santos\/#breadcrumb"},"inLanguage":"pt-PT","potentialAction":[{"@type":"ReadAction","target":["https:\/\/brasilnoticias.org\/site\/paiva-ve-bahia-competente-e-elogia-atuacao-de-goleiro-do-santos\/"]}]},{"@type":"ImageObject","inLanguage":"pt-PT","@id":"https:\/\/brasilnoticias.org\/site\/paiva-ve-bahia-competente-e-elogia-atuacao-de-goleiro-do-santos\/#primaryimage","url":"https:\/\/brasilnoticias.org\/site\/wp-content\/uploads\/2023\/05\/Artigo-Destaque_01229510_00.jpg","contentUrl":"https:\/\/brasilnoticias.org\/site\/wp-content\/uploads\/2023\/05\/Artigo-Destaque_01229510_00.jpg","width":1600,"height":1069},{"@type":"BreadcrumbList","@id":"https:\/\/brasilnoticias.org\/site\/paiva-ve-bahia-competente-e-elogia-atuacao-de-goleiro-do-santos\/#breadcrumb","itemListElement":[{"@type":"ListItem","position":1,"name":"In\u00edcio","item":"https:\/\/brasilnoticias.org\/site\/"},{"@type":"ListItem","position":2,"name":"Paiva v\u00ea Bahia &#8220;competente&#8221;, e elogia atua\u00e7\u00e3o de goleiro do Santos"}]},{"@type":"WebSite","@id":"https:\/\/brasilnoticias.org\/site\/#website","url":"https:\/\/brasilnoticias.org\/site\/","name":"Brasil not\u00edcias","description":"Brasil not\u00edcias","publisher":{"@id":"https:\/\/brasilnoticias.org\/site\/#organization"},"potentialAction":[{"@type":"SearchAction","target":{"@type":"EntryPoint","urlTemplate":"https:\/\/brasilnoticias.org\/site\/?s={search_term_string}"},"query-input":{"@type":"PropertyValueSpecification","valueRequired":true,"valueName":"search_term_string"}}],"inLanguage":"pt-PT"},{"@type":"Organization","@id":"https:\/\/brasilnoticias.org\/site\/#organization","name":"Brasil not\u00edcias","url":"https:\/\/brasilnoticias.org\/site\/","logo":{"@type":"ImageObject","inLanguage":"pt-PT","@id":"https:\/\/brasilnoticias.org\/site\/#\/schema\/logo\/image\/","url":"https:\/\/brasilnoticias.org\/site\/wp-content\/uploads\/2022\/05\/cropped-brasilnoticias-mini.jpg","contentUrl":"https:\/\/brasilnoticias.org\/site\/wp-content\/uploads\/2022\/05\/cropped-brasilnoticias-mini.jpg","width":314,"height":86,"caption":"Brasil not\u00edcias"},"image":{"@id":"https:\/\/brasilnoticias.org\/site\/#\/schema\/logo\/image\/"}},{"@type":"Person","@id":"https:\/\/brasilnoticias.org\/site\/#\/schema\/person\/a0e05b973ec4d15c658d51911e53507b","name":"Reda\u00e7\u00e3o","image":{"@type":"ImageObject","inLanguage":"pt-PT","@id":"https:\/\/brasilnoticias.org\/site\/#\/schema\/person\/image\/","url":"https:\/\/secure.gravatar.com\/avatar\/75d8b050df2de108b08ae78dfb8e374892df24a383c67db9c46a9c604f6aee9c?s=96&d=mm&r=g","contentUrl":"https:\/\/secure.gravatar.com\/avatar\/75d8b050df2de108b08ae78dfb8e374892df24a383c67db9c46a9c604f6aee9c?s=96&d=mm&r=g","caption":"Reda\u00e7\u00e3o"},"sameAs":["https:\/\/brasilnoticias.org\/site"],"url":"https:\/\/brasilnoticias.org\/site\/author\/fernandozsngmail-com\/"}]}},"_links":{"self":[{"href":"https:\/\/brasilnoticias.org\/site\/wp-json\/wp\/v2\/posts\/6102","targetHints":{"allow":["GET"]}}],"collection":[{"href":"https:\/\/brasilnoticias.org\/site\/wp-json\/wp\/v2\/posts"}],"about":[{"href":"https:\/\/brasilnoticias.org\/site\/wp-json\/wp\/v2\/types\/post"}],"author":[{"embeddable":true,"href":"https:\/\/brasilnoticias.org\/site\/wp-json\/wp\/v2\/users\/1"}],"replies":[{"embeddable":true,"href":"https:\/\/brasilnoticias.org\/site\/wp-json\/wp\/v2\/comments?post=6102"}],"version-history":[{"count":1,"href":"https:\/\/brasilnoticias.org\/site\/wp-json\/wp\/v2\/posts\/6102\/revisions"}],"predecessor-version":[{"id":6104,"href":"https:\/\/brasilnoticias.org\/site\/wp-json\/wp\/v2\/posts\/6102\/revisions\/6104"}],"wp:featuredmedia":[{"embeddable":true,"href":"https:\/\/brasilnoticias.org\/site\/wp-json\/wp\/v2\/media\/6103"}],"wp:attachment":[{"href":"https:\/\/brasilnoticias.org\/site\/wp-json\/wp\/v2\/media?parent=6102"}],"wp:term":[{"taxonomy":"category","embeddable":true,"href":"https:\/\/brasilnoticias.org\/site\/wp-json\/wp\/v2\/categories?post=6102"},{"taxonomy":"post_tag","embeddable":true,"href":"https:\/\/brasilnoticias.org\/site\/wp-json\/wp\/v2\/tags?post=6102"}],"curies":[{"name":"wp","href":"https:\/\/api.w.org\/{rel}","templated":true}]}}