{"id":6138,"date":"2023-05-19T07:04:12","date_gmt":"2023-05-19T10:04:12","guid":{"rendered":"https:\/\/brasilnoticias.org\/site\/?p=6138"},"modified":"2023-05-19T07:04:12","modified_gmt":"2023-05-19T10:04:12","slug":"igreja-da-ajuda-e-roubada-pela-terceira-vez-em-quatro-dias","status":"publish","type":"post","link":"https:\/\/brasilnoticias.org\/site\/igreja-da-ajuda-e-roubada-pela-terceira-vez-em-quatro-dias\/","title":{"rendered":"Igreja da Ajuda \u00e9 roubada pela terceira vez em quatro dias"},"content":{"rendered":"<p>A Igreja Nossa Senhora da Ajuda foi alvo de mais um arrombamento na madrugada desta quinta-feira (18). S\u00f3 nesta semana, o templo j\u00e1 foi invadido e furtado tr\u00eas vezes.<\/p>\n<p>De acordo com informa\u00e7\u00f5es da Arquidiocese de Salvador, foram levadas uma televis\u00e3o, um ventilador e o dinheiro que estava na caixa coletadora, arrecadado a partir de doa\u00e7\u00e3o espont\u00e2nea dos fi\u00e9is. A Pol\u00edcia Militar foi aciada para ir ao local.<\/p>\n<p>&#8220;Desta vez, n\u00e3o houve profana\u00e7\u00e3o \u00e0 Eucaristia, pois, ap\u00f3s a primeira invas\u00e3o ocorrida no \u00faltimo dia 14, o templo ficou fechado e estava sendo preparado para a Santa Missa com o Ato de Desagravo, marcada para amanh\u00e3 (19)&#8221;, diz a nota enviada pela Arquidiocese.<\/p>\n<p>S\u00e9rie de furtos<\/p>\n<p>Na madrugada de domingo (14), a igreja, que foi a primeira catedral do Brasil e fica localizada no Centro Hist\u00f3rico de Salvador, foi invadida e teve v\u00e1rios pertences furtados.<\/p>\n<p>De acordo com a Arquidiocese, naquela ocasi\u00e3o, al\u00e9m de h\u00f3stias consagradas, 30 camisas do Senhor Bom Jesus dos Passos e R$ 150 em esp\u00e9cie, tamb\u00e9m foram levados v\u00e1rios objetos de prata. S\u00e3o eles: quatro casti\u00e7ais grandes, dois casti\u00e7ais pequenos, tr\u00eas vasos grandes, tr\u00eas vasos pequenos e um vaso tulipa.<\/p>\n<p>Segundo informa\u00e7\u00f5es apuradas pela TV Bahia, apenas um homem foi filmado entrando na igreja pelas c\u00e2meras de seguran\u00e7a do local. Ele arrombou uma porta de madeira para ter acesso ao interior do im\u00f3vel e tamb\u00e9m o sacr\u00e1rio, onde estavam as h\u00f3stias.<\/p>\n<p>O caso foi registrado na 1\u00aa Delegacia Territorial, onde tamb\u00e9m foi solicitado o Exame Pericial de Danos Materiais. Ainda n\u00e3o h\u00e1 detalhes sobre a identidade do suspeito e nem sobre o que foi feito com o material levado.<\/p>\n<p>Em nota, a Arquidiocese informou que ser\u00e1 realizado um Ato de Desagravo, para reparar a invas\u00e3o. A data ser\u00e1 informada a todos os fi\u00e9is nos pr\u00f3ximos dias.<\/p>\n<p>A Igreja Nossa Senhora da Ajuda fica na Pra\u00e7a da S\u00e9 e foi criada em 1552. Na \u00e9poca, ela funcionou provisoriamente como Catedral, e, por isso, ficou na hist\u00f3ria como a primeira do Brasil.<\/p>\n<p>Foto: Reprodu\u00e7\u00e3o \/ Redes sociais<br \/>\nIBahia<\/p>\n","protected":false},"excerpt":{"rendered":"<p>A Igreja Nossa Senhora da Ajuda foi alvo de mais um arrombamento na madrugada desta quinta-feira (18). S\u00f3 nesta semana,<\/p>\n","protected":false},"author":1,"featured_media":6139,"comment_status":"open","ping_status":"open","sticky":false,"template":"","format":"standard","meta":{"colormag_page_container_layout":"default_layout","colormag_page_sidebar_layout":"default_layout","_FSMCFIC_featured_image_caption":"","_FSMCFIC_featured_image_nocaption":"","_FSMCFIC_featured_image_hide":"","footnotes":""},"categories":[3,1],"tags":[],"class_list":["post-6138","post","type-post","status-publish","format-standard","has-post-thumbnail","hentry","category-policia","category-ultimas"],"yoast_head":"<!-- This site is optimized with the Yoast SEO plugin v27.1.1 - https:\/\/yoast.com\/product\/yoast-seo-wordpress\/ -->\n<title>Igreja da Ajuda \u00e9 roubada pela terceira vez em quatro dias - Brasil not\u00edcias<\/title>\n<meta name=\"robots\" content=\"index, follow, max-snippet:-1, max-image-preview:large, max-video-preview:-1\" \/>\n<link rel=\"canonical\" href=\"https:\/\/brasilnoticias.org\/site\/igreja-da-ajuda-e-roubada-pela-terceira-vez-em-quatro-dias\/\" \/>\n<meta property=\"og:locale\" content=\"pt_PT\" \/>\n<meta property=\"og:type\" content=\"article\" \/>\n<meta property=\"og:title\" content=\"Igreja da Ajuda \u00e9 roubada pela terceira vez em quatro dias - Brasil not\u00edcias\" \/>\n<meta property=\"og:description\" content=\"A Igreja Nossa Senhora da Ajuda foi alvo de mais um arrombamento na madrugada desta quinta-feira (18). S\u00f3 nesta semana,\" \/>\n<meta property=\"og:url\" content=\"https:\/\/brasilnoticias.org\/site\/igreja-da-ajuda-e-roubada-pela-terceira-vez-em-quatro-dias\/\" \/>\n<meta property=\"og:site_name\" content=\"Brasil not\u00edcias\" \/>\n<meta property=\"article:published_time\" content=\"2023-05-19T10:04:12+00:00\" \/>\n<meta property=\"og:image\" content=\"https:\/\/brasilnoticias.org\/site\/wp-content\/uploads\/2023\/05\/inline_00293676_00-3.webp\" \/>\n\t<meta property=\"og:image:width\" content=\"780\" \/>\n\t<meta property=\"og:image:height\" content=\"468\" \/>\n\t<meta property=\"og:image:type\" content=\"image\/webp\" \/>\n<meta name=\"author\" content=\"Reda\u00e7\u00e3o\" \/>\n<meta name=\"twitter:card\" content=\"summary_large_image\" \/>\n<meta name=\"twitter:label1\" content=\"Escrito por\" \/>\n\t<meta name=\"twitter:data1\" content=\"Reda\u00e7\u00e3o\" \/>\n<script type=\"application\/ld+json\" class=\"yoast-schema-graph\">{\"@context\":\"https:\/\/schema.org\",\"@graph\":[{\"@type\":\"Article\",\"@id\":\"https:\/\/brasilnoticias.org\/site\/igreja-da-ajuda-e-roubada-pela-terceira-vez-em-quatro-dias\/#article\",\"isPartOf\":{\"@id\":\"https:\/\/brasilnoticias.org\/site\/igreja-da-ajuda-e-roubada-pela-terceira-vez-em-quatro-dias\/\"},\"author\":{\"name\":\"Reda\u00e7\u00e3o\",\"@id\":\"https:\/\/brasilnoticias.org\/site\/#\/schema\/person\/a0e05b973ec4d15c658d51911e53507b\"},\"headline\":\"Igreja da Ajuda \u00e9 roubada pela terceira vez em quatro dias\",\"datePublished\":\"2023-05-19T10:04:12+00:00\",\"mainEntityOfPage\":{\"@id\":\"https:\/\/brasilnoticias.org\/site\/igreja-da-ajuda-e-roubada-pela-terceira-vez-em-quatro-dias\/\"},\"wordCount\":379,\"commentCount\":0,\"publisher\":{\"@id\":\"https:\/\/brasilnoticias.org\/site\/#organization\"},\"image\":{\"@id\":\"https:\/\/brasilnoticias.org\/site\/igreja-da-ajuda-e-roubada-pela-terceira-vez-em-quatro-dias\/#primaryimage\"},\"thumbnailUrl\":\"https:\/\/brasilnoticias.org\/site\/wp-content\/uploads\/2023\/05\/inline_00293676_00-3.webp\",\"articleSection\":[\"Pol\u00edcia\",\"\u00daltimas\"],\"inLanguage\":\"pt-PT\",\"potentialAction\":[{\"@type\":\"CommentAction\",\"name\":\"Comment\",\"target\":[\"https:\/\/brasilnoticias.org\/site\/igreja-da-ajuda-e-roubada-pela-terceira-vez-em-quatro-dias\/#respond\"]}]},{\"@type\":\"WebPage\",\"@id\":\"https:\/\/brasilnoticias.org\/site\/igreja-da-ajuda-e-roubada-pela-terceira-vez-em-quatro-dias\/\",\"url\":\"https:\/\/brasilnoticias.org\/site\/igreja-da-ajuda-e-roubada-pela-terceira-vez-em-quatro-dias\/\",\"name\":\"Igreja da Ajuda \u00e9 roubada pela terceira vez em quatro dias - Brasil not\u00edcias\",\"isPartOf\":{\"@id\":\"https:\/\/brasilnoticias.org\/site\/#website\"},\"primaryImageOfPage\":{\"@id\":\"https:\/\/brasilnoticias.org\/site\/igreja-da-ajuda-e-roubada-pela-terceira-vez-em-quatro-dias\/#primaryimage\"},\"image\":{\"@id\":\"https:\/\/brasilnoticias.org\/site\/igreja-da-ajuda-e-roubada-pela-terceira-vez-em-quatro-dias\/#primaryimage\"},\"thumbnailUrl\":\"https:\/\/brasilnoticias.org\/site\/wp-content\/uploads\/2023\/05\/inline_00293676_00-3.webp\",\"datePublished\":\"2023-05-19T10:04:12+00:00\",\"breadcrumb\":{\"@id\":\"https:\/\/brasilnoticias.org\/site\/igreja-da-ajuda-e-roubada-pela-terceira-vez-em-quatro-dias\/#breadcrumb\"},\"inLanguage\":\"pt-PT\",\"potentialAction\":[{\"@type\":\"ReadAction\",\"target\":[\"https:\/\/brasilnoticias.org\/site\/igreja-da-ajuda-e-roubada-pela-terceira-vez-em-quatro-dias\/\"]}]},{\"@type\":\"ImageObject\",\"inLanguage\":\"pt-PT\",\"@id\":\"https:\/\/brasilnoticias.org\/site\/igreja-da-ajuda-e-roubada-pela-terceira-vez-em-quatro-dias\/#primaryimage\",\"url\":\"https:\/\/brasilnoticias.org\/site\/wp-content\/uploads\/2023\/05\/inline_00293676_00-3.webp\",\"contentUrl\":\"https:\/\/brasilnoticias.org\/site\/wp-content\/uploads\/2023\/05\/inline_00293676_00-3.webp\",\"width\":780,\"height\":468},{\"@type\":\"BreadcrumbList\",\"@id\":\"https:\/\/brasilnoticias.org\/site\/igreja-da-ajuda-e-roubada-pela-terceira-vez-em-quatro-dias\/#breadcrumb\",\"itemListElement\":[{\"@type\":\"ListItem\",\"position\":1,\"name\":\"In\u00edcio\",\"item\":\"https:\/\/brasilnoticias.org\/site\/\"},{\"@type\":\"ListItem\",\"position\":2,\"name\":\"Igreja da Ajuda \u00e9 roubada pela terceira vez em quatro dias\"}]},{\"@type\":\"WebSite\",\"@id\":\"https:\/\/brasilnoticias.org\/site\/#website\",\"url\":\"https:\/\/brasilnoticias.org\/site\/\",\"name\":\"Brasil not\u00edcias\",\"description\":\"Brasil not\u00edcias\",\"publisher\":{\"@id\":\"https:\/\/brasilnoticias.org\/site\/#organization\"},\"potentialAction\":[{\"@type\":\"SearchAction\",\"target\":{\"@type\":\"EntryPoint\",\"urlTemplate\":\"https:\/\/brasilnoticias.org\/site\/?s={search_term_string}\"},\"query-input\":{\"@type\":\"PropertyValueSpecification\",\"valueRequired\":true,\"valueName\":\"search_term_string\"}}],\"inLanguage\":\"pt-PT\"},{\"@type\":\"Organization\",\"@id\":\"https:\/\/brasilnoticias.org\/site\/#organization\",\"name\":\"Brasil not\u00edcias\",\"url\":\"https:\/\/brasilnoticias.org\/site\/\",\"logo\":{\"@type\":\"ImageObject\",\"inLanguage\":\"pt-PT\",\"@id\":\"https:\/\/brasilnoticias.org\/site\/#\/schema\/logo\/image\/\",\"url\":\"https:\/\/brasilnoticias.org\/site\/wp-content\/uploads\/2022\/05\/cropped-brasilnoticias-mini.jpg\",\"contentUrl\":\"https:\/\/brasilnoticias.org\/site\/wp-content\/uploads\/2022\/05\/cropped-brasilnoticias-mini.jpg\",\"width\":314,\"height\":86,\"caption\":\"Brasil not\u00edcias\"},\"image\":{\"@id\":\"https:\/\/brasilnoticias.org\/site\/#\/schema\/logo\/image\/\"}},{\"@type\":\"Person\",\"@id\":\"https:\/\/brasilnoticias.org\/site\/#\/schema\/person\/a0e05b973ec4d15c658d51911e53507b\",\"name\":\"Reda\u00e7\u00e3o\",\"image\":{\"@type\":\"ImageObject\",\"inLanguage\":\"pt-PT\",\"@id\":\"https:\/\/brasilnoticias.org\/site\/#\/schema\/person\/image\/\",\"url\":\"https:\/\/secure.gravatar.com\/avatar\/75d8b050df2de108b08ae78dfb8e374892df24a383c67db9c46a9c604f6aee9c?s=96&d=mm&r=g\",\"contentUrl\":\"https:\/\/secure.gravatar.com\/avatar\/75d8b050df2de108b08ae78dfb8e374892df24a383c67db9c46a9c604f6aee9c?s=96&d=mm&r=g\",\"caption\":\"Reda\u00e7\u00e3o\"},\"sameAs\":[\"https:\/\/brasilnoticias.org\/site\"],\"url\":\"https:\/\/brasilnoticias.org\/site\/author\/fernandozsngmail-com\/\"}]}<\/script>\n<!-- \/ Yoast SEO plugin. -->","yoast_head_json":{"title":"Igreja da Ajuda \u00e9 roubada pela terceira vez em quatro dias - Brasil not\u00edcias","robots":{"index":"index","follow":"follow","max-snippet":"max-snippet:-1","max-image-preview":"max-image-preview:large","max-video-preview":"max-video-preview:-1"},"canonical":"https:\/\/brasilnoticias.org\/site\/igreja-da-ajuda-e-roubada-pela-terceira-vez-em-quatro-dias\/","og_locale":"pt_PT","og_type":"article","og_title":"Igreja da Ajuda \u00e9 roubada pela terceira vez em quatro dias - Brasil not\u00edcias","og_description":"A Igreja Nossa Senhora da Ajuda foi alvo de mais um arrombamento na madrugada desta quinta-feira (18). S\u00f3 nesta semana,","og_url":"https:\/\/brasilnoticias.org\/site\/igreja-da-ajuda-e-roubada-pela-terceira-vez-em-quatro-dias\/","og_site_name":"Brasil not\u00edcias","article_published_time":"2023-05-19T10:04:12+00:00","og_image":[{"width":780,"height":468,"url":"https:\/\/brasilnoticias.org\/site\/wp-content\/uploads\/2023\/05\/inline_00293676_00-3.webp","type":"image\/webp"}],"author":"Reda\u00e7\u00e3o","twitter_card":"summary_large_image","twitter_misc":{"Escrito por":"Reda\u00e7\u00e3o"},"schema":{"@context":"https:\/\/schema.org","@graph":[{"@type":"Article","@id":"https:\/\/brasilnoticias.org\/site\/igreja-da-ajuda-e-roubada-pela-terceira-vez-em-quatro-dias\/#article","isPartOf":{"@id":"https:\/\/brasilnoticias.org\/site\/igreja-da-ajuda-e-roubada-pela-terceira-vez-em-quatro-dias\/"},"author":{"name":"Reda\u00e7\u00e3o","@id":"https:\/\/brasilnoticias.org\/site\/#\/schema\/person\/a0e05b973ec4d15c658d51911e53507b"},"headline":"Igreja da Ajuda \u00e9 roubada pela terceira vez em quatro dias","datePublished":"2023-05-19T10:04:12+00:00","mainEntityOfPage":{"@id":"https:\/\/brasilnoticias.org\/site\/igreja-da-ajuda-e-roubada-pela-terceira-vez-em-quatro-dias\/"},"wordCount":379,"commentCount":0,"publisher":{"@id":"https:\/\/brasilnoticias.org\/site\/#organization"},"image":{"@id":"https:\/\/brasilnoticias.org\/site\/igreja-da-ajuda-e-roubada-pela-terceira-vez-em-quatro-dias\/#primaryimage"},"thumbnailUrl":"https:\/\/brasilnoticias.org\/site\/wp-content\/uploads\/2023\/05\/inline_00293676_00-3.webp","articleSection":["Pol\u00edcia","\u00daltimas"],"inLanguage":"pt-PT","potentialAction":[{"@type":"CommentAction","name":"Comment","target":["https:\/\/brasilnoticias.org\/site\/igreja-da-ajuda-e-roubada-pela-terceira-vez-em-quatro-dias\/#respond"]}]},{"@type":"WebPage","@id":"https:\/\/brasilnoticias.org\/site\/igreja-da-ajuda-e-roubada-pela-terceira-vez-em-quatro-dias\/","url":"https:\/\/brasilnoticias.org\/site\/igreja-da-ajuda-e-roubada-pela-terceira-vez-em-quatro-dias\/","name":"Igreja da Ajuda \u00e9 roubada pela terceira vez em quatro dias - Brasil not\u00edcias","isPartOf":{"@id":"https:\/\/brasilnoticias.org\/site\/#website"},"primaryImageOfPage":{"@id":"https:\/\/brasilnoticias.org\/site\/igreja-da-ajuda-e-roubada-pela-terceira-vez-em-quatro-dias\/#primaryimage"},"image":{"@id":"https:\/\/brasilnoticias.org\/site\/igreja-da-ajuda-e-roubada-pela-terceira-vez-em-quatro-dias\/#primaryimage"},"thumbnailUrl":"https:\/\/brasilnoticias.org\/site\/wp-content\/uploads\/2023\/05\/inline_00293676_00-3.webp","datePublished":"2023-05-19T10:04:12+00:00","breadcrumb":{"@id":"https:\/\/brasilnoticias.org\/site\/igreja-da-ajuda-e-roubada-pela-terceira-vez-em-quatro-dias\/#breadcrumb"},"inLanguage":"pt-PT","potentialAction":[{"@type":"ReadAction","target":["https:\/\/brasilnoticias.org\/site\/igreja-da-ajuda-e-roubada-pela-terceira-vez-em-quatro-dias\/"]}]},{"@type":"ImageObject","inLanguage":"pt-PT","@id":"https:\/\/brasilnoticias.org\/site\/igreja-da-ajuda-e-roubada-pela-terceira-vez-em-quatro-dias\/#primaryimage","url":"https:\/\/brasilnoticias.org\/site\/wp-content\/uploads\/2023\/05\/inline_00293676_00-3.webp","contentUrl":"https:\/\/brasilnoticias.org\/site\/wp-content\/uploads\/2023\/05\/inline_00293676_00-3.webp","width":780,"height":468},{"@type":"BreadcrumbList","@id":"https:\/\/brasilnoticias.org\/site\/igreja-da-ajuda-e-roubada-pela-terceira-vez-em-quatro-dias\/#breadcrumb","itemListElement":[{"@type":"ListItem","position":1,"name":"In\u00edcio","item":"https:\/\/brasilnoticias.org\/site\/"},{"@type":"ListItem","position":2,"name":"Igreja da Ajuda \u00e9 roubada pela terceira vez em quatro dias"}]},{"@type":"WebSite","@id":"https:\/\/brasilnoticias.org\/site\/#website","url":"https:\/\/brasilnoticias.org\/site\/","name":"Brasil not\u00edcias","description":"Brasil not\u00edcias","publisher":{"@id":"https:\/\/brasilnoticias.org\/site\/#organization"},"potentialAction":[{"@type":"SearchAction","target":{"@type":"EntryPoint","urlTemplate":"https:\/\/brasilnoticias.org\/site\/?s={search_term_string}"},"query-input":{"@type":"PropertyValueSpecification","valueRequired":true,"valueName":"search_term_string"}}],"inLanguage":"pt-PT"},{"@type":"Organization","@id":"https:\/\/brasilnoticias.org\/site\/#organization","name":"Brasil not\u00edcias","url":"https:\/\/brasilnoticias.org\/site\/","logo":{"@type":"ImageObject","inLanguage":"pt-PT","@id":"https:\/\/brasilnoticias.org\/site\/#\/schema\/logo\/image\/","url":"https:\/\/brasilnoticias.org\/site\/wp-content\/uploads\/2022\/05\/cropped-brasilnoticias-mini.jpg","contentUrl":"https:\/\/brasilnoticias.org\/site\/wp-content\/uploads\/2022\/05\/cropped-brasilnoticias-mini.jpg","width":314,"height":86,"caption":"Brasil not\u00edcias"},"image":{"@id":"https:\/\/brasilnoticias.org\/site\/#\/schema\/logo\/image\/"}},{"@type":"Person","@id":"https:\/\/brasilnoticias.org\/site\/#\/schema\/person\/a0e05b973ec4d15c658d51911e53507b","name":"Reda\u00e7\u00e3o","image":{"@type":"ImageObject","inLanguage":"pt-PT","@id":"https:\/\/brasilnoticias.org\/site\/#\/schema\/person\/image\/","url":"https:\/\/secure.gravatar.com\/avatar\/75d8b050df2de108b08ae78dfb8e374892df24a383c67db9c46a9c604f6aee9c?s=96&d=mm&r=g","contentUrl":"https:\/\/secure.gravatar.com\/avatar\/75d8b050df2de108b08ae78dfb8e374892df24a383c67db9c46a9c604f6aee9c?s=96&d=mm&r=g","caption":"Reda\u00e7\u00e3o"},"sameAs":["https:\/\/brasilnoticias.org\/site"],"url":"https:\/\/brasilnoticias.org\/site\/author\/fernandozsngmail-com\/"}]}},"_links":{"self":[{"href":"https:\/\/brasilnoticias.org\/site\/wp-json\/wp\/v2\/posts\/6138","targetHints":{"allow":["GET"]}}],"collection":[{"href":"https:\/\/brasilnoticias.org\/site\/wp-json\/wp\/v2\/posts"}],"about":[{"href":"https:\/\/brasilnoticias.org\/site\/wp-json\/wp\/v2\/types\/post"}],"author":[{"embeddable":true,"href":"https:\/\/brasilnoticias.org\/site\/wp-json\/wp\/v2\/users\/1"}],"replies":[{"embeddable":true,"href":"https:\/\/brasilnoticias.org\/site\/wp-json\/wp\/v2\/comments?post=6138"}],"version-history":[{"count":1,"href":"https:\/\/brasilnoticias.org\/site\/wp-json\/wp\/v2\/posts\/6138\/revisions"}],"predecessor-version":[{"id":6140,"href":"https:\/\/brasilnoticias.org\/site\/wp-json\/wp\/v2\/posts\/6138\/revisions\/6140"}],"wp:featuredmedia":[{"embeddable":true,"href":"https:\/\/brasilnoticias.org\/site\/wp-json\/wp\/v2\/media\/6139"}],"wp:attachment":[{"href":"https:\/\/brasilnoticias.org\/site\/wp-json\/wp\/v2\/media?parent=6138"}],"wp:term":[{"taxonomy":"category","embeddable":true,"href":"https:\/\/brasilnoticias.org\/site\/wp-json\/wp\/v2\/categories?post=6138"},{"taxonomy":"post_tag","embeddable":true,"href":"https:\/\/brasilnoticias.org\/site\/wp-json\/wp\/v2\/tags?post=6138"}],"curies":[{"name":"wp","href":"https:\/\/api.w.org\/{rel}","templated":true}]}}