{"id":6142,"date":"2023-05-19T07:06:05","date_gmt":"2023-05-19T10:06:05","guid":{"rendered":"https:\/\/brasilnoticias.org\/site\/?p=6142"},"modified":"2023-05-19T07:06:05","modified_gmt":"2023-05-19T10:06:05","slug":"igreja-da-ajuda-e-roubada-pela-terceira-vez-em-quatro-dias-2","status":"publish","type":"post","link":"https:\/\/brasilnoticias.org\/site\/igreja-da-ajuda-e-roubada-pela-terceira-vez-em-quatro-dias-2\/","title":{"rendered":"Igreja da Ajuda \u00e9 roubada pela terceira vez em quatro dias"},"content":{"rendered":"<p>O avi\u00e3o que ultrapassou o limite de uma das pistas do Aeroporto Internacional de Salvador, durante um pouso, foi retirado do local nesta quinta-feira (18), oito dias ap\u00f3s o incidente. A aeronave da Azul Linhas A\u00e9reas foi levada para um p\u00e1tio, onde uma per\u00edcia ser\u00e1 realizada.<\/p>\n<p>De acordo com o g1, a apura\u00e7\u00e3o ser\u00e1 feita pelo Centro de Investiga\u00e7\u00e3o e Preven\u00e7\u00e3o de Acidentes Aeron\u00e1uticos (Cenipa), que vai identificar o que provocou a situa\u00e7\u00e3o. O incidente aconteceu na madrugada de 10 de maio. Cerca de 105 passageiros estavam na aeronave.<\/p>\n<p>A per\u00edcia ser\u00e1 feita para a coleta e confirma\u00e7\u00e3o de dados, al\u00e9m da preserva\u00e7\u00e3o de ind\u00edcios, a verifica\u00e7\u00e3o inicial de danos causados \u00e0 aeronave, ou pela aeronave, juntamente com outras informa\u00e7\u00f5es necess\u00e1rias ao processo de investiga\u00e7\u00e3o.<\/p>\n<p>Relembre o caso<\/p>\n<p>Ap\u00f3s aterrissagem, um avi\u00e3o perdeu o controle e saiu da pista do Aeroporto de Salvador. Testemunhas contaram que chovia bastante na madrugada e que os passageiros foram retirados da aeronave com tranquilidade. Segundo a TV Bahia, apesar do susto, ningu\u00e9m ficou ferido.<\/p>\n<p>A aeronave operava o voo AD 4372 e partiu do Aeroporto de Viracopos, em Campinas, com destino a Salvador. O pouso estava previsto para 1h35 na pista auxiliar da capital baiana, mas na frenagem ele saiu da pista e foi parar em um matagal.<\/p>\n<p>As circunst\u00e2ncias para a falha na frenagem n\u00e3o foram divulgadas. Um dos passageiros do voo foi o aposentado Haroldo Mariano, que chegou a Salvador para passar alguns dias a passeio. Segundo ele, n\u00e3o houve p\u00e2nico dentro do avi\u00e3o.<\/p>\n<p>&#8220;Freou, mas n\u00e3o segurou e acabou ultrapassando a pista. No momento n\u00e3o [fomos avisados de problema no pouso], foi tanto que ningu\u00e9m percebeu quase nada. Eles avisaram que estava pr\u00f3ximo, para colocar o cinto, que ia fazer o pouso. A\u00ed quando fez o pouso, a frenagem n\u00e3o foi&#8230; pista molhada, acabou ultrapassando os limites da pista&#8221;.<\/p>\n<p>No in\u00edcio esta manh\u00e3, o Corpo de Bombeiros esteve no local para prestar atendimento. Imagens divulgadas nas redes sociais mostram diversas viaturas assessorando a descida dos tripulantes e passageiros. Em nota, a Azul informou que o avi\u00e3o &#8216;ultrapassou os limites da pista no momento do pouso. Ap\u00f3s a ocorr\u00eancia, todos os clientes e tripulantes desembarcaram normalmente, com seguran\u00e7a. A companhia lamenta eventuais aborrecimentos causados e est\u00e1 prestando toda assist\u00eancia necess\u00e1ria.&#8221;<\/p>\n<p>Foto: Reprodu\u00e7\u00e3o\/Redes Sociais<br \/>\nIBahia<\/p>\n","protected":false},"excerpt":{"rendered":"<p>O avi\u00e3o que ultrapassou o limite de uma das pistas do Aeroporto Internacional de Salvador, durante um pouso, foi retirado<\/p>\n","protected":false},"author":1,"featured_media":6143,"comment_status":"open","ping_status":"open","sticky":false,"template":"","format":"standard","meta":{"colormag_page_container_layout":"default_layout","colormag_page_sidebar_layout":"default_layout","_FSMCFIC_featured_image_caption":"","_FSMCFIC_featured_image_nocaption":"","_FSMCFIC_featured_image_hide":"","footnotes":""},"categories":[2,1],"tags":[],"class_list":["post-6142","post","type-post","status-publish","format-standard","has-post-thumbnail","hentry","category-noticias","category-ultimas"],"yoast_head":"<!-- This site is optimized with the Yoast SEO plugin v27.1.1 - https:\/\/yoast.com\/product\/yoast-seo-wordpress\/ -->\n<title>Igreja da Ajuda \u00e9 roubada pela terceira vez em quatro dias - Brasil not\u00edcias<\/title>\n<meta name=\"robots\" content=\"index, follow, max-snippet:-1, max-image-preview:large, max-video-preview:-1\" \/>\n<link rel=\"canonical\" href=\"https:\/\/brasilnoticias.org\/site\/igreja-da-ajuda-e-roubada-pela-terceira-vez-em-quatro-dias-2\/\" \/>\n<meta property=\"og:locale\" content=\"pt_PT\" \/>\n<meta property=\"og:type\" content=\"article\" \/>\n<meta property=\"og:title\" content=\"Igreja da Ajuda \u00e9 roubada pela terceira vez em quatro dias - Brasil not\u00edcias\" \/>\n<meta property=\"og:description\" content=\"O avi\u00e3o que ultrapassou o limite de uma das pistas do Aeroporto Internacional de Salvador, durante um pouso, foi retirado\" \/>\n<meta property=\"og:url\" content=\"https:\/\/brasilnoticias.org\/site\/igreja-da-ajuda-e-roubada-pela-terceira-vez-em-quatro-dias-2\/\" \/>\n<meta property=\"og:site_name\" content=\"Brasil not\u00edcias\" \/>\n<meta property=\"article:published_time\" content=\"2023-05-19T10:06:05+00:00\" \/>\n<meta property=\"og:image\" content=\"https:\/\/brasilnoticias.org\/site\/wp-content\/uploads\/2023\/05\/inline_00293681_00-3.webp\" \/>\n\t<meta property=\"og:image:width\" content=\"780\" \/>\n\t<meta property=\"og:image:height\" content=\"468\" \/>\n\t<meta property=\"og:image:type\" content=\"image\/webp\" \/>\n<meta name=\"author\" content=\"Reda\u00e7\u00e3o\" \/>\n<meta name=\"twitter:card\" content=\"summary_large_image\" \/>\n<meta name=\"twitter:label1\" content=\"Escrito por\" \/>\n\t<meta name=\"twitter:data1\" content=\"Reda\u00e7\u00e3o\" \/>\n<script type=\"application\/ld+json\" class=\"yoast-schema-graph\">{\"@context\":\"https:\/\/schema.org\",\"@graph\":[{\"@type\":\"Article\",\"@id\":\"https:\/\/brasilnoticias.org\/site\/igreja-da-ajuda-e-roubada-pela-terceira-vez-em-quatro-dias-2\/#article\",\"isPartOf\":{\"@id\":\"https:\/\/brasilnoticias.org\/site\/igreja-da-ajuda-e-roubada-pela-terceira-vez-em-quatro-dias-2\/\"},\"author\":{\"name\":\"Reda\u00e7\u00e3o\",\"@id\":\"https:\/\/brasilnoticias.org\/site\/#\/schema\/person\/a0e05b973ec4d15c658d51911e53507b\"},\"headline\":\"Igreja da Ajuda \u00e9 roubada pela terceira vez em quatro dias\",\"datePublished\":\"2023-05-19T10:06:05+00:00\",\"mainEntityOfPage\":{\"@id\":\"https:\/\/brasilnoticias.org\/site\/igreja-da-ajuda-e-roubada-pela-terceira-vez-em-quatro-dias-2\/\"},\"wordCount\":428,\"commentCount\":0,\"publisher\":{\"@id\":\"https:\/\/brasilnoticias.org\/site\/#organization\"},\"image\":{\"@id\":\"https:\/\/brasilnoticias.org\/site\/igreja-da-ajuda-e-roubada-pela-terceira-vez-em-quatro-dias-2\/#primaryimage\"},\"thumbnailUrl\":\"https:\/\/brasilnoticias.org\/site\/wp-content\/uploads\/2023\/05\/inline_00293681_00-3.webp\",\"articleSection\":[\"Not\u00edcias\",\"\u00daltimas\"],\"inLanguage\":\"pt-PT\",\"potentialAction\":[{\"@type\":\"CommentAction\",\"name\":\"Comment\",\"target\":[\"https:\/\/brasilnoticias.org\/site\/igreja-da-ajuda-e-roubada-pela-terceira-vez-em-quatro-dias-2\/#respond\"]}]},{\"@type\":\"WebPage\",\"@id\":\"https:\/\/brasilnoticias.org\/site\/igreja-da-ajuda-e-roubada-pela-terceira-vez-em-quatro-dias-2\/\",\"url\":\"https:\/\/brasilnoticias.org\/site\/igreja-da-ajuda-e-roubada-pela-terceira-vez-em-quatro-dias-2\/\",\"name\":\"Igreja da Ajuda \u00e9 roubada pela terceira vez em quatro dias - Brasil not\u00edcias\",\"isPartOf\":{\"@id\":\"https:\/\/brasilnoticias.org\/site\/#website\"},\"primaryImageOfPage\":{\"@id\":\"https:\/\/brasilnoticias.org\/site\/igreja-da-ajuda-e-roubada-pela-terceira-vez-em-quatro-dias-2\/#primaryimage\"},\"image\":{\"@id\":\"https:\/\/brasilnoticias.org\/site\/igreja-da-ajuda-e-roubada-pela-terceira-vez-em-quatro-dias-2\/#primaryimage\"},\"thumbnailUrl\":\"https:\/\/brasilnoticias.org\/site\/wp-content\/uploads\/2023\/05\/inline_00293681_00-3.webp\",\"datePublished\":\"2023-05-19T10:06:05+00:00\",\"breadcrumb\":{\"@id\":\"https:\/\/brasilnoticias.org\/site\/igreja-da-ajuda-e-roubada-pela-terceira-vez-em-quatro-dias-2\/#breadcrumb\"},\"inLanguage\":\"pt-PT\",\"potentialAction\":[{\"@type\":\"ReadAction\",\"target\":[\"https:\/\/brasilnoticias.org\/site\/igreja-da-ajuda-e-roubada-pela-terceira-vez-em-quatro-dias-2\/\"]}]},{\"@type\":\"ImageObject\",\"inLanguage\":\"pt-PT\",\"@id\":\"https:\/\/brasilnoticias.org\/site\/igreja-da-ajuda-e-roubada-pela-terceira-vez-em-quatro-dias-2\/#primaryimage\",\"url\":\"https:\/\/brasilnoticias.org\/site\/wp-content\/uploads\/2023\/05\/inline_00293681_00-3.webp\",\"contentUrl\":\"https:\/\/brasilnoticias.org\/site\/wp-content\/uploads\/2023\/05\/inline_00293681_00-3.webp\",\"width\":780,\"height\":468},{\"@type\":\"BreadcrumbList\",\"@id\":\"https:\/\/brasilnoticias.org\/site\/igreja-da-ajuda-e-roubada-pela-terceira-vez-em-quatro-dias-2\/#breadcrumb\",\"itemListElement\":[{\"@type\":\"ListItem\",\"position\":1,\"name\":\"In\u00edcio\",\"item\":\"https:\/\/brasilnoticias.org\/site\/\"},{\"@type\":\"ListItem\",\"position\":2,\"name\":\"Igreja da Ajuda \u00e9 roubada pela terceira vez em quatro dias\"}]},{\"@type\":\"WebSite\",\"@id\":\"https:\/\/brasilnoticias.org\/site\/#website\",\"url\":\"https:\/\/brasilnoticias.org\/site\/\",\"name\":\"Brasil not\u00edcias\",\"description\":\"Brasil not\u00edcias\",\"publisher\":{\"@id\":\"https:\/\/brasilnoticias.org\/site\/#organization\"},\"potentialAction\":[{\"@type\":\"SearchAction\",\"target\":{\"@type\":\"EntryPoint\",\"urlTemplate\":\"https:\/\/brasilnoticias.org\/site\/?s={search_term_string}\"},\"query-input\":{\"@type\":\"PropertyValueSpecification\",\"valueRequired\":true,\"valueName\":\"search_term_string\"}}],\"inLanguage\":\"pt-PT\"},{\"@type\":\"Organization\",\"@id\":\"https:\/\/brasilnoticias.org\/site\/#organization\",\"name\":\"Brasil not\u00edcias\",\"url\":\"https:\/\/brasilnoticias.org\/site\/\",\"logo\":{\"@type\":\"ImageObject\",\"inLanguage\":\"pt-PT\",\"@id\":\"https:\/\/brasilnoticias.org\/site\/#\/schema\/logo\/image\/\",\"url\":\"https:\/\/brasilnoticias.org\/site\/wp-content\/uploads\/2022\/05\/cropped-brasilnoticias-mini.jpg\",\"contentUrl\":\"https:\/\/brasilnoticias.org\/site\/wp-content\/uploads\/2022\/05\/cropped-brasilnoticias-mini.jpg\",\"width\":314,\"height\":86,\"caption\":\"Brasil not\u00edcias\"},\"image\":{\"@id\":\"https:\/\/brasilnoticias.org\/site\/#\/schema\/logo\/image\/\"}},{\"@type\":\"Person\",\"@id\":\"https:\/\/brasilnoticias.org\/site\/#\/schema\/person\/a0e05b973ec4d15c658d51911e53507b\",\"name\":\"Reda\u00e7\u00e3o\",\"image\":{\"@type\":\"ImageObject\",\"inLanguage\":\"pt-PT\",\"@id\":\"https:\/\/brasilnoticias.org\/site\/#\/schema\/person\/image\/\",\"url\":\"https:\/\/secure.gravatar.com\/avatar\/75d8b050df2de108b08ae78dfb8e374892df24a383c67db9c46a9c604f6aee9c?s=96&d=mm&r=g\",\"contentUrl\":\"https:\/\/secure.gravatar.com\/avatar\/75d8b050df2de108b08ae78dfb8e374892df24a383c67db9c46a9c604f6aee9c?s=96&d=mm&r=g\",\"caption\":\"Reda\u00e7\u00e3o\"},\"sameAs\":[\"https:\/\/brasilnoticias.org\/site\"],\"url\":\"https:\/\/brasilnoticias.org\/site\/author\/fernandozsngmail-com\/\"}]}<\/script>\n<!-- \/ Yoast SEO plugin. -->","yoast_head_json":{"title":"Igreja da Ajuda \u00e9 roubada pela terceira vez em quatro dias - Brasil not\u00edcias","robots":{"index":"index","follow":"follow","max-snippet":"max-snippet:-1","max-image-preview":"max-image-preview:large","max-video-preview":"max-video-preview:-1"},"canonical":"https:\/\/brasilnoticias.org\/site\/igreja-da-ajuda-e-roubada-pela-terceira-vez-em-quatro-dias-2\/","og_locale":"pt_PT","og_type":"article","og_title":"Igreja da Ajuda \u00e9 roubada pela terceira vez em quatro dias - Brasil not\u00edcias","og_description":"O avi\u00e3o que ultrapassou o limite de uma das pistas do Aeroporto Internacional de Salvador, durante um pouso, foi retirado","og_url":"https:\/\/brasilnoticias.org\/site\/igreja-da-ajuda-e-roubada-pela-terceira-vez-em-quatro-dias-2\/","og_site_name":"Brasil not\u00edcias","article_published_time":"2023-05-19T10:06:05+00:00","og_image":[{"width":780,"height":468,"url":"https:\/\/brasilnoticias.org\/site\/wp-content\/uploads\/2023\/05\/inline_00293681_00-3.webp","type":"image\/webp"}],"author":"Reda\u00e7\u00e3o","twitter_card":"summary_large_image","twitter_misc":{"Escrito por":"Reda\u00e7\u00e3o"},"schema":{"@context":"https:\/\/schema.org","@graph":[{"@type":"Article","@id":"https:\/\/brasilnoticias.org\/site\/igreja-da-ajuda-e-roubada-pela-terceira-vez-em-quatro-dias-2\/#article","isPartOf":{"@id":"https:\/\/brasilnoticias.org\/site\/igreja-da-ajuda-e-roubada-pela-terceira-vez-em-quatro-dias-2\/"},"author":{"name":"Reda\u00e7\u00e3o","@id":"https:\/\/brasilnoticias.org\/site\/#\/schema\/person\/a0e05b973ec4d15c658d51911e53507b"},"headline":"Igreja da Ajuda \u00e9 roubada pela terceira vez em quatro dias","datePublished":"2023-05-19T10:06:05+00:00","mainEntityOfPage":{"@id":"https:\/\/brasilnoticias.org\/site\/igreja-da-ajuda-e-roubada-pela-terceira-vez-em-quatro-dias-2\/"},"wordCount":428,"commentCount":0,"publisher":{"@id":"https:\/\/brasilnoticias.org\/site\/#organization"},"image":{"@id":"https:\/\/brasilnoticias.org\/site\/igreja-da-ajuda-e-roubada-pela-terceira-vez-em-quatro-dias-2\/#primaryimage"},"thumbnailUrl":"https:\/\/brasilnoticias.org\/site\/wp-content\/uploads\/2023\/05\/inline_00293681_00-3.webp","articleSection":["Not\u00edcias","\u00daltimas"],"inLanguage":"pt-PT","potentialAction":[{"@type":"CommentAction","name":"Comment","target":["https:\/\/brasilnoticias.org\/site\/igreja-da-ajuda-e-roubada-pela-terceira-vez-em-quatro-dias-2\/#respond"]}]},{"@type":"WebPage","@id":"https:\/\/brasilnoticias.org\/site\/igreja-da-ajuda-e-roubada-pela-terceira-vez-em-quatro-dias-2\/","url":"https:\/\/brasilnoticias.org\/site\/igreja-da-ajuda-e-roubada-pela-terceira-vez-em-quatro-dias-2\/","name":"Igreja da Ajuda \u00e9 roubada pela terceira vez em quatro dias - Brasil not\u00edcias","isPartOf":{"@id":"https:\/\/brasilnoticias.org\/site\/#website"},"primaryImageOfPage":{"@id":"https:\/\/brasilnoticias.org\/site\/igreja-da-ajuda-e-roubada-pela-terceira-vez-em-quatro-dias-2\/#primaryimage"},"image":{"@id":"https:\/\/brasilnoticias.org\/site\/igreja-da-ajuda-e-roubada-pela-terceira-vez-em-quatro-dias-2\/#primaryimage"},"thumbnailUrl":"https:\/\/brasilnoticias.org\/site\/wp-content\/uploads\/2023\/05\/inline_00293681_00-3.webp","datePublished":"2023-05-19T10:06:05+00:00","breadcrumb":{"@id":"https:\/\/brasilnoticias.org\/site\/igreja-da-ajuda-e-roubada-pela-terceira-vez-em-quatro-dias-2\/#breadcrumb"},"inLanguage":"pt-PT","potentialAction":[{"@type":"ReadAction","target":["https:\/\/brasilnoticias.org\/site\/igreja-da-ajuda-e-roubada-pela-terceira-vez-em-quatro-dias-2\/"]}]},{"@type":"ImageObject","inLanguage":"pt-PT","@id":"https:\/\/brasilnoticias.org\/site\/igreja-da-ajuda-e-roubada-pela-terceira-vez-em-quatro-dias-2\/#primaryimage","url":"https:\/\/brasilnoticias.org\/site\/wp-content\/uploads\/2023\/05\/inline_00293681_00-3.webp","contentUrl":"https:\/\/brasilnoticias.org\/site\/wp-content\/uploads\/2023\/05\/inline_00293681_00-3.webp","width":780,"height":468},{"@type":"BreadcrumbList","@id":"https:\/\/brasilnoticias.org\/site\/igreja-da-ajuda-e-roubada-pela-terceira-vez-em-quatro-dias-2\/#breadcrumb","itemListElement":[{"@type":"ListItem","position":1,"name":"In\u00edcio","item":"https:\/\/brasilnoticias.org\/site\/"},{"@type":"ListItem","position":2,"name":"Igreja da Ajuda \u00e9 roubada pela terceira vez em quatro dias"}]},{"@type":"WebSite","@id":"https:\/\/brasilnoticias.org\/site\/#website","url":"https:\/\/brasilnoticias.org\/site\/","name":"Brasil not\u00edcias","description":"Brasil not\u00edcias","publisher":{"@id":"https:\/\/brasilnoticias.org\/site\/#organization"},"potentialAction":[{"@type":"SearchAction","target":{"@type":"EntryPoint","urlTemplate":"https:\/\/brasilnoticias.org\/site\/?s={search_term_string}"},"query-input":{"@type":"PropertyValueSpecification","valueRequired":true,"valueName":"search_term_string"}}],"inLanguage":"pt-PT"},{"@type":"Organization","@id":"https:\/\/brasilnoticias.org\/site\/#organization","name":"Brasil not\u00edcias","url":"https:\/\/brasilnoticias.org\/site\/","logo":{"@type":"ImageObject","inLanguage":"pt-PT","@id":"https:\/\/brasilnoticias.org\/site\/#\/schema\/logo\/image\/","url":"https:\/\/brasilnoticias.org\/site\/wp-content\/uploads\/2022\/05\/cropped-brasilnoticias-mini.jpg","contentUrl":"https:\/\/brasilnoticias.org\/site\/wp-content\/uploads\/2022\/05\/cropped-brasilnoticias-mini.jpg","width":314,"height":86,"caption":"Brasil not\u00edcias"},"image":{"@id":"https:\/\/brasilnoticias.org\/site\/#\/schema\/logo\/image\/"}},{"@type":"Person","@id":"https:\/\/brasilnoticias.org\/site\/#\/schema\/person\/a0e05b973ec4d15c658d51911e53507b","name":"Reda\u00e7\u00e3o","image":{"@type":"ImageObject","inLanguage":"pt-PT","@id":"https:\/\/brasilnoticias.org\/site\/#\/schema\/person\/image\/","url":"https:\/\/secure.gravatar.com\/avatar\/75d8b050df2de108b08ae78dfb8e374892df24a383c67db9c46a9c604f6aee9c?s=96&d=mm&r=g","contentUrl":"https:\/\/secure.gravatar.com\/avatar\/75d8b050df2de108b08ae78dfb8e374892df24a383c67db9c46a9c604f6aee9c?s=96&d=mm&r=g","caption":"Reda\u00e7\u00e3o"},"sameAs":["https:\/\/brasilnoticias.org\/site"],"url":"https:\/\/brasilnoticias.org\/site\/author\/fernandozsngmail-com\/"}]}},"_links":{"self":[{"href":"https:\/\/brasilnoticias.org\/site\/wp-json\/wp\/v2\/posts\/6142","targetHints":{"allow":["GET"]}}],"collection":[{"href":"https:\/\/brasilnoticias.org\/site\/wp-json\/wp\/v2\/posts"}],"about":[{"href":"https:\/\/brasilnoticias.org\/site\/wp-json\/wp\/v2\/types\/post"}],"author":[{"embeddable":true,"href":"https:\/\/brasilnoticias.org\/site\/wp-json\/wp\/v2\/users\/1"}],"replies":[{"embeddable":true,"href":"https:\/\/brasilnoticias.org\/site\/wp-json\/wp\/v2\/comments?post=6142"}],"version-history":[{"count":1,"href":"https:\/\/brasilnoticias.org\/site\/wp-json\/wp\/v2\/posts\/6142\/revisions"}],"predecessor-version":[{"id":6144,"href":"https:\/\/brasilnoticias.org\/site\/wp-json\/wp\/v2\/posts\/6142\/revisions\/6144"}],"wp:featuredmedia":[{"embeddable":true,"href":"https:\/\/brasilnoticias.org\/site\/wp-json\/wp\/v2\/media\/6143"}],"wp:attachment":[{"href":"https:\/\/brasilnoticias.org\/site\/wp-json\/wp\/v2\/media?parent=6142"}],"wp:term":[{"taxonomy":"category","embeddable":true,"href":"https:\/\/brasilnoticias.org\/site\/wp-json\/wp\/v2\/categories?post=6142"},{"taxonomy":"post_tag","embeddable":true,"href":"https:\/\/brasilnoticias.org\/site\/wp-json\/wp\/v2\/tags?post=6142"}],"curies":[{"name":"wp","href":"https:\/\/api.w.org\/{rel}","templated":true}]}}