{"id":6164,"date":"2023-05-20T06:23:21","date_gmt":"2023-05-20T09:23:21","guid":{"rendered":"https:\/\/brasilnoticias.org\/site\/?p=6164"},"modified":"2023-05-20T06:23:21","modified_gmt":"2023-05-20T09:23:21","slug":"classicos-nordestinos-sao-destaque-da-terceira-rodada-do-brasileirao-da-serie-d","status":"publish","type":"post","link":"https:\/\/brasilnoticias.org\/site\/classicos-nordestinos-sao-destaque-da-terceira-rodada-do-brasileirao-da-serie-d\/","title":{"rendered":"Cl\u00e1ssicos nordestinos s\u00e3o destaque da terceira rodada do Brasileir\u00e3o da S\u00e9rie D"},"content":{"rendered":"<p>O Campeonato Baiano da S\u00e9rie D chega a sua terceira rodada com muitos jogos por todo o Brasil. E o Grupo 4, que re\u00fane as equipes baianas do Atl\u00e9tico de Alagoinhas, Bahia de Feira e Jacuipense, tem como destaque tr\u00eas cl\u00e1ssicos que prometem movimentar os est\u00e1dios de tr\u00eas estados do Nordeste.<\/p>\n<p>Neste s\u00e1bado (20\/5), \u00e0s 16h, Falcon e Sergipe se enfrentam no Batist\u00e3o e fazem o derby sergipano do torneio. Enquanto o coloraro amarga a lanterna, seu rival segue na segunda posi\u00e7\u00e3o e quer se manter entre os quatro primeiros.<\/p>\n<p>J\u00e1 \u00e0s 17h do mesmo dia, a cidade de Arapiraca vai pegar fogo com os dois times da cidade, ASA e Cruzeiro-AL, se enfrentando no Coaracy da Mata Fonseca. Enquanto o Fantasma das Alagoas lidera a chave, o Estrelado est\u00e1 na terceira posi\u00e7\u00e3o e quer tomar a ponta do grupo.<\/p>\n<p>No mesmo hor\u00e1rio, s\u00f3 que em Feira de Santana, Bahia de Feira e Retr\u00f4 fazem a \u00fanica partida interestadual do grupo nesta rodada. Ap\u00f3s vencer na primeira rodada e ser derrotado na sequ\u00eancia, o Tremend\u00e3o quer voltar a vencer e usa o fator casa como vantagem para isso. Entretanto, os pernambucanos vem de dois empates e vem com tudo para chegar ao seu primeiro triunfo no torneio.<\/p>\n<p>No domingo (21\/5), \u00e2s 16h, Jacuipense e Atl\u00e9tico de Alagoinhas fecham a rodada com uma reedi\u00e7\u00e3o da final do Campeonato Baiano de 2022. E para a partida, o Le\u00e3o do Sisal quer se aproveitar de um Carcar\u00e1 em crise, que soma duas derrotas em dois jogos, para entrar na zona de classifica\u00e7\u00e3o para o mata-mata.<\/p>\n<p>Campeonato Brasileiro \u2013 S\u00e9rie D (Grupo 4)<br \/>\nS\u00e1bado \u2013 20\/05<\/p>\n<p>16h<br \/>\nBatist\u00e3o \u2013 Aracaju<\/p>\n<p>Falcon x Sergipe<br \/>\n17h<br \/>\nArena Tremend\u00e3o \u2013 Feira de Santana<br \/>\nBahia de Feira x Retr\u00f4<br \/>\n\u2013 Arena<br \/>\nCoaracy da Mata Fonseca \u2013 Arapiraca<br \/>\nASA x Cruzeiro-AL<br \/>\nDomingo \u2013 21\/05<br \/>\n16h<br \/>\nArena Valfred\u00e3o \u2013 Riach\u00e3o do Jacu\u00edpe<\/p>\n<p>Jacuipense x Atl\u00e9tico de Alagoinhas<\/p>\n<p>Aratu on<\/p>\n","protected":false},"excerpt":{"rendered":"<p>O Campeonato Baiano da S\u00e9rie D chega a sua terceira rodada com muitos jogos por todo o Brasil. E o<\/p>\n","protected":false},"author":1,"featured_media":6165,"comment_status":"open","ping_status":"open","sticky":false,"template":"","format":"standard","meta":{"colormag_page_container_layout":"default_layout","colormag_page_sidebar_layout":"default_layout","_FSMCFIC_featured_image_caption":"","_FSMCFIC_featured_image_nocaption":"","_FSMCFIC_featured_image_hide":"","footnotes":""},"categories":[4,1],"tags":[],"class_list":["post-6164","post","type-post","status-publish","format-standard","has-post-thumbnail","hentry","category-esporte","category-ultimas"],"yoast_head":"<!-- This site is optimized with the Yoast SEO plugin v27.1.1 - https:\/\/yoast.com\/product\/yoast-seo-wordpress\/ -->\n<title>Cl\u00e1ssicos nordestinos s\u00e3o destaque da terceira rodada do Brasileir\u00e3o da S\u00e9rie D - Brasil not\u00edcias<\/title>\n<meta name=\"robots\" content=\"index, follow, max-snippet:-1, max-image-preview:large, max-video-preview:-1\" \/>\n<link rel=\"canonical\" href=\"https:\/\/brasilnoticias.org\/site\/classicos-nordestinos-sao-destaque-da-terceira-rodada-do-brasileirao-da-serie-d\/\" \/>\n<meta property=\"og:locale\" content=\"pt_PT\" \/>\n<meta property=\"og:type\" content=\"article\" \/>\n<meta property=\"og:title\" content=\"Cl\u00e1ssicos nordestinos s\u00e3o destaque da terceira rodada do Brasileir\u00e3o da S\u00e9rie D - Brasil not\u00edcias\" \/>\n<meta property=\"og:description\" content=\"O Campeonato Baiano da S\u00e9rie D chega a sua terceira rodada com muitos jogos por todo o Brasil. E o\" \/>\n<meta property=\"og:url\" content=\"https:\/\/brasilnoticias.org\/site\/classicos-nordestinos-sao-destaque-da-terceira-rodada-do-brasileirao-da-serie-d\/\" \/>\n<meta property=\"og:site_name\" content=\"Brasil not\u00edcias\" \/>\n<meta property=\"article:published_time\" content=\"2023-05-20T09:23:21+00:00\" \/>\n<meta property=\"og:image\" content=\"https:\/\/brasilnoticias.org\/site\/wp-content\/uploads\/2023\/05\/whatsapp-image-2022-04-03-at-17.14.45.webp\" \/>\n\t<meta property=\"og:image:width\" content=\"640\" \/>\n\t<meta property=\"og:image:height\" content=\"360\" \/>\n\t<meta property=\"og:image:type\" content=\"image\/webp\" \/>\n<meta name=\"author\" content=\"Reda\u00e7\u00e3o\" \/>\n<meta name=\"twitter:card\" content=\"summary_large_image\" \/>\n<meta name=\"twitter:label1\" content=\"Escrito por\" \/>\n\t<meta name=\"twitter:data1\" content=\"Reda\u00e7\u00e3o\" \/>\n<script type=\"application\/ld+json\" class=\"yoast-schema-graph\">{\"@context\":\"https:\/\/schema.org\",\"@graph\":[{\"@type\":\"Article\",\"@id\":\"https:\/\/brasilnoticias.org\/site\/classicos-nordestinos-sao-destaque-da-terceira-rodada-do-brasileirao-da-serie-d\/#article\",\"isPartOf\":{\"@id\":\"https:\/\/brasilnoticias.org\/site\/classicos-nordestinos-sao-destaque-da-terceira-rodada-do-brasileirao-da-serie-d\/\"},\"author\":{\"name\":\"Reda\u00e7\u00e3o\",\"@id\":\"https:\/\/brasilnoticias.org\/site\/#\/schema\/person\/a0e05b973ec4d15c658d51911e53507b\"},\"headline\":\"Cl\u00e1ssicos nordestinos s\u00e3o destaque da terceira rodada do Brasileir\u00e3o da S\u00e9rie D\",\"datePublished\":\"2023-05-20T09:23:21+00:00\",\"mainEntityOfPage\":{\"@id\":\"https:\/\/brasilnoticias.org\/site\/classicos-nordestinos-sao-destaque-da-terceira-rodada-do-brasileirao-da-serie-d\/\"},\"wordCount\":347,\"commentCount\":0,\"publisher\":{\"@id\":\"https:\/\/brasilnoticias.org\/site\/#organization\"},\"image\":{\"@id\":\"https:\/\/brasilnoticias.org\/site\/classicos-nordestinos-sao-destaque-da-terceira-rodada-do-brasileirao-da-serie-d\/#primaryimage\"},\"thumbnailUrl\":\"https:\/\/brasilnoticias.org\/site\/wp-content\/uploads\/2023\/05\/whatsapp-image-2022-04-03-at-17.14.45.webp\",\"articleSection\":[\"Esporte\",\"\u00daltimas\"],\"inLanguage\":\"pt-PT\",\"potentialAction\":[{\"@type\":\"CommentAction\",\"name\":\"Comment\",\"target\":[\"https:\/\/brasilnoticias.org\/site\/classicos-nordestinos-sao-destaque-da-terceira-rodada-do-brasileirao-da-serie-d\/#respond\"]}]},{\"@type\":\"WebPage\",\"@id\":\"https:\/\/brasilnoticias.org\/site\/classicos-nordestinos-sao-destaque-da-terceira-rodada-do-brasileirao-da-serie-d\/\",\"url\":\"https:\/\/brasilnoticias.org\/site\/classicos-nordestinos-sao-destaque-da-terceira-rodada-do-brasileirao-da-serie-d\/\",\"name\":\"Cl\u00e1ssicos nordestinos s\u00e3o destaque da terceira rodada do Brasileir\u00e3o da S\u00e9rie D - Brasil not\u00edcias\",\"isPartOf\":{\"@id\":\"https:\/\/brasilnoticias.org\/site\/#website\"},\"primaryImageOfPage\":{\"@id\":\"https:\/\/brasilnoticias.org\/site\/classicos-nordestinos-sao-destaque-da-terceira-rodada-do-brasileirao-da-serie-d\/#primaryimage\"},\"image\":{\"@id\":\"https:\/\/brasilnoticias.org\/site\/classicos-nordestinos-sao-destaque-da-terceira-rodada-do-brasileirao-da-serie-d\/#primaryimage\"},\"thumbnailUrl\":\"https:\/\/brasilnoticias.org\/site\/wp-content\/uploads\/2023\/05\/whatsapp-image-2022-04-03-at-17.14.45.webp\",\"datePublished\":\"2023-05-20T09:23:21+00:00\",\"breadcrumb\":{\"@id\":\"https:\/\/brasilnoticias.org\/site\/classicos-nordestinos-sao-destaque-da-terceira-rodada-do-brasileirao-da-serie-d\/#breadcrumb\"},\"inLanguage\":\"pt-PT\",\"potentialAction\":[{\"@type\":\"ReadAction\",\"target\":[\"https:\/\/brasilnoticias.org\/site\/classicos-nordestinos-sao-destaque-da-terceira-rodada-do-brasileirao-da-serie-d\/\"]}]},{\"@type\":\"ImageObject\",\"inLanguage\":\"pt-PT\",\"@id\":\"https:\/\/brasilnoticias.org\/site\/classicos-nordestinos-sao-destaque-da-terceira-rodada-do-brasileirao-da-serie-d\/#primaryimage\",\"url\":\"https:\/\/brasilnoticias.org\/site\/wp-content\/uploads\/2023\/05\/whatsapp-image-2022-04-03-at-17.14.45.webp\",\"contentUrl\":\"https:\/\/brasilnoticias.org\/site\/wp-content\/uploads\/2023\/05\/whatsapp-image-2022-04-03-at-17.14.45.webp\",\"width\":640,\"height\":360},{\"@type\":\"BreadcrumbList\",\"@id\":\"https:\/\/brasilnoticias.org\/site\/classicos-nordestinos-sao-destaque-da-terceira-rodada-do-brasileirao-da-serie-d\/#breadcrumb\",\"itemListElement\":[{\"@type\":\"ListItem\",\"position\":1,\"name\":\"In\u00edcio\",\"item\":\"https:\/\/brasilnoticias.org\/site\/\"},{\"@type\":\"ListItem\",\"position\":2,\"name\":\"Cl\u00e1ssicos nordestinos s\u00e3o destaque da terceira rodada do Brasileir\u00e3o da S\u00e9rie D\"}]},{\"@type\":\"WebSite\",\"@id\":\"https:\/\/brasilnoticias.org\/site\/#website\",\"url\":\"https:\/\/brasilnoticias.org\/site\/\",\"name\":\"Brasil not\u00edcias\",\"description\":\"Brasil not\u00edcias\",\"publisher\":{\"@id\":\"https:\/\/brasilnoticias.org\/site\/#organization\"},\"potentialAction\":[{\"@type\":\"SearchAction\",\"target\":{\"@type\":\"EntryPoint\",\"urlTemplate\":\"https:\/\/brasilnoticias.org\/site\/?s={search_term_string}\"},\"query-input\":{\"@type\":\"PropertyValueSpecification\",\"valueRequired\":true,\"valueName\":\"search_term_string\"}}],\"inLanguage\":\"pt-PT\"},{\"@type\":\"Organization\",\"@id\":\"https:\/\/brasilnoticias.org\/site\/#organization\",\"name\":\"Brasil not\u00edcias\",\"url\":\"https:\/\/brasilnoticias.org\/site\/\",\"logo\":{\"@type\":\"ImageObject\",\"inLanguage\":\"pt-PT\",\"@id\":\"https:\/\/brasilnoticias.org\/site\/#\/schema\/logo\/image\/\",\"url\":\"https:\/\/brasilnoticias.org\/site\/wp-content\/uploads\/2022\/05\/cropped-brasilnoticias-mini.jpg\",\"contentUrl\":\"https:\/\/brasilnoticias.org\/site\/wp-content\/uploads\/2022\/05\/cropped-brasilnoticias-mini.jpg\",\"width\":314,\"height\":86,\"caption\":\"Brasil not\u00edcias\"},\"image\":{\"@id\":\"https:\/\/brasilnoticias.org\/site\/#\/schema\/logo\/image\/\"}},{\"@type\":\"Person\",\"@id\":\"https:\/\/brasilnoticias.org\/site\/#\/schema\/person\/a0e05b973ec4d15c658d51911e53507b\",\"name\":\"Reda\u00e7\u00e3o\",\"image\":{\"@type\":\"ImageObject\",\"inLanguage\":\"pt-PT\",\"@id\":\"https:\/\/brasilnoticias.org\/site\/#\/schema\/person\/image\/\",\"url\":\"https:\/\/secure.gravatar.com\/avatar\/75d8b050df2de108b08ae78dfb8e374892df24a383c67db9c46a9c604f6aee9c?s=96&d=mm&r=g\",\"contentUrl\":\"https:\/\/secure.gravatar.com\/avatar\/75d8b050df2de108b08ae78dfb8e374892df24a383c67db9c46a9c604f6aee9c?s=96&d=mm&r=g\",\"caption\":\"Reda\u00e7\u00e3o\"},\"sameAs\":[\"https:\/\/brasilnoticias.org\/site\"],\"url\":\"https:\/\/brasilnoticias.org\/site\/author\/fernandozsngmail-com\/\"}]}<\/script>\n<!-- \/ Yoast SEO plugin. -->","yoast_head_json":{"title":"Cl\u00e1ssicos nordestinos s\u00e3o destaque da terceira rodada do Brasileir\u00e3o da S\u00e9rie D - Brasil not\u00edcias","robots":{"index":"index","follow":"follow","max-snippet":"max-snippet:-1","max-image-preview":"max-image-preview:large","max-video-preview":"max-video-preview:-1"},"canonical":"https:\/\/brasilnoticias.org\/site\/classicos-nordestinos-sao-destaque-da-terceira-rodada-do-brasileirao-da-serie-d\/","og_locale":"pt_PT","og_type":"article","og_title":"Cl\u00e1ssicos nordestinos s\u00e3o destaque da terceira rodada do Brasileir\u00e3o da S\u00e9rie D - Brasil not\u00edcias","og_description":"O Campeonato Baiano da S\u00e9rie D chega a sua terceira rodada com muitos jogos por todo o Brasil. E o","og_url":"https:\/\/brasilnoticias.org\/site\/classicos-nordestinos-sao-destaque-da-terceira-rodada-do-brasileirao-da-serie-d\/","og_site_name":"Brasil not\u00edcias","article_published_time":"2023-05-20T09:23:21+00:00","og_image":[{"width":640,"height":360,"url":"https:\/\/brasilnoticias.org\/site\/wp-content\/uploads\/2023\/05\/whatsapp-image-2022-04-03-at-17.14.45.webp","type":"image\/webp"}],"author":"Reda\u00e7\u00e3o","twitter_card":"summary_large_image","twitter_misc":{"Escrito por":"Reda\u00e7\u00e3o"},"schema":{"@context":"https:\/\/schema.org","@graph":[{"@type":"Article","@id":"https:\/\/brasilnoticias.org\/site\/classicos-nordestinos-sao-destaque-da-terceira-rodada-do-brasileirao-da-serie-d\/#article","isPartOf":{"@id":"https:\/\/brasilnoticias.org\/site\/classicos-nordestinos-sao-destaque-da-terceira-rodada-do-brasileirao-da-serie-d\/"},"author":{"name":"Reda\u00e7\u00e3o","@id":"https:\/\/brasilnoticias.org\/site\/#\/schema\/person\/a0e05b973ec4d15c658d51911e53507b"},"headline":"Cl\u00e1ssicos nordestinos s\u00e3o destaque da terceira rodada do Brasileir\u00e3o da S\u00e9rie D","datePublished":"2023-05-20T09:23:21+00:00","mainEntityOfPage":{"@id":"https:\/\/brasilnoticias.org\/site\/classicos-nordestinos-sao-destaque-da-terceira-rodada-do-brasileirao-da-serie-d\/"},"wordCount":347,"commentCount":0,"publisher":{"@id":"https:\/\/brasilnoticias.org\/site\/#organization"},"image":{"@id":"https:\/\/brasilnoticias.org\/site\/classicos-nordestinos-sao-destaque-da-terceira-rodada-do-brasileirao-da-serie-d\/#primaryimage"},"thumbnailUrl":"https:\/\/brasilnoticias.org\/site\/wp-content\/uploads\/2023\/05\/whatsapp-image-2022-04-03-at-17.14.45.webp","articleSection":["Esporte","\u00daltimas"],"inLanguage":"pt-PT","potentialAction":[{"@type":"CommentAction","name":"Comment","target":["https:\/\/brasilnoticias.org\/site\/classicos-nordestinos-sao-destaque-da-terceira-rodada-do-brasileirao-da-serie-d\/#respond"]}]},{"@type":"WebPage","@id":"https:\/\/brasilnoticias.org\/site\/classicos-nordestinos-sao-destaque-da-terceira-rodada-do-brasileirao-da-serie-d\/","url":"https:\/\/brasilnoticias.org\/site\/classicos-nordestinos-sao-destaque-da-terceira-rodada-do-brasileirao-da-serie-d\/","name":"Cl\u00e1ssicos nordestinos s\u00e3o destaque da terceira rodada do Brasileir\u00e3o da S\u00e9rie D - Brasil not\u00edcias","isPartOf":{"@id":"https:\/\/brasilnoticias.org\/site\/#website"},"primaryImageOfPage":{"@id":"https:\/\/brasilnoticias.org\/site\/classicos-nordestinos-sao-destaque-da-terceira-rodada-do-brasileirao-da-serie-d\/#primaryimage"},"image":{"@id":"https:\/\/brasilnoticias.org\/site\/classicos-nordestinos-sao-destaque-da-terceira-rodada-do-brasileirao-da-serie-d\/#primaryimage"},"thumbnailUrl":"https:\/\/brasilnoticias.org\/site\/wp-content\/uploads\/2023\/05\/whatsapp-image-2022-04-03-at-17.14.45.webp","datePublished":"2023-05-20T09:23:21+00:00","breadcrumb":{"@id":"https:\/\/brasilnoticias.org\/site\/classicos-nordestinos-sao-destaque-da-terceira-rodada-do-brasileirao-da-serie-d\/#breadcrumb"},"inLanguage":"pt-PT","potentialAction":[{"@type":"ReadAction","target":["https:\/\/brasilnoticias.org\/site\/classicos-nordestinos-sao-destaque-da-terceira-rodada-do-brasileirao-da-serie-d\/"]}]},{"@type":"ImageObject","inLanguage":"pt-PT","@id":"https:\/\/brasilnoticias.org\/site\/classicos-nordestinos-sao-destaque-da-terceira-rodada-do-brasileirao-da-serie-d\/#primaryimage","url":"https:\/\/brasilnoticias.org\/site\/wp-content\/uploads\/2023\/05\/whatsapp-image-2022-04-03-at-17.14.45.webp","contentUrl":"https:\/\/brasilnoticias.org\/site\/wp-content\/uploads\/2023\/05\/whatsapp-image-2022-04-03-at-17.14.45.webp","width":640,"height":360},{"@type":"BreadcrumbList","@id":"https:\/\/brasilnoticias.org\/site\/classicos-nordestinos-sao-destaque-da-terceira-rodada-do-brasileirao-da-serie-d\/#breadcrumb","itemListElement":[{"@type":"ListItem","position":1,"name":"In\u00edcio","item":"https:\/\/brasilnoticias.org\/site\/"},{"@type":"ListItem","position":2,"name":"Cl\u00e1ssicos nordestinos s\u00e3o destaque da terceira rodada do Brasileir\u00e3o da S\u00e9rie D"}]},{"@type":"WebSite","@id":"https:\/\/brasilnoticias.org\/site\/#website","url":"https:\/\/brasilnoticias.org\/site\/","name":"Brasil not\u00edcias","description":"Brasil not\u00edcias","publisher":{"@id":"https:\/\/brasilnoticias.org\/site\/#organization"},"potentialAction":[{"@type":"SearchAction","target":{"@type":"EntryPoint","urlTemplate":"https:\/\/brasilnoticias.org\/site\/?s={search_term_string}"},"query-input":{"@type":"PropertyValueSpecification","valueRequired":true,"valueName":"search_term_string"}}],"inLanguage":"pt-PT"},{"@type":"Organization","@id":"https:\/\/brasilnoticias.org\/site\/#organization","name":"Brasil not\u00edcias","url":"https:\/\/brasilnoticias.org\/site\/","logo":{"@type":"ImageObject","inLanguage":"pt-PT","@id":"https:\/\/brasilnoticias.org\/site\/#\/schema\/logo\/image\/","url":"https:\/\/brasilnoticias.org\/site\/wp-content\/uploads\/2022\/05\/cropped-brasilnoticias-mini.jpg","contentUrl":"https:\/\/brasilnoticias.org\/site\/wp-content\/uploads\/2022\/05\/cropped-brasilnoticias-mini.jpg","width":314,"height":86,"caption":"Brasil not\u00edcias"},"image":{"@id":"https:\/\/brasilnoticias.org\/site\/#\/schema\/logo\/image\/"}},{"@type":"Person","@id":"https:\/\/brasilnoticias.org\/site\/#\/schema\/person\/a0e05b973ec4d15c658d51911e53507b","name":"Reda\u00e7\u00e3o","image":{"@type":"ImageObject","inLanguage":"pt-PT","@id":"https:\/\/brasilnoticias.org\/site\/#\/schema\/person\/image\/","url":"https:\/\/secure.gravatar.com\/avatar\/75d8b050df2de108b08ae78dfb8e374892df24a383c67db9c46a9c604f6aee9c?s=96&d=mm&r=g","contentUrl":"https:\/\/secure.gravatar.com\/avatar\/75d8b050df2de108b08ae78dfb8e374892df24a383c67db9c46a9c604f6aee9c?s=96&d=mm&r=g","caption":"Reda\u00e7\u00e3o"},"sameAs":["https:\/\/brasilnoticias.org\/site"],"url":"https:\/\/brasilnoticias.org\/site\/author\/fernandozsngmail-com\/"}]}},"_links":{"self":[{"href":"https:\/\/brasilnoticias.org\/site\/wp-json\/wp\/v2\/posts\/6164","targetHints":{"allow":["GET"]}}],"collection":[{"href":"https:\/\/brasilnoticias.org\/site\/wp-json\/wp\/v2\/posts"}],"about":[{"href":"https:\/\/brasilnoticias.org\/site\/wp-json\/wp\/v2\/types\/post"}],"author":[{"embeddable":true,"href":"https:\/\/brasilnoticias.org\/site\/wp-json\/wp\/v2\/users\/1"}],"replies":[{"embeddable":true,"href":"https:\/\/brasilnoticias.org\/site\/wp-json\/wp\/v2\/comments?post=6164"}],"version-history":[{"count":1,"href":"https:\/\/brasilnoticias.org\/site\/wp-json\/wp\/v2\/posts\/6164\/revisions"}],"predecessor-version":[{"id":6166,"href":"https:\/\/brasilnoticias.org\/site\/wp-json\/wp\/v2\/posts\/6164\/revisions\/6166"}],"wp:featuredmedia":[{"embeddable":true,"href":"https:\/\/brasilnoticias.org\/site\/wp-json\/wp\/v2\/media\/6165"}],"wp:attachment":[{"href":"https:\/\/brasilnoticias.org\/site\/wp-json\/wp\/v2\/media?parent=6164"}],"wp:term":[{"taxonomy":"category","embeddable":true,"href":"https:\/\/brasilnoticias.org\/site\/wp-json\/wp\/v2\/categories?post=6164"},{"taxonomy":"post_tag","embeddable":true,"href":"https:\/\/brasilnoticias.org\/site\/wp-json\/wp\/v2\/tags?post=6164"}],"curies":[{"name":"wp","href":"https:\/\/api.w.org\/{rel}","templated":true}]}}