{"id":618,"date":"2022-05-27T15:24:09","date_gmt":"2022-05-27T18:24:09","guid":{"rendered":"https:\/\/brasilnoticias.org\/site\/?p=618"},"modified":"2022-05-27T15:24:09","modified_gmt":"2022-05-27T18:24:09","slug":"com-tatico-e-bolas-paradas-vitoria-finaliza-a-preparacao-para-enfrentar-o-campinense-pela-serie-c","status":"publish","type":"post","link":"https:\/\/brasilnoticias.org\/site\/com-tatico-e-bolas-paradas-vitoria-finaliza-a-preparacao-para-enfrentar-o-campinense-pela-serie-c\/","title":{"rendered":"COM T\u00c1TICO E BOLAS PARADAS, VIT\u00d3RIA FINALIZA A PREPARA\u00c7\u00c3O PARA ENFRENTAR O CAMPINENSE PELA S\u00c9RIE C"},"content":{"rendered":"<p>Na manh\u00e3 desta sexta-feira (27), o elenco do Vit\u00f3ria encerrou\u00a0a prepara\u00e7\u00e3o para o pr\u00f3ximo compromisso pela S\u00e9rie C. No s\u00e1bado (28) o Le\u00e3o visita o Campinense, \u00e0s 17h, no Amig\u00e3o.<\/p>\n<p>O t\u00e9cnico Fabiano Soares comandou um t\u00e1tico, onde\u00a0realizou os ajustes finais, e as bolas paradas com a orienta\u00e7\u00e3o do assistente Ricardo Amadeu. O comandante seguiu\u00a0com as observa\u00e7\u00f5es para escolher o substituto de Eduardo.<\/p>\n<p>Na \u00faltima quinta-feira (26), o volante Jo\u00e3o Pedro foi testado no lugar do meia suspenso, com Dion\u00edsio fazendo o papel de terceiro homem do meio e L\u00e9o Gomes de segundo. Em seguida, foi a vez de JP dar lugar a Foguinho para o teste. J\u00e1 no treino de hoje, o jovem Alan Pedro ganhou a oportunidade de mostrar servi\u00e7o ao treinador, que ainda n\u00e3o definiu quem realmente vai atuar na partida contra a Raposa.<\/p>\n<p>Nesta tarde, a delega\u00e7\u00e3o viaja para Jo\u00e3o Pessoa, de onde\u00a0segue de \u00f4nibus para Campina Grande, local do duelo. Na lista de relacionados, as novidades s\u00e3o as presen\u00e7as de Ewerton P\u00e1scoa (recuperado de les\u00e3o), Dinei e Foguinho (que aguarda ser regularizado).<\/p>\n<p>&nbsp;<\/p>\n<p>&nbsp;<\/p>\n<p>&nbsp;<\/p>\n<p>&nbsp;<\/p>\n<p>Bnews<\/p>\n","protected":false},"excerpt":{"rendered":"<p>Na manh\u00e3 desta sexta-feira (27), o elenco do Vit\u00f3ria encerrou\u00a0a prepara\u00e7\u00e3o para o pr\u00f3ximo compromisso pela S\u00e9rie C. No s\u00e1bado<\/p>\n","protected":false},"author":2,"featured_media":619,"comment_status":"open","ping_status":"open","sticky":false,"template":"","format":"standard","meta":{"colormag_page_container_layout":"default_layout","colormag_page_sidebar_layout":"default_layout","_FSMCFIC_featured_image_caption":"","_FSMCFIC_featured_image_nocaption":"","_FSMCFIC_featured_image_hide":"","footnotes":""},"categories":[4,1],"tags":[],"class_list":["post-618","post","type-post","status-publish","format-standard","has-post-thumbnail","hentry","category-esporte","category-ultimas"],"yoast_head":"<!-- This site is optimized with the Yoast SEO plugin v27.1.1 - https:\/\/yoast.com\/product\/yoast-seo-wordpress\/ -->\n<title>COM T\u00c1TICO E BOLAS PARADAS, VIT\u00d3RIA FINALIZA A PREPARA\u00c7\u00c3O PARA ENFRENTAR O CAMPINENSE PELA S\u00c9RIE C - Brasil not\u00edcias<\/title>\n<meta name=\"robots\" content=\"index, follow, max-snippet:-1, max-image-preview:large, max-video-preview:-1\" \/>\n<link rel=\"canonical\" href=\"https:\/\/brasilnoticias.org\/site\/com-tatico-e-bolas-paradas-vitoria-finaliza-a-preparacao-para-enfrentar-o-campinense-pela-serie-c\/\" \/>\n<meta property=\"og:locale\" content=\"pt_PT\" \/>\n<meta property=\"og:type\" content=\"article\" \/>\n<meta property=\"og:title\" content=\"COM T\u00c1TICO E BOLAS PARADAS, VIT\u00d3RIA FINALIZA A PREPARA\u00c7\u00c3O PARA ENFRENTAR O CAMPINENSE PELA S\u00c9RIE C - Brasil not\u00edcias\" \/>\n<meta property=\"og:description\" content=\"Na manh\u00e3 desta sexta-feira (27), o elenco do Vit\u00f3ria encerrou\u00a0a prepara\u00e7\u00e3o para o pr\u00f3ximo compromisso pela S\u00e9rie C. No s\u00e1bado\" \/>\n<meta property=\"og:url\" content=\"https:\/\/brasilnoticias.org\/site\/com-tatico-e-bolas-paradas-vitoria-finaliza-a-preparacao-para-enfrentar-o-campinense-pela-serie-c\/\" \/>\n<meta property=\"og:site_name\" content=\"Brasil not\u00edcias\" \/>\n<meta property=\"article:published_time\" content=\"2022-05-27T18:24:09+00:00\" \/>\n<meta property=\"og:image\" content=\"https:\/\/brasilnoticias.org\/site\/wp-content\/uploads\/2022\/05\/treino_vitoria_widelg.jpg\" \/>\n\t<meta property=\"og:image:width\" content=\"800\" \/>\n\t<meta property=\"og:image:height\" content=\"450\" \/>\n\t<meta property=\"og:image:type\" content=\"image\/jpeg\" \/>\n<meta name=\"author\" content=\"Reda\u00e7\u00e3o\" \/>\n<meta name=\"twitter:card\" content=\"summary_large_image\" \/>\n<meta name=\"twitter:label1\" content=\"Escrito por\" \/>\n\t<meta name=\"twitter:data1\" content=\"Reda\u00e7\u00e3o\" \/>\n\t<meta name=\"twitter:label2\" content=\"Tempo estimado de leitura\" \/>\n\t<meta name=\"twitter:data2\" content=\"1 minuto\" \/>\n<script type=\"application\/ld+json\" class=\"yoast-schema-graph\">{\"@context\":\"https:\/\/schema.org\",\"@graph\":[{\"@type\":\"Article\",\"@id\":\"https:\/\/brasilnoticias.org\/site\/com-tatico-e-bolas-paradas-vitoria-finaliza-a-preparacao-para-enfrentar-o-campinense-pela-serie-c\/#article\",\"isPartOf\":{\"@id\":\"https:\/\/brasilnoticias.org\/site\/com-tatico-e-bolas-paradas-vitoria-finaliza-a-preparacao-para-enfrentar-o-campinense-pela-serie-c\/\"},\"author\":{\"name\":\"Reda\u00e7\u00e3o\",\"@id\":\"https:\/\/brasilnoticias.org\/site\/#\/schema\/person\/f609fa847b5314f1c8b983342f34c798\"},\"headline\":\"COM T\u00c1TICO E BOLAS PARADAS, VIT\u00d3RIA FINALIZA A PREPARA\u00c7\u00c3O PARA ENFRENTAR O CAMPINENSE PELA S\u00c9RIE C\",\"datePublished\":\"2022-05-27T18:24:09+00:00\",\"mainEntityOfPage\":{\"@id\":\"https:\/\/brasilnoticias.org\/site\/com-tatico-e-bolas-paradas-vitoria-finaliza-a-preparacao-para-enfrentar-o-campinense-pela-serie-c\/\"},\"wordCount\":225,\"commentCount\":0,\"publisher\":{\"@id\":\"https:\/\/brasilnoticias.org\/site\/#organization\"},\"image\":{\"@id\":\"https:\/\/brasilnoticias.org\/site\/com-tatico-e-bolas-paradas-vitoria-finaliza-a-preparacao-para-enfrentar-o-campinense-pela-serie-c\/#primaryimage\"},\"thumbnailUrl\":\"https:\/\/brasilnoticias.org\/site\/wp-content\/uploads\/2022\/05\/treino_vitoria_widelg.jpg\",\"articleSection\":[\"Esporte\",\"\u00daltimas\"],\"inLanguage\":\"pt-PT\",\"potentialAction\":[{\"@type\":\"CommentAction\",\"name\":\"Comment\",\"target\":[\"https:\/\/brasilnoticias.org\/site\/com-tatico-e-bolas-paradas-vitoria-finaliza-a-preparacao-para-enfrentar-o-campinense-pela-serie-c\/#respond\"]}]},{\"@type\":\"WebPage\",\"@id\":\"https:\/\/brasilnoticias.org\/site\/com-tatico-e-bolas-paradas-vitoria-finaliza-a-preparacao-para-enfrentar-o-campinense-pela-serie-c\/\",\"url\":\"https:\/\/brasilnoticias.org\/site\/com-tatico-e-bolas-paradas-vitoria-finaliza-a-preparacao-para-enfrentar-o-campinense-pela-serie-c\/\",\"name\":\"COM T\u00c1TICO E BOLAS PARADAS, VIT\u00d3RIA FINALIZA A PREPARA\u00c7\u00c3O PARA ENFRENTAR O CAMPINENSE PELA S\u00c9RIE C - Brasil not\u00edcias\",\"isPartOf\":{\"@id\":\"https:\/\/brasilnoticias.org\/site\/#website\"},\"primaryImageOfPage\":{\"@id\":\"https:\/\/brasilnoticias.org\/site\/com-tatico-e-bolas-paradas-vitoria-finaliza-a-preparacao-para-enfrentar-o-campinense-pela-serie-c\/#primaryimage\"},\"image\":{\"@id\":\"https:\/\/brasilnoticias.org\/site\/com-tatico-e-bolas-paradas-vitoria-finaliza-a-preparacao-para-enfrentar-o-campinense-pela-serie-c\/#primaryimage\"},\"thumbnailUrl\":\"https:\/\/brasilnoticias.org\/site\/wp-content\/uploads\/2022\/05\/treino_vitoria_widelg.jpg\",\"datePublished\":\"2022-05-27T18:24:09+00:00\",\"breadcrumb\":{\"@id\":\"https:\/\/brasilnoticias.org\/site\/com-tatico-e-bolas-paradas-vitoria-finaliza-a-preparacao-para-enfrentar-o-campinense-pela-serie-c\/#breadcrumb\"},\"inLanguage\":\"pt-PT\",\"potentialAction\":[{\"@type\":\"ReadAction\",\"target\":[\"https:\/\/brasilnoticias.org\/site\/com-tatico-e-bolas-paradas-vitoria-finaliza-a-preparacao-para-enfrentar-o-campinense-pela-serie-c\/\"]}]},{\"@type\":\"ImageObject\",\"inLanguage\":\"pt-PT\",\"@id\":\"https:\/\/brasilnoticias.org\/site\/com-tatico-e-bolas-paradas-vitoria-finaliza-a-preparacao-para-enfrentar-o-campinense-pela-serie-c\/#primaryimage\",\"url\":\"https:\/\/brasilnoticias.org\/site\/wp-content\/uploads\/2022\/05\/treino_vitoria_widelg.jpg\",\"contentUrl\":\"https:\/\/brasilnoticias.org\/site\/wp-content\/uploads\/2022\/05\/treino_vitoria_widelg.jpg\",\"width\":800,\"height\":450},{\"@type\":\"BreadcrumbList\",\"@id\":\"https:\/\/brasilnoticias.org\/site\/com-tatico-e-bolas-paradas-vitoria-finaliza-a-preparacao-para-enfrentar-o-campinense-pela-serie-c\/#breadcrumb\",\"itemListElement\":[{\"@type\":\"ListItem\",\"position\":1,\"name\":\"In\u00edcio\",\"item\":\"https:\/\/brasilnoticias.org\/site\/\"},{\"@type\":\"ListItem\",\"position\":2,\"name\":\"COM T\u00c1TICO E BOLAS PARADAS, VIT\u00d3RIA FINALIZA A PREPARA\u00c7\u00c3O PARA ENFRENTAR O CAMPINENSE PELA S\u00c9RIE C\"}]},{\"@type\":\"WebSite\",\"@id\":\"https:\/\/brasilnoticias.org\/site\/#website\",\"url\":\"https:\/\/brasilnoticias.org\/site\/\",\"name\":\"Brasil not\u00edcias\",\"description\":\"Brasil not\u00edcias\",\"publisher\":{\"@id\":\"https:\/\/brasilnoticias.org\/site\/#organization\"},\"potentialAction\":[{\"@type\":\"SearchAction\",\"target\":{\"@type\":\"EntryPoint\",\"urlTemplate\":\"https:\/\/brasilnoticias.org\/site\/?s={search_term_string}\"},\"query-input\":{\"@type\":\"PropertyValueSpecification\",\"valueRequired\":true,\"valueName\":\"search_term_string\"}}],\"inLanguage\":\"pt-PT\"},{\"@type\":\"Organization\",\"@id\":\"https:\/\/brasilnoticias.org\/site\/#organization\",\"name\":\"Brasil not\u00edcias\",\"url\":\"https:\/\/brasilnoticias.org\/site\/\",\"logo\":{\"@type\":\"ImageObject\",\"inLanguage\":\"pt-PT\",\"@id\":\"https:\/\/brasilnoticias.org\/site\/#\/schema\/logo\/image\/\",\"url\":\"https:\/\/brasilnoticias.org\/site\/wp-content\/uploads\/2022\/05\/cropped-brasilnoticias-mini.jpg\",\"contentUrl\":\"https:\/\/brasilnoticias.org\/site\/wp-content\/uploads\/2022\/05\/cropped-brasilnoticias-mini.jpg\",\"width\":314,\"height\":86,\"caption\":\"Brasil not\u00edcias\"},\"image\":{\"@id\":\"https:\/\/brasilnoticias.org\/site\/#\/schema\/logo\/image\/\"}},{\"@type\":\"Person\",\"@id\":\"https:\/\/brasilnoticias.org\/site\/#\/schema\/person\/f609fa847b5314f1c8b983342f34c798\",\"name\":\"Reda\u00e7\u00e3o\",\"image\":{\"@type\":\"ImageObject\",\"inLanguage\":\"pt-PT\",\"@id\":\"https:\/\/brasilnoticias.org\/site\/#\/schema\/person\/image\/\",\"url\":\"https:\/\/secure.gravatar.com\/avatar\/447284c06c1ad8b46465a36de9cd0d8326b73387a22799b8b1ffb1fbcff2ed0c?s=96&d=mm&r=g\",\"contentUrl\":\"https:\/\/secure.gravatar.com\/avatar\/447284c06c1ad8b46465a36de9cd0d8326b73387a22799b8b1ffb1fbcff2ed0c?s=96&d=mm&r=g\",\"caption\":\"Reda\u00e7\u00e3o\"},\"url\":\"https:\/\/brasilnoticias.org\/site\/author\/redacao\/\"}]}<\/script>\n<!-- \/ Yoast SEO plugin. -->","yoast_head_json":{"title":"COM T\u00c1TICO E BOLAS PARADAS, VIT\u00d3RIA FINALIZA A PREPARA\u00c7\u00c3O PARA ENFRENTAR O CAMPINENSE PELA S\u00c9RIE C - Brasil not\u00edcias","robots":{"index":"index","follow":"follow","max-snippet":"max-snippet:-1","max-image-preview":"max-image-preview:large","max-video-preview":"max-video-preview:-1"},"canonical":"https:\/\/brasilnoticias.org\/site\/com-tatico-e-bolas-paradas-vitoria-finaliza-a-preparacao-para-enfrentar-o-campinense-pela-serie-c\/","og_locale":"pt_PT","og_type":"article","og_title":"COM T\u00c1TICO E BOLAS PARADAS, VIT\u00d3RIA FINALIZA A PREPARA\u00c7\u00c3O PARA ENFRENTAR O CAMPINENSE PELA S\u00c9RIE C - Brasil not\u00edcias","og_description":"Na manh\u00e3 desta sexta-feira (27), o elenco do Vit\u00f3ria encerrou\u00a0a prepara\u00e7\u00e3o para o pr\u00f3ximo compromisso pela S\u00e9rie C. No s\u00e1bado","og_url":"https:\/\/brasilnoticias.org\/site\/com-tatico-e-bolas-paradas-vitoria-finaliza-a-preparacao-para-enfrentar-o-campinense-pela-serie-c\/","og_site_name":"Brasil not\u00edcias","article_published_time":"2022-05-27T18:24:09+00:00","og_image":[{"width":800,"height":450,"url":"https:\/\/brasilnoticias.org\/site\/wp-content\/uploads\/2022\/05\/treino_vitoria_widelg.jpg","type":"image\/jpeg"}],"author":"Reda\u00e7\u00e3o","twitter_card":"summary_large_image","twitter_misc":{"Escrito por":"Reda\u00e7\u00e3o","Tempo estimado de leitura":"1 minuto"},"schema":{"@context":"https:\/\/schema.org","@graph":[{"@type":"Article","@id":"https:\/\/brasilnoticias.org\/site\/com-tatico-e-bolas-paradas-vitoria-finaliza-a-preparacao-para-enfrentar-o-campinense-pela-serie-c\/#article","isPartOf":{"@id":"https:\/\/brasilnoticias.org\/site\/com-tatico-e-bolas-paradas-vitoria-finaliza-a-preparacao-para-enfrentar-o-campinense-pela-serie-c\/"},"author":{"name":"Reda\u00e7\u00e3o","@id":"https:\/\/brasilnoticias.org\/site\/#\/schema\/person\/f609fa847b5314f1c8b983342f34c798"},"headline":"COM T\u00c1TICO E BOLAS PARADAS, VIT\u00d3RIA FINALIZA A PREPARA\u00c7\u00c3O PARA ENFRENTAR O CAMPINENSE PELA S\u00c9RIE C","datePublished":"2022-05-27T18:24:09+00:00","mainEntityOfPage":{"@id":"https:\/\/brasilnoticias.org\/site\/com-tatico-e-bolas-paradas-vitoria-finaliza-a-preparacao-para-enfrentar-o-campinense-pela-serie-c\/"},"wordCount":225,"commentCount":0,"publisher":{"@id":"https:\/\/brasilnoticias.org\/site\/#organization"},"image":{"@id":"https:\/\/brasilnoticias.org\/site\/com-tatico-e-bolas-paradas-vitoria-finaliza-a-preparacao-para-enfrentar-o-campinense-pela-serie-c\/#primaryimage"},"thumbnailUrl":"https:\/\/brasilnoticias.org\/site\/wp-content\/uploads\/2022\/05\/treino_vitoria_widelg.jpg","articleSection":["Esporte","\u00daltimas"],"inLanguage":"pt-PT","potentialAction":[{"@type":"CommentAction","name":"Comment","target":["https:\/\/brasilnoticias.org\/site\/com-tatico-e-bolas-paradas-vitoria-finaliza-a-preparacao-para-enfrentar-o-campinense-pela-serie-c\/#respond"]}]},{"@type":"WebPage","@id":"https:\/\/brasilnoticias.org\/site\/com-tatico-e-bolas-paradas-vitoria-finaliza-a-preparacao-para-enfrentar-o-campinense-pela-serie-c\/","url":"https:\/\/brasilnoticias.org\/site\/com-tatico-e-bolas-paradas-vitoria-finaliza-a-preparacao-para-enfrentar-o-campinense-pela-serie-c\/","name":"COM T\u00c1TICO E BOLAS PARADAS, VIT\u00d3RIA FINALIZA A PREPARA\u00c7\u00c3O PARA ENFRENTAR O CAMPINENSE PELA S\u00c9RIE C - Brasil not\u00edcias","isPartOf":{"@id":"https:\/\/brasilnoticias.org\/site\/#website"},"primaryImageOfPage":{"@id":"https:\/\/brasilnoticias.org\/site\/com-tatico-e-bolas-paradas-vitoria-finaliza-a-preparacao-para-enfrentar-o-campinense-pela-serie-c\/#primaryimage"},"image":{"@id":"https:\/\/brasilnoticias.org\/site\/com-tatico-e-bolas-paradas-vitoria-finaliza-a-preparacao-para-enfrentar-o-campinense-pela-serie-c\/#primaryimage"},"thumbnailUrl":"https:\/\/brasilnoticias.org\/site\/wp-content\/uploads\/2022\/05\/treino_vitoria_widelg.jpg","datePublished":"2022-05-27T18:24:09+00:00","breadcrumb":{"@id":"https:\/\/brasilnoticias.org\/site\/com-tatico-e-bolas-paradas-vitoria-finaliza-a-preparacao-para-enfrentar-o-campinense-pela-serie-c\/#breadcrumb"},"inLanguage":"pt-PT","potentialAction":[{"@type":"ReadAction","target":["https:\/\/brasilnoticias.org\/site\/com-tatico-e-bolas-paradas-vitoria-finaliza-a-preparacao-para-enfrentar-o-campinense-pela-serie-c\/"]}]},{"@type":"ImageObject","inLanguage":"pt-PT","@id":"https:\/\/brasilnoticias.org\/site\/com-tatico-e-bolas-paradas-vitoria-finaliza-a-preparacao-para-enfrentar-o-campinense-pela-serie-c\/#primaryimage","url":"https:\/\/brasilnoticias.org\/site\/wp-content\/uploads\/2022\/05\/treino_vitoria_widelg.jpg","contentUrl":"https:\/\/brasilnoticias.org\/site\/wp-content\/uploads\/2022\/05\/treino_vitoria_widelg.jpg","width":800,"height":450},{"@type":"BreadcrumbList","@id":"https:\/\/brasilnoticias.org\/site\/com-tatico-e-bolas-paradas-vitoria-finaliza-a-preparacao-para-enfrentar-o-campinense-pela-serie-c\/#breadcrumb","itemListElement":[{"@type":"ListItem","position":1,"name":"In\u00edcio","item":"https:\/\/brasilnoticias.org\/site\/"},{"@type":"ListItem","position":2,"name":"COM T\u00c1TICO E BOLAS PARADAS, VIT\u00d3RIA FINALIZA A PREPARA\u00c7\u00c3O PARA ENFRENTAR O CAMPINENSE PELA S\u00c9RIE C"}]},{"@type":"WebSite","@id":"https:\/\/brasilnoticias.org\/site\/#website","url":"https:\/\/brasilnoticias.org\/site\/","name":"Brasil not\u00edcias","description":"Brasil not\u00edcias","publisher":{"@id":"https:\/\/brasilnoticias.org\/site\/#organization"},"potentialAction":[{"@type":"SearchAction","target":{"@type":"EntryPoint","urlTemplate":"https:\/\/brasilnoticias.org\/site\/?s={search_term_string}"},"query-input":{"@type":"PropertyValueSpecification","valueRequired":true,"valueName":"search_term_string"}}],"inLanguage":"pt-PT"},{"@type":"Organization","@id":"https:\/\/brasilnoticias.org\/site\/#organization","name":"Brasil not\u00edcias","url":"https:\/\/brasilnoticias.org\/site\/","logo":{"@type":"ImageObject","inLanguage":"pt-PT","@id":"https:\/\/brasilnoticias.org\/site\/#\/schema\/logo\/image\/","url":"https:\/\/brasilnoticias.org\/site\/wp-content\/uploads\/2022\/05\/cropped-brasilnoticias-mini.jpg","contentUrl":"https:\/\/brasilnoticias.org\/site\/wp-content\/uploads\/2022\/05\/cropped-brasilnoticias-mini.jpg","width":314,"height":86,"caption":"Brasil not\u00edcias"},"image":{"@id":"https:\/\/brasilnoticias.org\/site\/#\/schema\/logo\/image\/"}},{"@type":"Person","@id":"https:\/\/brasilnoticias.org\/site\/#\/schema\/person\/f609fa847b5314f1c8b983342f34c798","name":"Reda\u00e7\u00e3o","image":{"@type":"ImageObject","inLanguage":"pt-PT","@id":"https:\/\/brasilnoticias.org\/site\/#\/schema\/person\/image\/","url":"https:\/\/secure.gravatar.com\/avatar\/447284c06c1ad8b46465a36de9cd0d8326b73387a22799b8b1ffb1fbcff2ed0c?s=96&d=mm&r=g","contentUrl":"https:\/\/secure.gravatar.com\/avatar\/447284c06c1ad8b46465a36de9cd0d8326b73387a22799b8b1ffb1fbcff2ed0c?s=96&d=mm&r=g","caption":"Reda\u00e7\u00e3o"},"url":"https:\/\/brasilnoticias.org\/site\/author\/redacao\/"}]}},"_links":{"self":[{"href":"https:\/\/brasilnoticias.org\/site\/wp-json\/wp\/v2\/posts\/618","targetHints":{"allow":["GET"]}}],"collection":[{"href":"https:\/\/brasilnoticias.org\/site\/wp-json\/wp\/v2\/posts"}],"about":[{"href":"https:\/\/brasilnoticias.org\/site\/wp-json\/wp\/v2\/types\/post"}],"author":[{"embeddable":true,"href":"https:\/\/brasilnoticias.org\/site\/wp-json\/wp\/v2\/users\/2"}],"replies":[{"embeddable":true,"href":"https:\/\/brasilnoticias.org\/site\/wp-json\/wp\/v2\/comments?post=618"}],"version-history":[{"count":1,"href":"https:\/\/brasilnoticias.org\/site\/wp-json\/wp\/v2\/posts\/618\/revisions"}],"predecessor-version":[{"id":620,"href":"https:\/\/brasilnoticias.org\/site\/wp-json\/wp\/v2\/posts\/618\/revisions\/620"}],"wp:featuredmedia":[{"embeddable":true,"href":"https:\/\/brasilnoticias.org\/site\/wp-json\/wp\/v2\/media\/619"}],"wp:attachment":[{"href":"https:\/\/brasilnoticias.org\/site\/wp-json\/wp\/v2\/media?parent=618"}],"wp:term":[{"taxonomy":"category","embeddable":true,"href":"https:\/\/brasilnoticias.org\/site\/wp-json\/wp\/v2\/categories?post=618"},{"taxonomy":"post_tag","embeddable":true,"href":"https:\/\/brasilnoticias.org\/site\/wp-json\/wp\/v2\/tags?post=618"}],"curies":[{"name":"wp","href":"https:\/\/api.w.org\/{rel}","templated":true}]}}