{"id":6196,"date":"2023-05-21T07:30:48","date_gmt":"2023-05-21T10:30:48","guid":{"rendered":"https:\/\/brasilnoticias.org\/site\/?p=6196"},"modified":"2023-05-20T21:54:20","modified_gmt":"2023-05-21T00:54:20","slug":"tragedia-cinco-estudantes-da-uefs-morrem-no-interior-da-ba","status":"publish","type":"post","link":"https:\/\/brasilnoticias.org\/site\/tragedia-cinco-estudantes-da-uefs-morrem-no-interior-da-ba\/","title":{"rendered":"Trag\u00e9dia: Cinco estudantes da UEFS morrem no interior da BA"},"content":{"rendered":"<p>Cinco estudantes do curso de p\u00f3s-gradua\u00e7\u00e3o da Universidade Estadual de Feira de Santana (UEFS) viajavam em um carro na noite de quinta-feira (18), em dire\u00e7\u00e3o ao campus avan\u00e7ado da institui\u00e7\u00e3o em Len\u00e7\u00f3is, na Chapada Diamantina, quando o autom\u00f3vel bateu de frente com um caminh\u00e3o carregado de \u00f3leo vegetal. O acidente aconteceu na BR-242, em Itaberaba, tamb\u00e9m na regi\u00e3o da Chapada.<\/p>\n<p>Jaris Medeiros Gon\u00e7alves, de 39 anos, Rauny Chaves Fernandes, 35, C\u00edntia de Souza Franca, de 36, Carolina Silva do Amor Divino, 30, e Marcos de Oliveira Silva, 34, n\u00e3o resistiram e morreram. Todos eram alunos do curso de p\u00f3s-gradua\u00e7\u00e3o em Ensino em Ci\u00eancias Ambientais.<\/p>\n<p>Quatro das v\u00edtimas morreram no local e uma delas morreu ao chegar em uma unidade de sa\u00fade. C\u00edntia e Carolina eram de Salvador; Jaris e Marcos de Santo Est\u00eav\u00e3o; e Rauny de Lauro de Freitas. Os estudantes precisavam estar em Len\u00e7\u00f3is para uma aula na manh\u00e3 de sexta-feira (19). N\u00e3o h\u00e1 informa\u00e7\u00f5es sobre o que causou a batida, mas acredita-se que um dos motoristas fez uma ultrapassagem. <\/p>\n<p>A UEFS decretou luto de tr\u00eas dias e emitiu uma nota de pesar. &#8220;N\u00e3o h\u00e1 palavras que se revertam em consolo neste momento. A Uefs abra\u00e7a com solidariedade e afeto todas as fam\u00edlias, amigos, colegas, professores e todos e todas que neste momento sentem cada uma destas perdas.&#8221;, diz trecho do comunicado. O governador da Bahia, Jer\u00f4nimo Rodrigues (PT) tamb\u00e9m lamentou as mortes. &#8220;Minha solidariedade aos familiares, amigos e a toda a nossa rede de ensino pelas v\u00edtimas do grave acidente na regi\u00e3o de Itaberaba.&#8221;<\/p>\n<p>BNews<br \/>\nFoto Reprodu\u00e7\u00e3o\/Acorda Cidade<\/p>\n","protected":false},"excerpt":{"rendered":"<p>Cinco estudantes do curso de p\u00f3s-gradua\u00e7\u00e3o da Universidade Estadual de Feira de Santana (UEFS) viajavam em um carro na noite<\/p>\n","protected":false},"author":1,"featured_media":6197,"comment_status":"open","ping_status":"open","sticky":false,"template":"","format":"standard","meta":{"colormag_page_container_layout":"default_layout","colormag_page_sidebar_layout":"default_layout","_FSMCFIC_featured_image_caption":"","_FSMCFIC_featured_image_nocaption":"","_FSMCFIC_featured_image_hide":"","footnotes":""},"categories":[3,1],"tags":[],"class_list":["post-6196","post","type-post","status-publish","format-standard","has-post-thumbnail","hentry","category-policia","category-ultimas"],"yoast_head":"<!-- This site is optimized with the Yoast SEO plugin v27.1.1 - https:\/\/yoast.com\/product\/yoast-seo-wordpress\/ -->\n<title>Trag\u00e9dia: Cinco estudantes da UEFS morrem no interior da BA - Brasil not\u00edcias<\/title>\n<meta name=\"robots\" content=\"index, follow, max-snippet:-1, max-image-preview:large, max-video-preview:-1\" \/>\n<link rel=\"canonical\" href=\"https:\/\/brasilnoticias.org\/site\/tragedia-cinco-estudantes-da-uefs-morrem-no-interior-da-ba\/\" \/>\n<meta property=\"og:locale\" content=\"pt_PT\" \/>\n<meta property=\"og:type\" content=\"article\" \/>\n<meta property=\"og:title\" content=\"Trag\u00e9dia: Cinco estudantes da UEFS morrem no interior da BA - Brasil not\u00edcias\" \/>\n<meta property=\"og:description\" content=\"Cinco estudantes do curso de p\u00f3s-gradua\u00e7\u00e3o da Universidade Estadual de Feira de Santana (UEFS) viajavam em um carro na noite\" \/>\n<meta property=\"og:url\" content=\"https:\/\/brasilnoticias.org\/site\/tragedia-cinco-estudantes-da-uefs-morrem-no-interior-da-ba\/\" \/>\n<meta property=\"og:site_name\" content=\"Brasil not\u00edcias\" \/>\n<meta property=\"article:published_time\" content=\"2023-05-21T10:30:48+00:00\" \/>\n<meta property=\"og:image\" content=\"https:\/\/brasilnoticias.org\/site\/wp-content\/uploads\/2023\/05\/acidente_itaberaba_estudantes_uefs_widelg.jpg\" \/>\n\t<meta property=\"og:image:width\" content=\"800\" \/>\n\t<meta property=\"og:image:height\" content=\"450\" \/>\n\t<meta property=\"og:image:type\" content=\"image\/jpeg\" \/>\n<meta name=\"author\" content=\"Reda\u00e7\u00e3o\" \/>\n<meta name=\"twitter:card\" content=\"summary_large_image\" \/>\n<meta name=\"twitter:label1\" content=\"Escrito por\" \/>\n\t<meta name=\"twitter:data1\" content=\"Reda\u00e7\u00e3o\" \/>\n\t<meta name=\"twitter:label2\" content=\"Tempo estimado de leitura\" \/>\n\t<meta name=\"twitter:data2\" content=\"2 minutos\" \/>\n<script type=\"application\/ld+json\" class=\"yoast-schema-graph\">{\"@context\":\"https:\/\/schema.org\",\"@graph\":[{\"@type\":\"Article\",\"@id\":\"https:\/\/brasilnoticias.org\/site\/tragedia-cinco-estudantes-da-uefs-morrem-no-interior-da-ba\/#article\",\"isPartOf\":{\"@id\":\"https:\/\/brasilnoticias.org\/site\/tragedia-cinco-estudantes-da-uefs-morrem-no-interior-da-ba\/\"},\"author\":{\"name\":\"Reda\u00e7\u00e3o\",\"@id\":\"https:\/\/brasilnoticias.org\/site\/#\/schema\/person\/a0e05b973ec4d15c658d51911e53507b\"},\"headline\":\"Trag\u00e9dia: Cinco estudantes da UEFS morrem no interior da BA\",\"datePublished\":\"2023-05-21T10:30:48+00:00\",\"mainEntityOfPage\":{\"@id\":\"https:\/\/brasilnoticias.org\/site\/tragedia-cinco-estudantes-da-uefs-morrem-no-interior-da-ba\/\"},\"wordCount\":298,\"commentCount\":0,\"publisher\":{\"@id\":\"https:\/\/brasilnoticias.org\/site\/#organization\"},\"image\":{\"@id\":\"https:\/\/brasilnoticias.org\/site\/tragedia-cinco-estudantes-da-uefs-morrem-no-interior-da-ba\/#primaryimage\"},\"thumbnailUrl\":\"https:\/\/brasilnoticias.org\/site\/wp-content\/uploads\/2023\/05\/acidente_itaberaba_estudantes_uefs_widelg.jpg\",\"articleSection\":[\"Pol\u00edcia\",\"\u00daltimas\"],\"inLanguage\":\"pt-PT\",\"potentialAction\":[{\"@type\":\"CommentAction\",\"name\":\"Comment\",\"target\":[\"https:\/\/brasilnoticias.org\/site\/tragedia-cinco-estudantes-da-uefs-morrem-no-interior-da-ba\/#respond\"]}]},{\"@type\":\"WebPage\",\"@id\":\"https:\/\/brasilnoticias.org\/site\/tragedia-cinco-estudantes-da-uefs-morrem-no-interior-da-ba\/\",\"url\":\"https:\/\/brasilnoticias.org\/site\/tragedia-cinco-estudantes-da-uefs-morrem-no-interior-da-ba\/\",\"name\":\"Trag\u00e9dia: Cinco estudantes da UEFS morrem no interior da BA - Brasil not\u00edcias\",\"isPartOf\":{\"@id\":\"https:\/\/brasilnoticias.org\/site\/#website\"},\"primaryImageOfPage\":{\"@id\":\"https:\/\/brasilnoticias.org\/site\/tragedia-cinco-estudantes-da-uefs-morrem-no-interior-da-ba\/#primaryimage\"},\"image\":{\"@id\":\"https:\/\/brasilnoticias.org\/site\/tragedia-cinco-estudantes-da-uefs-morrem-no-interior-da-ba\/#primaryimage\"},\"thumbnailUrl\":\"https:\/\/brasilnoticias.org\/site\/wp-content\/uploads\/2023\/05\/acidente_itaberaba_estudantes_uefs_widelg.jpg\",\"datePublished\":\"2023-05-21T10:30:48+00:00\",\"breadcrumb\":{\"@id\":\"https:\/\/brasilnoticias.org\/site\/tragedia-cinco-estudantes-da-uefs-morrem-no-interior-da-ba\/#breadcrumb\"},\"inLanguage\":\"pt-PT\",\"potentialAction\":[{\"@type\":\"ReadAction\",\"target\":[\"https:\/\/brasilnoticias.org\/site\/tragedia-cinco-estudantes-da-uefs-morrem-no-interior-da-ba\/\"]}]},{\"@type\":\"ImageObject\",\"inLanguage\":\"pt-PT\",\"@id\":\"https:\/\/brasilnoticias.org\/site\/tragedia-cinco-estudantes-da-uefs-morrem-no-interior-da-ba\/#primaryimage\",\"url\":\"https:\/\/brasilnoticias.org\/site\/wp-content\/uploads\/2023\/05\/acidente_itaberaba_estudantes_uefs_widelg.jpg\",\"contentUrl\":\"https:\/\/brasilnoticias.org\/site\/wp-content\/uploads\/2023\/05\/acidente_itaberaba_estudantes_uefs_widelg.jpg\",\"width\":800,\"height\":450},{\"@type\":\"BreadcrumbList\",\"@id\":\"https:\/\/brasilnoticias.org\/site\/tragedia-cinco-estudantes-da-uefs-morrem-no-interior-da-ba\/#breadcrumb\",\"itemListElement\":[{\"@type\":\"ListItem\",\"position\":1,\"name\":\"In\u00edcio\",\"item\":\"https:\/\/brasilnoticias.org\/site\/\"},{\"@type\":\"ListItem\",\"position\":2,\"name\":\"Trag\u00e9dia: Cinco estudantes da UEFS morrem no interior da BA\"}]},{\"@type\":\"WebSite\",\"@id\":\"https:\/\/brasilnoticias.org\/site\/#website\",\"url\":\"https:\/\/brasilnoticias.org\/site\/\",\"name\":\"Brasil not\u00edcias\",\"description\":\"Brasil not\u00edcias\",\"publisher\":{\"@id\":\"https:\/\/brasilnoticias.org\/site\/#organization\"},\"potentialAction\":[{\"@type\":\"SearchAction\",\"target\":{\"@type\":\"EntryPoint\",\"urlTemplate\":\"https:\/\/brasilnoticias.org\/site\/?s={search_term_string}\"},\"query-input\":{\"@type\":\"PropertyValueSpecification\",\"valueRequired\":true,\"valueName\":\"search_term_string\"}}],\"inLanguage\":\"pt-PT\"},{\"@type\":\"Organization\",\"@id\":\"https:\/\/brasilnoticias.org\/site\/#organization\",\"name\":\"Brasil not\u00edcias\",\"url\":\"https:\/\/brasilnoticias.org\/site\/\",\"logo\":{\"@type\":\"ImageObject\",\"inLanguage\":\"pt-PT\",\"@id\":\"https:\/\/brasilnoticias.org\/site\/#\/schema\/logo\/image\/\",\"url\":\"https:\/\/brasilnoticias.org\/site\/wp-content\/uploads\/2022\/05\/cropped-brasilnoticias-mini.jpg\",\"contentUrl\":\"https:\/\/brasilnoticias.org\/site\/wp-content\/uploads\/2022\/05\/cropped-brasilnoticias-mini.jpg\",\"width\":314,\"height\":86,\"caption\":\"Brasil not\u00edcias\"},\"image\":{\"@id\":\"https:\/\/brasilnoticias.org\/site\/#\/schema\/logo\/image\/\"}},{\"@type\":\"Person\",\"@id\":\"https:\/\/brasilnoticias.org\/site\/#\/schema\/person\/a0e05b973ec4d15c658d51911e53507b\",\"name\":\"Reda\u00e7\u00e3o\",\"image\":{\"@type\":\"ImageObject\",\"inLanguage\":\"pt-PT\",\"@id\":\"https:\/\/brasilnoticias.org\/site\/#\/schema\/person\/image\/\",\"url\":\"https:\/\/secure.gravatar.com\/avatar\/75d8b050df2de108b08ae78dfb8e374892df24a383c67db9c46a9c604f6aee9c?s=96&d=mm&r=g\",\"contentUrl\":\"https:\/\/secure.gravatar.com\/avatar\/75d8b050df2de108b08ae78dfb8e374892df24a383c67db9c46a9c604f6aee9c?s=96&d=mm&r=g\",\"caption\":\"Reda\u00e7\u00e3o\"},\"sameAs\":[\"https:\/\/brasilnoticias.org\/site\"],\"url\":\"https:\/\/brasilnoticias.org\/site\/author\/fernandozsngmail-com\/\"}]}<\/script>\n<!-- \/ Yoast SEO plugin. -->","yoast_head_json":{"title":"Trag\u00e9dia: Cinco estudantes da UEFS morrem no interior da BA - Brasil not\u00edcias","robots":{"index":"index","follow":"follow","max-snippet":"max-snippet:-1","max-image-preview":"max-image-preview:large","max-video-preview":"max-video-preview:-1"},"canonical":"https:\/\/brasilnoticias.org\/site\/tragedia-cinco-estudantes-da-uefs-morrem-no-interior-da-ba\/","og_locale":"pt_PT","og_type":"article","og_title":"Trag\u00e9dia: Cinco estudantes da UEFS morrem no interior da BA - Brasil not\u00edcias","og_description":"Cinco estudantes do curso de p\u00f3s-gradua\u00e7\u00e3o da Universidade Estadual de Feira de Santana (UEFS) viajavam em um carro na noite","og_url":"https:\/\/brasilnoticias.org\/site\/tragedia-cinco-estudantes-da-uefs-morrem-no-interior-da-ba\/","og_site_name":"Brasil not\u00edcias","article_published_time":"2023-05-21T10:30:48+00:00","og_image":[{"width":800,"height":450,"url":"https:\/\/brasilnoticias.org\/site\/wp-content\/uploads\/2023\/05\/acidente_itaberaba_estudantes_uefs_widelg.jpg","type":"image\/jpeg"}],"author":"Reda\u00e7\u00e3o","twitter_card":"summary_large_image","twitter_misc":{"Escrito por":"Reda\u00e7\u00e3o","Tempo estimado de leitura":"2 minutos"},"schema":{"@context":"https:\/\/schema.org","@graph":[{"@type":"Article","@id":"https:\/\/brasilnoticias.org\/site\/tragedia-cinco-estudantes-da-uefs-morrem-no-interior-da-ba\/#article","isPartOf":{"@id":"https:\/\/brasilnoticias.org\/site\/tragedia-cinco-estudantes-da-uefs-morrem-no-interior-da-ba\/"},"author":{"name":"Reda\u00e7\u00e3o","@id":"https:\/\/brasilnoticias.org\/site\/#\/schema\/person\/a0e05b973ec4d15c658d51911e53507b"},"headline":"Trag\u00e9dia: Cinco estudantes da UEFS morrem no interior da BA","datePublished":"2023-05-21T10:30:48+00:00","mainEntityOfPage":{"@id":"https:\/\/brasilnoticias.org\/site\/tragedia-cinco-estudantes-da-uefs-morrem-no-interior-da-ba\/"},"wordCount":298,"commentCount":0,"publisher":{"@id":"https:\/\/brasilnoticias.org\/site\/#organization"},"image":{"@id":"https:\/\/brasilnoticias.org\/site\/tragedia-cinco-estudantes-da-uefs-morrem-no-interior-da-ba\/#primaryimage"},"thumbnailUrl":"https:\/\/brasilnoticias.org\/site\/wp-content\/uploads\/2023\/05\/acidente_itaberaba_estudantes_uefs_widelg.jpg","articleSection":["Pol\u00edcia","\u00daltimas"],"inLanguage":"pt-PT","potentialAction":[{"@type":"CommentAction","name":"Comment","target":["https:\/\/brasilnoticias.org\/site\/tragedia-cinco-estudantes-da-uefs-morrem-no-interior-da-ba\/#respond"]}]},{"@type":"WebPage","@id":"https:\/\/brasilnoticias.org\/site\/tragedia-cinco-estudantes-da-uefs-morrem-no-interior-da-ba\/","url":"https:\/\/brasilnoticias.org\/site\/tragedia-cinco-estudantes-da-uefs-morrem-no-interior-da-ba\/","name":"Trag\u00e9dia: Cinco estudantes da UEFS morrem no interior da BA - Brasil not\u00edcias","isPartOf":{"@id":"https:\/\/brasilnoticias.org\/site\/#website"},"primaryImageOfPage":{"@id":"https:\/\/brasilnoticias.org\/site\/tragedia-cinco-estudantes-da-uefs-morrem-no-interior-da-ba\/#primaryimage"},"image":{"@id":"https:\/\/brasilnoticias.org\/site\/tragedia-cinco-estudantes-da-uefs-morrem-no-interior-da-ba\/#primaryimage"},"thumbnailUrl":"https:\/\/brasilnoticias.org\/site\/wp-content\/uploads\/2023\/05\/acidente_itaberaba_estudantes_uefs_widelg.jpg","datePublished":"2023-05-21T10:30:48+00:00","breadcrumb":{"@id":"https:\/\/brasilnoticias.org\/site\/tragedia-cinco-estudantes-da-uefs-morrem-no-interior-da-ba\/#breadcrumb"},"inLanguage":"pt-PT","potentialAction":[{"@type":"ReadAction","target":["https:\/\/brasilnoticias.org\/site\/tragedia-cinco-estudantes-da-uefs-morrem-no-interior-da-ba\/"]}]},{"@type":"ImageObject","inLanguage":"pt-PT","@id":"https:\/\/brasilnoticias.org\/site\/tragedia-cinco-estudantes-da-uefs-morrem-no-interior-da-ba\/#primaryimage","url":"https:\/\/brasilnoticias.org\/site\/wp-content\/uploads\/2023\/05\/acidente_itaberaba_estudantes_uefs_widelg.jpg","contentUrl":"https:\/\/brasilnoticias.org\/site\/wp-content\/uploads\/2023\/05\/acidente_itaberaba_estudantes_uefs_widelg.jpg","width":800,"height":450},{"@type":"BreadcrumbList","@id":"https:\/\/brasilnoticias.org\/site\/tragedia-cinco-estudantes-da-uefs-morrem-no-interior-da-ba\/#breadcrumb","itemListElement":[{"@type":"ListItem","position":1,"name":"In\u00edcio","item":"https:\/\/brasilnoticias.org\/site\/"},{"@type":"ListItem","position":2,"name":"Trag\u00e9dia: Cinco estudantes da UEFS morrem no interior da BA"}]},{"@type":"WebSite","@id":"https:\/\/brasilnoticias.org\/site\/#website","url":"https:\/\/brasilnoticias.org\/site\/","name":"Brasil not\u00edcias","description":"Brasil not\u00edcias","publisher":{"@id":"https:\/\/brasilnoticias.org\/site\/#organization"},"potentialAction":[{"@type":"SearchAction","target":{"@type":"EntryPoint","urlTemplate":"https:\/\/brasilnoticias.org\/site\/?s={search_term_string}"},"query-input":{"@type":"PropertyValueSpecification","valueRequired":true,"valueName":"search_term_string"}}],"inLanguage":"pt-PT"},{"@type":"Organization","@id":"https:\/\/brasilnoticias.org\/site\/#organization","name":"Brasil not\u00edcias","url":"https:\/\/brasilnoticias.org\/site\/","logo":{"@type":"ImageObject","inLanguage":"pt-PT","@id":"https:\/\/brasilnoticias.org\/site\/#\/schema\/logo\/image\/","url":"https:\/\/brasilnoticias.org\/site\/wp-content\/uploads\/2022\/05\/cropped-brasilnoticias-mini.jpg","contentUrl":"https:\/\/brasilnoticias.org\/site\/wp-content\/uploads\/2022\/05\/cropped-brasilnoticias-mini.jpg","width":314,"height":86,"caption":"Brasil not\u00edcias"},"image":{"@id":"https:\/\/brasilnoticias.org\/site\/#\/schema\/logo\/image\/"}},{"@type":"Person","@id":"https:\/\/brasilnoticias.org\/site\/#\/schema\/person\/a0e05b973ec4d15c658d51911e53507b","name":"Reda\u00e7\u00e3o","image":{"@type":"ImageObject","inLanguage":"pt-PT","@id":"https:\/\/brasilnoticias.org\/site\/#\/schema\/person\/image\/","url":"https:\/\/secure.gravatar.com\/avatar\/75d8b050df2de108b08ae78dfb8e374892df24a383c67db9c46a9c604f6aee9c?s=96&d=mm&r=g","contentUrl":"https:\/\/secure.gravatar.com\/avatar\/75d8b050df2de108b08ae78dfb8e374892df24a383c67db9c46a9c604f6aee9c?s=96&d=mm&r=g","caption":"Reda\u00e7\u00e3o"},"sameAs":["https:\/\/brasilnoticias.org\/site"],"url":"https:\/\/brasilnoticias.org\/site\/author\/fernandozsngmail-com\/"}]}},"_links":{"self":[{"href":"https:\/\/brasilnoticias.org\/site\/wp-json\/wp\/v2\/posts\/6196","targetHints":{"allow":["GET"]}}],"collection":[{"href":"https:\/\/brasilnoticias.org\/site\/wp-json\/wp\/v2\/posts"}],"about":[{"href":"https:\/\/brasilnoticias.org\/site\/wp-json\/wp\/v2\/types\/post"}],"author":[{"embeddable":true,"href":"https:\/\/brasilnoticias.org\/site\/wp-json\/wp\/v2\/users\/1"}],"replies":[{"embeddable":true,"href":"https:\/\/brasilnoticias.org\/site\/wp-json\/wp\/v2\/comments?post=6196"}],"version-history":[{"count":1,"href":"https:\/\/brasilnoticias.org\/site\/wp-json\/wp\/v2\/posts\/6196\/revisions"}],"predecessor-version":[{"id":6198,"href":"https:\/\/brasilnoticias.org\/site\/wp-json\/wp\/v2\/posts\/6196\/revisions\/6198"}],"wp:featuredmedia":[{"embeddable":true,"href":"https:\/\/brasilnoticias.org\/site\/wp-json\/wp\/v2\/media\/6197"}],"wp:attachment":[{"href":"https:\/\/brasilnoticias.org\/site\/wp-json\/wp\/v2\/media?parent=6196"}],"wp:term":[{"taxonomy":"category","embeddable":true,"href":"https:\/\/brasilnoticias.org\/site\/wp-json\/wp\/v2\/categories?post=6196"},{"taxonomy":"post_tag","embeddable":true,"href":"https:\/\/brasilnoticias.org\/site\/wp-json\/wp\/v2\/tags?post=6196"}],"curies":[{"name":"wp","href":"https:\/\/api.w.org\/{rel}","templated":true}]}}