{"id":6199,"date":"2023-05-22T07:00:56","date_gmt":"2023-05-22T10:00:56","guid":{"rendered":"https:\/\/brasilnoticias.org\/site\/?p=6199"},"modified":"2023-05-21T20:24:44","modified_gmt":"2023-05-21T23:24:44","slug":"van-de-banda-de-forro-pega-fogo-em-rodovia-na-bahia","status":"publish","type":"post","link":"https:\/\/brasilnoticias.org\/site\/van-de-banda-de-forro-pega-fogo-em-rodovia-na-bahia\/","title":{"rendered":"Van de banda de forr\u00f3 pega fogo em rodovia na Bahia"},"content":{"rendered":"<p>A banda Lambasaia sofreu um acidente, na madrugada deste domingo (21), a caminho de uma apresenta\u00e7\u00e3o na cidade de Lauro de Freitas, na Regi\u00e3o Metropolitana de Salvador. Segundo o relato do vocalista L\u00e9o Dum\u00f3ve, a van se chocou com uma motocicleta ca\u00edda e pegou fogo na BR-234.<\/p>\n<p>Ningu\u00e9m ficou ferido. De acordo com a Pol\u00edcia Rodovi\u00e1ria Federal (PRF), o inc\u00eandio foi registrado por volta de 5h deste domingo. As circunst\u00e2ncias do acidente ainda est\u00e3o sendo apuradas.<\/p>\n<p>Parte do equipamento da equipe foi queimado, assim como malas de viagens. Um carro-pipa da Via Bahia, concession\u00e1ria que opera a rodovia, apagou as chamas. Em v\u00eddeos gravados pelo vocalista da banda \u00e9 poss\u00edvel ver que as chamas tomaram todo o ve\u00edculo. Ele ainda registrou explos\u00f5es.<\/p>\n<p>O grupo j\u00e1 havia se apresentado na cidade de Campo Formoso, na regi\u00e3o norte, e seguia para Lauro de Freitas, na Regi\u00e3o Metropolitana de Salvador, onde faria o segundo show da noite.<\/p>\n<p>Ainda segundo L\u00e9o Dum\u00f3ve, a escolha do ve\u00edculo foi para dar celeridade ao trajeto. O cantor disse que entre os equipamentos perdidos, o preju\u00edzo \u00e9 de, pelo menos, R$ 25 mil.<\/p>\n<p>&#8220;A gente fez um show em Campo Formoso. Est\u00e1vamos indo para Lauro de Freitas e sofremos um acidente. Viemos de van porque seria mais r\u00e1pido pra gente chegar l\u00e1 e estava no hor\u00e1rio. Mas, Deus sabe de todas as coisas. Infelizmente, a maioria do material de todo mundo foi queimado. As roupas e tudo mais. A \u00fanica coisa que eu consegui pegar foi o celular. Foi muito r\u00e1pido, o que aconteceu foi muito r\u00e1pido. Queimou tudo&#8221;, disse.<\/p>\n<p>O artista ainda criticou a falta de ilumina\u00e7\u00e3o da rodovia federal. A reportagem entrou em contato com a VIABAHIA e aguarda posicionamento da entidade.<\/p>\n<p>G1 Bahia<br \/>\nFoto redes sociais<\/p>\n","protected":false},"excerpt":{"rendered":"<p>A banda Lambasaia sofreu um acidente, na madrugada deste domingo (21), a caminho de uma apresenta\u00e7\u00e3o na cidade de Lauro<\/p>\n","protected":false},"author":1,"featured_media":6200,"comment_status":"open","ping_status":"open","sticky":false,"template":"","format":"standard","meta":{"colormag_page_container_layout":"default_layout","colormag_page_sidebar_layout":"default_layout","_FSMCFIC_featured_image_caption":"","_FSMCFIC_featured_image_nocaption":"","_FSMCFIC_featured_image_hide":"","footnotes":""},"categories":[2,1],"tags":[],"class_list":["post-6199","post","type-post","status-publish","format-standard","has-post-thumbnail","hentry","category-noticias","category-ultimas"],"yoast_head":"<!-- This site is optimized with the Yoast SEO plugin v27.1.1 - https:\/\/yoast.com\/product\/yoast-seo-wordpress\/ -->\n<title>Van de banda de forr\u00f3 pega fogo em rodovia na Bahia - Brasil not\u00edcias<\/title>\n<meta name=\"robots\" content=\"index, follow, max-snippet:-1, max-image-preview:large, max-video-preview:-1\" \/>\n<link rel=\"canonical\" href=\"https:\/\/brasilnoticias.org\/site\/van-de-banda-de-forro-pega-fogo-em-rodovia-na-bahia\/\" \/>\n<meta property=\"og:locale\" content=\"pt_PT\" \/>\n<meta property=\"og:type\" content=\"article\" \/>\n<meta property=\"og:title\" content=\"Van de banda de forr\u00f3 pega fogo em rodovia na Bahia - Brasil not\u00edcias\" \/>\n<meta property=\"og:description\" content=\"A banda Lambasaia sofreu um acidente, na madrugada deste domingo (21), a caminho de uma apresenta\u00e7\u00e3o na cidade de Lauro\" \/>\n<meta property=\"og:url\" content=\"https:\/\/brasilnoticias.org\/site\/van-de-banda-de-forro-pega-fogo-em-rodovia-na-bahia\/\" \/>\n<meta property=\"og:site_name\" content=\"Brasil not\u00edcias\" \/>\n<meta property=\"article:published_time\" content=\"2023-05-22T10:00:56+00:00\" \/>\n<meta property=\"og:image\" content=\"https:\/\/brasilnoticias.org\/site\/wp-content\/uploads\/2023\/05\/fogo.webp\" \/>\n\t<meta property=\"og:image:width\" content=\"600\" \/>\n\t<meta property=\"og:image:height\" content=\"480\" \/>\n\t<meta property=\"og:image:type\" content=\"image\/webp\" \/>\n<meta name=\"author\" content=\"Reda\u00e7\u00e3o\" \/>\n<meta name=\"twitter:card\" content=\"summary_large_image\" \/>\n<meta name=\"twitter:label1\" content=\"Escrito por\" \/>\n\t<meta name=\"twitter:data1\" content=\"Reda\u00e7\u00e3o\" \/>\n<script type=\"application\/ld+json\" class=\"yoast-schema-graph\">{\"@context\":\"https:\/\/schema.org\",\"@graph\":[{\"@type\":\"Article\",\"@id\":\"https:\/\/brasilnoticias.org\/site\/van-de-banda-de-forro-pega-fogo-em-rodovia-na-bahia\/#article\",\"isPartOf\":{\"@id\":\"https:\/\/brasilnoticias.org\/site\/van-de-banda-de-forro-pega-fogo-em-rodovia-na-bahia\/\"},\"author\":{\"name\":\"Reda\u00e7\u00e3o\",\"@id\":\"https:\/\/brasilnoticias.org\/site\/#\/schema\/person\/a0e05b973ec4d15c658d51911e53507b\"},\"headline\":\"Van de banda de forr\u00f3 pega fogo em rodovia na Bahia\",\"datePublished\":\"2023-05-22T10:00:56+00:00\",\"mainEntityOfPage\":{\"@id\":\"https:\/\/brasilnoticias.org\/site\/van-de-banda-de-forro-pega-fogo-em-rodovia-na-bahia\/\"},\"wordCount\":326,\"commentCount\":0,\"publisher\":{\"@id\":\"https:\/\/brasilnoticias.org\/site\/#organization\"},\"image\":{\"@id\":\"https:\/\/brasilnoticias.org\/site\/van-de-banda-de-forro-pega-fogo-em-rodovia-na-bahia\/#primaryimage\"},\"thumbnailUrl\":\"https:\/\/brasilnoticias.org\/site\/wp-content\/uploads\/2023\/05\/fogo.webp\",\"articleSection\":[\"Not\u00edcias\",\"\u00daltimas\"],\"inLanguage\":\"pt-PT\",\"potentialAction\":[{\"@type\":\"CommentAction\",\"name\":\"Comment\",\"target\":[\"https:\/\/brasilnoticias.org\/site\/van-de-banda-de-forro-pega-fogo-em-rodovia-na-bahia\/#respond\"]}]},{\"@type\":\"WebPage\",\"@id\":\"https:\/\/brasilnoticias.org\/site\/van-de-banda-de-forro-pega-fogo-em-rodovia-na-bahia\/\",\"url\":\"https:\/\/brasilnoticias.org\/site\/van-de-banda-de-forro-pega-fogo-em-rodovia-na-bahia\/\",\"name\":\"Van de banda de forr\u00f3 pega fogo em rodovia na Bahia - Brasil not\u00edcias\",\"isPartOf\":{\"@id\":\"https:\/\/brasilnoticias.org\/site\/#website\"},\"primaryImageOfPage\":{\"@id\":\"https:\/\/brasilnoticias.org\/site\/van-de-banda-de-forro-pega-fogo-em-rodovia-na-bahia\/#primaryimage\"},\"image\":{\"@id\":\"https:\/\/brasilnoticias.org\/site\/van-de-banda-de-forro-pega-fogo-em-rodovia-na-bahia\/#primaryimage\"},\"thumbnailUrl\":\"https:\/\/brasilnoticias.org\/site\/wp-content\/uploads\/2023\/05\/fogo.webp\",\"datePublished\":\"2023-05-22T10:00:56+00:00\",\"breadcrumb\":{\"@id\":\"https:\/\/brasilnoticias.org\/site\/van-de-banda-de-forro-pega-fogo-em-rodovia-na-bahia\/#breadcrumb\"},\"inLanguage\":\"pt-PT\",\"potentialAction\":[{\"@type\":\"ReadAction\",\"target\":[\"https:\/\/brasilnoticias.org\/site\/van-de-banda-de-forro-pega-fogo-em-rodovia-na-bahia\/\"]}]},{\"@type\":\"ImageObject\",\"inLanguage\":\"pt-PT\",\"@id\":\"https:\/\/brasilnoticias.org\/site\/van-de-banda-de-forro-pega-fogo-em-rodovia-na-bahia\/#primaryimage\",\"url\":\"https:\/\/brasilnoticias.org\/site\/wp-content\/uploads\/2023\/05\/fogo.webp\",\"contentUrl\":\"https:\/\/brasilnoticias.org\/site\/wp-content\/uploads\/2023\/05\/fogo.webp\",\"width\":600,\"height\":480},{\"@type\":\"BreadcrumbList\",\"@id\":\"https:\/\/brasilnoticias.org\/site\/van-de-banda-de-forro-pega-fogo-em-rodovia-na-bahia\/#breadcrumb\",\"itemListElement\":[{\"@type\":\"ListItem\",\"position\":1,\"name\":\"In\u00edcio\",\"item\":\"https:\/\/brasilnoticias.org\/site\/\"},{\"@type\":\"ListItem\",\"position\":2,\"name\":\"Van de banda de forr\u00f3 pega fogo em rodovia na Bahia\"}]},{\"@type\":\"WebSite\",\"@id\":\"https:\/\/brasilnoticias.org\/site\/#website\",\"url\":\"https:\/\/brasilnoticias.org\/site\/\",\"name\":\"Brasil not\u00edcias\",\"description\":\"Brasil not\u00edcias\",\"publisher\":{\"@id\":\"https:\/\/brasilnoticias.org\/site\/#organization\"},\"potentialAction\":[{\"@type\":\"SearchAction\",\"target\":{\"@type\":\"EntryPoint\",\"urlTemplate\":\"https:\/\/brasilnoticias.org\/site\/?s={search_term_string}\"},\"query-input\":{\"@type\":\"PropertyValueSpecification\",\"valueRequired\":true,\"valueName\":\"search_term_string\"}}],\"inLanguage\":\"pt-PT\"},{\"@type\":\"Organization\",\"@id\":\"https:\/\/brasilnoticias.org\/site\/#organization\",\"name\":\"Brasil not\u00edcias\",\"url\":\"https:\/\/brasilnoticias.org\/site\/\",\"logo\":{\"@type\":\"ImageObject\",\"inLanguage\":\"pt-PT\",\"@id\":\"https:\/\/brasilnoticias.org\/site\/#\/schema\/logo\/image\/\",\"url\":\"https:\/\/brasilnoticias.org\/site\/wp-content\/uploads\/2022\/05\/cropped-brasilnoticias-mini.jpg\",\"contentUrl\":\"https:\/\/brasilnoticias.org\/site\/wp-content\/uploads\/2022\/05\/cropped-brasilnoticias-mini.jpg\",\"width\":314,\"height\":86,\"caption\":\"Brasil not\u00edcias\"},\"image\":{\"@id\":\"https:\/\/brasilnoticias.org\/site\/#\/schema\/logo\/image\/\"}},{\"@type\":\"Person\",\"@id\":\"https:\/\/brasilnoticias.org\/site\/#\/schema\/person\/a0e05b973ec4d15c658d51911e53507b\",\"name\":\"Reda\u00e7\u00e3o\",\"image\":{\"@type\":\"ImageObject\",\"inLanguage\":\"pt-PT\",\"@id\":\"https:\/\/brasilnoticias.org\/site\/#\/schema\/person\/image\/\",\"url\":\"https:\/\/secure.gravatar.com\/avatar\/75d8b050df2de108b08ae78dfb8e374892df24a383c67db9c46a9c604f6aee9c?s=96&d=mm&r=g\",\"contentUrl\":\"https:\/\/secure.gravatar.com\/avatar\/75d8b050df2de108b08ae78dfb8e374892df24a383c67db9c46a9c604f6aee9c?s=96&d=mm&r=g\",\"caption\":\"Reda\u00e7\u00e3o\"},\"sameAs\":[\"https:\/\/brasilnoticias.org\/site\"],\"url\":\"https:\/\/brasilnoticias.org\/site\/author\/fernandozsngmail-com\/\"}]}<\/script>\n<!-- \/ Yoast SEO plugin. -->","yoast_head_json":{"title":"Van de banda de forr\u00f3 pega fogo em rodovia na Bahia - Brasil not\u00edcias","robots":{"index":"index","follow":"follow","max-snippet":"max-snippet:-1","max-image-preview":"max-image-preview:large","max-video-preview":"max-video-preview:-1"},"canonical":"https:\/\/brasilnoticias.org\/site\/van-de-banda-de-forro-pega-fogo-em-rodovia-na-bahia\/","og_locale":"pt_PT","og_type":"article","og_title":"Van de banda de forr\u00f3 pega fogo em rodovia na Bahia - Brasil not\u00edcias","og_description":"A banda Lambasaia sofreu um acidente, na madrugada deste domingo (21), a caminho de uma apresenta\u00e7\u00e3o na cidade de Lauro","og_url":"https:\/\/brasilnoticias.org\/site\/van-de-banda-de-forro-pega-fogo-em-rodovia-na-bahia\/","og_site_name":"Brasil not\u00edcias","article_published_time":"2023-05-22T10:00:56+00:00","og_image":[{"width":600,"height":480,"url":"https:\/\/brasilnoticias.org\/site\/wp-content\/uploads\/2023\/05\/fogo.webp","type":"image\/webp"}],"author":"Reda\u00e7\u00e3o","twitter_card":"summary_large_image","twitter_misc":{"Escrito por":"Reda\u00e7\u00e3o"},"schema":{"@context":"https:\/\/schema.org","@graph":[{"@type":"Article","@id":"https:\/\/brasilnoticias.org\/site\/van-de-banda-de-forro-pega-fogo-em-rodovia-na-bahia\/#article","isPartOf":{"@id":"https:\/\/brasilnoticias.org\/site\/van-de-banda-de-forro-pega-fogo-em-rodovia-na-bahia\/"},"author":{"name":"Reda\u00e7\u00e3o","@id":"https:\/\/brasilnoticias.org\/site\/#\/schema\/person\/a0e05b973ec4d15c658d51911e53507b"},"headline":"Van de banda de forr\u00f3 pega fogo em rodovia na Bahia","datePublished":"2023-05-22T10:00:56+00:00","mainEntityOfPage":{"@id":"https:\/\/brasilnoticias.org\/site\/van-de-banda-de-forro-pega-fogo-em-rodovia-na-bahia\/"},"wordCount":326,"commentCount":0,"publisher":{"@id":"https:\/\/brasilnoticias.org\/site\/#organization"},"image":{"@id":"https:\/\/brasilnoticias.org\/site\/van-de-banda-de-forro-pega-fogo-em-rodovia-na-bahia\/#primaryimage"},"thumbnailUrl":"https:\/\/brasilnoticias.org\/site\/wp-content\/uploads\/2023\/05\/fogo.webp","articleSection":["Not\u00edcias","\u00daltimas"],"inLanguage":"pt-PT","potentialAction":[{"@type":"CommentAction","name":"Comment","target":["https:\/\/brasilnoticias.org\/site\/van-de-banda-de-forro-pega-fogo-em-rodovia-na-bahia\/#respond"]}]},{"@type":"WebPage","@id":"https:\/\/brasilnoticias.org\/site\/van-de-banda-de-forro-pega-fogo-em-rodovia-na-bahia\/","url":"https:\/\/brasilnoticias.org\/site\/van-de-banda-de-forro-pega-fogo-em-rodovia-na-bahia\/","name":"Van de banda de forr\u00f3 pega fogo em rodovia na Bahia - Brasil not\u00edcias","isPartOf":{"@id":"https:\/\/brasilnoticias.org\/site\/#website"},"primaryImageOfPage":{"@id":"https:\/\/brasilnoticias.org\/site\/van-de-banda-de-forro-pega-fogo-em-rodovia-na-bahia\/#primaryimage"},"image":{"@id":"https:\/\/brasilnoticias.org\/site\/van-de-banda-de-forro-pega-fogo-em-rodovia-na-bahia\/#primaryimage"},"thumbnailUrl":"https:\/\/brasilnoticias.org\/site\/wp-content\/uploads\/2023\/05\/fogo.webp","datePublished":"2023-05-22T10:00:56+00:00","breadcrumb":{"@id":"https:\/\/brasilnoticias.org\/site\/van-de-banda-de-forro-pega-fogo-em-rodovia-na-bahia\/#breadcrumb"},"inLanguage":"pt-PT","potentialAction":[{"@type":"ReadAction","target":["https:\/\/brasilnoticias.org\/site\/van-de-banda-de-forro-pega-fogo-em-rodovia-na-bahia\/"]}]},{"@type":"ImageObject","inLanguage":"pt-PT","@id":"https:\/\/brasilnoticias.org\/site\/van-de-banda-de-forro-pega-fogo-em-rodovia-na-bahia\/#primaryimage","url":"https:\/\/brasilnoticias.org\/site\/wp-content\/uploads\/2023\/05\/fogo.webp","contentUrl":"https:\/\/brasilnoticias.org\/site\/wp-content\/uploads\/2023\/05\/fogo.webp","width":600,"height":480},{"@type":"BreadcrumbList","@id":"https:\/\/brasilnoticias.org\/site\/van-de-banda-de-forro-pega-fogo-em-rodovia-na-bahia\/#breadcrumb","itemListElement":[{"@type":"ListItem","position":1,"name":"In\u00edcio","item":"https:\/\/brasilnoticias.org\/site\/"},{"@type":"ListItem","position":2,"name":"Van de banda de forr\u00f3 pega fogo em rodovia na Bahia"}]},{"@type":"WebSite","@id":"https:\/\/brasilnoticias.org\/site\/#website","url":"https:\/\/brasilnoticias.org\/site\/","name":"Brasil not\u00edcias","description":"Brasil not\u00edcias","publisher":{"@id":"https:\/\/brasilnoticias.org\/site\/#organization"},"potentialAction":[{"@type":"SearchAction","target":{"@type":"EntryPoint","urlTemplate":"https:\/\/brasilnoticias.org\/site\/?s={search_term_string}"},"query-input":{"@type":"PropertyValueSpecification","valueRequired":true,"valueName":"search_term_string"}}],"inLanguage":"pt-PT"},{"@type":"Organization","@id":"https:\/\/brasilnoticias.org\/site\/#organization","name":"Brasil not\u00edcias","url":"https:\/\/brasilnoticias.org\/site\/","logo":{"@type":"ImageObject","inLanguage":"pt-PT","@id":"https:\/\/brasilnoticias.org\/site\/#\/schema\/logo\/image\/","url":"https:\/\/brasilnoticias.org\/site\/wp-content\/uploads\/2022\/05\/cropped-brasilnoticias-mini.jpg","contentUrl":"https:\/\/brasilnoticias.org\/site\/wp-content\/uploads\/2022\/05\/cropped-brasilnoticias-mini.jpg","width":314,"height":86,"caption":"Brasil not\u00edcias"},"image":{"@id":"https:\/\/brasilnoticias.org\/site\/#\/schema\/logo\/image\/"}},{"@type":"Person","@id":"https:\/\/brasilnoticias.org\/site\/#\/schema\/person\/a0e05b973ec4d15c658d51911e53507b","name":"Reda\u00e7\u00e3o","image":{"@type":"ImageObject","inLanguage":"pt-PT","@id":"https:\/\/brasilnoticias.org\/site\/#\/schema\/person\/image\/","url":"https:\/\/secure.gravatar.com\/avatar\/75d8b050df2de108b08ae78dfb8e374892df24a383c67db9c46a9c604f6aee9c?s=96&d=mm&r=g","contentUrl":"https:\/\/secure.gravatar.com\/avatar\/75d8b050df2de108b08ae78dfb8e374892df24a383c67db9c46a9c604f6aee9c?s=96&d=mm&r=g","caption":"Reda\u00e7\u00e3o"},"sameAs":["https:\/\/brasilnoticias.org\/site"],"url":"https:\/\/brasilnoticias.org\/site\/author\/fernandozsngmail-com\/"}]}},"_links":{"self":[{"href":"https:\/\/brasilnoticias.org\/site\/wp-json\/wp\/v2\/posts\/6199","targetHints":{"allow":["GET"]}}],"collection":[{"href":"https:\/\/brasilnoticias.org\/site\/wp-json\/wp\/v2\/posts"}],"about":[{"href":"https:\/\/brasilnoticias.org\/site\/wp-json\/wp\/v2\/types\/post"}],"author":[{"embeddable":true,"href":"https:\/\/brasilnoticias.org\/site\/wp-json\/wp\/v2\/users\/1"}],"replies":[{"embeddable":true,"href":"https:\/\/brasilnoticias.org\/site\/wp-json\/wp\/v2\/comments?post=6199"}],"version-history":[{"count":1,"href":"https:\/\/brasilnoticias.org\/site\/wp-json\/wp\/v2\/posts\/6199\/revisions"}],"predecessor-version":[{"id":6201,"href":"https:\/\/brasilnoticias.org\/site\/wp-json\/wp\/v2\/posts\/6199\/revisions\/6201"}],"wp:featuredmedia":[{"embeddable":true,"href":"https:\/\/brasilnoticias.org\/site\/wp-json\/wp\/v2\/media\/6200"}],"wp:attachment":[{"href":"https:\/\/brasilnoticias.org\/site\/wp-json\/wp\/v2\/media?parent=6199"}],"wp:term":[{"taxonomy":"category","embeddable":true,"href":"https:\/\/brasilnoticias.org\/site\/wp-json\/wp\/v2\/categories?post=6199"},{"taxonomy":"post_tag","embeddable":true,"href":"https:\/\/brasilnoticias.org\/site\/wp-json\/wp\/v2\/tags?post=6199"}],"curies":[{"name":"wp","href":"https:\/\/api.w.org\/{rel}","templated":true}]}}