{"id":6218,"date":"2023-05-22T17:26:38","date_gmt":"2023-05-22T20:26:38","guid":{"rendered":"https:\/\/brasilnoticias.org\/site\/?p=6218"},"modified":"2023-05-22T17:26:38","modified_gmt":"2023-05-22T20:26:38","slug":"homem-invade-estudio-e-agride-radialistas-durante-programa-ao-vivo-veja-video","status":"publish","type":"post","link":"https:\/\/brasilnoticias.org\/site\/homem-invade-estudio-e-agride-radialistas-durante-programa-ao-vivo-veja-video\/","title":{"rendered":"Homem invade est\u00fadio e agride radialistas durante programa ao vivo; veja v\u00eddeo"},"content":{"rendered":"<p>O que era para ser um dia normal na r\u00e1dio Sucesso FM, da cidade de Catal\u00e3o, na regi\u00e3o sudeste de Goi\u00e1s, acabou se transformando em uma grande confus\u00e3o. Isso porque o est\u00fadio da emissora foi invadido durante uma edi\u00e7\u00e3o ao vivo do programa \u201cNosso Programa\u201d, apresentado pelos radialistas Mamede Le\u00e3o, Ricardo Nogueira e Yan Victor.<\/p>\n<p>Os jornalistas falavam sobre o caso que aconteceu na \u00faltima sexta-feira (19), no est\u00e1dio do Crac no dia anterior, quando um servidor da Prefeitura de Catal\u00e3o, foi acusado de causar uma confus\u00e3o. Durante a transmiss\u00e3o, o irm\u00e3o do servidor invadiu o est\u00fadio e come\u00e7ou a agredir os jornalistas. \u201cO irm\u00e3o do vagabundo est\u00e1 aqui, Ricardo\u201d, disse ao partir para cima de Ricardo Nogueira.<\/p>\n<p>Segundo informa\u00e7\u00f5es divulgadas pela TV Anhanguera, o autor das agress\u00f5es foi identificado como Jardel Cust\u00f3dio e teria ficado insatisfeito devido \u00e0 men\u00e7\u00e3o do nome de seu irm\u00e3o envolvido na confus\u00e3o do est\u00e1dio. \u201cDaqui para frente, voc\u00ea presta aten\u00e7\u00e3o no que voc\u00ea fala. Voc\u00ea esquece meu irm\u00e3o. Voc\u00ea esquece minha fam\u00edlia\u201d, disse.<\/p>\n<p>Procurado pela reportagem, Jardel afirmou que foi defender a fam\u00edlia. &#8220;Eu fui at\u00e9 a r\u00e1dio para participar do programa j\u00e1 que estavam falando e denegrindo pessoas da minha fam\u00edlia&#8221;, afirmou. Ningu\u00e9m da R\u00e1dio Sucesso FM quis comentar sobre o assunto.<\/p>\n<blockquote class=\"twitter-tweet\">\n<p lang=\"pt\" dir=\"ltr\">SURTO: Homem invade est\u00fadio de r\u00e1dio e agride jornalistas durante transmiss\u00e3o AO VIVO de programa em Catal\u00e3o (GO). Autor das agress\u00f5es n\u00e3o teria gostado dos jornalistas falarem do irm\u00e3o dele, que \u00e9 servidor da prefeitura. <a href=\"https:\/\/t.co\/NNGyP3FKDd\">pic.twitter.com\/NNGyP3FKDd<\/a><\/p>\n<p>&mdash; Bruno Guzzo\u00ae (@brunoguzzo) <a href=\"https:\/\/twitter.com\/brunoguzzo\/status\/1660392289816961024?ref_src=twsrc%5Etfw\">May 21, 2023<\/a><\/p><\/blockquote>\n<p> <script async src=\"https:\/\/platform.twitter.com\/widgets.js\" charset=\"utf-8\"><\/script><\/p>\n<p>Foto Reprodu\u00e7\u00e3o \/ Twitter<br \/>\nBnews<\/p>\n","protected":false},"excerpt":{"rendered":"<p>O que era para ser um dia normal na r\u00e1dio Sucesso FM, da cidade de Catal\u00e3o, na regi\u00e3o sudeste de<\/p>\n","protected":false},"author":1,"featured_media":6219,"comment_status":"open","ping_status":"open","sticky":false,"template":"","format":"standard","meta":{"colormag_page_container_layout":"default_layout","colormag_page_sidebar_layout":"default_layout","_FSMCFIC_featured_image_caption":"","_FSMCFIC_featured_image_nocaption":"","_FSMCFIC_featured_image_hide":"","footnotes":""},"categories":[3,1],"tags":[],"class_list":["post-6218","post","type-post","status-publish","format-standard","has-post-thumbnail","hentry","category-policia","category-ultimas"],"yoast_head":"<!-- This site is optimized with the Yoast SEO plugin v27.1.1 - https:\/\/yoast.com\/product\/yoast-seo-wordpress\/ -->\n<title>Homem invade est\u00fadio e agride radialistas durante programa ao vivo; veja v\u00eddeo - Brasil not\u00edcias<\/title>\n<meta name=\"robots\" content=\"index, follow, max-snippet:-1, max-image-preview:large, max-video-preview:-1\" \/>\n<link rel=\"canonical\" href=\"https:\/\/brasilnoticias.org\/site\/homem-invade-estudio-e-agride-radialistas-durante-programa-ao-vivo-veja-video\/\" \/>\n<meta property=\"og:locale\" content=\"pt_PT\" \/>\n<meta property=\"og:type\" content=\"article\" \/>\n<meta property=\"og:title\" content=\"Homem invade est\u00fadio e agride radialistas durante programa ao vivo; veja v\u00eddeo - Brasil not\u00edcias\" \/>\n<meta property=\"og:description\" content=\"O que era para ser um dia normal na r\u00e1dio Sucesso FM, da cidade de Catal\u00e3o, na regi\u00e3o sudeste de\" \/>\n<meta property=\"og:url\" content=\"https:\/\/brasilnoticias.org\/site\/homem-invade-estudio-e-agride-radialistas-durante-programa-ao-vivo-veja-video\/\" \/>\n<meta property=\"og:site_name\" content=\"Brasil not\u00edcias\" \/>\n<meta property=\"article:published_time\" content=\"2023-05-22T20:26:38+00:00\" \/>\n<meta property=\"og:image\" content=\"https:\/\/brasilnoticias.org\/site\/wp-content\/uploads\/2023\/05\/hoem_widelg.jpg\" \/>\n\t<meta property=\"og:image:width\" content=\"800\" \/>\n\t<meta property=\"og:image:height\" content=\"450\" \/>\n\t<meta property=\"og:image:type\" content=\"image\/jpeg\" \/>\n<meta name=\"author\" content=\"Reda\u00e7\u00e3o\" \/>\n<meta name=\"twitter:card\" content=\"summary_large_image\" \/>\n<meta name=\"twitter:label1\" content=\"Escrito por\" \/>\n\t<meta name=\"twitter:data1\" content=\"Reda\u00e7\u00e3o\" \/>\n<script type=\"application\/ld+json\" class=\"yoast-schema-graph\">{\"@context\":\"https:\/\/schema.org\",\"@graph\":[{\"@type\":\"Article\",\"@id\":\"https:\/\/brasilnoticias.org\/site\/homem-invade-estudio-e-agride-radialistas-durante-programa-ao-vivo-veja-video\/#article\",\"isPartOf\":{\"@id\":\"https:\/\/brasilnoticias.org\/site\/homem-invade-estudio-e-agride-radialistas-durante-programa-ao-vivo-veja-video\/\"},\"author\":{\"name\":\"Reda\u00e7\u00e3o\",\"@id\":\"https:\/\/brasilnoticias.org\/site\/#\/schema\/person\/a0e05b973ec4d15c658d51911e53507b\"},\"headline\":\"Homem invade est\u00fadio e agride radialistas durante programa ao vivo; veja v\u00eddeo\",\"datePublished\":\"2023-05-22T20:26:38+00:00\",\"mainEntityOfPage\":{\"@id\":\"https:\/\/brasilnoticias.org\/site\/homem-invade-estudio-e-agride-radialistas-durante-programa-ao-vivo-veja-video\/\"},\"wordCount\":308,\"commentCount\":0,\"publisher\":{\"@id\":\"https:\/\/brasilnoticias.org\/site\/#organization\"},\"image\":{\"@id\":\"https:\/\/brasilnoticias.org\/site\/homem-invade-estudio-e-agride-radialistas-durante-programa-ao-vivo-veja-video\/#primaryimage\"},\"thumbnailUrl\":\"https:\/\/brasilnoticias.org\/site\/wp-content\/uploads\/2023\/05\/hoem_widelg.jpg\",\"articleSection\":[\"Pol\u00edcia\",\"\u00daltimas\"],\"inLanguage\":\"pt-PT\",\"potentialAction\":[{\"@type\":\"CommentAction\",\"name\":\"Comment\",\"target\":[\"https:\/\/brasilnoticias.org\/site\/homem-invade-estudio-e-agride-radialistas-durante-programa-ao-vivo-veja-video\/#respond\"]}]},{\"@type\":\"WebPage\",\"@id\":\"https:\/\/brasilnoticias.org\/site\/homem-invade-estudio-e-agride-radialistas-durante-programa-ao-vivo-veja-video\/\",\"url\":\"https:\/\/brasilnoticias.org\/site\/homem-invade-estudio-e-agride-radialistas-durante-programa-ao-vivo-veja-video\/\",\"name\":\"Homem invade est\u00fadio e agride radialistas durante programa ao vivo; veja v\u00eddeo - Brasil not\u00edcias\",\"isPartOf\":{\"@id\":\"https:\/\/brasilnoticias.org\/site\/#website\"},\"primaryImageOfPage\":{\"@id\":\"https:\/\/brasilnoticias.org\/site\/homem-invade-estudio-e-agride-radialistas-durante-programa-ao-vivo-veja-video\/#primaryimage\"},\"image\":{\"@id\":\"https:\/\/brasilnoticias.org\/site\/homem-invade-estudio-e-agride-radialistas-durante-programa-ao-vivo-veja-video\/#primaryimage\"},\"thumbnailUrl\":\"https:\/\/brasilnoticias.org\/site\/wp-content\/uploads\/2023\/05\/hoem_widelg.jpg\",\"datePublished\":\"2023-05-22T20:26:38+00:00\",\"breadcrumb\":{\"@id\":\"https:\/\/brasilnoticias.org\/site\/homem-invade-estudio-e-agride-radialistas-durante-programa-ao-vivo-veja-video\/#breadcrumb\"},\"inLanguage\":\"pt-PT\",\"potentialAction\":[{\"@type\":\"ReadAction\",\"target\":[\"https:\/\/brasilnoticias.org\/site\/homem-invade-estudio-e-agride-radialistas-durante-programa-ao-vivo-veja-video\/\"]}]},{\"@type\":\"ImageObject\",\"inLanguage\":\"pt-PT\",\"@id\":\"https:\/\/brasilnoticias.org\/site\/homem-invade-estudio-e-agride-radialistas-durante-programa-ao-vivo-veja-video\/#primaryimage\",\"url\":\"https:\/\/brasilnoticias.org\/site\/wp-content\/uploads\/2023\/05\/hoem_widelg.jpg\",\"contentUrl\":\"https:\/\/brasilnoticias.org\/site\/wp-content\/uploads\/2023\/05\/hoem_widelg.jpg\",\"width\":800,\"height\":450},{\"@type\":\"BreadcrumbList\",\"@id\":\"https:\/\/brasilnoticias.org\/site\/homem-invade-estudio-e-agride-radialistas-durante-programa-ao-vivo-veja-video\/#breadcrumb\",\"itemListElement\":[{\"@type\":\"ListItem\",\"position\":1,\"name\":\"In\u00edcio\",\"item\":\"https:\/\/brasilnoticias.org\/site\/\"},{\"@type\":\"ListItem\",\"position\":2,\"name\":\"Homem invade est\u00fadio e agride radialistas durante programa ao vivo; veja v\u00eddeo\"}]},{\"@type\":\"WebSite\",\"@id\":\"https:\/\/brasilnoticias.org\/site\/#website\",\"url\":\"https:\/\/brasilnoticias.org\/site\/\",\"name\":\"Brasil not\u00edcias\",\"description\":\"Brasil not\u00edcias\",\"publisher\":{\"@id\":\"https:\/\/brasilnoticias.org\/site\/#organization\"},\"potentialAction\":[{\"@type\":\"SearchAction\",\"target\":{\"@type\":\"EntryPoint\",\"urlTemplate\":\"https:\/\/brasilnoticias.org\/site\/?s={search_term_string}\"},\"query-input\":{\"@type\":\"PropertyValueSpecification\",\"valueRequired\":true,\"valueName\":\"search_term_string\"}}],\"inLanguage\":\"pt-PT\"},{\"@type\":\"Organization\",\"@id\":\"https:\/\/brasilnoticias.org\/site\/#organization\",\"name\":\"Brasil not\u00edcias\",\"url\":\"https:\/\/brasilnoticias.org\/site\/\",\"logo\":{\"@type\":\"ImageObject\",\"inLanguage\":\"pt-PT\",\"@id\":\"https:\/\/brasilnoticias.org\/site\/#\/schema\/logo\/image\/\",\"url\":\"https:\/\/brasilnoticias.org\/site\/wp-content\/uploads\/2022\/05\/cropped-brasilnoticias-mini.jpg\",\"contentUrl\":\"https:\/\/brasilnoticias.org\/site\/wp-content\/uploads\/2022\/05\/cropped-brasilnoticias-mini.jpg\",\"width\":314,\"height\":86,\"caption\":\"Brasil not\u00edcias\"},\"image\":{\"@id\":\"https:\/\/brasilnoticias.org\/site\/#\/schema\/logo\/image\/\"}},{\"@type\":\"Person\",\"@id\":\"https:\/\/brasilnoticias.org\/site\/#\/schema\/person\/a0e05b973ec4d15c658d51911e53507b\",\"name\":\"Reda\u00e7\u00e3o\",\"image\":{\"@type\":\"ImageObject\",\"inLanguage\":\"pt-PT\",\"@id\":\"https:\/\/brasilnoticias.org\/site\/#\/schema\/person\/image\/\",\"url\":\"https:\/\/secure.gravatar.com\/avatar\/75d8b050df2de108b08ae78dfb8e374892df24a383c67db9c46a9c604f6aee9c?s=96&d=mm&r=g\",\"contentUrl\":\"https:\/\/secure.gravatar.com\/avatar\/75d8b050df2de108b08ae78dfb8e374892df24a383c67db9c46a9c604f6aee9c?s=96&d=mm&r=g\",\"caption\":\"Reda\u00e7\u00e3o\"},\"sameAs\":[\"https:\/\/brasilnoticias.org\/site\"],\"url\":\"https:\/\/brasilnoticias.org\/site\/author\/fernandozsngmail-com\/\"}]}<\/script>\n<!-- \/ Yoast SEO plugin. -->","yoast_head_json":{"title":"Homem invade est\u00fadio e agride radialistas durante programa ao vivo; veja v\u00eddeo - Brasil not\u00edcias","robots":{"index":"index","follow":"follow","max-snippet":"max-snippet:-1","max-image-preview":"max-image-preview:large","max-video-preview":"max-video-preview:-1"},"canonical":"https:\/\/brasilnoticias.org\/site\/homem-invade-estudio-e-agride-radialistas-durante-programa-ao-vivo-veja-video\/","og_locale":"pt_PT","og_type":"article","og_title":"Homem invade est\u00fadio e agride radialistas durante programa ao vivo; veja v\u00eddeo - Brasil not\u00edcias","og_description":"O que era para ser um dia normal na r\u00e1dio Sucesso FM, da cidade de Catal\u00e3o, na regi\u00e3o sudeste de","og_url":"https:\/\/brasilnoticias.org\/site\/homem-invade-estudio-e-agride-radialistas-durante-programa-ao-vivo-veja-video\/","og_site_name":"Brasil not\u00edcias","article_published_time":"2023-05-22T20:26:38+00:00","og_image":[{"width":800,"height":450,"url":"https:\/\/brasilnoticias.org\/site\/wp-content\/uploads\/2023\/05\/hoem_widelg.jpg","type":"image\/jpeg"}],"author":"Reda\u00e7\u00e3o","twitter_card":"summary_large_image","twitter_misc":{"Escrito por":"Reda\u00e7\u00e3o"},"schema":{"@context":"https:\/\/schema.org","@graph":[{"@type":"Article","@id":"https:\/\/brasilnoticias.org\/site\/homem-invade-estudio-e-agride-radialistas-durante-programa-ao-vivo-veja-video\/#article","isPartOf":{"@id":"https:\/\/brasilnoticias.org\/site\/homem-invade-estudio-e-agride-radialistas-durante-programa-ao-vivo-veja-video\/"},"author":{"name":"Reda\u00e7\u00e3o","@id":"https:\/\/brasilnoticias.org\/site\/#\/schema\/person\/a0e05b973ec4d15c658d51911e53507b"},"headline":"Homem invade est\u00fadio e agride radialistas durante programa ao vivo; veja v\u00eddeo","datePublished":"2023-05-22T20:26:38+00:00","mainEntityOfPage":{"@id":"https:\/\/brasilnoticias.org\/site\/homem-invade-estudio-e-agride-radialistas-durante-programa-ao-vivo-veja-video\/"},"wordCount":308,"commentCount":0,"publisher":{"@id":"https:\/\/brasilnoticias.org\/site\/#organization"},"image":{"@id":"https:\/\/brasilnoticias.org\/site\/homem-invade-estudio-e-agride-radialistas-durante-programa-ao-vivo-veja-video\/#primaryimage"},"thumbnailUrl":"https:\/\/brasilnoticias.org\/site\/wp-content\/uploads\/2023\/05\/hoem_widelg.jpg","articleSection":["Pol\u00edcia","\u00daltimas"],"inLanguage":"pt-PT","potentialAction":[{"@type":"CommentAction","name":"Comment","target":["https:\/\/brasilnoticias.org\/site\/homem-invade-estudio-e-agride-radialistas-durante-programa-ao-vivo-veja-video\/#respond"]}]},{"@type":"WebPage","@id":"https:\/\/brasilnoticias.org\/site\/homem-invade-estudio-e-agride-radialistas-durante-programa-ao-vivo-veja-video\/","url":"https:\/\/brasilnoticias.org\/site\/homem-invade-estudio-e-agride-radialistas-durante-programa-ao-vivo-veja-video\/","name":"Homem invade est\u00fadio e agride radialistas durante programa ao vivo; veja v\u00eddeo - Brasil not\u00edcias","isPartOf":{"@id":"https:\/\/brasilnoticias.org\/site\/#website"},"primaryImageOfPage":{"@id":"https:\/\/brasilnoticias.org\/site\/homem-invade-estudio-e-agride-radialistas-durante-programa-ao-vivo-veja-video\/#primaryimage"},"image":{"@id":"https:\/\/brasilnoticias.org\/site\/homem-invade-estudio-e-agride-radialistas-durante-programa-ao-vivo-veja-video\/#primaryimage"},"thumbnailUrl":"https:\/\/brasilnoticias.org\/site\/wp-content\/uploads\/2023\/05\/hoem_widelg.jpg","datePublished":"2023-05-22T20:26:38+00:00","breadcrumb":{"@id":"https:\/\/brasilnoticias.org\/site\/homem-invade-estudio-e-agride-radialistas-durante-programa-ao-vivo-veja-video\/#breadcrumb"},"inLanguage":"pt-PT","potentialAction":[{"@type":"ReadAction","target":["https:\/\/brasilnoticias.org\/site\/homem-invade-estudio-e-agride-radialistas-durante-programa-ao-vivo-veja-video\/"]}]},{"@type":"ImageObject","inLanguage":"pt-PT","@id":"https:\/\/brasilnoticias.org\/site\/homem-invade-estudio-e-agride-radialistas-durante-programa-ao-vivo-veja-video\/#primaryimage","url":"https:\/\/brasilnoticias.org\/site\/wp-content\/uploads\/2023\/05\/hoem_widelg.jpg","contentUrl":"https:\/\/brasilnoticias.org\/site\/wp-content\/uploads\/2023\/05\/hoem_widelg.jpg","width":800,"height":450},{"@type":"BreadcrumbList","@id":"https:\/\/brasilnoticias.org\/site\/homem-invade-estudio-e-agride-radialistas-durante-programa-ao-vivo-veja-video\/#breadcrumb","itemListElement":[{"@type":"ListItem","position":1,"name":"In\u00edcio","item":"https:\/\/brasilnoticias.org\/site\/"},{"@type":"ListItem","position":2,"name":"Homem invade est\u00fadio e agride radialistas durante programa ao vivo; veja v\u00eddeo"}]},{"@type":"WebSite","@id":"https:\/\/brasilnoticias.org\/site\/#website","url":"https:\/\/brasilnoticias.org\/site\/","name":"Brasil not\u00edcias","description":"Brasil not\u00edcias","publisher":{"@id":"https:\/\/brasilnoticias.org\/site\/#organization"},"potentialAction":[{"@type":"SearchAction","target":{"@type":"EntryPoint","urlTemplate":"https:\/\/brasilnoticias.org\/site\/?s={search_term_string}"},"query-input":{"@type":"PropertyValueSpecification","valueRequired":true,"valueName":"search_term_string"}}],"inLanguage":"pt-PT"},{"@type":"Organization","@id":"https:\/\/brasilnoticias.org\/site\/#organization","name":"Brasil not\u00edcias","url":"https:\/\/brasilnoticias.org\/site\/","logo":{"@type":"ImageObject","inLanguage":"pt-PT","@id":"https:\/\/brasilnoticias.org\/site\/#\/schema\/logo\/image\/","url":"https:\/\/brasilnoticias.org\/site\/wp-content\/uploads\/2022\/05\/cropped-brasilnoticias-mini.jpg","contentUrl":"https:\/\/brasilnoticias.org\/site\/wp-content\/uploads\/2022\/05\/cropped-brasilnoticias-mini.jpg","width":314,"height":86,"caption":"Brasil not\u00edcias"},"image":{"@id":"https:\/\/brasilnoticias.org\/site\/#\/schema\/logo\/image\/"}},{"@type":"Person","@id":"https:\/\/brasilnoticias.org\/site\/#\/schema\/person\/a0e05b973ec4d15c658d51911e53507b","name":"Reda\u00e7\u00e3o","image":{"@type":"ImageObject","inLanguage":"pt-PT","@id":"https:\/\/brasilnoticias.org\/site\/#\/schema\/person\/image\/","url":"https:\/\/secure.gravatar.com\/avatar\/75d8b050df2de108b08ae78dfb8e374892df24a383c67db9c46a9c604f6aee9c?s=96&d=mm&r=g","contentUrl":"https:\/\/secure.gravatar.com\/avatar\/75d8b050df2de108b08ae78dfb8e374892df24a383c67db9c46a9c604f6aee9c?s=96&d=mm&r=g","caption":"Reda\u00e7\u00e3o"},"sameAs":["https:\/\/brasilnoticias.org\/site"],"url":"https:\/\/brasilnoticias.org\/site\/author\/fernandozsngmail-com\/"}]}},"_links":{"self":[{"href":"https:\/\/brasilnoticias.org\/site\/wp-json\/wp\/v2\/posts\/6218","targetHints":{"allow":["GET"]}}],"collection":[{"href":"https:\/\/brasilnoticias.org\/site\/wp-json\/wp\/v2\/posts"}],"about":[{"href":"https:\/\/brasilnoticias.org\/site\/wp-json\/wp\/v2\/types\/post"}],"author":[{"embeddable":true,"href":"https:\/\/brasilnoticias.org\/site\/wp-json\/wp\/v2\/users\/1"}],"replies":[{"embeddable":true,"href":"https:\/\/brasilnoticias.org\/site\/wp-json\/wp\/v2\/comments?post=6218"}],"version-history":[{"count":1,"href":"https:\/\/brasilnoticias.org\/site\/wp-json\/wp\/v2\/posts\/6218\/revisions"}],"predecessor-version":[{"id":6220,"href":"https:\/\/brasilnoticias.org\/site\/wp-json\/wp\/v2\/posts\/6218\/revisions\/6220"}],"wp:featuredmedia":[{"embeddable":true,"href":"https:\/\/brasilnoticias.org\/site\/wp-json\/wp\/v2\/media\/6219"}],"wp:attachment":[{"href":"https:\/\/brasilnoticias.org\/site\/wp-json\/wp\/v2\/media?parent=6218"}],"wp:term":[{"taxonomy":"category","embeddable":true,"href":"https:\/\/brasilnoticias.org\/site\/wp-json\/wp\/v2\/categories?post=6218"},{"taxonomy":"post_tag","embeddable":true,"href":"https:\/\/brasilnoticias.org\/site\/wp-json\/wp\/v2\/tags?post=6218"}],"curies":[{"name":"wp","href":"https:\/\/api.w.org\/{rel}","templated":true}]}}