{"id":6221,"date":"2023-05-22T17:30:58","date_gmt":"2023-05-22T20:30:58","guid":{"rendered":"https:\/\/brasilnoticias.org\/site\/?p=6221"},"modified":"2023-05-22T17:30:58","modified_gmt":"2023-05-22T20:30:58","slug":"camara-dos-deputados-convoca-presidente-da-viabahia-para-prestar-esclarecimentos-saiba-motivo","status":"publish","type":"post","link":"https:\/\/brasilnoticias.org\/site\/camara-dos-deputados-convoca-presidente-da-viabahia-para-prestar-esclarecimentos-saiba-motivo\/","title":{"rendered":"C\u00e2mara dos Deputados convoca presidente da ViaBahia para prestar esclarecimentos; saiba motivo"},"content":{"rendered":"<p>O presidente da ViaBahia, Jos\u00e9 Pedro Guerreiro Bartolomeu, ser\u00e1 convidado pela C\u00e2mara dos Deputados a prestar esclarecimentos sobre os servi\u00e7os prestados pela concession\u00e1ria aos seus usu\u00e1rios.<\/p>\n<p>O convite partiu do deputado federal Gabriel Nunes (PSD-BA), que parte da Comiss\u00e3o de Via\u00e7\u00e3o e Transportes da Casa. Segundo o parlamentar, a BR-324, por exemplo, \u00e9 considerada por ele como \u201ca pior rodovia pedagiada do Brasil\u201d, devido \u00e0 falta de investimentos em melhorias e manuten\u00e7\u00e3o pela concession\u00e1ria.<\/p>\n<p>Ainda conforme ele, a empresa, ao longo dos anos, n\u00e3o n\u00e3o promoveu melhorias significativas nas vias sob sua responsabilidade, \u201cpreocupando-se apenas com a pra\u00e7a de ped\u00e1gio\u201d.<\/p>\n<p>O pessedista enfatizou que os usu\u00e1rios da rodovia t\u00eam constantemente reclamado sobre a m\u00e1 qualidade do servi\u00e7o, que inclui falta de manuten\u00e7\u00e3o, presen\u00e7a de buracos em toda a extens\u00e3o e aus\u00eancia de servi\u00e7os de emerg\u00eancia eficientes.<\/p>\n<p>\u201cPagamos caro pelo ped\u00e1gio para trafegar em uma rodovia com muitos buracos, falta de servi\u00e7o de emerg\u00eancia e obras de manuten\u00e7\u00e3o\u201d, declarou o deputado.<\/p>\n<p>Foto Reprodu\u00e7\u00e3o\/Google Street View<br \/>\nBnews<\/p>\n","protected":false},"excerpt":{"rendered":"<p>O presidente da ViaBahia, Jos\u00e9 Pedro Guerreiro Bartolomeu, ser\u00e1 convidado pela C\u00e2mara dos Deputados a prestar esclarecimentos sobre os servi\u00e7os<\/p>\n","protected":false},"author":1,"featured_media":6222,"comment_status":"open","ping_status":"open","sticky":false,"template":"","format":"standard","meta":{"colormag_page_container_layout":"default_layout","colormag_page_sidebar_layout":"default_layout","_FSMCFIC_featured_image_caption":"","_FSMCFIC_featured_image_nocaption":"","_FSMCFIC_featured_image_hide":"","footnotes":""},"categories":[2,1],"tags":[],"class_list":["post-6221","post","type-post","status-publish","format-standard","has-post-thumbnail","hentry","category-noticias","category-ultimas"],"yoast_head":"<!-- This site is optimized with the Yoast SEO plugin v27.1.1 - https:\/\/yoast.com\/product\/yoast-seo-wordpress\/ -->\n<title>C\u00e2mara dos Deputados convoca presidente da ViaBahia para prestar esclarecimentos; saiba motivo - Brasil not\u00edcias<\/title>\n<meta name=\"robots\" content=\"index, follow, max-snippet:-1, max-image-preview:large, max-video-preview:-1\" \/>\n<link rel=\"canonical\" href=\"https:\/\/brasilnoticias.org\/site\/camara-dos-deputados-convoca-presidente-da-viabahia-para-prestar-esclarecimentos-saiba-motivo\/\" \/>\n<meta property=\"og:locale\" content=\"pt_PT\" \/>\n<meta property=\"og:type\" content=\"article\" \/>\n<meta property=\"og:title\" content=\"C\u00e2mara dos Deputados convoca presidente da ViaBahia para prestar esclarecimentos; saiba motivo - Brasil not\u00edcias\" \/>\n<meta property=\"og:description\" content=\"O presidente da ViaBahia, Jos\u00e9 Pedro Guerreiro Bartolomeu, ser\u00e1 convidado pela C\u00e2mara dos Deputados a prestar esclarecimentos sobre os servi\u00e7os\" \/>\n<meta property=\"og:url\" content=\"https:\/\/brasilnoticias.org\/site\/camara-dos-deputados-convoca-presidente-da-viabahia-para-prestar-esclarecimentos-saiba-motivo\/\" \/>\n<meta property=\"og:site_name\" content=\"Brasil not\u00edcias\" \/>\n<meta property=\"article:published_time\" content=\"2023-05-22T20:30:58+00:00\" \/>\n<meta property=\"og:image\" content=\"https:\/\/brasilnoticias.org\/site\/wp-content\/uploads\/2023\/05\/br-324-gsv_1_widelg.jpg\" \/>\n\t<meta property=\"og:image:width\" content=\"800\" \/>\n\t<meta property=\"og:image:height\" content=\"450\" \/>\n\t<meta property=\"og:image:type\" content=\"image\/jpeg\" \/>\n<meta name=\"author\" content=\"Reda\u00e7\u00e3o\" \/>\n<meta name=\"twitter:card\" content=\"summary_large_image\" \/>\n<meta name=\"twitter:label1\" content=\"Escrito por\" \/>\n\t<meta name=\"twitter:data1\" content=\"Reda\u00e7\u00e3o\" \/>\n<script type=\"application\/ld+json\" class=\"yoast-schema-graph\">{\"@context\":\"https:\/\/schema.org\",\"@graph\":[{\"@type\":\"Article\",\"@id\":\"https:\/\/brasilnoticias.org\/site\/camara-dos-deputados-convoca-presidente-da-viabahia-para-prestar-esclarecimentos-saiba-motivo\/#article\",\"isPartOf\":{\"@id\":\"https:\/\/brasilnoticias.org\/site\/camara-dos-deputados-convoca-presidente-da-viabahia-para-prestar-esclarecimentos-saiba-motivo\/\"},\"author\":{\"name\":\"Reda\u00e7\u00e3o\",\"@id\":\"https:\/\/brasilnoticias.org\/site\/#\/schema\/person\/a0e05b973ec4d15c658d51911e53507b\"},\"headline\":\"C\u00e2mara dos Deputados convoca presidente da ViaBahia para prestar esclarecimentos; saiba motivo\",\"datePublished\":\"2023-05-22T20:30:58+00:00\",\"mainEntityOfPage\":{\"@id\":\"https:\/\/brasilnoticias.org\/site\/camara-dos-deputados-convoca-presidente-da-viabahia-para-prestar-esclarecimentos-saiba-motivo\/\"},\"wordCount\":203,\"commentCount\":0,\"publisher\":{\"@id\":\"https:\/\/brasilnoticias.org\/site\/#organization\"},\"image\":{\"@id\":\"https:\/\/brasilnoticias.org\/site\/camara-dos-deputados-convoca-presidente-da-viabahia-para-prestar-esclarecimentos-saiba-motivo\/#primaryimage\"},\"thumbnailUrl\":\"https:\/\/brasilnoticias.org\/site\/wp-content\/uploads\/2023\/05\/br-324-gsv_1_widelg.jpg\",\"articleSection\":[\"Not\u00edcias\",\"\u00daltimas\"],\"inLanguage\":\"pt-PT\",\"potentialAction\":[{\"@type\":\"CommentAction\",\"name\":\"Comment\",\"target\":[\"https:\/\/brasilnoticias.org\/site\/camara-dos-deputados-convoca-presidente-da-viabahia-para-prestar-esclarecimentos-saiba-motivo\/#respond\"]}]},{\"@type\":\"WebPage\",\"@id\":\"https:\/\/brasilnoticias.org\/site\/camara-dos-deputados-convoca-presidente-da-viabahia-para-prestar-esclarecimentos-saiba-motivo\/\",\"url\":\"https:\/\/brasilnoticias.org\/site\/camara-dos-deputados-convoca-presidente-da-viabahia-para-prestar-esclarecimentos-saiba-motivo\/\",\"name\":\"C\u00e2mara dos Deputados convoca presidente da ViaBahia para prestar esclarecimentos; saiba motivo - Brasil not\u00edcias\",\"isPartOf\":{\"@id\":\"https:\/\/brasilnoticias.org\/site\/#website\"},\"primaryImageOfPage\":{\"@id\":\"https:\/\/brasilnoticias.org\/site\/camara-dos-deputados-convoca-presidente-da-viabahia-para-prestar-esclarecimentos-saiba-motivo\/#primaryimage\"},\"image\":{\"@id\":\"https:\/\/brasilnoticias.org\/site\/camara-dos-deputados-convoca-presidente-da-viabahia-para-prestar-esclarecimentos-saiba-motivo\/#primaryimage\"},\"thumbnailUrl\":\"https:\/\/brasilnoticias.org\/site\/wp-content\/uploads\/2023\/05\/br-324-gsv_1_widelg.jpg\",\"datePublished\":\"2023-05-22T20:30:58+00:00\",\"breadcrumb\":{\"@id\":\"https:\/\/brasilnoticias.org\/site\/camara-dos-deputados-convoca-presidente-da-viabahia-para-prestar-esclarecimentos-saiba-motivo\/#breadcrumb\"},\"inLanguage\":\"pt-PT\",\"potentialAction\":[{\"@type\":\"ReadAction\",\"target\":[\"https:\/\/brasilnoticias.org\/site\/camara-dos-deputados-convoca-presidente-da-viabahia-para-prestar-esclarecimentos-saiba-motivo\/\"]}]},{\"@type\":\"ImageObject\",\"inLanguage\":\"pt-PT\",\"@id\":\"https:\/\/brasilnoticias.org\/site\/camara-dos-deputados-convoca-presidente-da-viabahia-para-prestar-esclarecimentos-saiba-motivo\/#primaryimage\",\"url\":\"https:\/\/brasilnoticias.org\/site\/wp-content\/uploads\/2023\/05\/br-324-gsv_1_widelg.jpg\",\"contentUrl\":\"https:\/\/brasilnoticias.org\/site\/wp-content\/uploads\/2023\/05\/br-324-gsv_1_widelg.jpg\",\"width\":800,\"height\":450},{\"@type\":\"BreadcrumbList\",\"@id\":\"https:\/\/brasilnoticias.org\/site\/camara-dos-deputados-convoca-presidente-da-viabahia-para-prestar-esclarecimentos-saiba-motivo\/#breadcrumb\",\"itemListElement\":[{\"@type\":\"ListItem\",\"position\":1,\"name\":\"In\u00edcio\",\"item\":\"https:\/\/brasilnoticias.org\/site\/\"},{\"@type\":\"ListItem\",\"position\":2,\"name\":\"C\u00e2mara dos Deputados convoca presidente da ViaBahia para prestar esclarecimentos; saiba motivo\"}]},{\"@type\":\"WebSite\",\"@id\":\"https:\/\/brasilnoticias.org\/site\/#website\",\"url\":\"https:\/\/brasilnoticias.org\/site\/\",\"name\":\"Brasil not\u00edcias\",\"description\":\"Brasil not\u00edcias\",\"publisher\":{\"@id\":\"https:\/\/brasilnoticias.org\/site\/#organization\"},\"potentialAction\":[{\"@type\":\"SearchAction\",\"target\":{\"@type\":\"EntryPoint\",\"urlTemplate\":\"https:\/\/brasilnoticias.org\/site\/?s={search_term_string}\"},\"query-input\":{\"@type\":\"PropertyValueSpecification\",\"valueRequired\":true,\"valueName\":\"search_term_string\"}}],\"inLanguage\":\"pt-PT\"},{\"@type\":\"Organization\",\"@id\":\"https:\/\/brasilnoticias.org\/site\/#organization\",\"name\":\"Brasil not\u00edcias\",\"url\":\"https:\/\/brasilnoticias.org\/site\/\",\"logo\":{\"@type\":\"ImageObject\",\"inLanguage\":\"pt-PT\",\"@id\":\"https:\/\/brasilnoticias.org\/site\/#\/schema\/logo\/image\/\",\"url\":\"https:\/\/brasilnoticias.org\/site\/wp-content\/uploads\/2022\/05\/cropped-brasilnoticias-mini.jpg\",\"contentUrl\":\"https:\/\/brasilnoticias.org\/site\/wp-content\/uploads\/2022\/05\/cropped-brasilnoticias-mini.jpg\",\"width\":314,\"height\":86,\"caption\":\"Brasil not\u00edcias\"},\"image\":{\"@id\":\"https:\/\/brasilnoticias.org\/site\/#\/schema\/logo\/image\/\"}},{\"@type\":\"Person\",\"@id\":\"https:\/\/brasilnoticias.org\/site\/#\/schema\/person\/a0e05b973ec4d15c658d51911e53507b\",\"name\":\"Reda\u00e7\u00e3o\",\"image\":{\"@type\":\"ImageObject\",\"inLanguage\":\"pt-PT\",\"@id\":\"https:\/\/brasilnoticias.org\/site\/#\/schema\/person\/image\/\",\"url\":\"https:\/\/secure.gravatar.com\/avatar\/75d8b050df2de108b08ae78dfb8e374892df24a383c67db9c46a9c604f6aee9c?s=96&d=mm&r=g\",\"contentUrl\":\"https:\/\/secure.gravatar.com\/avatar\/75d8b050df2de108b08ae78dfb8e374892df24a383c67db9c46a9c604f6aee9c?s=96&d=mm&r=g\",\"caption\":\"Reda\u00e7\u00e3o\"},\"sameAs\":[\"https:\/\/brasilnoticias.org\/site\"],\"url\":\"https:\/\/brasilnoticias.org\/site\/author\/fernandozsngmail-com\/\"}]}<\/script>\n<!-- \/ Yoast SEO plugin. -->","yoast_head_json":{"title":"C\u00e2mara dos Deputados convoca presidente da ViaBahia para prestar esclarecimentos; saiba motivo - Brasil not\u00edcias","robots":{"index":"index","follow":"follow","max-snippet":"max-snippet:-1","max-image-preview":"max-image-preview:large","max-video-preview":"max-video-preview:-1"},"canonical":"https:\/\/brasilnoticias.org\/site\/camara-dos-deputados-convoca-presidente-da-viabahia-para-prestar-esclarecimentos-saiba-motivo\/","og_locale":"pt_PT","og_type":"article","og_title":"C\u00e2mara dos Deputados convoca presidente da ViaBahia para prestar esclarecimentos; saiba motivo - Brasil not\u00edcias","og_description":"O presidente da ViaBahia, Jos\u00e9 Pedro Guerreiro Bartolomeu, ser\u00e1 convidado pela C\u00e2mara dos Deputados a prestar esclarecimentos sobre os servi\u00e7os","og_url":"https:\/\/brasilnoticias.org\/site\/camara-dos-deputados-convoca-presidente-da-viabahia-para-prestar-esclarecimentos-saiba-motivo\/","og_site_name":"Brasil not\u00edcias","article_published_time":"2023-05-22T20:30:58+00:00","og_image":[{"width":800,"height":450,"url":"https:\/\/brasilnoticias.org\/site\/wp-content\/uploads\/2023\/05\/br-324-gsv_1_widelg.jpg","type":"image\/jpeg"}],"author":"Reda\u00e7\u00e3o","twitter_card":"summary_large_image","twitter_misc":{"Escrito por":"Reda\u00e7\u00e3o"},"schema":{"@context":"https:\/\/schema.org","@graph":[{"@type":"Article","@id":"https:\/\/brasilnoticias.org\/site\/camara-dos-deputados-convoca-presidente-da-viabahia-para-prestar-esclarecimentos-saiba-motivo\/#article","isPartOf":{"@id":"https:\/\/brasilnoticias.org\/site\/camara-dos-deputados-convoca-presidente-da-viabahia-para-prestar-esclarecimentos-saiba-motivo\/"},"author":{"name":"Reda\u00e7\u00e3o","@id":"https:\/\/brasilnoticias.org\/site\/#\/schema\/person\/a0e05b973ec4d15c658d51911e53507b"},"headline":"C\u00e2mara dos Deputados convoca presidente da ViaBahia para prestar esclarecimentos; saiba motivo","datePublished":"2023-05-22T20:30:58+00:00","mainEntityOfPage":{"@id":"https:\/\/brasilnoticias.org\/site\/camara-dos-deputados-convoca-presidente-da-viabahia-para-prestar-esclarecimentos-saiba-motivo\/"},"wordCount":203,"commentCount":0,"publisher":{"@id":"https:\/\/brasilnoticias.org\/site\/#organization"},"image":{"@id":"https:\/\/brasilnoticias.org\/site\/camara-dos-deputados-convoca-presidente-da-viabahia-para-prestar-esclarecimentos-saiba-motivo\/#primaryimage"},"thumbnailUrl":"https:\/\/brasilnoticias.org\/site\/wp-content\/uploads\/2023\/05\/br-324-gsv_1_widelg.jpg","articleSection":["Not\u00edcias","\u00daltimas"],"inLanguage":"pt-PT","potentialAction":[{"@type":"CommentAction","name":"Comment","target":["https:\/\/brasilnoticias.org\/site\/camara-dos-deputados-convoca-presidente-da-viabahia-para-prestar-esclarecimentos-saiba-motivo\/#respond"]}]},{"@type":"WebPage","@id":"https:\/\/brasilnoticias.org\/site\/camara-dos-deputados-convoca-presidente-da-viabahia-para-prestar-esclarecimentos-saiba-motivo\/","url":"https:\/\/brasilnoticias.org\/site\/camara-dos-deputados-convoca-presidente-da-viabahia-para-prestar-esclarecimentos-saiba-motivo\/","name":"C\u00e2mara dos Deputados convoca presidente da ViaBahia para prestar esclarecimentos; saiba motivo - Brasil not\u00edcias","isPartOf":{"@id":"https:\/\/brasilnoticias.org\/site\/#website"},"primaryImageOfPage":{"@id":"https:\/\/brasilnoticias.org\/site\/camara-dos-deputados-convoca-presidente-da-viabahia-para-prestar-esclarecimentos-saiba-motivo\/#primaryimage"},"image":{"@id":"https:\/\/brasilnoticias.org\/site\/camara-dos-deputados-convoca-presidente-da-viabahia-para-prestar-esclarecimentos-saiba-motivo\/#primaryimage"},"thumbnailUrl":"https:\/\/brasilnoticias.org\/site\/wp-content\/uploads\/2023\/05\/br-324-gsv_1_widelg.jpg","datePublished":"2023-05-22T20:30:58+00:00","breadcrumb":{"@id":"https:\/\/brasilnoticias.org\/site\/camara-dos-deputados-convoca-presidente-da-viabahia-para-prestar-esclarecimentos-saiba-motivo\/#breadcrumb"},"inLanguage":"pt-PT","potentialAction":[{"@type":"ReadAction","target":["https:\/\/brasilnoticias.org\/site\/camara-dos-deputados-convoca-presidente-da-viabahia-para-prestar-esclarecimentos-saiba-motivo\/"]}]},{"@type":"ImageObject","inLanguage":"pt-PT","@id":"https:\/\/brasilnoticias.org\/site\/camara-dos-deputados-convoca-presidente-da-viabahia-para-prestar-esclarecimentos-saiba-motivo\/#primaryimage","url":"https:\/\/brasilnoticias.org\/site\/wp-content\/uploads\/2023\/05\/br-324-gsv_1_widelg.jpg","contentUrl":"https:\/\/brasilnoticias.org\/site\/wp-content\/uploads\/2023\/05\/br-324-gsv_1_widelg.jpg","width":800,"height":450},{"@type":"BreadcrumbList","@id":"https:\/\/brasilnoticias.org\/site\/camara-dos-deputados-convoca-presidente-da-viabahia-para-prestar-esclarecimentos-saiba-motivo\/#breadcrumb","itemListElement":[{"@type":"ListItem","position":1,"name":"In\u00edcio","item":"https:\/\/brasilnoticias.org\/site\/"},{"@type":"ListItem","position":2,"name":"C\u00e2mara dos Deputados convoca presidente da ViaBahia para prestar esclarecimentos; saiba motivo"}]},{"@type":"WebSite","@id":"https:\/\/brasilnoticias.org\/site\/#website","url":"https:\/\/brasilnoticias.org\/site\/","name":"Brasil not\u00edcias","description":"Brasil not\u00edcias","publisher":{"@id":"https:\/\/brasilnoticias.org\/site\/#organization"},"potentialAction":[{"@type":"SearchAction","target":{"@type":"EntryPoint","urlTemplate":"https:\/\/brasilnoticias.org\/site\/?s={search_term_string}"},"query-input":{"@type":"PropertyValueSpecification","valueRequired":true,"valueName":"search_term_string"}}],"inLanguage":"pt-PT"},{"@type":"Organization","@id":"https:\/\/brasilnoticias.org\/site\/#organization","name":"Brasil not\u00edcias","url":"https:\/\/brasilnoticias.org\/site\/","logo":{"@type":"ImageObject","inLanguage":"pt-PT","@id":"https:\/\/brasilnoticias.org\/site\/#\/schema\/logo\/image\/","url":"https:\/\/brasilnoticias.org\/site\/wp-content\/uploads\/2022\/05\/cropped-brasilnoticias-mini.jpg","contentUrl":"https:\/\/brasilnoticias.org\/site\/wp-content\/uploads\/2022\/05\/cropped-brasilnoticias-mini.jpg","width":314,"height":86,"caption":"Brasil not\u00edcias"},"image":{"@id":"https:\/\/brasilnoticias.org\/site\/#\/schema\/logo\/image\/"}},{"@type":"Person","@id":"https:\/\/brasilnoticias.org\/site\/#\/schema\/person\/a0e05b973ec4d15c658d51911e53507b","name":"Reda\u00e7\u00e3o","image":{"@type":"ImageObject","inLanguage":"pt-PT","@id":"https:\/\/brasilnoticias.org\/site\/#\/schema\/person\/image\/","url":"https:\/\/secure.gravatar.com\/avatar\/75d8b050df2de108b08ae78dfb8e374892df24a383c67db9c46a9c604f6aee9c?s=96&d=mm&r=g","contentUrl":"https:\/\/secure.gravatar.com\/avatar\/75d8b050df2de108b08ae78dfb8e374892df24a383c67db9c46a9c604f6aee9c?s=96&d=mm&r=g","caption":"Reda\u00e7\u00e3o"},"sameAs":["https:\/\/brasilnoticias.org\/site"],"url":"https:\/\/brasilnoticias.org\/site\/author\/fernandozsngmail-com\/"}]}},"_links":{"self":[{"href":"https:\/\/brasilnoticias.org\/site\/wp-json\/wp\/v2\/posts\/6221","targetHints":{"allow":["GET"]}}],"collection":[{"href":"https:\/\/brasilnoticias.org\/site\/wp-json\/wp\/v2\/posts"}],"about":[{"href":"https:\/\/brasilnoticias.org\/site\/wp-json\/wp\/v2\/types\/post"}],"author":[{"embeddable":true,"href":"https:\/\/brasilnoticias.org\/site\/wp-json\/wp\/v2\/users\/1"}],"replies":[{"embeddable":true,"href":"https:\/\/brasilnoticias.org\/site\/wp-json\/wp\/v2\/comments?post=6221"}],"version-history":[{"count":1,"href":"https:\/\/brasilnoticias.org\/site\/wp-json\/wp\/v2\/posts\/6221\/revisions"}],"predecessor-version":[{"id":6223,"href":"https:\/\/brasilnoticias.org\/site\/wp-json\/wp\/v2\/posts\/6221\/revisions\/6223"}],"wp:featuredmedia":[{"embeddable":true,"href":"https:\/\/brasilnoticias.org\/site\/wp-json\/wp\/v2\/media\/6222"}],"wp:attachment":[{"href":"https:\/\/brasilnoticias.org\/site\/wp-json\/wp\/v2\/media?parent=6221"}],"wp:term":[{"taxonomy":"category","embeddable":true,"href":"https:\/\/brasilnoticias.org\/site\/wp-json\/wp\/v2\/categories?post=6221"},{"taxonomy":"post_tag","embeddable":true,"href":"https:\/\/brasilnoticias.org\/site\/wp-json\/wp\/v2\/tags?post=6221"}],"curies":[{"name":"wp","href":"https:\/\/api.w.org\/{rel}","templated":true}]}}