{"id":6258,"date":"2023-05-25T17:55:25","date_gmt":"2023-05-25T20:55:25","guid":{"rendered":"https:\/\/brasilnoticias.org\/site\/?p=6258"},"modified":"2023-05-25T17:55:25","modified_gmt":"2023-05-25T20:55:25","slug":"stf-conclui-julgamento-e-condena-fernando-collor-saiba-por-quais-crimes","status":"publish","type":"post","link":"https:\/\/brasilnoticias.org\/site\/stf-conclui-julgamento-e-condena-fernando-collor-saiba-por-quais-crimes\/","title":{"rendered":"STF conclui julgamento e condena Fernando Collor; saiba por quais crimes"},"content":{"rendered":"<p>O julgamento da a\u00e7\u00e3o penal contra o ex-senador Fernando Collor de Mello foi conclu\u00eddo nesta quarta-feira (24) pelo Supremo Tribunal Federal, que o condenou pelos crimes de corrup\u00e7\u00e3o passiva e lavagem de dinheiro. Na sess\u00e3o desta quinta, a presidente Rosa Weber apresentou seu voto.<\/p>\n<p>O pr\u00f3ximo passo, segundo o G1, \u00e9 a defini\u00e7\u00e3o da pena a ser aplicada. Relator do caso, o ministro Edson Fachin sugeriu mais de 33 anos de pris\u00e3o, al\u00e9m da aplica\u00e7\u00e3o de multa, pagamento de indeniza\u00e7\u00e3o por danos, perda de bens relacionados ao crime e proibi\u00e7\u00e3o do exerc\u00edcio de fun\u00e7\u00e3o p\u00fablica.<\/p>\n<p>Para a defini\u00e7\u00e3o da pena, o plen\u00e1rio vai ter que analisar se Collor ser\u00e1 enquadrado em um terceiro crime &#8211; de associa\u00e7\u00e3o criminosa, como proposto pelo ministro Andr\u00e9 Mendon\u00e7a; ou de organiza\u00e7\u00e3o criminosa, como proposto pelo relator. Cinco ministros se alinham ao posicionamento do relator &#8211; Alexandre de Moraes, Lu\u00eds Roberto Barroso, C\u00e1rmen L\u00facia, Luiz Fux. Nesse ponto, o ministro Dias Toffoli votou com Mendon\u00e7a.<\/p>\n<p>Collor dever\u00e1 iniciar o cumprimento da condena\u00e7\u00e3o em regime fechado, ou seja, na pris\u00e3o, caso a condena\u00e7\u00e3o seja superior a 8 anos.<\/p>\n<p>Na semana passada, com a forma\u00e7\u00e3o da maioria, a defesa do pol\u00edtico divulgou nota: &#8220;A defesa reitera sua convic\u00e7\u00e3o de que o ex-presidente da Rep\u00fablica Fernando Afonso Collor de Mello n\u00e3o cometeu crime algum e tem plena confian\u00e7a de que at\u00e9 a proclama\u00e7\u00e3o do resultado final essa convic\u00e7\u00e3o vai prevalecer&#8221;, diz o documento.<\/p>\n<p>Foto Reprodu\u00e7\u00e3o \/\/ F\u00e1bio Rodrigues Pozzebom \/\/ Ag\u00eancia Brasil<\/p>\n<p>BNews<\/p>\n","protected":false},"excerpt":{"rendered":"<p>O julgamento da a\u00e7\u00e3o penal contra o ex-senador Fernando Collor de Mello foi conclu\u00eddo nesta quarta-feira (24) pelo Supremo Tribunal<\/p>\n","protected":false},"author":1,"featured_media":6259,"comment_status":"open","ping_status":"open","sticky":false,"template":"","format":"standard","meta":{"colormag_page_container_layout":"default_layout","colormag_page_sidebar_layout":"default_layout","_FSMCFIC_featured_image_caption":"","_FSMCFIC_featured_image_nocaption":"","_FSMCFIC_featured_image_hide":"","footnotes":""},"categories":[7,1],"tags":[],"class_list":["post-6258","post","type-post","status-publish","format-standard","has-post-thumbnail","hentry","category-justica","category-ultimas"],"yoast_head":"<!-- This site is optimized with the Yoast SEO plugin v27.1.1 - https:\/\/yoast.com\/product\/yoast-seo-wordpress\/ -->\n<title>STF conclui julgamento e condena Fernando Collor; saiba por quais crimes - Brasil not\u00edcias<\/title>\n<meta name=\"robots\" content=\"index, follow, max-snippet:-1, max-image-preview:large, max-video-preview:-1\" \/>\n<link rel=\"canonical\" href=\"https:\/\/brasilnoticias.org\/site\/stf-conclui-julgamento-e-condena-fernando-collor-saiba-por-quais-crimes\/\" \/>\n<meta property=\"og:locale\" content=\"pt_PT\" \/>\n<meta property=\"og:type\" content=\"article\" \/>\n<meta property=\"og:title\" content=\"STF conclui julgamento e condena Fernando Collor; saiba por quais crimes - Brasil not\u00edcias\" \/>\n<meta property=\"og:description\" content=\"O julgamento da a\u00e7\u00e3o penal contra o ex-senador Fernando Collor de Mello foi conclu\u00eddo nesta quarta-feira (24) pelo Supremo Tribunal\" \/>\n<meta property=\"og:url\" content=\"https:\/\/brasilnoticias.org\/site\/stf-conclui-julgamento-e-condena-fernando-collor-saiba-por-quais-crimes\/\" \/>\n<meta property=\"og:site_name\" content=\"Brasil not\u00edcias\" \/>\n<meta property=\"article:published_time\" content=\"2023-05-25T20:55:25+00:00\" \/>\n<meta property=\"og:image\" content=\"https:\/\/brasilnoticias.org\/site\/wp-content\/uploads\/2023\/05\/stf_ag_br_widelg.jpg\" \/>\n\t<meta property=\"og:image:width\" content=\"800\" \/>\n\t<meta property=\"og:image:height\" content=\"450\" \/>\n\t<meta property=\"og:image:type\" content=\"image\/jpeg\" \/>\n<meta name=\"author\" content=\"Reda\u00e7\u00e3o\" \/>\n<meta name=\"twitter:card\" content=\"summary_large_image\" \/>\n<meta name=\"twitter:label1\" content=\"Escrito por\" \/>\n\t<meta name=\"twitter:data1\" content=\"Reda\u00e7\u00e3o\" \/>\n<script type=\"application\/ld+json\" class=\"yoast-schema-graph\">{\"@context\":\"https:\/\/schema.org\",\"@graph\":[{\"@type\":\"Article\",\"@id\":\"https:\/\/brasilnoticias.org\/site\/stf-conclui-julgamento-e-condena-fernando-collor-saiba-por-quais-crimes\/#article\",\"isPartOf\":{\"@id\":\"https:\/\/brasilnoticias.org\/site\/stf-conclui-julgamento-e-condena-fernando-collor-saiba-por-quais-crimes\/\"},\"author\":{\"name\":\"Reda\u00e7\u00e3o\",\"@id\":\"https:\/\/brasilnoticias.org\/site\/#\/schema\/person\/a0e05b973ec4d15c658d51911e53507b\"},\"headline\":\"STF conclui julgamento e condena Fernando Collor; saiba por quais crimes\",\"datePublished\":\"2023-05-25T20:55:25+00:00\",\"mainEntityOfPage\":{\"@id\":\"https:\/\/brasilnoticias.org\/site\/stf-conclui-julgamento-e-condena-fernando-collor-saiba-por-quais-crimes\/\"},\"wordCount\":287,\"commentCount\":0,\"publisher\":{\"@id\":\"https:\/\/brasilnoticias.org\/site\/#organization\"},\"image\":{\"@id\":\"https:\/\/brasilnoticias.org\/site\/stf-conclui-julgamento-e-condena-fernando-collor-saiba-por-quais-crimes\/#primaryimage\"},\"thumbnailUrl\":\"https:\/\/brasilnoticias.org\/site\/wp-content\/uploads\/2023\/05\/stf_ag_br_widelg.jpg\",\"articleSection\":[\"Justi\u00e7a\",\"\u00daltimas\"],\"inLanguage\":\"pt-PT\",\"potentialAction\":[{\"@type\":\"CommentAction\",\"name\":\"Comment\",\"target\":[\"https:\/\/brasilnoticias.org\/site\/stf-conclui-julgamento-e-condena-fernando-collor-saiba-por-quais-crimes\/#respond\"]}]},{\"@type\":\"WebPage\",\"@id\":\"https:\/\/brasilnoticias.org\/site\/stf-conclui-julgamento-e-condena-fernando-collor-saiba-por-quais-crimes\/\",\"url\":\"https:\/\/brasilnoticias.org\/site\/stf-conclui-julgamento-e-condena-fernando-collor-saiba-por-quais-crimes\/\",\"name\":\"STF conclui julgamento e condena Fernando Collor; saiba por quais crimes - Brasil not\u00edcias\",\"isPartOf\":{\"@id\":\"https:\/\/brasilnoticias.org\/site\/#website\"},\"primaryImageOfPage\":{\"@id\":\"https:\/\/brasilnoticias.org\/site\/stf-conclui-julgamento-e-condena-fernando-collor-saiba-por-quais-crimes\/#primaryimage\"},\"image\":{\"@id\":\"https:\/\/brasilnoticias.org\/site\/stf-conclui-julgamento-e-condena-fernando-collor-saiba-por-quais-crimes\/#primaryimage\"},\"thumbnailUrl\":\"https:\/\/brasilnoticias.org\/site\/wp-content\/uploads\/2023\/05\/stf_ag_br_widelg.jpg\",\"datePublished\":\"2023-05-25T20:55:25+00:00\",\"breadcrumb\":{\"@id\":\"https:\/\/brasilnoticias.org\/site\/stf-conclui-julgamento-e-condena-fernando-collor-saiba-por-quais-crimes\/#breadcrumb\"},\"inLanguage\":\"pt-PT\",\"potentialAction\":[{\"@type\":\"ReadAction\",\"target\":[\"https:\/\/brasilnoticias.org\/site\/stf-conclui-julgamento-e-condena-fernando-collor-saiba-por-quais-crimes\/\"]}]},{\"@type\":\"ImageObject\",\"inLanguage\":\"pt-PT\",\"@id\":\"https:\/\/brasilnoticias.org\/site\/stf-conclui-julgamento-e-condena-fernando-collor-saiba-por-quais-crimes\/#primaryimage\",\"url\":\"https:\/\/brasilnoticias.org\/site\/wp-content\/uploads\/2023\/05\/stf_ag_br_widelg.jpg\",\"contentUrl\":\"https:\/\/brasilnoticias.org\/site\/wp-content\/uploads\/2023\/05\/stf_ag_br_widelg.jpg\",\"width\":800,\"height\":450},{\"@type\":\"BreadcrumbList\",\"@id\":\"https:\/\/brasilnoticias.org\/site\/stf-conclui-julgamento-e-condena-fernando-collor-saiba-por-quais-crimes\/#breadcrumb\",\"itemListElement\":[{\"@type\":\"ListItem\",\"position\":1,\"name\":\"In\u00edcio\",\"item\":\"https:\/\/brasilnoticias.org\/site\/\"},{\"@type\":\"ListItem\",\"position\":2,\"name\":\"STF conclui julgamento e condena Fernando Collor; saiba por quais crimes\"}]},{\"@type\":\"WebSite\",\"@id\":\"https:\/\/brasilnoticias.org\/site\/#website\",\"url\":\"https:\/\/brasilnoticias.org\/site\/\",\"name\":\"Brasil not\u00edcias\",\"description\":\"Brasil not\u00edcias\",\"publisher\":{\"@id\":\"https:\/\/brasilnoticias.org\/site\/#organization\"},\"potentialAction\":[{\"@type\":\"SearchAction\",\"target\":{\"@type\":\"EntryPoint\",\"urlTemplate\":\"https:\/\/brasilnoticias.org\/site\/?s={search_term_string}\"},\"query-input\":{\"@type\":\"PropertyValueSpecification\",\"valueRequired\":true,\"valueName\":\"search_term_string\"}}],\"inLanguage\":\"pt-PT\"},{\"@type\":\"Organization\",\"@id\":\"https:\/\/brasilnoticias.org\/site\/#organization\",\"name\":\"Brasil not\u00edcias\",\"url\":\"https:\/\/brasilnoticias.org\/site\/\",\"logo\":{\"@type\":\"ImageObject\",\"inLanguage\":\"pt-PT\",\"@id\":\"https:\/\/brasilnoticias.org\/site\/#\/schema\/logo\/image\/\",\"url\":\"https:\/\/brasilnoticias.org\/site\/wp-content\/uploads\/2022\/05\/cropped-brasilnoticias-mini.jpg\",\"contentUrl\":\"https:\/\/brasilnoticias.org\/site\/wp-content\/uploads\/2022\/05\/cropped-brasilnoticias-mini.jpg\",\"width\":314,\"height\":86,\"caption\":\"Brasil not\u00edcias\"},\"image\":{\"@id\":\"https:\/\/brasilnoticias.org\/site\/#\/schema\/logo\/image\/\"}},{\"@type\":\"Person\",\"@id\":\"https:\/\/brasilnoticias.org\/site\/#\/schema\/person\/a0e05b973ec4d15c658d51911e53507b\",\"name\":\"Reda\u00e7\u00e3o\",\"image\":{\"@type\":\"ImageObject\",\"inLanguage\":\"pt-PT\",\"@id\":\"https:\/\/brasilnoticias.org\/site\/#\/schema\/person\/image\/\",\"url\":\"https:\/\/secure.gravatar.com\/avatar\/75d8b050df2de108b08ae78dfb8e374892df24a383c67db9c46a9c604f6aee9c?s=96&d=mm&r=g\",\"contentUrl\":\"https:\/\/secure.gravatar.com\/avatar\/75d8b050df2de108b08ae78dfb8e374892df24a383c67db9c46a9c604f6aee9c?s=96&d=mm&r=g\",\"caption\":\"Reda\u00e7\u00e3o\"},\"sameAs\":[\"https:\/\/brasilnoticias.org\/site\"],\"url\":\"https:\/\/brasilnoticias.org\/site\/author\/fernandozsngmail-com\/\"}]}<\/script>\n<!-- \/ Yoast SEO plugin. -->","yoast_head_json":{"title":"STF conclui julgamento e condena Fernando Collor; saiba por quais crimes - Brasil not\u00edcias","robots":{"index":"index","follow":"follow","max-snippet":"max-snippet:-1","max-image-preview":"max-image-preview:large","max-video-preview":"max-video-preview:-1"},"canonical":"https:\/\/brasilnoticias.org\/site\/stf-conclui-julgamento-e-condena-fernando-collor-saiba-por-quais-crimes\/","og_locale":"pt_PT","og_type":"article","og_title":"STF conclui julgamento e condena Fernando Collor; saiba por quais crimes - Brasil not\u00edcias","og_description":"O julgamento da a\u00e7\u00e3o penal contra o ex-senador Fernando Collor de Mello foi conclu\u00eddo nesta quarta-feira (24) pelo Supremo Tribunal","og_url":"https:\/\/brasilnoticias.org\/site\/stf-conclui-julgamento-e-condena-fernando-collor-saiba-por-quais-crimes\/","og_site_name":"Brasil not\u00edcias","article_published_time":"2023-05-25T20:55:25+00:00","og_image":[{"width":800,"height":450,"url":"https:\/\/brasilnoticias.org\/site\/wp-content\/uploads\/2023\/05\/stf_ag_br_widelg.jpg","type":"image\/jpeg"}],"author":"Reda\u00e7\u00e3o","twitter_card":"summary_large_image","twitter_misc":{"Escrito por":"Reda\u00e7\u00e3o"},"schema":{"@context":"https:\/\/schema.org","@graph":[{"@type":"Article","@id":"https:\/\/brasilnoticias.org\/site\/stf-conclui-julgamento-e-condena-fernando-collor-saiba-por-quais-crimes\/#article","isPartOf":{"@id":"https:\/\/brasilnoticias.org\/site\/stf-conclui-julgamento-e-condena-fernando-collor-saiba-por-quais-crimes\/"},"author":{"name":"Reda\u00e7\u00e3o","@id":"https:\/\/brasilnoticias.org\/site\/#\/schema\/person\/a0e05b973ec4d15c658d51911e53507b"},"headline":"STF conclui julgamento e condena Fernando Collor; saiba por quais crimes","datePublished":"2023-05-25T20:55:25+00:00","mainEntityOfPage":{"@id":"https:\/\/brasilnoticias.org\/site\/stf-conclui-julgamento-e-condena-fernando-collor-saiba-por-quais-crimes\/"},"wordCount":287,"commentCount":0,"publisher":{"@id":"https:\/\/brasilnoticias.org\/site\/#organization"},"image":{"@id":"https:\/\/brasilnoticias.org\/site\/stf-conclui-julgamento-e-condena-fernando-collor-saiba-por-quais-crimes\/#primaryimage"},"thumbnailUrl":"https:\/\/brasilnoticias.org\/site\/wp-content\/uploads\/2023\/05\/stf_ag_br_widelg.jpg","articleSection":["Justi\u00e7a","\u00daltimas"],"inLanguage":"pt-PT","potentialAction":[{"@type":"CommentAction","name":"Comment","target":["https:\/\/brasilnoticias.org\/site\/stf-conclui-julgamento-e-condena-fernando-collor-saiba-por-quais-crimes\/#respond"]}]},{"@type":"WebPage","@id":"https:\/\/brasilnoticias.org\/site\/stf-conclui-julgamento-e-condena-fernando-collor-saiba-por-quais-crimes\/","url":"https:\/\/brasilnoticias.org\/site\/stf-conclui-julgamento-e-condena-fernando-collor-saiba-por-quais-crimes\/","name":"STF conclui julgamento e condena Fernando Collor; saiba por quais crimes - Brasil not\u00edcias","isPartOf":{"@id":"https:\/\/brasilnoticias.org\/site\/#website"},"primaryImageOfPage":{"@id":"https:\/\/brasilnoticias.org\/site\/stf-conclui-julgamento-e-condena-fernando-collor-saiba-por-quais-crimes\/#primaryimage"},"image":{"@id":"https:\/\/brasilnoticias.org\/site\/stf-conclui-julgamento-e-condena-fernando-collor-saiba-por-quais-crimes\/#primaryimage"},"thumbnailUrl":"https:\/\/brasilnoticias.org\/site\/wp-content\/uploads\/2023\/05\/stf_ag_br_widelg.jpg","datePublished":"2023-05-25T20:55:25+00:00","breadcrumb":{"@id":"https:\/\/brasilnoticias.org\/site\/stf-conclui-julgamento-e-condena-fernando-collor-saiba-por-quais-crimes\/#breadcrumb"},"inLanguage":"pt-PT","potentialAction":[{"@type":"ReadAction","target":["https:\/\/brasilnoticias.org\/site\/stf-conclui-julgamento-e-condena-fernando-collor-saiba-por-quais-crimes\/"]}]},{"@type":"ImageObject","inLanguage":"pt-PT","@id":"https:\/\/brasilnoticias.org\/site\/stf-conclui-julgamento-e-condena-fernando-collor-saiba-por-quais-crimes\/#primaryimage","url":"https:\/\/brasilnoticias.org\/site\/wp-content\/uploads\/2023\/05\/stf_ag_br_widelg.jpg","contentUrl":"https:\/\/brasilnoticias.org\/site\/wp-content\/uploads\/2023\/05\/stf_ag_br_widelg.jpg","width":800,"height":450},{"@type":"BreadcrumbList","@id":"https:\/\/brasilnoticias.org\/site\/stf-conclui-julgamento-e-condena-fernando-collor-saiba-por-quais-crimes\/#breadcrumb","itemListElement":[{"@type":"ListItem","position":1,"name":"In\u00edcio","item":"https:\/\/brasilnoticias.org\/site\/"},{"@type":"ListItem","position":2,"name":"STF conclui julgamento e condena Fernando Collor; saiba por quais crimes"}]},{"@type":"WebSite","@id":"https:\/\/brasilnoticias.org\/site\/#website","url":"https:\/\/brasilnoticias.org\/site\/","name":"Brasil not\u00edcias","description":"Brasil not\u00edcias","publisher":{"@id":"https:\/\/brasilnoticias.org\/site\/#organization"},"potentialAction":[{"@type":"SearchAction","target":{"@type":"EntryPoint","urlTemplate":"https:\/\/brasilnoticias.org\/site\/?s={search_term_string}"},"query-input":{"@type":"PropertyValueSpecification","valueRequired":true,"valueName":"search_term_string"}}],"inLanguage":"pt-PT"},{"@type":"Organization","@id":"https:\/\/brasilnoticias.org\/site\/#organization","name":"Brasil not\u00edcias","url":"https:\/\/brasilnoticias.org\/site\/","logo":{"@type":"ImageObject","inLanguage":"pt-PT","@id":"https:\/\/brasilnoticias.org\/site\/#\/schema\/logo\/image\/","url":"https:\/\/brasilnoticias.org\/site\/wp-content\/uploads\/2022\/05\/cropped-brasilnoticias-mini.jpg","contentUrl":"https:\/\/brasilnoticias.org\/site\/wp-content\/uploads\/2022\/05\/cropped-brasilnoticias-mini.jpg","width":314,"height":86,"caption":"Brasil not\u00edcias"},"image":{"@id":"https:\/\/brasilnoticias.org\/site\/#\/schema\/logo\/image\/"}},{"@type":"Person","@id":"https:\/\/brasilnoticias.org\/site\/#\/schema\/person\/a0e05b973ec4d15c658d51911e53507b","name":"Reda\u00e7\u00e3o","image":{"@type":"ImageObject","inLanguage":"pt-PT","@id":"https:\/\/brasilnoticias.org\/site\/#\/schema\/person\/image\/","url":"https:\/\/secure.gravatar.com\/avatar\/75d8b050df2de108b08ae78dfb8e374892df24a383c67db9c46a9c604f6aee9c?s=96&d=mm&r=g","contentUrl":"https:\/\/secure.gravatar.com\/avatar\/75d8b050df2de108b08ae78dfb8e374892df24a383c67db9c46a9c604f6aee9c?s=96&d=mm&r=g","caption":"Reda\u00e7\u00e3o"},"sameAs":["https:\/\/brasilnoticias.org\/site"],"url":"https:\/\/brasilnoticias.org\/site\/author\/fernandozsngmail-com\/"}]}},"_links":{"self":[{"href":"https:\/\/brasilnoticias.org\/site\/wp-json\/wp\/v2\/posts\/6258","targetHints":{"allow":["GET"]}}],"collection":[{"href":"https:\/\/brasilnoticias.org\/site\/wp-json\/wp\/v2\/posts"}],"about":[{"href":"https:\/\/brasilnoticias.org\/site\/wp-json\/wp\/v2\/types\/post"}],"author":[{"embeddable":true,"href":"https:\/\/brasilnoticias.org\/site\/wp-json\/wp\/v2\/users\/1"}],"replies":[{"embeddable":true,"href":"https:\/\/brasilnoticias.org\/site\/wp-json\/wp\/v2\/comments?post=6258"}],"version-history":[{"count":1,"href":"https:\/\/brasilnoticias.org\/site\/wp-json\/wp\/v2\/posts\/6258\/revisions"}],"predecessor-version":[{"id":6260,"href":"https:\/\/brasilnoticias.org\/site\/wp-json\/wp\/v2\/posts\/6258\/revisions\/6260"}],"wp:featuredmedia":[{"embeddable":true,"href":"https:\/\/brasilnoticias.org\/site\/wp-json\/wp\/v2\/media\/6259"}],"wp:attachment":[{"href":"https:\/\/brasilnoticias.org\/site\/wp-json\/wp\/v2\/media?parent=6258"}],"wp:term":[{"taxonomy":"category","embeddable":true,"href":"https:\/\/brasilnoticias.org\/site\/wp-json\/wp\/v2\/categories?post=6258"},{"taxonomy":"post_tag","embeddable":true,"href":"https:\/\/brasilnoticias.org\/site\/wp-json\/wp\/v2\/tags?post=6258"}],"curies":[{"name":"wp","href":"https:\/\/api.w.org\/{rel}","templated":true}]}}