{"id":6261,"date":"2023-05-25T17:58:35","date_gmt":"2023-05-25T20:58:35","guid":{"rendered":"https:\/\/brasilnoticias.org\/site\/?p=6261"},"modified":"2023-05-25T17:59:15","modified_gmt":"2023-05-25T20:59:15","slug":"bandidos-tentam-assaltar-policiais-civis-e-se-envolvem-em-troca-de-tiros-assista","status":"publish","type":"post","link":"https:\/\/brasilnoticias.org\/site\/bandidos-tentam-assaltar-policiais-civis-e-se-envolvem-em-troca-de-tiros-assista\/","title":{"rendered":"Bandidos tentam assaltar policiais civis e se envolvem em troca de tiros; assista"},"content":{"rendered":"<p>Um tiroteio assustou moradores e pessoas que passavam pelo bairro Montese, em Fortaleza (CE), na tarde da \u00faltima ter\u00e7a-feira (23). Tudo come\u00e7ou depois que dois suspeitos &#8211; um homem e um adolescente-, tentaram assaltar policiais civis, que reagiram. Ap\u00f3s a troca de tiros, a dupla foi presa.<\/p>\n<p>De acordo com a Pol\u00edcia Civil, foi preso um adulto e um adolescente foi apreendido, eles s\u00e3o &#8220;suspeitos de latroc\u00ednio tentado contra tr\u00eas policiais civis&#8221;. Na ocasi\u00e3o, de acordo com a pol\u00edcia, dois inspetores e um escriv\u00e3o estavam de servi\u00e7o em um carro descaracterizado quando foram abordados por tr\u00eas pessoas que estavam em um ve\u00edculo clonado. O adolescente atirou contra os policiais, iniciando uma troca de tiros e foi lesionado.<\/p>\n<p>Um homem identificado como Francisco Wollison Ara\u00fajo Silva, de 33 anos, foi preso em flagrante e autuado pelos crimes de latroc\u00ednio tentado, corrup\u00e7\u00e3o de menores e recepta\u00e7\u00e3o. Ele j\u00e1 tinha passagens pela pelos crimes de roubo de ve\u00edculo, tr\u00e1fico de drogas e recepta\u00e7\u00e3o.<\/p>\n<p>O adolescente, de 17 anos, foi baleado na troca de tiros, apreendido e levado a uma unidade de sa\u00fade, sob escolta policial. Contra ele, ser\u00e1 lavrado um ato infracional an\u00e1logo ao crime de latroc\u00ednio tentado. Ele j\u00e1 respondia a atos infracionais por tr\u00e1fico de drogas.<\/p>\n<p>Com a dupla, foram apreendidos dois rev\u00f3lveres municiados, um ve\u00edculo clonado e um aparelho celular. O caso \u00e9 investigado pela 11\u00aa Delegacia do Departamento de Homic\u00eddios e Prote\u00e7\u00e3o \u00e0 Pessoa (DHPP). Os tr\u00eas policiais civis n\u00e3o sofreram les\u00f5es e o terceiro suspeito fugiu. Informa\u00e7\u00f5es do Di\u00e1rio do Nordeste.<\/p>\n<div style=\"position:relative;padding-bottom:56.25%;height:0;overflow:hidden;\"> <iframe loading=\"lazy\" style=\"width:100%;height:100%;position:absolute;left:0px;top:0px;overflow:hidden\" frameborder=\"0\" type=\"text\/html\" src=\"https:\/\/www.dailymotion.com\/embed\/video\/x8l8maf?autoplay=1\" width=\"100%\" height=\"100%\" allowfullscreen title=\"Dailymotion Video Player\" allow=\"autoplay\"> <\/iframe> <\/div>\n<p>Foto Reprodu\u00e7\u00e3o<br \/>\nBNews<\/p>\n","protected":false},"excerpt":{"rendered":"<p>Um tiroteio assustou moradores e pessoas que passavam pelo bairro Montese, em Fortaleza (CE), na tarde da \u00faltima ter\u00e7a-feira (23).<\/p>\n","protected":false},"author":1,"featured_media":6263,"comment_status":"open","ping_status":"open","sticky":false,"template":"","format":"standard","meta":{"colormag_page_container_layout":"default_layout","colormag_page_sidebar_layout":"default_layout","_FSMCFIC_featured_image_caption":"","_FSMCFIC_featured_image_nocaption":"","_FSMCFIC_featured_image_hide":"","footnotes":""},"categories":[7,1],"tags":[],"class_list":["post-6261","post","type-post","status-publish","format-standard","has-post-thumbnail","hentry","category-justica","category-ultimas"],"yoast_head":"<!-- This site is optimized with the Yoast SEO plugin v27.1.1 - https:\/\/yoast.com\/product\/yoast-seo-wordpress\/ -->\n<title>Bandidos tentam assaltar policiais civis e se envolvem em troca de tiros; assista - Brasil not\u00edcias<\/title>\n<meta name=\"robots\" content=\"index, follow, max-snippet:-1, max-image-preview:large, max-video-preview:-1\" \/>\n<link rel=\"canonical\" href=\"https:\/\/brasilnoticias.org\/site\/bandidos-tentam-assaltar-policiais-civis-e-se-envolvem-em-troca-de-tiros-assista\/\" \/>\n<meta property=\"og:locale\" content=\"pt_PT\" \/>\n<meta property=\"og:type\" content=\"article\" \/>\n<meta property=\"og:title\" content=\"Bandidos tentam assaltar policiais civis e se envolvem em troca de tiros; assista - Brasil not\u00edcias\" \/>\n<meta property=\"og:description\" content=\"Um tiroteio assustou moradores e pessoas que passavam pelo bairro Montese, em Fortaleza (CE), na tarde da \u00faltima ter\u00e7a-feira (23).\" \/>\n<meta property=\"og:url\" content=\"https:\/\/brasilnoticias.org\/site\/bandidos-tentam-assaltar-policiais-civis-e-se-envolvem-em-troca-de-tiros-assista\/\" \/>\n<meta property=\"og:site_name\" content=\"Brasil not\u00edcias\" \/>\n<meta property=\"article:published_time\" content=\"2023-05-25T20:58:35+00:00\" \/>\n<meta property=\"article:modified_time\" content=\"2023-05-25T20:59:15+00:00\" \/>\n<meta property=\"og:image\" content=\"https:\/\/brasilnoticias.org\/site\/wp-content\/uploads\/2023\/05\/aaa.jpeg\" \/>\n\t<meta property=\"og:image:width\" content=\"504\" \/>\n\t<meta property=\"og:image:height\" content=\"283\" \/>\n\t<meta property=\"og:image:type\" content=\"image\/jpeg\" \/>\n<meta name=\"author\" content=\"Reda\u00e7\u00e3o\" \/>\n<meta name=\"twitter:card\" content=\"summary_large_image\" \/>\n<meta name=\"twitter:label1\" content=\"Escrito por\" \/>\n\t<meta name=\"twitter:data1\" content=\"Reda\u00e7\u00e3o\" \/>\n\t<meta name=\"twitter:label2\" content=\"Tempo estimado de leitura\" \/>\n\t<meta name=\"twitter:data2\" content=\"2 minutos\" \/>\n<script type=\"application\/ld+json\" class=\"yoast-schema-graph\">{\"@context\":\"https:\/\/schema.org\",\"@graph\":[{\"@type\":\"Article\",\"@id\":\"https:\/\/brasilnoticias.org\/site\/bandidos-tentam-assaltar-policiais-civis-e-se-envolvem-em-troca-de-tiros-assista\/#article\",\"isPartOf\":{\"@id\":\"https:\/\/brasilnoticias.org\/site\/bandidos-tentam-assaltar-policiais-civis-e-se-envolvem-em-troca-de-tiros-assista\/\"},\"author\":{\"name\":\"Reda\u00e7\u00e3o\",\"@id\":\"https:\/\/brasilnoticias.org\/site\/#\/schema\/person\/a0e05b973ec4d15c658d51911e53507b\"},\"headline\":\"Bandidos tentam assaltar policiais civis e se envolvem em troca de tiros; assista\",\"datePublished\":\"2023-05-25T20:58:35+00:00\",\"dateModified\":\"2023-05-25T20:59:15+00:00\",\"mainEntityOfPage\":{\"@id\":\"https:\/\/brasilnoticias.org\/site\/bandidos-tentam-assaltar-policiais-civis-e-se-envolvem-em-troca-de-tiros-assista\/\"},\"wordCount\":297,\"commentCount\":0,\"publisher\":{\"@id\":\"https:\/\/brasilnoticias.org\/site\/#organization\"},\"image\":{\"@id\":\"https:\/\/brasilnoticias.org\/site\/bandidos-tentam-assaltar-policiais-civis-e-se-envolvem-em-troca-de-tiros-assista\/#primaryimage\"},\"thumbnailUrl\":\"https:\/\/brasilnoticias.org\/site\/wp-content\/uploads\/2023\/05\/aaa.jpeg\",\"articleSection\":[\"Justi\u00e7a\",\"\u00daltimas\"],\"inLanguage\":\"pt-PT\",\"potentialAction\":[{\"@type\":\"CommentAction\",\"name\":\"Comment\",\"target\":[\"https:\/\/brasilnoticias.org\/site\/bandidos-tentam-assaltar-policiais-civis-e-se-envolvem-em-troca-de-tiros-assista\/#respond\"]}]},{\"@type\":\"WebPage\",\"@id\":\"https:\/\/brasilnoticias.org\/site\/bandidos-tentam-assaltar-policiais-civis-e-se-envolvem-em-troca-de-tiros-assista\/\",\"url\":\"https:\/\/brasilnoticias.org\/site\/bandidos-tentam-assaltar-policiais-civis-e-se-envolvem-em-troca-de-tiros-assista\/\",\"name\":\"Bandidos tentam assaltar policiais civis e se envolvem em troca de tiros; assista - Brasil not\u00edcias\",\"isPartOf\":{\"@id\":\"https:\/\/brasilnoticias.org\/site\/#website\"},\"primaryImageOfPage\":{\"@id\":\"https:\/\/brasilnoticias.org\/site\/bandidos-tentam-assaltar-policiais-civis-e-se-envolvem-em-troca-de-tiros-assista\/#primaryimage\"},\"image\":{\"@id\":\"https:\/\/brasilnoticias.org\/site\/bandidos-tentam-assaltar-policiais-civis-e-se-envolvem-em-troca-de-tiros-assista\/#primaryimage\"},\"thumbnailUrl\":\"https:\/\/brasilnoticias.org\/site\/wp-content\/uploads\/2023\/05\/aaa.jpeg\",\"datePublished\":\"2023-05-25T20:58:35+00:00\",\"dateModified\":\"2023-05-25T20:59:15+00:00\",\"breadcrumb\":{\"@id\":\"https:\/\/brasilnoticias.org\/site\/bandidos-tentam-assaltar-policiais-civis-e-se-envolvem-em-troca-de-tiros-assista\/#breadcrumb\"},\"inLanguage\":\"pt-PT\",\"potentialAction\":[{\"@type\":\"ReadAction\",\"target\":[\"https:\/\/brasilnoticias.org\/site\/bandidos-tentam-assaltar-policiais-civis-e-se-envolvem-em-troca-de-tiros-assista\/\"]}]},{\"@type\":\"ImageObject\",\"inLanguage\":\"pt-PT\",\"@id\":\"https:\/\/brasilnoticias.org\/site\/bandidos-tentam-assaltar-policiais-civis-e-se-envolvem-em-troca-de-tiros-assista\/#primaryimage\",\"url\":\"https:\/\/brasilnoticias.org\/site\/wp-content\/uploads\/2023\/05\/aaa.jpeg\",\"contentUrl\":\"https:\/\/brasilnoticias.org\/site\/wp-content\/uploads\/2023\/05\/aaa.jpeg\",\"width\":504,\"height\":283},{\"@type\":\"BreadcrumbList\",\"@id\":\"https:\/\/brasilnoticias.org\/site\/bandidos-tentam-assaltar-policiais-civis-e-se-envolvem-em-troca-de-tiros-assista\/#breadcrumb\",\"itemListElement\":[{\"@type\":\"ListItem\",\"position\":1,\"name\":\"In\u00edcio\",\"item\":\"https:\/\/brasilnoticias.org\/site\/\"},{\"@type\":\"ListItem\",\"position\":2,\"name\":\"Bandidos tentam assaltar policiais civis e se envolvem em troca de tiros; assista\"}]},{\"@type\":\"WebSite\",\"@id\":\"https:\/\/brasilnoticias.org\/site\/#website\",\"url\":\"https:\/\/brasilnoticias.org\/site\/\",\"name\":\"Brasil not\u00edcias\",\"description\":\"Brasil not\u00edcias\",\"publisher\":{\"@id\":\"https:\/\/brasilnoticias.org\/site\/#organization\"},\"potentialAction\":[{\"@type\":\"SearchAction\",\"target\":{\"@type\":\"EntryPoint\",\"urlTemplate\":\"https:\/\/brasilnoticias.org\/site\/?s={search_term_string}\"},\"query-input\":{\"@type\":\"PropertyValueSpecification\",\"valueRequired\":true,\"valueName\":\"search_term_string\"}}],\"inLanguage\":\"pt-PT\"},{\"@type\":\"Organization\",\"@id\":\"https:\/\/brasilnoticias.org\/site\/#organization\",\"name\":\"Brasil not\u00edcias\",\"url\":\"https:\/\/brasilnoticias.org\/site\/\",\"logo\":{\"@type\":\"ImageObject\",\"inLanguage\":\"pt-PT\",\"@id\":\"https:\/\/brasilnoticias.org\/site\/#\/schema\/logo\/image\/\",\"url\":\"https:\/\/brasilnoticias.org\/site\/wp-content\/uploads\/2022\/05\/cropped-brasilnoticias-mini.jpg\",\"contentUrl\":\"https:\/\/brasilnoticias.org\/site\/wp-content\/uploads\/2022\/05\/cropped-brasilnoticias-mini.jpg\",\"width\":314,\"height\":86,\"caption\":\"Brasil not\u00edcias\"},\"image\":{\"@id\":\"https:\/\/brasilnoticias.org\/site\/#\/schema\/logo\/image\/\"}},{\"@type\":\"Person\",\"@id\":\"https:\/\/brasilnoticias.org\/site\/#\/schema\/person\/a0e05b973ec4d15c658d51911e53507b\",\"name\":\"Reda\u00e7\u00e3o\",\"image\":{\"@type\":\"ImageObject\",\"inLanguage\":\"pt-PT\",\"@id\":\"https:\/\/brasilnoticias.org\/site\/#\/schema\/person\/image\/\",\"url\":\"https:\/\/secure.gravatar.com\/avatar\/75d8b050df2de108b08ae78dfb8e374892df24a383c67db9c46a9c604f6aee9c?s=96&d=mm&r=g\",\"contentUrl\":\"https:\/\/secure.gravatar.com\/avatar\/75d8b050df2de108b08ae78dfb8e374892df24a383c67db9c46a9c604f6aee9c?s=96&d=mm&r=g\",\"caption\":\"Reda\u00e7\u00e3o\"},\"sameAs\":[\"https:\/\/brasilnoticias.org\/site\"],\"url\":\"https:\/\/brasilnoticias.org\/site\/author\/fernandozsngmail-com\/\"}]}<\/script>\n<!-- \/ Yoast SEO plugin. -->","yoast_head_json":{"title":"Bandidos tentam assaltar policiais civis e se envolvem em troca de tiros; assista - Brasil not\u00edcias","robots":{"index":"index","follow":"follow","max-snippet":"max-snippet:-1","max-image-preview":"max-image-preview:large","max-video-preview":"max-video-preview:-1"},"canonical":"https:\/\/brasilnoticias.org\/site\/bandidos-tentam-assaltar-policiais-civis-e-se-envolvem-em-troca-de-tiros-assista\/","og_locale":"pt_PT","og_type":"article","og_title":"Bandidos tentam assaltar policiais civis e se envolvem em troca de tiros; assista - Brasil not\u00edcias","og_description":"Um tiroteio assustou moradores e pessoas que passavam pelo bairro Montese, em Fortaleza (CE), na tarde da \u00faltima ter\u00e7a-feira (23).","og_url":"https:\/\/brasilnoticias.org\/site\/bandidos-tentam-assaltar-policiais-civis-e-se-envolvem-em-troca-de-tiros-assista\/","og_site_name":"Brasil not\u00edcias","article_published_time":"2023-05-25T20:58:35+00:00","article_modified_time":"2023-05-25T20:59:15+00:00","og_image":[{"width":504,"height":283,"url":"https:\/\/brasilnoticias.org\/site\/wp-content\/uploads\/2023\/05\/aaa.jpeg","type":"image\/jpeg"}],"author":"Reda\u00e7\u00e3o","twitter_card":"summary_large_image","twitter_misc":{"Escrito por":"Reda\u00e7\u00e3o","Tempo estimado de leitura":"2 minutos"},"schema":{"@context":"https:\/\/schema.org","@graph":[{"@type":"Article","@id":"https:\/\/brasilnoticias.org\/site\/bandidos-tentam-assaltar-policiais-civis-e-se-envolvem-em-troca-de-tiros-assista\/#article","isPartOf":{"@id":"https:\/\/brasilnoticias.org\/site\/bandidos-tentam-assaltar-policiais-civis-e-se-envolvem-em-troca-de-tiros-assista\/"},"author":{"name":"Reda\u00e7\u00e3o","@id":"https:\/\/brasilnoticias.org\/site\/#\/schema\/person\/a0e05b973ec4d15c658d51911e53507b"},"headline":"Bandidos tentam assaltar policiais civis e se envolvem em troca de tiros; assista","datePublished":"2023-05-25T20:58:35+00:00","dateModified":"2023-05-25T20:59:15+00:00","mainEntityOfPage":{"@id":"https:\/\/brasilnoticias.org\/site\/bandidos-tentam-assaltar-policiais-civis-e-se-envolvem-em-troca-de-tiros-assista\/"},"wordCount":297,"commentCount":0,"publisher":{"@id":"https:\/\/brasilnoticias.org\/site\/#organization"},"image":{"@id":"https:\/\/brasilnoticias.org\/site\/bandidos-tentam-assaltar-policiais-civis-e-se-envolvem-em-troca-de-tiros-assista\/#primaryimage"},"thumbnailUrl":"https:\/\/brasilnoticias.org\/site\/wp-content\/uploads\/2023\/05\/aaa.jpeg","articleSection":["Justi\u00e7a","\u00daltimas"],"inLanguage":"pt-PT","potentialAction":[{"@type":"CommentAction","name":"Comment","target":["https:\/\/brasilnoticias.org\/site\/bandidos-tentam-assaltar-policiais-civis-e-se-envolvem-em-troca-de-tiros-assista\/#respond"]}]},{"@type":"WebPage","@id":"https:\/\/brasilnoticias.org\/site\/bandidos-tentam-assaltar-policiais-civis-e-se-envolvem-em-troca-de-tiros-assista\/","url":"https:\/\/brasilnoticias.org\/site\/bandidos-tentam-assaltar-policiais-civis-e-se-envolvem-em-troca-de-tiros-assista\/","name":"Bandidos tentam assaltar policiais civis e se envolvem em troca de tiros; assista - Brasil not\u00edcias","isPartOf":{"@id":"https:\/\/brasilnoticias.org\/site\/#website"},"primaryImageOfPage":{"@id":"https:\/\/brasilnoticias.org\/site\/bandidos-tentam-assaltar-policiais-civis-e-se-envolvem-em-troca-de-tiros-assista\/#primaryimage"},"image":{"@id":"https:\/\/brasilnoticias.org\/site\/bandidos-tentam-assaltar-policiais-civis-e-se-envolvem-em-troca-de-tiros-assista\/#primaryimage"},"thumbnailUrl":"https:\/\/brasilnoticias.org\/site\/wp-content\/uploads\/2023\/05\/aaa.jpeg","datePublished":"2023-05-25T20:58:35+00:00","dateModified":"2023-05-25T20:59:15+00:00","breadcrumb":{"@id":"https:\/\/brasilnoticias.org\/site\/bandidos-tentam-assaltar-policiais-civis-e-se-envolvem-em-troca-de-tiros-assista\/#breadcrumb"},"inLanguage":"pt-PT","potentialAction":[{"@type":"ReadAction","target":["https:\/\/brasilnoticias.org\/site\/bandidos-tentam-assaltar-policiais-civis-e-se-envolvem-em-troca-de-tiros-assista\/"]}]},{"@type":"ImageObject","inLanguage":"pt-PT","@id":"https:\/\/brasilnoticias.org\/site\/bandidos-tentam-assaltar-policiais-civis-e-se-envolvem-em-troca-de-tiros-assista\/#primaryimage","url":"https:\/\/brasilnoticias.org\/site\/wp-content\/uploads\/2023\/05\/aaa.jpeg","contentUrl":"https:\/\/brasilnoticias.org\/site\/wp-content\/uploads\/2023\/05\/aaa.jpeg","width":504,"height":283},{"@type":"BreadcrumbList","@id":"https:\/\/brasilnoticias.org\/site\/bandidos-tentam-assaltar-policiais-civis-e-se-envolvem-em-troca-de-tiros-assista\/#breadcrumb","itemListElement":[{"@type":"ListItem","position":1,"name":"In\u00edcio","item":"https:\/\/brasilnoticias.org\/site\/"},{"@type":"ListItem","position":2,"name":"Bandidos tentam assaltar policiais civis e se envolvem em troca de tiros; assista"}]},{"@type":"WebSite","@id":"https:\/\/brasilnoticias.org\/site\/#website","url":"https:\/\/brasilnoticias.org\/site\/","name":"Brasil not\u00edcias","description":"Brasil not\u00edcias","publisher":{"@id":"https:\/\/brasilnoticias.org\/site\/#organization"},"potentialAction":[{"@type":"SearchAction","target":{"@type":"EntryPoint","urlTemplate":"https:\/\/brasilnoticias.org\/site\/?s={search_term_string}"},"query-input":{"@type":"PropertyValueSpecification","valueRequired":true,"valueName":"search_term_string"}}],"inLanguage":"pt-PT"},{"@type":"Organization","@id":"https:\/\/brasilnoticias.org\/site\/#organization","name":"Brasil not\u00edcias","url":"https:\/\/brasilnoticias.org\/site\/","logo":{"@type":"ImageObject","inLanguage":"pt-PT","@id":"https:\/\/brasilnoticias.org\/site\/#\/schema\/logo\/image\/","url":"https:\/\/brasilnoticias.org\/site\/wp-content\/uploads\/2022\/05\/cropped-brasilnoticias-mini.jpg","contentUrl":"https:\/\/brasilnoticias.org\/site\/wp-content\/uploads\/2022\/05\/cropped-brasilnoticias-mini.jpg","width":314,"height":86,"caption":"Brasil not\u00edcias"},"image":{"@id":"https:\/\/brasilnoticias.org\/site\/#\/schema\/logo\/image\/"}},{"@type":"Person","@id":"https:\/\/brasilnoticias.org\/site\/#\/schema\/person\/a0e05b973ec4d15c658d51911e53507b","name":"Reda\u00e7\u00e3o","image":{"@type":"ImageObject","inLanguage":"pt-PT","@id":"https:\/\/brasilnoticias.org\/site\/#\/schema\/person\/image\/","url":"https:\/\/secure.gravatar.com\/avatar\/75d8b050df2de108b08ae78dfb8e374892df24a383c67db9c46a9c604f6aee9c?s=96&d=mm&r=g","contentUrl":"https:\/\/secure.gravatar.com\/avatar\/75d8b050df2de108b08ae78dfb8e374892df24a383c67db9c46a9c604f6aee9c?s=96&d=mm&r=g","caption":"Reda\u00e7\u00e3o"},"sameAs":["https:\/\/brasilnoticias.org\/site"],"url":"https:\/\/brasilnoticias.org\/site\/author\/fernandozsngmail-com\/"}]}},"_links":{"self":[{"href":"https:\/\/brasilnoticias.org\/site\/wp-json\/wp\/v2\/posts\/6261","targetHints":{"allow":["GET"]}}],"collection":[{"href":"https:\/\/brasilnoticias.org\/site\/wp-json\/wp\/v2\/posts"}],"about":[{"href":"https:\/\/brasilnoticias.org\/site\/wp-json\/wp\/v2\/types\/post"}],"author":[{"embeddable":true,"href":"https:\/\/brasilnoticias.org\/site\/wp-json\/wp\/v2\/users\/1"}],"replies":[{"embeddable":true,"href":"https:\/\/brasilnoticias.org\/site\/wp-json\/wp\/v2\/comments?post=6261"}],"version-history":[{"count":1,"href":"https:\/\/brasilnoticias.org\/site\/wp-json\/wp\/v2\/posts\/6261\/revisions"}],"predecessor-version":[{"id":6262,"href":"https:\/\/brasilnoticias.org\/site\/wp-json\/wp\/v2\/posts\/6261\/revisions\/6262"}],"wp:featuredmedia":[{"embeddable":true,"href":"https:\/\/brasilnoticias.org\/site\/wp-json\/wp\/v2\/media\/6263"}],"wp:attachment":[{"href":"https:\/\/brasilnoticias.org\/site\/wp-json\/wp\/v2\/media?parent=6261"}],"wp:term":[{"taxonomy":"category","embeddable":true,"href":"https:\/\/brasilnoticias.org\/site\/wp-json\/wp\/v2\/categories?post=6261"},{"taxonomy":"post_tag","embeddable":true,"href":"https:\/\/brasilnoticias.org\/site\/wp-json\/wp\/v2\/tags?post=6261"}],"curies":[{"name":"wp","href":"https:\/\/api.w.org\/{rel}","templated":true}]}}