{"id":627,"date":"2022-05-28T12:40:32","date_gmt":"2022-05-28T15:40:32","guid":{"rendered":"https:\/\/brasilnoticias.org\/site\/?p=627"},"modified":"2022-05-28T12:40:32","modified_gmt":"2022-05-28T15:40:32","slug":"bolsonaro-chama-fachin-de-militante-de-esquerda-e-diz-que-ele-quer-eleger-lula","status":"publish","type":"post","link":"https:\/\/brasilnoticias.org\/site\/bolsonaro-chama-fachin-de-militante-de-esquerda-e-diz-que-ele-quer-eleger-lula\/","title":{"rendered":"BOLSONARO CHAMA FACHIN DE MILITANTE DE ESQUERDA E DIZ QUE ELE QUER ELEGER LULA"},"content":{"rendered":"<p>O presidente Jair Bolsonaro (PL) voltou, nesta sexta-feira (27), a criticar ministros do STF (Supremo Tribunal Federal). Em sua live semanal, o<a href=\"https:\/\/www.bnews.com.br\/noticias\/eleicoes-2022\/edson-fachin-diz-que-e-inegociavel-acatar-resultado-das-eleicoes.html\" target=\"_blank\" rel=\"noopener\">\u00a0principal alvo da vez foi o ministro Edson Fachin, que tamb\u00e9m \u00e9 presidente do TSE (Tribunal Superior Eleitoral).<\/a>\u00a0Segundo Bolsonaro, Fachin agiu movido por interesses pol\u00edticos ao anular no ano passado condena\u00e7\u00f5es do ex-presidente Luiz In\u00e1cio Lula da Silva (PT), o principal advers\u00e1rio do mandat\u00e1rio na corrida eleitoral.<\/p>\n<p>As declara\u00e7\u00f5es de Bolsonaro ocorrem no dia seguinte \u00e0 divulga\u00e7\u00e3o de pesquisa Datafolha que mostrou uma vantagem de 21 pontos percentuais do petista sobre Bolsonaro. \u201cQual o interesse do Fachin em dizer que o CEP [C\u00f3digo de Endere\u00e7amento Postal] da a\u00e7\u00e3o na Lava Jato contra o Lula em Curitiba tinha que ser em S\u00e3o Paulo ou no Distrito Federal? O problema foi esse, em cima disso o sr. Fachin foi o relator de uma proposta. Ele deu o sinal verde e a turma dele no Supremo, por 3 a 2, aprovou a \u2018descondena\u00e7\u00e3o\u2019 do Lula\u201d, afirmou o presidente.<\/p>\n<p>\u201cA gente sabe a vida pregressa dele [Fachin]. Foi militante de esquerda, advogado do MST\u201d, disse Bolsonaro. \u201cEle [Fachin] botou o Lula para fora. Agora, botou para fora s\u00f3 para v\u00ea-lo livre? Ele [Lula], segundo o Supremo, \u00e9 eleg\u00edvel, disputa as elei\u00e7\u00f5es. A gente entende do lado de c\u00e1 que ningu\u00e9m vai botar o cara para fora com condena\u00e7\u00f5es grandes em tr\u00eas inst\u00e2ncias simplesmente para ficar passeando por a\u00ed. Colocou para fora, no meu modesto entendimento, para ser presidente da Rep\u00fablica\u201d, completou.<\/p>\n<div class=\"d-flex justify-content-center my-3\">\n<div id=\"banner-300x250-1-area\" data-desktop=\"300x250\" data-mobile=\"320x50\"><\/div>\n<\/div>\n<p>Apesar da fala de Bolsonaro, a assessoria de Fachin disse, quando da sua aprova\u00e7\u00e3o no Senado em 2015, que o ministro nunca trabalhou para o MST. Em 2008, o hoje ministro assinou um manifesto de apoio ao movimento, que na \u00e9poca alvo de uma ofensiva do Minist\u00e9rio P\u00fablico do Rio Grande do Sul.<br \/>\nNa live, Bolsonaro tamb\u00e9m fez ataques ao TSE e cr\u00edticas ao PT. Ele disse, por exemplo, que checadores de informa\u00e7\u00e3o a servi\u00e7o da corte eleitoral seriam ligadas ao PSOL e aos petistas.<\/p>\n<p>Divulgada nesta quinta-feira (26), o\u00a0<a href=\"https:\/\/www.bnews.com.br\/noticias\/eleicoes-2022\/datafolha-pesquisa-aponta-lula-com-48-contra-27-de-bolsonaro-no-primeiro-turno.html\" target=\"_blank\" rel=\"noopener\">Datafolha mostra que Lula lidera a disputa presidencial com 48% das inten\u00e7\u00f5es de voto no primeiro turno, ante 27% de Bolsonaro.<\/a>\u00a0\u00a0cen\u00e1rio de polariza\u00e7\u00e3o entre os dois antagonistas caminha para a cristaliza\u00e7\u00e3o, com o terceiro colocado, Ciro Gomes (PDT), aparecendo bem atr\u00e1s, com 7%. Outros postulantes atingiram no m\u00e1ximo 2%. Votos brancos ou nulos somaram 7%, e 4% dos eleitores responderam n\u00e3o saber em quem votar.<\/p>\n<p>A pesquisa mais recente foi feita com 2.556 eleitores acima dos 16 anos em 181 cidades de todo o pa\u00eds, nesta quarta (25) e quinta-feira (26). Ela foi contratada pela Folha e est\u00e1 registrada no TSE (Tribunal Superior Eleitoral) sob o n\u00famero BR-05166\/2022.<\/p>\n<p>A radicaliza\u00e7\u00e3o do discurso foi apontada por aliados como uma das raz\u00f5es para a piora nos n\u00fameros de Bolsonaro na pesquisa eleitoral. O presidente da C\u00e2mara dos Deputados, Arthur Lira (PP-AL), afirmou nesta sexta (27) que o desempenho de Bolsonaro pode ter sido reflexo de acenos \u00e0 base mais radical da direita.<\/p>\n<p>O atual presidente da Rep\u00fablica tamb\u00e9m aproveitou para criticar o projeto de lei das Fake News, chamado por ele de uma \u201cpris\u00e3o\u201d e uma afronta a liberdade individual. Tamb\u00e9m voltou a defender o deputado Daniel Silveira (PTB-RJ), condenado pelo STF por ataques feitos contra integrantes do tribunal. Silveira recebeu um indulto de Bolsonaro.<\/p>\n<div class=\"d-flex justify-content-center my-3\">\n<div id=\"banner-300x250-3-area\" data-desktop=\"300x250\" data-mobile=\"320x50\"><\/div>\n<\/div>\n<p>Ainda criticou Fachin no \u00e2mbito do julgamento da fixa\u00e7\u00e3o de um marco temporal para demarca\u00e7\u00e3o das terras ind\u00edgenas, mat\u00e9ria relatada pelo ministro.<a href=\"https:\/\/www.bnews.com.br\/noticias\/eleicoes-2022\/datafolha-lula-tem-58-no-segundo-turno-contra-33-de-bolsonaro.html\" target=\"_blank\" rel=\"noopener\">\u00a0A pesquisa do Datafolha desta quinta tamb\u00e9m mostrou que a diferen\u00e7a entre Lula e Bolsonaro cresceu em um poss\u00edvel segundo turno, e foi a 25 pontos percentuais (58% a 33%).<\/a><\/p>\n<p>O ex-presidente tem melhor desempenho entre os que ganham at\u00e9 dois sal\u00e1rios m\u00ednimos (66% desse grupo votaria nele), enquanto o atual ocupante do posto angaria mais eleitores nos grupos mais ricos (50% desse grupo votaria nele).<\/p>\n<p>Enquanto Lula tem melhor desempenho no Nordeste (71% ali o escolheriam), Bolsonaro angaria mais votos no Centro-Oeste\/Norte (46% ali o escolheriam) -essas duas regi\u00f5es normalmente s\u00e3o somadas no levantamento, para evitar uma margem de erro muito grande. Considerando as religi\u00f5es, o petista tem vantagem dentre os cat\u00f3licos (65% deles o preferem), enquanto Bolsonaro sai na frente com os evang\u00e9licos (47% deles o escolheriam).<\/p>\n<div class=\"d-flex justify-content-center my-3\">\n<div id=\"banner-300x250-4-area\" data-desktop=\"300x250\" data-mobile=\"320x50\"><\/div>\n<\/div>\n<p>A pesquisa mostrou tamb\u00e9m que a r<a href=\"https:\/\/www.bnews.com.br\/noticias\/eleicoes-2022\/reprovacao-ao-governo-bolsonaro-vai-48-diz-datafolha.html\" target=\"_blank\" rel=\"noopener\">eprova\u00e7\u00e3o com o atual governo \u00e9 de 48%, oscilando dentro da margem de erro na compara\u00e7\u00e3o com a anterior, de mar\u00e7o, quando o \u00edndice dos que consideram a gest\u00e3o ruim ou p\u00e9ssima foi de 46%.<\/a>\u00a0Tamb\u00e9m se mantiveram est\u00e1veis as taxas dos que consideram o governo regular (27%, ante 28% em mar\u00e7o) e dos que o avaliam como \u00f3timo ou bom (25% em ambos os levantamentos).<\/p>\n<p>&nbsp;<\/p>\n<p>&nbsp;<\/p>\n<p>&nbsp;<\/p>\n<p>&nbsp;<\/p>\n<p>Bnews<\/p>\n","protected":false},"excerpt":{"rendered":"<p>O presidente Jair Bolsonaro (PL) voltou, nesta sexta-feira (27), a criticar ministros do STF (Supremo Tribunal Federal). Em sua live<\/p>\n","protected":false},"author":2,"featured_media":628,"comment_status":"open","ping_status":"open","sticky":false,"template":"","format":"standard","meta":{"colormag_page_container_layout":"default_layout","colormag_page_sidebar_layout":"default_layout","_FSMCFIC_featured_image_caption":"","_FSMCFIC_featured_image_nocaption":"","_FSMCFIC_featured_image_hide":"","footnotes":""},"categories":[5,1],"tags":[],"class_list":["post-627","post","type-post","status-publish","format-standard","has-post-thumbnail","hentry","category-politica","category-ultimas"],"yoast_head":"<!-- This site is optimized with the Yoast SEO plugin v27.1.1 - https:\/\/yoast.com\/product\/yoast-seo-wordpress\/ -->\n<title>BOLSONARO CHAMA FACHIN DE MILITANTE DE ESQUERDA E DIZ QUE ELE QUER ELEGER LULA - Brasil not\u00edcias<\/title>\n<meta name=\"robots\" content=\"index, follow, max-snippet:-1, max-image-preview:large, max-video-preview:-1\" \/>\n<link rel=\"canonical\" href=\"https:\/\/brasilnoticias.org\/site\/bolsonaro-chama-fachin-de-militante-de-esquerda-e-diz-que-ele-quer-eleger-lula\/\" \/>\n<meta property=\"og:locale\" content=\"pt_PT\" \/>\n<meta property=\"og:type\" content=\"article\" \/>\n<meta property=\"og:title\" content=\"BOLSONARO CHAMA FACHIN DE MILITANTE DE ESQUERDA E DIZ QUE ELE QUER ELEGER LULA - Brasil not\u00edcias\" \/>\n<meta property=\"og:description\" content=\"O presidente Jair Bolsonaro (PL) voltou, nesta sexta-feira (27), a criticar ministros do STF (Supremo Tribunal Federal). Em sua live\" \/>\n<meta property=\"og:url\" content=\"https:\/\/brasilnoticias.org\/site\/bolsonaro-chama-fachin-de-militante-de-esquerda-e-diz-que-ele-quer-eleger-lula\/\" \/>\n<meta property=\"og:site_name\" content=\"Brasil not\u00edcias\" \/>\n<meta property=\"article:published_time\" content=\"2022-05-28T15:40:32+00:00\" \/>\n<meta property=\"og:image\" content=\"https:\/\/brasilnoticias.org\/site\/wp-content\/uploads\/2022\/05\/20855023-high_widelg-1.jpeg\" \/>\n\t<meta property=\"og:image:width\" content=\"800\" \/>\n\t<meta property=\"og:image:height\" content=\"450\" \/>\n\t<meta property=\"og:image:type\" content=\"image\/jpeg\" \/>\n<meta name=\"author\" content=\"Reda\u00e7\u00e3o\" \/>\n<meta name=\"twitter:card\" content=\"summary_large_image\" \/>\n<meta name=\"twitter:label1\" content=\"Escrito por\" \/>\n\t<meta name=\"twitter:data1\" content=\"Reda\u00e7\u00e3o\" \/>\n\t<meta name=\"twitter:label2\" content=\"Tempo estimado de leitura\" \/>\n\t<meta name=\"twitter:data2\" content=\"4 minutos\" \/>\n<script type=\"application\/ld+json\" class=\"yoast-schema-graph\">{\"@context\":\"https:\/\/schema.org\",\"@graph\":[{\"@type\":\"Article\",\"@id\":\"https:\/\/brasilnoticias.org\/site\/bolsonaro-chama-fachin-de-militante-de-esquerda-e-diz-que-ele-quer-eleger-lula\/#article\",\"isPartOf\":{\"@id\":\"https:\/\/brasilnoticias.org\/site\/bolsonaro-chama-fachin-de-militante-de-esquerda-e-diz-que-ele-quer-eleger-lula\/\"},\"author\":{\"name\":\"Reda\u00e7\u00e3o\",\"@id\":\"https:\/\/brasilnoticias.org\/site\/#\/schema\/person\/f609fa847b5314f1c8b983342f34c798\"},\"headline\":\"BOLSONARO CHAMA FACHIN DE MILITANTE DE ESQUERDA E DIZ QUE ELE QUER ELEGER LULA\",\"datePublished\":\"2022-05-28T15:40:32+00:00\",\"mainEntityOfPage\":{\"@id\":\"https:\/\/brasilnoticias.org\/site\/bolsonaro-chama-fachin-de-militante-de-esquerda-e-diz-que-ele-quer-eleger-lula\/\"},\"wordCount\":827,\"commentCount\":0,\"publisher\":{\"@id\":\"https:\/\/brasilnoticias.org\/site\/#organization\"},\"image\":{\"@id\":\"https:\/\/brasilnoticias.org\/site\/bolsonaro-chama-fachin-de-militante-de-esquerda-e-diz-que-ele-quer-eleger-lula\/#primaryimage\"},\"thumbnailUrl\":\"https:\/\/brasilnoticias.org\/site\/wp-content\/uploads\/2022\/05\/20855023-high_widelg-1.jpeg\",\"articleSection\":[\"Pol\u00edtica\",\"\u00daltimas\"],\"inLanguage\":\"pt-PT\",\"potentialAction\":[{\"@type\":\"CommentAction\",\"name\":\"Comment\",\"target\":[\"https:\/\/brasilnoticias.org\/site\/bolsonaro-chama-fachin-de-militante-de-esquerda-e-diz-que-ele-quer-eleger-lula\/#respond\"]}]},{\"@type\":\"WebPage\",\"@id\":\"https:\/\/brasilnoticias.org\/site\/bolsonaro-chama-fachin-de-militante-de-esquerda-e-diz-que-ele-quer-eleger-lula\/\",\"url\":\"https:\/\/brasilnoticias.org\/site\/bolsonaro-chama-fachin-de-militante-de-esquerda-e-diz-que-ele-quer-eleger-lula\/\",\"name\":\"BOLSONARO CHAMA FACHIN DE MILITANTE DE ESQUERDA E DIZ QUE ELE QUER ELEGER LULA - Brasil not\u00edcias\",\"isPartOf\":{\"@id\":\"https:\/\/brasilnoticias.org\/site\/#website\"},\"primaryImageOfPage\":{\"@id\":\"https:\/\/brasilnoticias.org\/site\/bolsonaro-chama-fachin-de-militante-de-esquerda-e-diz-que-ele-quer-eleger-lula\/#primaryimage\"},\"image\":{\"@id\":\"https:\/\/brasilnoticias.org\/site\/bolsonaro-chama-fachin-de-militante-de-esquerda-e-diz-que-ele-quer-eleger-lula\/#primaryimage\"},\"thumbnailUrl\":\"https:\/\/brasilnoticias.org\/site\/wp-content\/uploads\/2022\/05\/20855023-high_widelg-1.jpeg\",\"datePublished\":\"2022-05-28T15:40:32+00:00\",\"breadcrumb\":{\"@id\":\"https:\/\/brasilnoticias.org\/site\/bolsonaro-chama-fachin-de-militante-de-esquerda-e-diz-que-ele-quer-eleger-lula\/#breadcrumb\"},\"inLanguage\":\"pt-PT\",\"potentialAction\":[{\"@type\":\"ReadAction\",\"target\":[\"https:\/\/brasilnoticias.org\/site\/bolsonaro-chama-fachin-de-militante-de-esquerda-e-diz-que-ele-quer-eleger-lula\/\"]}]},{\"@type\":\"ImageObject\",\"inLanguage\":\"pt-PT\",\"@id\":\"https:\/\/brasilnoticias.org\/site\/bolsonaro-chama-fachin-de-militante-de-esquerda-e-diz-que-ele-quer-eleger-lula\/#primaryimage\",\"url\":\"https:\/\/brasilnoticias.org\/site\/wp-content\/uploads\/2022\/05\/20855023-high_widelg-1.jpeg\",\"contentUrl\":\"https:\/\/brasilnoticias.org\/site\/wp-content\/uploads\/2022\/05\/20855023-high_widelg-1.jpeg\",\"width\":800,\"height\":450},{\"@type\":\"BreadcrumbList\",\"@id\":\"https:\/\/brasilnoticias.org\/site\/bolsonaro-chama-fachin-de-militante-de-esquerda-e-diz-que-ele-quer-eleger-lula\/#breadcrumb\",\"itemListElement\":[{\"@type\":\"ListItem\",\"position\":1,\"name\":\"In\u00edcio\",\"item\":\"https:\/\/brasilnoticias.org\/site\/\"},{\"@type\":\"ListItem\",\"position\":2,\"name\":\"BOLSONARO CHAMA FACHIN DE MILITANTE DE ESQUERDA E DIZ QUE ELE QUER ELEGER LULA\"}]},{\"@type\":\"WebSite\",\"@id\":\"https:\/\/brasilnoticias.org\/site\/#website\",\"url\":\"https:\/\/brasilnoticias.org\/site\/\",\"name\":\"Brasil not\u00edcias\",\"description\":\"Brasil not\u00edcias\",\"publisher\":{\"@id\":\"https:\/\/brasilnoticias.org\/site\/#organization\"},\"potentialAction\":[{\"@type\":\"SearchAction\",\"target\":{\"@type\":\"EntryPoint\",\"urlTemplate\":\"https:\/\/brasilnoticias.org\/site\/?s={search_term_string}\"},\"query-input\":{\"@type\":\"PropertyValueSpecification\",\"valueRequired\":true,\"valueName\":\"search_term_string\"}}],\"inLanguage\":\"pt-PT\"},{\"@type\":\"Organization\",\"@id\":\"https:\/\/brasilnoticias.org\/site\/#organization\",\"name\":\"Brasil not\u00edcias\",\"url\":\"https:\/\/brasilnoticias.org\/site\/\",\"logo\":{\"@type\":\"ImageObject\",\"inLanguage\":\"pt-PT\",\"@id\":\"https:\/\/brasilnoticias.org\/site\/#\/schema\/logo\/image\/\",\"url\":\"https:\/\/brasilnoticias.org\/site\/wp-content\/uploads\/2022\/05\/cropped-brasilnoticias-mini.jpg\",\"contentUrl\":\"https:\/\/brasilnoticias.org\/site\/wp-content\/uploads\/2022\/05\/cropped-brasilnoticias-mini.jpg\",\"width\":314,\"height\":86,\"caption\":\"Brasil not\u00edcias\"},\"image\":{\"@id\":\"https:\/\/brasilnoticias.org\/site\/#\/schema\/logo\/image\/\"}},{\"@type\":\"Person\",\"@id\":\"https:\/\/brasilnoticias.org\/site\/#\/schema\/person\/f609fa847b5314f1c8b983342f34c798\",\"name\":\"Reda\u00e7\u00e3o\",\"image\":{\"@type\":\"ImageObject\",\"inLanguage\":\"pt-PT\",\"@id\":\"https:\/\/brasilnoticias.org\/site\/#\/schema\/person\/image\/\",\"url\":\"https:\/\/secure.gravatar.com\/avatar\/447284c06c1ad8b46465a36de9cd0d8326b73387a22799b8b1ffb1fbcff2ed0c?s=96&d=mm&r=g\",\"contentUrl\":\"https:\/\/secure.gravatar.com\/avatar\/447284c06c1ad8b46465a36de9cd0d8326b73387a22799b8b1ffb1fbcff2ed0c?s=96&d=mm&r=g\",\"caption\":\"Reda\u00e7\u00e3o\"},\"url\":\"https:\/\/brasilnoticias.org\/site\/author\/redacao\/\"}]}<\/script>\n<!-- \/ Yoast SEO plugin. -->","yoast_head_json":{"title":"BOLSONARO CHAMA FACHIN DE MILITANTE DE ESQUERDA E DIZ QUE ELE QUER ELEGER LULA - Brasil not\u00edcias","robots":{"index":"index","follow":"follow","max-snippet":"max-snippet:-1","max-image-preview":"max-image-preview:large","max-video-preview":"max-video-preview:-1"},"canonical":"https:\/\/brasilnoticias.org\/site\/bolsonaro-chama-fachin-de-militante-de-esquerda-e-diz-que-ele-quer-eleger-lula\/","og_locale":"pt_PT","og_type":"article","og_title":"BOLSONARO CHAMA FACHIN DE MILITANTE DE ESQUERDA E DIZ QUE ELE QUER ELEGER LULA - Brasil not\u00edcias","og_description":"O presidente Jair Bolsonaro (PL) voltou, nesta sexta-feira (27), a criticar ministros do STF (Supremo Tribunal Federal). Em sua live","og_url":"https:\/\/brasilnoticias.org\/site\/bolsonaro-chama-fachin-de-militante-de-esquerda-e-diz-que-ele-quer-eleger-lula\/","og_site_name":"Brasil not\u00edcias","article_published_time":"2022-05-28T15:40:32+00:00","og_image":[{"width":800,"height":450,"url":"https:\/\/brasilnoticias.org\/site\/wp-content\/uploads\/2022\/05\/20855023-high_widelg-1.jpeg","type":"image\/jpeg"}],"author":"Reda\u00e7\u00e3o","twitter_card":"summary_large_image","twitter_misc":{"Escrito por":"Reda\u00e7\u00e3o","Tempo estimado de leitura":"4 minutos"},"schema":{"@context":"https:\/\/schema.org","@graph":[{"@type":"Article","@id":"https:\/\/brasilnoticias.org\/site\/bolsonaro-chama-fachin-de-militante-de-esquerda-e-diz-que-ele-quer-eleger-lula\/#article","isPartOf":{"@id":"https:\/\/brasilnoticias.org\/site\/bolsonaro-chama-fachin-de-militante-de-esquerda-e-diz-que-ele-quer-eleger-lula\/"},"author":{"name":"Reda\u00e7\u00e3o","@id":"https:\/\/brasilnoticias.org\/site\/#\/schema\/person\/f609fa847b5314f1c8b983342f34c798"},"headline":"BOLSONARO CHAMA FACHIN DE MILITANTE DE ESQUERDA E DIZ QUE ELE QUER ELEGER LULA","datePublished":"2022-05-28T15:40:32+00:00","mainEntityOfPage":{"@id":"https:\/\/brasilnoticias.org\/site\/bolsonaro-chama-fachin-de-militante-de-esquerda-e-diz-que-ele-quer-eleger-lula\/"},"wordCount":827,"commentCount":0,"publisher":{"@id":"https:\/\/brasilnoticias.org\/site\/#organization"},"image":{"@id":"https:\/\/brasilnoticias.org\/site\/bolsonaro-chama-fachin-de-militante-de-esquerda-e-diz-que-ele-quer-eleger-lula\/#primaryimage"},"thumbnailUrl":"https:\/\/brasilnoticias.org\/site\/wp-content\/uploads\/2022\/05\/20855023-high_widelg-1.jpeg","articleSection":["Pol\u00edtica","\u00daltimas"],"inLanguage":"pt-PT","potentialAction":[{"@type":"CommentAction","name":"Comment","target":["https:\/\/brasilnoticias.org\/site\/bolsonaro-chama-fachin-de-militante-de-esquerda-e-diz-que-ele-quer-eleger-lula\/#respond"]}]},{"@type":"WebPage","@id":"https:\/\/brasilnoticias.org\/site\/bolsonaro-chama-fachin-de-militante-de-esquerda-e-diz-que-ele-quer-eleger-lula\/","url":"https:\/\/brasilnoticias.org\/site\/bolsonaro-chama-fachin-de-militante-de-esquerda-e-diz-que-ele-quer-eleger-lula\/","name":"BOLSONARO CHAMA FACHIN DE MILITANTE DE ESQUERDA E DIZ QUE ELE QUER ELEGER LULA - Brasil not\u00edcias","isPartOf":{"@id":"https:\/\/brasilnoticias.org\/site\/#website"},"primaryImageOfPage":{"@id":"https:\/\/brasilnoticias.org\/site\/bolsonaro-chama-fachin-de-militante-de-esquerda-e-diz-que-ele-quer-eleger-lula\/#primaryimage"},"image":{"@id":"https:\/\/brasilnoticias.org\/site\/bolsonaro-chama-fachin-de-militante-de-esquerda-e-diz-que-ele-quer-eleger-lula\/#primaryimage"},"thumbnailUrl":"https:\/\/brasilnoticias.org\/site\/wp-content\/uploads\/2022\/05\/20855023-high_widelg-1.jpeg","datePublished":"2022-05-28T15:40:32+00:00","breadcrumb":{"@id":"https:\/\/brasilnoticias.org\/site\/bolsonaro-chama-fachin-de-militante-de-esquerda-e-diz-que-ele-quer-eleger-lula\/#breadcrumb"},"inLanguage":"pt-PT","potentialAction":[{"@type":"ReadAction","target":["https:\/\/brasilnoticias.org\/site\/bolsonaro-chama-fachin-de-militante-de-esquerda-e-diz-que-ele-quer-eleger-lula\/"]}]},{"@type":"ImageObject","inLanguage":"pt-PT","@id":"https:\/\/brasilnoticias.org\/site\/bolsonaro-chama-fachin-de-militante-de-esquerda-e-diz-que-ele-quer-eleger-lula\/#primaryimage","url":"https:\/\/brasilnoticias.org\/site\/wp-content\/uploads\/2022\/05\/20855023-high_widelg-1.jpeg","contentUrl":"https:\/\/brasilnoticias.org\/site\/wp-content\/uploads\/2022\/05\/20855023-high_widelg-1.jpeg","width":800,"height":450},{"@type":"BreadcrumbList","@id":"https:\/\/brasilnoticias.org\/site\/bolsonaro-chama-fachin-de-militante-de-esquerda-e-diz-que-ele-quer-eleger-lula\/#breadcrumb","itemListElement":[{"@type":"ListItem","position":1,"name":"In\u00edcio","item":"https:\/\/brasilnoticias.org\/site\/"},{"@type":"ListItem","position":2,"name":"BOLSONARO CHAMA FACHIN DE MILITANTE DE ESQUERDA E DIZ QUE ELE QUER ELEGER LULA"}]},{"@type":"WebSite","@id":"https:\/\/brasilnoticias.org\/site\/#website","url":"https:\/\/brasilnoticias.org\/site\/","name":"Brasil not\u00edcias","description":"Brasil not\u00edcias","publisher":{"@id":"https:\/\/brasilnoticias.org\/site\/#organization"},"potentialAction":[{"@type":"SearchAction","target":{"@type":"EntryPoint","urlTemplate":"https:\/\/brasilnoticias.org\/site\/?s={search_term_string}"},"query-input":{"@type":"PropertyValueSpecification","valueRequired":true,"valueName":"search_term_string"}}],"inLanguage":"pt-PT"},{"@type":"Organization","@id":"https:\/\/brasilnoticias.org\/site\/#organization","name":"Brasil not\u00edcias","url":"https:\/\/brasilnoticias.org\/site\/","logo":{"@type":"ImageObject","inLanguage":"pt-PT","@id":"https:\/\/brasilnoticias.org\/site\/#\/schema\/logo\/image\/","url":"https:\/\/brasilnoticias.org\/site\/wp-content\/uploads\/2022\/05\/cropped-brasilnoticias-mini.jpg","contentUrl":"https:\/\/brasilnoticias.org\/site\/wp-content\/uploads\/2022\/05\/cropped-brasilnoticias-mini.jpg","width":314,"height":86,"caption":"Brasil not\u00edcias"},"image":{"@id":"https:\/\/brasilnoticias.org\/site\/#\/schema\/logo\/image\/"}},{"@type":"Person","@id":"https:\/\/brasilnoticias.org\/site\/#\/schema\/person\/f609fa847b5314f1c8b983342f34c798","name":"Reda\u00e7\u00e3o","image":{"@type":"ImageObject","inLanguage":"pt-PT","@id":"https:\/\/brasilnoticias.org\/site\/#\/schema\/person\/image\/","url":"https:\/\/secure.gravatar.com\/avatar\/447284c06c1ad8b46465a36de9cd0d8326b73387a22799b8b1ffb1fbcff2ed0c?s=96&d=mm&r=g","contentUrl":"https:\/\/secure.gravatar.com\/avatar\/447284c06c1ad8b46465a36de9cd0d8326b73387a22799b8b1ffb1fbcff2ed0c?s=96&d=mm&r=g","caption":"Reda\u00e7\u00e3o"},"url":"https:\/\/brasilnoticias.org\/site\/author\/redacao\/"}]}},"_links":{"self":[{"href":"https:\/\/brasilnoticias.org\/site\/wp-json\/wp\/v2\/posts\/627","targetHints":{"allow":["GET"]}}],"collection":[{"href":"https:\/\/brasilnoticias.org\/site\/wp-json\/wp\/v2\/posts"}],"about":[{"href":"https:\/\/brasilnoticias.org\/site\/wp-json\/wp\/v2\/types\/post"}],"author":[{"embeddable":true,"href":"https:\/\/brasilnoticias.org\/site\/wp-json\/wp\/v2\/users\/2"}],"replies":[{"embeddable":true,"href":"https:\/\/brasilnoticias.org\/site\/wp-json\/wp\/v2\/comments?post=627"}],"version-history":[{"count":1,"href":"https:\/\/brasilnoticias.org\/site\/wp-json\/wp\/v2\/posts\/627\/revisions"}],"predecessor-version":[{"id":629,"href":"https:\/\/brasilnoticias.org\/site\/wp-json\/wp\/v2\/posts\/627\/revisions\/629"}],"wp:featuredmedia":[{"embeddable":true,"href":"https:\/\/brasilnoticias.org\/site\/wp-json\/wp\/v2\/media\/628"}],"wp:attachment":[{"href":"https:\/\/brasilnoticias.org\/site\/wp-json\/wp\/v2\/media?parent=627"}],"wp:term":[{"taxonomy":"category","embeddable":true,"href":"https:\/\/brasilnoticias.org\/site\/wp-json\/wp\/v2\/categories?post=627"},{"taxonomy":"post_tag","embeddable":true,"href":"https:\/\/brasilnoticias.org\/site\/wp-json\/wp\/v2\/tags?post=627"}],"curies":[{"name":"wp","href":"https:\/\/api.w.org\/{rel}","templated":true}]}}