{"id":6290,"date":"2023-05-26T16:45:19","date_gmt":"2023-05-26T19:45:19","guid":{"rendered":"https:\/\/brasilnoticias.org\/site\/?p=6290"},"modified":"2023-05-26T16:45:19","modified_gmt":"2023-05-26T19:45:19","slug":"capitao-alden-diz-que-cpi-do-mst-vem-sendo-conduzida-para-que-repostas-sobre-invasoes-sejam-entregues-a-populacao","status":"publish","type":"post","link":"https:\/\/brasilnoticias.org\/site\/capitao-alden-diz-que-cpi-do-mst-vem-sendo-conduzida-para-que-repostas-sobre-invasoes-sejam-entregues-a-populacao\/","title":{"rendered":"Capit\u00e3o Alden diz que CPI do MST vem sendo conduzida para que repostas sobre invas\u00f5es sejam entregues \u00e0 popula\u00e7\u00e3o"},"content":{"rendered":"<p>Membro titular da Comiss\u00e3o Parlamentar de Inqu\u00e9rito (CPI) para investigar as invas\u00f5es de terra no Brasil, o deputado federal Capit\u00e3o Alden (PL-BA) ressaltou a import\u00e2ncia do colegiado e elogiou a condu\u00e7\u00e3o dos trabalho dos presidente da CPI, o deputado Tenente-Coronel Zucco (Republicanos-RS), bem como do relator, o deputado Ricardo Salles (PL-SP). <\/p>\n<p>Para Alden, \u00e9 de extrema import\u00e2ncia que a Comiss\u00e3o entregue \u00e0 popula\u00e7\u00e3o respostas sobre as invas\u00f5es e puna aqueles que financiam as mesmas. &#8220;Mais do que debater sobre o tema, precisamos passar para o povo brasileiro a certeza de que a CPI ter\u00e1 resultado, que haver\u00e1 puni\u00e7\u00e3o aos envolvidos e que este crime seja banido do nosso pa\u00eds. Infelizmente, com a volta do PT ao Governo Federal, o MST se achou legitimado em voltar as invas\u00f5es, mas n\u00e3o vamos descansar at\u00e9 que elas cessem. A condu\u00e7\u00e3o dos deputados Tenente-Coronel Coronel Zucco e Ricardo Salles tem sido fundamental para este objetivo&#8221;, disse o deputado baiano, parabenizando tamb\u00e9m toda bancada de oposi\u00e7\u00e3o pelas discuss\u00f5es. <\/p>\n<p>Ao comentar sobre a estrat\u00e9gia do governo em usar a CPI do 8\/1 como &#8220;contra-ataque&#8221; para a CPI do MST, Capit\u00e3o Alden afirmou que esta not\u00edcia &#8220;s\u00f3 mostra que o governo do PT no Brasil n\u00e3o est\u00e1 preocupado com a legalidade&#8221;, mas sim &#8220;com seus pr\u00f3prios interesses&#8221;. <\/p>\n<p>&#8220;O Governo Federal deveria se preocupar em governar para o povo e n\u00e3o para os seus pr\u00f3prios interesses. \u00c9 surreal que eles cogitem usar de mecanismos de investiga\u00e7\u00e3o para contra-atacar o trabalho dos deputados na C\u00e2mara&#8221;, completou.<\/p>\n<p>S\u00e3o Paulo &#8211; Ao lado de Zucco e Salles, o Capit\u00e3o Alden estar\u00e1 em S\u00e3o Paulo, em agenda oficial da CPI,  na pr\u00f3xima segunda-feira (29), para acompanhar as a\u00e7\u00f5es que o Governo do Estado local est\u00e1 tomando para conter as invas\u00f5es.<\/p>\n","protected":false},"excerpt":{"rendered":"<p>Membro titular da Comiss\u00e3o Parlamentar de Inqu\u00e9rito (CPI) para investigar as invas\u00f5es de terra no Brasil, o deputado federal Capit\u00e3o<\/p>\n","protected":false},"author":1,"featured_media":6291,"comment_status":"open","ping_status":"open","sticky":false,"template":"","format":"standard","meta":{"colormag_page_container_layout":"default_layout","colormag_page_sidebar_layout":"default_layout","_FSMCFIC_featured_image_caption":"","_FSMCFIC_featured_image_nocaption":"","_FSMCFIC_featured_image_hide":"","footnotes":""},"categories":[5,1],"tags":[],"class_list":["post-6290","post","type-post","status-publish","format-standard","has-post-thumbnail","hentry","category-politica","category-ultimas"],"yoast_head":"<!-- This site is optimized with the Yoast SEO plugin v27.1.1 - https:\/\/yoast.com\/product\/yoast-seo-wordpress\/ -->\n<title>Capit\u00e3o Alden diz que CPI do MST vem sendo conduzida para que repostas sobre invas\u00f5es sejam entregues \u00e0 popula\u00e7\u00e3o - Brasil not\u00edcias<\/title>\n<meta name=\"robots\" content=\"index, follow, max-snippet:-1, max-image-preview:large, max-video-preview:-1\" \/>\n<link rel=\"canonical\" href=\"https:\/\/brasilnoticias.org\/site\/capitao-alden-diz-que-cpi-do-mst-vem-sendo-conduzida-para-que-repostas-sobre-invasoes-sejam-entregues-a-populacao\/\" \/>\n<meta property=\"og:locale\" content=\"pt_PT\" \/>\n<meta property=\"og:type\" content=\"article\" \/>\n<meta property=\"og:title\" content=\"Capit\u00e3o Alden diz que CPI do MST vem sendo conduzida para que repostas sobre invas\u00f5es sejam entregues \u00e0 popula\u00e7\u00e3o - Brasil not\u00edcias\" \/>\n<meta property=\"og:description\" content=\"Membro titular da Comiss\u00e3o Parlamentar de Inqu\u00e9rito (CPI) para investigar as invas\u00f5es de terra no Brasil, o deputado federal Capit\u00e3o\" \/>\n<meta property=\"og:url\" content=\"https:\/\/brasilnoticias.org\/site\/capitao-alden-diz-que-cpi-do-mst-vem-sendo-conduzida-para-que-repostas-sobre-invasoes-sejam-entregues-a-populacao\/\" \/>\n<meta property=\"og:site_name\" content=\"Brasil not\u00edcias\" \/>\n<meta property=\"article:published_time\" content=\"2023-05-26T19:45:19+00:00\" \/>\n<meta property=\"og:image\" content=\"https:\/\/brasilnoticias.org\/site\/wp-content\/uploads\/2023\/05\/WhatsApp-Image-2023-05-26-at-16.02.51.jpeg\" \/>\n\t<meta property=\"og:image:width\" content=\"1024\" \/>\n\t<meta property=\"og:image:height\" content=\"683\" \/>\n\t<meta property=\"og:image:type\" content=\"image\/jpeg\" \/>\n<meta name=\"author\" content=\"Reda\u00e7\u00e3o\" \/>\n<meta name=\"twitter:card\" content=\"summary_large_image\" \/>\n<meta name=\"twitter:label1\" content=\"Escrito por\" \/>\n\t<meta name=\"twitter:data1\" content=\"Reda\u00e7\u00e3o\" \/>\n<script type=\"application\/ld+json\" class=\"yoast-schema-graph\">{\"@context\":\"https:\/\/schema.org\",\"@graph\":[{\"@type\":\"Article\",\"@id\":\"https:\/\/brasilnoticias.org\/site\/capitao-alden-diz-que-cpi-do-mst-vem-sendo-conduzida-para-que-repostas-sobre-invasoes-sejam-entregues-a-populacao\/#article\",\"isPartOf\":{\"@id\":\"https:\/\/brasilnoticias.org\/site\/capitao-alden-diz-que-cpi-do-mst-vem-sendo-conduzida-para-que-repostas-sobre-invasoes-sejam-entregues-a-populacao\/\"},\"author\":{\"name\":\"Reda\u00e7\u00e3o\",\"@id\":\"https:\/\/brasilnoticias.org\/site\/#\/schema\/person\/a0e05b973ec4d15c658d51911e53507b\"},\"headline\":\"Capit\u00e3o Alden diz que CPI do MST vem sendo conduzida para que repostas sobre invas\u00f5es sejam entregues \u00e0 popula\u00e7\u00e3o\",\"datePublished\":\"2023-05-26T19:45:19+00:00\",\"mainEntityOfPage\":{\"@id\":\"https:\/\/brasilnoticias.org\/site\/capitao-alden-diz-que-cpi-do-mst-vem-sendo-conduzida-para-que-repostas-sobre-invasoes-sejam-entregues-a-populacao\/\"},\"wordCount\":337,\"commentCount\":0,\"publisher\":{\"@id\":\"https:\/\/brasilnoticias.org\/site\/#organization\"},\"image\":{\"@id\":\"https:\/\/brasilnoticias.org\/site\/capitao-alden-diz-que-cpi-do-mst-vem-sendo-conduzida-para-que-repostas-sobre-invasoes-sejam-entregues-a-populacao\/#primaryimage\"},\"thumbnailUrl\":\"https:\/\/brasilnoticias.org\/site\/wp-content\/uploads\/2023\/05\/WhatsApp-Image-2023-05-26-at-16.02.51.jpeg\",\"articleSection\":[\"Pol\u00edtica\",\"\u00daltimas\"],\"inLanguage\":\"pt-PT\",\"potentialAction\":[{\"@type\":\"CommentAction\",\"name\":\"Comment\",\"target\":[\"https:\/\/brasilnoticias.org\/site\/capitao-alden-diz-que-cpi-do-mst-vem-sendo-conduzida-para-que-repostas-sobre-invasoes-sejam-entregues-a-populacao\/#respond\"]}]},{\"@type\":\"WebPage\",\"@id\":\"https:\/\/brasilnoticias.org\/site\/capitao-alden-diz-que-cpi-do-mst-vem-sendo-conduzida-para-que-repostas-sobre-invasoes-sejam-entregues-a-populacao\/\",\"url\":\"https:\/\/brasilnoticias.org\/site\/capitao-alden-diz-que-cpi-do-mst-vem-sendo-conduzida-para-que-repostas-sobre-invasoes-sejam-entregues-a-populacao\/\",\"name\":\"Capit\u00e3o Alden diz que CPI do MST vem sendo conduzida para que repostas sobre invas\u00f5es sejam entregues \u00e0 popula\u00e7\u00e3o - Brasil not\u00edcias\",\"isPartOf\":{\"@id\":\"https:\/\/brasilnoticias.org\/site\/#website\"},\"primaryImageOfPage\":{\"@id\":\"https:\/\/brasilnoticias.org\/site\/capitao-alden-diz-que-cpi-do-mst-vem-sendo-conduzida-para-que-repostas-sobre-invasoes-sejam-entregues-a-populacao\/#primaryimage\"},\"image\":{\"@id\":\"https:\/\/brasilnoticias.org\/site\/capitao-alden-diz-que-cpi-do-mst-vem-sendo-conduzida-para-que-repostas-sobre-invasoes-sejam-entregues-a-populacao\/#primaryimage\"},\"thumbnailUrl\":\"https:\/\/brasilnoticias.org\/site\/wp-content\/uploads\/2023\/05\/WhatsApp-Image-2023-05-26-at-16.02.51.jpeg\",\"datePublished\":\"2023-05-26T19:45:19+00:00\",\"breadcrumb\":{\"@id\":\"https:\/\/brasilnoticias.org\/site\/capitao-alden-diz-que-cpi-do-mst-vem-sendo-conduzida-para-que-repostas-sobre-invasoes-sejam-entregues-a-populacao\/#breadcrumb\"},\"inLanguage\":\"pt-PT\",\"potentialAction\":[{\"@type\":\"ReadAction\",\"target\":[\"https:\/\/brasilnoticias.org\/site\/capitao-alden-diz-que-cpi-do-mst-vem-sendo-conduzida-para-que-repostas-sobre-invasoes-sejam-entregues-a-populacao\/\"]}]},{\"@type\":\"ImageObject\",\"inLanguage\":\"pt-PT\",\"@id\":\"https:\/\/brasilnoticias.org\/site\/capitao-alden-diz-que-cpi-do-mst-vem-sendo-conduzida-para-que-repostas-sobre-invasoes-sejam-entregues-a-populacao\/#primaryimage\",\"url\":\"https:\/\/brasilnoticias.org\/site\/wp-content\/uploads\/2023\/05\/WhatsApp-Image-2023-05-26-at-16.02.51.jpeg\",\"contentUrl\":\"https:\/\/brasilnoticias.org\/site\/wp-content\/uploads\/2023\/05\/WhatsApp-Image-2023-05-26-at-16.02.51.jpeg\",\"width\":1024,\"height\":683},{\"@type\":\"BreadcrumbList\",\"@id\":\"https:\/\/brasilnoticias.org\/site\/capitao-alden-diz-que-cpi-do-mst-vem-sendo-conduzida-para-que-repostas-sobre-invasoes-sejam-entregues-a-populacao\/#breadcrumb\",\"itemListElement\":[{\"@type\":\"ListItem\",\"position\":1,\"name\":\"In\u00edcio\",\"item\":\"https:\/\/brasilnoticias.org\/site\/\"},{\"@type\":\"ListItem\",\"position\":2,\"name\":\"Capit\u00e3o Alden diz que CPI do MST vem sendo conduzida para que repostas sobre invas\u00f5es sejam entregues \u00e0 popula\u00e7\u00e3o\"}]},{\"@type\":\"WebSite\",\"@id\":\"https:\/\/brasilnoticias.org\/site\/#website\",\"url\":\"https:\/\/brasilnoticias.org\/site\/\",\"name\":\"Brasil not\u00edcias\",\"description\":\"Brasil not\u00edcias\",\"publisher\":{\"@id\":\"https:\/\/brasilnoticias.org\/site\/#organization\"},\"potentialAction\":[{\"@type\":\"SearchAction\",\"target\":{\"@type\":\"EntryPoint\",\"urlTemplate\":\"https:\/\/brasilnoticias.org\/site\/?s={search_term_string}\"},\"query-input\":{\"@type\":\"PropertyValueSpecification\",\"valueRequired\":true,\"valueName\":\"search_term_string\"}}],\"inLanguage\":\"pt-PT\"},{\"@type\":\"Organization\",\"@id\":\"https:\/\/brasilnoticias.org\/site\/#organization\",\"name\":\"Brasil not\u00edcias\",\"url\":\"https:\/\/brasilnoticias.org\/site\/\",\"logo\":{\"@type\":\"ImageObject\",\"inLanguage\":\"pt-PT\",\"@id\":\"https:\/\/brasilnoticias.org\/site\/#\/schema\/logo\/image\/\",\"url\":\"https:\/\/brasilnoticias.org\/site\/wp-content\/uploads\/2022\/05\/cropped-brasilnoticias-mini.jpg\",\"contentUrl\":\"https:\/\/brasilnoticias.org\/site\/wp-content\/uploads\/2022\/05\/cropped-brasilnoticias-mini.jpg\",\"width\":314,\"height\":86,\"caption\":\"Brasil not\u00edcias\"},\"image\":{\"@id\":\"https:\/\/brasilnoticias.org\/site\/#\/schema\/logo\/image\/\"}},{\"@type\":\"Person\",\"@id\":\"https:\/\/brasilnoticias.org\/site\/#\/schema\/person\/a0e05b973ec4d15c658d51911e53507b\",\"name\":\"Reda\u00e7\u00e3o\",\"image\":{\"@type\":\"ImageObject\",\"inLanguage\":\"pt-PT\",\"@id\":\"https:\/\/brasilnoticias.org\/site\/#\/schema\/person\/image\/\",\"url\":\"https:\/\/secure.gravatar.com\/avatar\/75d8b050df2de108b08ae78dfb8e374892df24a383c67db9c46a9c604f6aee9c?s=96&d=mm&r=g\",\"contentUrl\":\"https:\/\/secure.gravatar.com\/avatar\/75d8b050df2de108b08ae78dfb8e374892df24a383c67db9c46a9c604f6aee9c?s=96&d=mm&r=g\",\"caption\":\"Reda\u00e7\u00e3o\"},\"sameAs\":[\"https:\/\/brasilnoticias.org\/site\"],\"url\":\"https:\/\/brasilnoticias.org\/site\/author\/fernandozsngmail-com\/\"}]}<\/script>\n<!-- \/ Yoast SEO plugin. -->","yoast_head_json":{"title":"Capit\u00e3o Alden diz que CPI do MST vem sendo conduzida para que repostas sobre invas\u00f5es sejam entregues \u00e0 popula\u00e7\u00e3o - Brasil not\u00edcias","robots":{"index":"index","follow":"follow","max-snippet":"max-snippet:-1","max-image-preview":"max-image-preview:large","max-video-preview":"max-video-preview:-1"},"canonical":"https:\/\/brasilnoticias.org\/site\/capitao-alden-diz-que-cpi-do-mst-vem-sendo-conduzida-para-que-repostas-sobre-invasoes-sejam-entregues-a-populacao\/","og_locale":"pt_PT","og_type":"article","og_title":"Capit\u00e3o Alden diz que CPI do MST vem sendo conduzida para que repostas sobre invas\u00f5es sejam entregues \u00e0 popula\u00e7\u00e3o - Brasil not\u00edcias","og_description":"Membro titular da Comiss\u00e3o Parlamentar de Inqu\u00e9rito (CPI) para investigar as invas\u00f5es de terra no Brasil, o deputado federal Capit\u00e3o","og_url":"https:\/\/brasilnoticias.org\/site\/capitao-alden-diz-que-cpi-do-mst-vem-sendo-conduzida-para-que-repostas-sobre-invasoes-sejam-entregues-a-populacao\/","og_site_name":"Brasil not\u00edcias","article_published_time":"2023-05-26T19:45:19+00:00","og_image":[{"width":1024,"height":683,"url":"https:\/\/brasilnoticias.org\/site\/wp-content\/uploads\/2023\/05\/WhatsApp-Image-2023-05-26-at-16.02.51.jpeg","type":"image\/jpeg"}],"author":"Reda\u00e7\u00e3o","twitter_card":"summary_large_image","twitter_misc":{"Escrito por":"Reda\u00e7\u00e3o"},"schema":{"@context":"https:\/\/schema.org","@graph":[{"@type":"Article","@id":"https:\/\/brasilnoticias.org\/site\/capitao-alden-diz-que-cpi-do-mst-vem-sendo-conduzida-para-que-repostas-sobre-invasoes-sejam-entregues-a-populacao\/#article","isPartOf":{"@id":"https:\/\/brasilnoticias.org\/site\/capitao-alden-diz-que-cpi-do-mst-vem-sendo-conduzida-para-que-repostas-sobre-invasoes-sejam-entregues-a-populacao\/"},"author":{"name":"Reda\u00e7\u00e3o","@id":"https:\/\/brasilnoticias.org\/site\/#\/schema\/person\/a0e05b973ec4d15c658d51911e53507b"},"headline":"Capit\u00e3o Alden diz que CPI do MST vem sendo conduzida para que repostas sobre invas\u00f5es sejam entregues \u00e0 popula\u00e7\u00e3o","datePublished":"2023-05-26T19:45:19+00:00","mainEntityOfPage":{"@id":"https:\/\/brasilnoticias.org\/site\/capitao-alden-diz-que-cpi-do-mst-vem-sendo-conduzida-para-que-repostas-sobre-invasoes-sejam-entregues-a-populacao\/"},"wordCount":337,"commentCount":0,"publisher":{"@id":"https:\/\/brasilnoticias.org\/site\/#organization"},"image":{"@id":"https:\/\/brasilnoticias.org\/site\/capitao-alden-diz-que-cpi-do-mst-vem-sendo-conduzida-para-que-repostas-sobre-invasoes-sejam-entregues-a-populacao\/#primaryimage"},"thumbnailUrl":"https:\/\/brasilnoticias.org\/site\/wp-content\/uploads\/2023\/05\/WhatsApp-Image-2023-05-26-at-16.02.51.jpeg","articleSection":["Pol\u00edtica","\u00daltimas"],"inLanguage":"pt-PT","potentialAction":[{"@type":"CommentAction","name":"Comment","target":["https:\/\/brasilnoticias.org\/site\/capitao-alden-diz-que-cpi-do-mst-vem-sendo-conduzida-para-que-repostas-sobre-invasoes-sejam-entregues-a-populacao\/#respond"]}]},{"@type":"WebPage","@id":"https:\/\/brasilnoticias.org\/site\/capitao-alden-diz-que-cpi-do-mst-vem-sendo-conduzida-para-que-repostas-sobre-invasoes-sejam-entregues-a-populacao\/","url":"https:\/\/brasilnoticias.org\/site\/capitao-alden-diz-que-cpi-do-mst-vem-sendo-conduzida-para-que-repostas-sobre-invasoes-sejam-entregues-a-populacao\/","name":"Capit\u00e3o Alden diz que CPI do MST vem sendo conduzida para que repostas sobre invas\u00f5es sejam entregues \u00e0 popula\u00e7\u00e3o - Brasil not\u00edcias","isPartOf":{"@id":"https:\/\/brasilnoticias.org\/site\/#website"},"primaryImageOfPage":{"@id":"https:\/\/brasilnoticias.org\/site\/capitao-alden-diz-que-cpi-do-mst-vem-sendo-conduzida-para-que-repostas-sobre-invasoes-sejam-entregues-a-populacao\/#primaryimage"},"image":{"@id":"https:\/\/brasilnoticias.org\/site\/capitao-alden-diz-que-cpi-do-mst-vem-sendo-conduzida-para-que-repostas-sobre-invasoes-sejam-entregues-a-populacao\/#primaryimage"},"thumbnailUrl":"https:\/\/brasilnoticias.org\/site\/wp-content\/uploads\/2023\/05\/WhatsApp-Image-2023-05-26-at-16.02.51.jpeg","datePublished":"2023-05-26T19:45:19+00:00","breadcrumb":{"@id":"https:\/\/brasilnoticias.org\/site\/capitao-alden-diz-que-cpi-do-mst-vem-sendo-conduzida-para-que-repostas-sobre-invasoes-sejam-entregues-a-populacao\/#breadcrumb"},"inLanguage":"pt-PT","potentialAction":[{"@type":"ReadAction","target":["https:\/\/brasilnoticias.org\/site\/capitao-alden-diz-que-cpi-do-mst-vem-sendo-conduzida-para-que-repostas-sobre-invasoes-sejam-entregues-a-populacao\/"]}]},{"@type":"ImageObject","inLanguage":"pt-PT","@id":"https:\/\/brasilnoticias.org\/site\/capitao-alden-diz-que-cpi-do-mst-vem-sendo-conduzida-para-que-repostas-sobre-invasoes-sejam-entregues-a-populacao\/#primaryimage","url":"https:\/\/brasilnoticias.org\/site\/wp-content\/uploads\/2023\/05\/WhatsApp-Image-2023-05-26-at-16.02.51.jpeg","contentUrl":"https:\/\/brasilnoticias.org\/site\/wp-content\/uploads\/2023\/05\/WhatsApp-Image-2023-05-26-at-16.02.51.jpeg","width":1024,"height":683},{"@type":"BreadcrumbList","@id":"https:\/\/brasilnoticias.org\/site\/capitao-alden-diz-que-cpi-do-mst-vem-sendo-conduzida-para-que-repostas-sobre-invasoes-sejam-entregues-a-populacao\/#breadcrumb","itemListElement":[{"@type":"ListItem","position":1,"name":"In\u00edcio","item":"https:\/\/brasilnoticias.org\/site\/"},{"@type":"ListItem","position":2,"name":"Capit\u00e3o Alden diz que CPI do MST vem sendo conduzida para que repostas sobre invas\u00f5es sejam entregues \u00e0 popula\u00e7\u00e3o"}]},{"@type":"WebSite","@id":"https:\/\/brasilnoticias.org\/site\/#website","url":"https:\/\/brasilnoticias.org\/site\/","name":"Brasil not\u00edcias","description":"Brasil not\u00edcias","publisher":{"@id":"https:\/\/brasilnoticias.org\/site\/#organization"},"potentialAction":[{"@type":"SearchAction","target":{"@type":"EntryPoint","urlTemplate":"https:\/\/brasilnoticias.org\/site\/?s={search_term_string}"},"query-input":{"@type":"PropertyValueSpecification","valueRequired":true,"valueName":"search_term_string"}}],"inLanguage":"pt-PT"},{"@type":"Organization","@id":"https:\/\/brasilnoticias.org\/site\/#organization","name":"Brasil not\u00edcias","url":"https:\/\/brasilnoticias.org\/site\/","logo":{"@type":"ImageObject","inLanguage":"pt-PT","@id":"https:\/\/brasilnoticias.org\/site\/#\/schema\/logo\/image\/","url":"https:\/\/brasilnoticias.org\/site\/wp-content\/uploads\/2022\/05\/cropped-brasilnoticias-mini.jpg","contentUrl":"https:\/\/brasilnoticias.org\/site\/wp-content\/uploads\/2022\/05\/cropped-brasilnoticias-mini.jpg","width":314,"height":86,"caption":"Brasil not\u00edcias"},"image":{"@id":"https:\/\/brasilnoticias.org\/site\/#\/schema\/logo\/image\/"}},{"@type":"Person","@id":"https:\/\/brasilnoticias.org\/site\/#\/schema\/person\/a0e05b973ec4d15c658d51911e53507b","name":"Reda\u00e7\u00e3o","image":{"@type":"ImageObject","inLanguage":"pt-PT","@id":"https:\/\/brasilnoticias.org\/site\/#\/schema\/person\/image\/","url":"https:\/\/secure.gravatar.com\/avatar\/75d8b050df2de108b08ae78dfb8e374892df24a383c67db9c46a9c604f6aee9c?s=96&d=mm&r=g","contentUrl":"https:\/\/secure.gravatar.com\/avatar\/75d8b050df2de108b08ae78dfb8e374892df24a383c67db9c46a9c604f6aee9c?s=96&d=mm&r=g","caption":"Reda\u00e7\u00e3o"},"sameAs":["https:\/\/brasilnoticias.org\/site"],"url":"https:\/\/brasilnoticias.org\/site\/author\/fernandozsngmail-com\/"}]}},"_links":{"self":[{"href":"https:\/\/brasilnoticias.org\/site\/wp-json\/wp\/v2\/posts\/6290","targetHints":{"allow":["GET"]}}],"collection":[{"href":"https:\/\/brasilnoticias.org\/site\/wp-json\/wp\/v2\/posts"}],"about":[{"href":"https:\/\/brasilnoticias.org\/site\/wp-json\/wp\/v2\/types\/post"}],"author":[{"embeddable":true,"href":"https:\/\/brasilnoticias.org\/site\/wp-json\/wp\/v2\/users\/1"}],"replies":[{"embeddable":true,"href":"https:\/\/brasilnoticias.org\/site\/wp-json\/wp\/v2\/comments?post=6290"}],"version-history":[{"count":1,"href":"https:\/\/brasilnoticias.org\/site\/wp-json\/wp\/v2\/posts\/6290\/revisions"}],"predecessor-version":[{"id":6292,"href":"https:\/\/brasilnoticias.org\/site\/wp-json\/wp\/v2\/posts\/6290\/revisions\/6292"}],"wp:featuredmedia":[{"embeddable":true,"href":"https:\/\/brasilnoticias.org\/site\/wp-json\/wp\/v2\/media\/6291"}],"wp:attachment":[{"href":"https:\/\/brasilnoticias.org\/site\/wp-json\/wp\/v2\/media?parent=6290"}],"wp:term":[{"taxonomy":"category","embeddable":true,"href":"https:\/\/brasilnoticias.org\/site\/wp-json\/wp\/v2\/categories?post=6290"},{"taxonomy":"post_tag","embeddable":true,"href":"https:\/\/brasilnoticias.org\/site\/wp-json\/wp\/v2\/tags?post=6290"}],"curies":[{"name":"wp","href":"https:\/\/api.w.org\/{rel}","templated":true}]}}