{"id":6294,"date":"2023-05-27T20:04:16","date_gmt":"2023-05-27T23:04:16","guid":{"rendered":"https:\/\/brasilnoticias.org\/site\/?p=6294"},"modified":"2023-05-27T20:04:16","modified_gmt":"2023-05-27T23:04:16","slug":"inter-vence-atalanta-e-se-classifica-para-a-proxima-champions","status":"publish","type":"post","link":"https:\/\/brasilnoticias.org\/site\/inter-vence-atalanta-e-se-classifica-para-a-proxima-champions\/","title":{"rendered":"Inter vence Atalanta e se classifica para a pr\u00f3xima Champions"},"content":{"rendered":"<p>A Inter de Mil\u00e3o garantiu sua presen\u00e7a na Liga dos Campe\u00f5es da pr\u00f3xima temporada gra\u00e7as \u00e0 vit\u00f3ria sobre a Atalanta por 3 a 2 neste s\u00e1bado (27), na 37\u00aa e pen\u00faltima rodada do Campeonato Italiano.<\/p>\n<p>Com este resultado, a Inter assume provisoriamente a vice-lideran\u00e7a com um ponto \u00e0 frente da Lazio, que j\u00e1 est\u00e1 garantida na Champions desde o \u00faltimo final de semana e que no domingo recebe a Cremonese (19\u00aa).<\/p>\n<p>Al\u00e9m disso, os &#8216;nerazzurri&#8217; abriram oito pontos de vantagem sobre o quinto colocado, justamente a Atalanta, o que fez a equipe se garantir no G4 da Serie A.<\/p>\n<p>&#8220;Parab\u00e9ns aos jogadores, foi provavelmente o jogo mais importante que tivemos que disputar, ainda mais quando lembramos onde est\u00e1vamos h\u00e1 sete rodadas&#8221;, comemorou o t\u00e9cnico Simone Inzaghi, em entrevista \u00e0 Sky Sport.<\/p>\n<p>Agora, os interistas concentram suas energias na final da Liga dos Campe\u00f5es contra o Manchester City, no dia 10 de junho, em Istambul.<\/p>\n<p>O belga Romelu Lukaku abriu o placar para a Inter logo no primeiro minuto de jogo e, aos tr\u00eas, Nicolo Barella ampliou.<\/p>\n<p>O croata Mario Pasalic diminuiu para a Atalanta aos 36, mas no segundo tempo Lautaro Mart\u00ednez fez o terceiro dos &#8216;nerazzurri&#8217; (77&#8242;).<\/p>\n<p>Nos acr\u00e9scimos, o colombiano Luis Muriel, com ajuda do goleiro Andr\u00e9 Onana, marcou o segundo da Atalanta (90&#8217;+2) e mexeu pela \u00faltima vez no placar no est\u00e1dio Giuseppe Meazza.<\/p>\n<p>Mais cedo, a Roma foi derrotada fora de casa pela Fiorentina por 2 a 1 e, assim como a Atalanta, esgotou suas chances de alcan\u00e7ar a zona de classifica\u00e7\u00e3o para a pr\u00f3xima Champions.<\/p>\n<p>Com este s\u00e9timo jogo consecutivo sem vit\u00f3ria na Serie A (quatro empates e tr\u00eas derrotas), os &#8216;giallorossi&#8217; permanecem em sexto na tabela com 60 pontos, quatro abaixo do Milan, que fecha o G4.<\/p>\n<p>O time do t\u00e9cnico Jos\u00e9 Mourinho tem agora uma \u00fanica via para disputar a Champions da pr\u00f3xima temporada: a final da Liga Europa, contra o Sevilla, na pr\u00f3xima quarta-feira.<\/p>\n<p>A derrota no est\u00e1dio Artemio Franchi neste s\u00e1bado foi especialmente dolorosa para a Roma, que saiu na frente aos 11 minutos com Stephan El Shaarawy marcando de cabe\u00e7a.<\/p>\n<p>Na reta final da partida, a Fiorentina conseguiu a virada em tr\u00eas minutos com os gols do s\u00e9rvio Luka Jovic (85&#8242;) e do franc\u00eas Jonathan Ikon\u00e9 (88&#8242;).<\/p>\n<p>Pensando na final continental, Mourinho escalou reservas e poupou o argentino Paulo Dybala, que \u00e9 d\u00favida contra o Sevilla devido a uma les\u00e3o no tornozelo.<\/p>\n<p>A Fiorentina, tr\u00eas dias depois da derrota para a Inter de Mil\u00e3o na final da Copa da It\u00e1lia (2 a 1), sobe provisoriamente para a nona posi\u00e7\u00e3o, empatada em pontos com o Torino (8\u00ba), que goleou o Spezia (17\u00ba) por 4 a 0.<\/p>\n<p>O jogo foi marcado por insultos racistas que o t\u00e9cnico do Torino, o croata Ivan Juric, disse ter recebido de parte dos torcedores do Spezia, o que provocou inclusive uma breve interrup\u00e7\u00e3o da partida.<\/p>\n<p>&#8220;Voc\u00ea tenta manter a calma, n\u00e3o reagir, mas \u00e9 desagrad\u00e1vel. O \u00e1rbitro fez bem, tudo ficou mais calmo&#8221;, disse depois da partida Juric, que pediu &#8220;medidas fortes&#8221; contra o racismo.<\/p>\n<p>Tamb\u00e9m neste s\u00e1bado, em duelo entre duas equipes do meio de tabela, a Salernitana (14\u00aa) do t\u00e9cnico Paulo Sousa venceu a Udinese (12\u00aa) por 3 a 2.<\/p>\n<p>Foto: GABRIEL BOUYS \/ AFP<br \/>\nA Tarde<\/p>\n","protected":false},"excerpt":{"rendered":"<p>A Inter de Mil\u00e3o garantiu sua presen\u00e7a na Liga dos Campe\u00f5es da pr\u00f3xima temporada gra\u00e7as \u00e0 vit\u00f3ria sobre a Atalanta<\/p>\n","protected":false},"author":1,"featured_media":6295,"comment_status":"open","ping_status":"open","sticky":false,"template":"","format":"standard","meta":{"colormag_page_container_layout":"default_layout","colormag_page_sidebar_layout":"default_layout","_FSMCFIC_featured_image_caption":"","_FSMCFIC_featured_image_nocaption":"","_FSMCFIC_featured_image_hide":"","footnotes":""},"categories":[4,1],"tags":[],"class_list":["post-6294","post","type-post","status-publish","format-standard","has-post-thumbnail","hentry","category-esporte","category-ultimas"],"yoast_head":"<!-- This site is optimized with the Yoast SEO plugin v27.1.1 - https:\/\/yoast.com\/product\/yoast-seo-wordpress\/ -->\n<title>Inter vence Atalanta e se classifica para a pr\u00f3xima Champions - Brasil not\u00edcias<\/title>\n<meta name=\"robots\" content=\"index, follow, max-snippet:-1, max-image-preview:large, max-video-preview:-1\" \/>\n<link rel=\"canonical\" href=\"https:\/\/brasilnoticias.org\/site\/inter-vence-atalanta-e-se-classifica-para-a-proxima-champions\/\" \/>\n<meta property=\"og:locale\" content=\"pt_PT\" \/>\n<meta property=\"og:type\" content=\"article\" \/>\n<meta property=\"og:title\" content=\"Inter vence Atalanta e se classifica para a pr\u00f3xima Champions - Brasil not\u00edcias\" \/>\n<meta property=\"og:description\" content=\"A Inter de Mil\u00e3o garantiu sua presen\u00e7a na Liga dos Campe\u00f5es da pr\u00f3xima temporada gra\u00e7as \u00e0 vit\u00f3ria sobre a Atalanta\" \/>\n<meta property=\"og:url\" content=\"https:\/\/brasilnoticias.org\/site\/inter-vence-atalanta-e-se-classifica-para-a-proxima-champions\/\" \/>\n<meta property=\"og:site_name\" content=\"Brasil not\u00edcias\" \/>\n<meta property=\"article:published_time\" content=\"2023-05-27T23:04:16+00:00\" \/>\n<meta property=\"og:image\" content=\"https:\/\/brasilnoticias.org\/site\/wp-content\/uploads\/2023\/05\/Artigo-Destaque_01230587_00.jpg\" \/>\n\t<meta property=\"og:image:width\" content=\"2000\" \/>\n\t<meta property=\"og:image:height\" content=\"1333\" \/>\n\t<meta property=\"og:image:type\" content=\"image\/jpeg\" \/>\n<meta name=\"author\" content=\"Reda\u00e7\u00e3o\" \/>\n<meta name=\"twitter:card\" content=\"summary_large_image\" \/>\n<meta name=\"twitter:label1\" content=\"Escrito por\" \/>\n\t<meta name=\"twitter:data1\" content=\"Reda\u00e7\u00e3o\" \/>\n<script type=\"application\/ld+json\" class=\"yoast-schema-graph\">{\"@context\":\"https:\/\/schema.org\",\"@graph\":[{\"@type\":\"Article\",\"@id\":\"https:\/\/brasilnoticias.org\/site\/inter-vence-atalanta-e-se-classifica-para-a-proxima-champions\/#article\",\"isPartOf\":{\"@id\":\"https:\/\/brasilnoticias.org\/site\/inter-vence-atalanta-e-se-classifica-para-a-proxima-champions\/\"},\"author\":{\"name\":\"Reda\u00e7\u00e3o\",\"@id\":\"https:\/\/brasilnoticias.org\/site\/#\/schema\/person\/a0e05b973ec4d15c658d51911e53507b\"},\"headline\":\"Inter vence Atalanta e se classifica para a pr\u00f3xima Champions\",\"datePublished\":\"2023-05-27T23:04:16+00:00\",\"mainEntityOfPage\":{\"@id\":\"https:\/\/brasilnoticias.org\/site\/inter-vence-atalanta-e-se-classifica-para-a-proxima-champions\/\"},\"wordCount\":573,\"commentCount\":0,\"publisher\":{\"@id\":\"https:\/\/brasilnoticias.org\/site\/#organization\"},\"image\":{\"@id\":\"https:\/\/brasilnoticias.org\/site\/inter-vence-atalanta-e-se-classifica-para-a-proxima-champions\/#primaryimage\"},\"thumbnailUrl\":\"https:\/\/brasilnoticias.org\/site\/wp-content\/uploads\/2023\/05\/Artigo-Destaque_01230587_00.jpg\",\"articleSection\":[\"Esporte\",\"\u00daltimas\"],\"inLanguage\":\"pt-PT\",\"potentialAction\":[{\"@type\":\"CommentAction\",\"name\":\"Comment\",\"target\":[\"https:\/\/brasilnoticias.org\/site\/inter-vence-atalanta-e-se-classifica-para-a-proxima-champions\/#respond\"]}]},{\"@type\":\"WebPage\",\"@id\":\"https:\/\/brasilnoticias.org\/site\/inter-vence-atalanta-e-se-classifica-para-a-proxima-champions\/\",\"url\":\"https:\/\/brasilnoticias.org\/site\/inter-vence-atalanta-e-se-classifica-para-a-proxima-champions\/\",\"name\":\"Inter vence Atalanta e se classifica para a pr\u00f3xima Champions - Brasil not\u00edcias\",\"isPartOf\":{\"@id\":\"https:\/\/brasilnoticias.org\/site\/#website\"},\"primaryImageOfPage\":{\"@id\":\"https:\/\/brasilnoticias.org\/site\/inter-vence-atalanta-e-se-classifica-para-a-proxima-champions\/#primaryimage\"},\"image\":{\"@id\":\"https:\/\/brasilnoticias.org\/site\/inter-vence-atalanta-e-se-classifica-para-a-proxima-champions\/#primaryimage\"},\"thumbnailUrl\":\"https:\/\/brasilnoticias.org\/site\/wp-content\/uploads\/2023\/05\/Artigo-Destaque_01230587_00.jpg\",\"datePublished\":\"2023-05-27T23:04:16+00:00\",\"breadcrumb\":{\"@id\":\"https:\/\/brasilnoticias.org\/site\/inter-vence-atalanta-e-se-classifica-para-a-proxima-champions\/#breadcrumb\"},\"inLanguage\":\"pt-PT\",\"potentialAction\":[{\"@type\":\"ReadAction\",\"target\":[\"https:\/\/brasilnoticias.org\/site\/inter-vence-atalanta-e-se-classifica-para-a-proxima-champions\/\"]}]},{\"@type\":\"ImageObject\",\"inLanguage\":\"pt-PT\",\"@id\":\"https:\/\/brasilnoticias.org\/site\/inter-vence-atalanta-e-se-classifica-para-a-proxima-champions\/#primaryimage\",\"url\":\"https:\/\/brasilnoticias.org\/site\/wp-content\/uploads\/2023\/05\/Artigo-Destaque_01230587_00.jpg\",\"contentUrl\":\"https:\/\/brasilnoticias.org\/site\/wp-content\/uploads\/2023\/05\/Artigo-Destaque_01230587_00.jpg\",\"width\":2000,\"height\":1333,\"caption\":\"Inter Milan's Argentinian forward Lautaro Martinez (C) and teammates acknowledge the public at the end of the Italian Serie A football match between Inter and Atalanta on May 27, 2023 at the Giuseppe-Meazza (San Siro) stadium in Milan. (Photo by GABRIEL BOUYS \/ AFP)\"},{\"@type\":\"BreadcrumbList\",\"@id\":\"https:\/\/brasilnoticias.org\/site\/inter-vence-atalanta-e-se-classifica-para-a-proxima-champions\/#breadcrumb\",\"itemListElement\":[{\"@type\":\"ListItem\",\"position\":1,\"name\":\"In\u00edcio\",\"item\":\"https:\/\/brasilnoticias.org\/site\/\"},{\"@type\":\"ListItem\",\"position\":2,\"name\":\"Inter vence Atalanta e se classifica para a pr\u00f3xima Champions\"}]},{\"@type\":\"WebSite\",\"@id\":\"https:\/\/brasilnoticias.org\/site\/#website\",\"url\":\"https:\/\/brasilnoticias.org\/site\/\",\"name\":\"Brasil not\u00edcias\",\"description\":\"Brasil not\u00edcias\",\"publisher\":{\"@id\":\"https:\/\/brasilnoticias.org\/site\/#organization\"},\"potentialAction\":[{\"@type\":\"SearchAction\",\"target\":{\"@type\":\"EntryPoint\",\"urlTemplate\":\"https:\/\/brasilnoticias.org\/site\/?s={search_term_string}\"},\"query-input\":{\"@type\":\"PropertyValueSpecification\",\"valueRequired\":true,\"valueName\":\"search_term_string\"}}],\"inLanguage\":\"pt-PT\"},{\"@type\":\"Organization\",\"@id\":\"https:\/\/brasilnoticias.org\/site\/#organization\",\"name\":\"Brasil not\u00edcias\",\"url\":\"https:\/\/brasilnoticias.org\/site\/\",\"logo\":{\"@type\":\"ImageObject\",\"inLanguage\":\"pt-PT\",\"@id\":\"https:\/\/brasilnoticias.org\/site\/#\/schema\/logo\/image\/\",\"url\":\"https:\/\/brasilnoticias.org\/site\/wp-content\/uploads\/2022\/05\/cropped-brasilnoticias-mini.jpg\",\"contentUrl\":\"https:\/\/brasilnoticias.org\/site\/wp-content\/uploads\/2022\/05\/cropped-brasilnoticias-mini.jpg\",\"width\":314,\"height\":86,\"caption\":\"Brasil not\u00edcias\"},\"image\":{\"@id\":\"https:\/\/brasilnoticias.org\/site\/#\/schema\/logo\/image\/\"}},{\"@type\":\"Person\",\"@id\":\"https:\/\/brasilnoticias.org\/site\/#\/schema\/person\/a0e05b973ec4d15c658d51911e53507b\",\"name\":\"Reda\u00e7\u00e3o\",\"image\":{\"@type\":\"ImageObject\",\"inLanguage\":\"pt-PT\",\"@id\":\"https:\/\/brasilnoticias.org\/site\/#\/schema\/person\/image\/\",\"url\":\"https:\/\/secure.gravatar.com\/avatar\/75d8b050df2de108b08ae78dfb8e374892df24a383c67db9c46a9c604f6aee9c?s=96&d=mm&r=g\",\"contentUrl\":\"https:\/\/secure.gravatar.com\/avatar\/75d8b050df2de108b08ae78dfb8e374892df24a383c67db9c46a9c604f6aee9c?s=96&d=mm&r=g\",\"caption\":\"Reda\u00e7\u00e3o\"},\"sameAs\":[\"https:\/\/brasilnoticias.org\/site\"],\"url\":\"https:\/\/brasilnoticias.org\/site\/author\/fernandozsngmail-com\/\"}]}<\/script>\n<!-- \/ Yoast SEO plugin. -->","yoast_head_json":{"title":"Inter vence Atalanta e se classifica para a pr\u00f3xima Champions - Brasil not\u00edcias","robots":{"index":"index","follow":"follow","max-snippet":"max-snippet:-1","max-image-preview":"max-image-preview:large","max-video-preview":"max-video-preview:-1"},"canonical":"https:\/\/brasilnoticias.org\/site\/inter-vence-atalanta-e-se-classifica-para-a-proxima-champions\/","og_locale":"pt_PT","og_type":"article","og_title":"Inter vence Atalanta e se classifica para a pr\u00f3xima Champions - Brasil not\u00edcias","og_description":"A Inter de Mil\u00e3o garantiu sua presen\u00e7a na Liga dos Campe\u00f5es da pr\u00f3xima temporada gra\u00e7as \u00e0 vit\u00f3ria sobre a Atalanta","og_url":"https:\/\/brasilnoticias.org\/site\/inter-vence-atalanta-e-se-classifica-para-a-proxima-champions\/","og_site_name":"Brasil not\u00edcias","article_published_time":"2023-05-27T23:04:16+00:00","og_image":[{"width":2000,"height":1333,"url":"https:\/\/brasilnoticias.org\/site\/wp-content\/uploads\/2023\/05\/Artigo-Destaque_01230587_00.jpg","type":"image\/jpeg"}],"author":"Reda\u00e7\u00e3o","twitter_card":"summary_large_image","twitter_misc":{"Escrito por":"Reda\u00e7\u00e3o"},"schema":{"@context":"https:\/\/schema.org","@graph":[{"@type":"Article","@id":"https:\/\/brasilnoticias.org\/site\/inter-vence-atalanta-e-se-classifica-para-a-proxima-champions\/#article","isPartOf":{"@id":"https:\/\/brasilnoticias.org\/site\/inter-vence-atalanta-e-se-classifica-para-a-proxima-champions\/"},"author":{"name":"Reda\u00e7\u00e3o","@id":"https:\/\/brasilnoticias.org\/site\/#\/schema\/person\/a0e05b973ec4d15c658d51911e53507b"},"headline":"Inter vence Atalanta e se classifica para a pr\u00f3xima Champions","datePublished":"2023-05-27T23:04:16+00:00","mainEntityOfPage":{"@id":"https:\/\/brasilnoticias.org\/site\/inter-vence-atalanta-e-se-classifica-para-a-proxima-champions\/"},"wordCount":573,"commentCount":0,"publisher":{"@id":"https:\/\/brasilnoticias.org\/site\/#organization"},"image":{"@id":"https:\/\/brasilnoticias.org\/site\/inter-vence-atalanta-e-se-classifica-para-a-proxima-champions\/#primaryimage"},"thumbnailUrl":"https:\/\/brasilnoticias.org\/site\/wp-content\/uploads\/2023\/05\/Artigo-Destaque_01230587_00.jpg","articleSection":["Esporte","\u00daltimas"],"inLanguage":"pt-PT","potentialAction":[{"@type":"CommentAction","name":"Comment","target":["https:\/\/brasilnoticias.org\/site\/inter-vence-atalanta-e-se-classifica-para-a-proxima-champions\/#respond"]}]},{"@type":"WebPage","@id":"https:\/\/brasilnoticias.org\/site\/inter-vence-atalanta-e-se-classifica-para-a-proxima-champions\/","url":"https:\/\/brasilnoticias.org\/site\/inter-vence-atalanta-e-se-classifica-para-a-proxima-champions\/","name":"Inter vence Atalanta e se classifica para a pr\u00f3xima Champions - Brasil not\u00edcias","isPartOf":{"@id":"https:\/\/brasilnoticias.org\/site\/#website"},"primaryImageOfPage":{"@id":"https:\/\/brasilnoticias.org\/site\/inter-vence-atalanta-e-se-classifica-para-a-proxima-champions\/#primaryimage"},"image":{"@id":"https:\/\/brasilnoticias.org\/site\/inter-vence-atalanta-e-se-classifica-para-a-proxima-champions\/#primaryimage"},"thumbnailUrl":"https:\/\/brasilnoticias.org\/site\/wp-content\/uploads\/2023\/05\/Artigo-Destaque_01230587_00.jpg","datePublished":"2023-05-27T23:04:16+00:00","breadcrumb":{"@id":"https:\/\/brasilnoticias.org\/site\/inter-vence-atalanta-e-se-classifica-para-a-proxima-champions\/#breadcrumb"},"inLanguage":"pt-PT","potentialAction":[{"@type":"ReadAction","target":["https:\/\/brasilnoticias.org\/site\/inter-vence-atalanta-e-se-classifica-para-a-proxima-champions\/"]}]},{"@type":"ImageObject","inLanguage":"pt-PT","@id":"https:\/\/brasilnoticias.org\/site\/inter-vence-atalanta-e-se-classifica-para-a-proxima-champions\/#primaryimage","url":"https:\/\/brasilnoticias.org\/site\/wp-content\/uploads\/2023\/05\/Artigo-Destaque_01230587_00.jpg","contentUrl":"https:\/\/brasilnoticias.org\/site\/wp-content\/uploads\/2023\/05\/Artigo-Destaque_01230587_00.jpg","width":2000,"height":1333,"caption":"Inter Milan's Argentinian forward Lautaro Martinez (C) and teammates acknowledge the public at the end of the Italian Serie A football match between Inter and Atalanta on May 27, 2023 at the Giuseppe-Meazza (San Siro) stadium in Milan. (Photo by GABRIEL BOUYS \/ AFP)"},{"@type":"BreadcrumbList","@id":"https:\/\/brasilnoticias.org\/site\/inter-vence-atalanta-e-se-classifica-para-a-proxima-champions\/#breadcrumb","itemListElement":[{"@type":"ListItem","position":1,"name":"In\u00edcio","item":"https:\/\/brasilnoticias.org\/site\/"},{"@type":"ListItem","position":2,"name":"Inter vence Atalanta e se classifica para a pr\u00f3xima Champions"}]},{"@type":"WebSite","@id":"https:\/\/brasilnoticias.org\/site\/#website","url":"https:\/\/brasilnoticias.org\/site\/","name":"Brasil not\u00edcias","description":"Brasil not\u00edcias","publisher":{"@id":"https:\/\/brasilnoticias.org\/site\/#organization"},"potentialAction":[{"@type":"SearchAction","target":{"@type":"EntryPoint","urlTemplate":"https:\/\/brasilnoticias.org\/site\/?s={search_term_string}"},"query-input":{"@type":"PropertyValueSpecification","valueRequired":true,"valueName":"search_term_string"}}],"inLanguage":"pt-PT"},{"@type":"Organization","@id":"https:\/\/brasilnoticias.org\/site\/#organization","name":"Brasil not\u00edcias","url":"https:\/\/brasilnoticias.org\/site\/","logo":{"@type":"ImageObject","inLanguage":"pt-PT","@id":"https:\/\/brasilnoticias.org\/site\/#\/schema\/logo\/image\/","url":"https:\/\/brasilnoticias.org\/site\/wp-content\/uploads\/2022\/05\/cropped-brasilnoticias-mini.jpg","contentUrl":"https:\/\/brasilnoticias.org\/site\/wp-content\/uploads\/2022\/05\/cropped-brasilnoticias-mini.jpg","width":314,"height":86,"caption":"Brasil not\u00edcias"},"image":{"@id":"https:\/\/brasilnoticias.org\/site\/#\/schema\/logo\/image\/"}},{"@type":"Person","@id":"https:\/\/brasilnoticias.org\/site\/#\/schema\/person\/a0e05b973ec4d15c658d51911e53507b","name":"Reda\u00e7\u00e3o","image":{"@type":"ImageObject","inLanguage":"pt-PT","@id":"https:\/\/brasilnoticias.org\/site\/#\/schema\/person\/image\/","url":"https:\/\/secure.gravatar.com\/avatar\/75d8b050df2de108b08ae78dfb8e374892df24a383c67db9c46a9c604f6aee9c?s=96&d=mm&r=g","contentUrl":"https:\/\/secure.gravatar.com\/avatar\/75d8b050df2de108b08ae78dfb8e374892df24a383c67db9c46a9c604f6aee9c?s=96&d=mm&r=g","caption":"Reda\u00e7\u00e3o"},"sameAs":["https:\/\/brasilnoticias.org\/site"],"url":"https:\/\/brasilnoticias.org\/site\/author\/fernandozsngmail-com\/"}]}},"_links":{"self":[{"href":"https:\/\/brasilnoticias.org\/site\/wp-json\/wp\/v2\/posts\/6294","targetHints":{"allow":["GET"]}}],"collection":[{"href":"https:\/\/brasilnoticias.org\/site\/wp-json\/wp\/v2\/posts"}],"about":[{"href":"https:\/\/brasilnoticias.org\/site\/wp-json\/wp\/v2\/types\/post"}],"author":[{"embeddable":true,"href":"https:\/\/brasilnoticias.org\/site\/wp-json\/wp\/v2\/users\/1"}],"replies":[{"embeddable":true,"href":"https:\/\/brasilnoticias.org\/site\/wp-json\/wp\/v2\/comments?post=6294"}],"version-history":[{"count":1,"href":"https:\/\/brasilnoticias.org\/site\/wp-json\/wp\/v2\/posts\/6294\/revisions"}],"predecessor-version":[{"id":6296,"href":"https:\/\/brasilnoticias.org\/site\/wp-json\/wp\/v2\/posts\/6294\/revisions\/6296"}],"wp:featuredmedia":[{"embeddable":true,"href":"https:\/\/brasilnoticias.org\/site\/wp-json\/wp\/v2\/media\/6295"}],"wp:attachment":[{"href":"https:\/\/brasilnoticias.org\/site\/wp-json\/wp\/v2\/media?parent=6294"}],"wp:term":[{"taxonomy":"category","embeddable":true,"href":"https:\/\/brasilnoticias.org\/site\/wp-json\/wp\/v2\/categories?post=6294"},{"taxonomy":"post_tag","embeddable":true,"href":"https:\/\/brasilnoticias.org\/site\/wp-json\/wp\/v2\/tags?post=6294"}],"curies":[{"name":"wp","href":"https:\/\/api.w.org\/{rel}","templated":true}]}}