{"id":630,"date":"2022-05-28T12:42:04","date_gmt":"2022-05-28T15:42:04","guid":{"rendered":"https:\/\/brasilnoticias.org\/site\/?p=630"},"modified":"2022-05-28T12:42:04","modified_gmt":"2022-05-28T15:42:04","slug":"marco-antonio-recebe-o-terceiro-amarelo-e-desfalca-o-bahia-contra-o-criciuma","status":"publish","type":"post","link":"https:\/\/brasilnoticias.org\/site\/marco-antonio-recebe-o-terceiro-amarelo-e-desfalca-o-bahia-contra-o-criciuma\/","title":{"rendered":"MARCO ANT\u00d4NIO RECEBE O TERCEIRO AMARELO E DESFALCA O BAHIA CONTRA O CRICI\u00daMA"},"content":{"rendered":"<p>O Bahia perdeu um importante jogador para o duelo contra o Crici\u00fama, pela 10\u00aa rodada da S\u00e9rie B. Marco Ant\u00f4nio recebeu o terceiro cart\u00e3o amarelo diante do\u00a0<a href=\"https:\/\/www.bnews.com.br\/noticias\/esporte\/bahia-perde-para-o-lanterna-tombense-mas-se-mantem-em-3-na-serie-b.html\" target=\"_blank\" rel=\"noopener\">Tombense, na derrota por 1 a 0<\/a>, e desfalcar\u00e1 a equipe.<\/p>\n<p>O atacante foi titular em todos os nove jogos do Tricolor na competi\u00e7\u00e3o. Vitor Jacar\u00e9 poder\u00e1 ser o substituto.<\/p>\n<p>Bahia e Crici\u00fama se enfrentam no dia 4 de junho, s\u00e1bado, \u00e0s 16h30, na Arena Fonte Nova.<\/p>\n<p>&nbsp;<\/p>\n<p>&nbsp;<\/p>\n<p>Bnews<\/p>\n","protected":false},"excerpt":{"rendered":"<p>O Bahia perdeu um importante jogador para o duelo contra o Crici\u00fama, pela 10\u00aa rodada da S\u00e9rie B. Marco Ant\u00f4nio<\/p>\n","protected":false},"author":2,"featured_media":631,"comment_status":"open","ping_status":"open","sticky":false,"template":"","format":"standard","meta":{"colormag_page_container_layout":"default_layout","colormag_page_sidebar_layout":"default_layout","_FSMCFIC_featured_image_caption":"","_FSMCFIC_featured_image_nocaption":"","_FSMCFIC_featured_image_hide":"","footnotes":""},"categories":[4,1],"tags":[],"class_list":["post-630","post","type-post","status-publish","format-standard","has-post-thumbnail","hentry","category-esporte","category-ultimas"],"yoast_head":"<!-- This site is optimized with the Yoast SEO plugin v27.1.1 - https:\/\/yoast.com\/product\/yoast-seo-wordpress\/ -->\n<title>MARCO ANT\u00d4NIO RECEBE O TERCEIRO AMARELO E DESFALCA O BAHIA CONTRA O CRICI\u00daMA - Brasil not\u00edcias<\/title>\n<meta name=\"robots\" content=\"index, follow, max-snippet:-1, max-image-preview:large, max-video-preview:-1\" \/>\n<link rel=\"canonical\" href=\"https:\/\/brasilnoticias.org\/site\/marco-antonio-recebe-o-terceiro-amarelo-e-desfalca-o-bahia-contra-o-criciuma\/\" \/>\n<meta property=\"og:locale\" content=\"pt_PT\" \/>\n<meta property=\"og:type\" content=\"article\" \/>\n<meta property=\"og:title\" content=\"MARCO ANT\u00d4NIO RECEBE O TERCEIRO AMARELO E DESFALCA O BAHIA CONTRA O CRICI\u00daMA - Brasil not\u00edcias\" \/>\n<meta property=\"og:description\" content=\"O Bahia perdeu um importante jogador para o duelo contra o Crici\u00fama, pela 10\u00aa rodada da S\u00e9rie B. Marco Ant\u00f4nio\" \/>\n<meta property=\"og:url\" content=\"https:\/\/brasilnoticias.org\/site\/marco-antonio-recebe-o-terceiro-amarelo-e-desfalca-o-bahia-contra-o-criciuma\/\" \/>\n<meta property=\"og:site_name\" content=\"Brasil not\u00edcias\" \/>\n<meta property=\"article:published_time\" content=\"2022-05-28T15:42:04+00:00\" \/>\n<meta property=\"og:image\" content=\"https:\/\/brasilnoticias.org\/site\/wp-content\/uploads\/2022\/05\/marcoantonio_widelg.jpeg\" \/>\n\t<meta property=\"og:image:width\" content=\"800\" \/>\n\t<meta property=\"og:image:height\" content=\"450\" \/>\n\t<meta property=\"og:image:type\" content=\"image\/jpeg\" \/>\n<meta name=\"author\" content=\"Reda\u00e7\u00e3o\" \/>\n<meta name=\"twitter:card\" content=\"summary_large_image\" \/>\n<meta name=\"twitter:label1\" content=\"Escrito por\" \/>\n\t<meta name=\"twitter:data1\" content=\"Reda\u00e7\u00e3o\" \/>\n<script type=\"application\/ld+json\" class=\"yoast-schema-graph\">{\"@context\":\"https:\/\/schema.org\",\"@graph\":[{\"@type\":\"Article\",\"@id\":\"https:\/\/brasilnoticias.org\/site\/marco-antonio-recebe-o-terceiro-amarelo-e-desfalca-o-bahia-contra-o-criciuma\/#article\",\"isPartOf\":{\"@id\":\"https:\/\/brasilnoticias.org\/site\/marco-antonio-recebe-o-terceiro-amarelo-e-desfalca-o-bahia-contra-o-criciuma\/\"},\"author\":{\"name\":\"Reda\u00e7\u00e3o\",\"@id\":\"https:\/\/brasilnoticias.org\/site\/#\/schema\/person\/f609fa847b5314f1c8b983342f34c798\"},\"headline\":\"MARCO ANT\u00d4NIO RECEBE O TERCEIRO AMARELO E DESFALCA O BAHIA CONTRA O CRICI\u00daMA\",\"datePublished\":\"2022-05-28T15:42:04+00:00\",\"mainEntityOfPage\":{\"@id\":\"https:\/\/brasilnoticias.org\/site\/marco-antonio-recebe-o-terceiro-amarelo-e-desfalca-o-bahia-contra-o-criciuma\/\"},\"wordCount\":95,\"commentCount\":0,\"publisher\":{\"@id\":\"https:\/\/brasilnoticias.org\/site\/#organization\"},\"image\":{\"@id\":\"https:\/\/brasilnoticias.org\/site\/marco-antonio-recebe-o-terceiro-amarelo-e-desfalca-o-bahia-contra-o-criciuma\/#primaryimage\"},\"thumbnailUrl\":\"https:\/\/brasilnoticias.org\/site\/wp-content\/uploads\/2022\/05\/marcoantonio_widelg.jpeg\",\"articleSection\":[\"Esporte\",\"\u00daltimas\"],\"inLanguage\":\"pt-PT\",\"potentialAction\":[{\"@type\":\"CommentAction\",\"name\":\"Comment\",\"target\":[\"https:\/\/brasilnoticias.org\/site\/marco-antonio-recebe-o-terceiro-amarelo-e-desfalca-o-bahia-contra-o-criciuma\/#respond\"]}]},{\"@type\":\"WebPage\",\"@id\":\"https:\/\/brasilnoticias.org\/site\/marco-antonio-recebe-o-terceiro-amarelo-e-desfalca-o-bahia-contra-o-criciuma\/\",\"url\":\"https:\/\/brasilnoticias.org\/site\/marco-antonio-recebe-o-terceiro-amarelo-e-desfalca-o-bahia-contra-o-criciuma\/\",\"name\":\"MARCO ANT\u00d4NIO RECEBE O TERCEIRO AMARELO E DESFALCA O BAHIA CONTRA O CRICI\u00daMA - Brasil not\u00edcias\",\"isPartOf\":{\"@id\":\"https:\/\/brasilnoticias.org\/site\/#website\"},\"primaryImageOfPage\":{\"@id\":\"https:\/\/brasilnoticias.org\/site\/marco-antonio-recebe-o-terceiro-amarelo-e-desfalca-o-bahia-contra-o-criciuma\/#primaryimage\"},\"image\":{\"@id\":\"https:\/\/brasilnoticias.org\/site\/marco-antonio-recebe-o-terceiro-amarelo-e-desfalca-o-bahia-contra-o-criciuma\/#primaryimage\"},\"thumbnailUrl\":\"https:\/\/brasilnoticias.org\/site\/wp-content\/uploads\/2022\/05\/marcoantonio_widelg.jpeg\",\"datePublished\":\"2022-05-28T15:42:04+00:00\",\"breadcrumb\":{\"@id\":\"https:\/\/brasilnoticias.org\/site\/marco-antonio-recebe-o-terceiro-amarelo-e-desfalca-o-bahia-contra-o-criciuma\/#breadcrumb\"},\"inLanguage\":\"pt-PT\",\"potentialAction\":[{\"@type\":\"ReadAction\",\"target\":[\"https:\/\/brasilnoticias.org\/site\/marco-antonio-recebe-o-terceiro-amarelo-e-desfalca-o-bahia-contra-o-criciuma\/\"]}]},{\"@type\":\"ImageObject\",\"inLanguage\":\"pt-PT\",\"@id\":\"https:\/\/brasilnoticias.org\/site\/marco-antonio-recebe-o-terceiro-amarelo-e-desfalca-o-bahia-contra-o-criciuma\/#primaryimage\",\"url\":\"https:\/\/brasilnoticias.org\/site\/wp-content\/uploads\/2022\/05\/marcoantonio_widelg.jpeg\",\"contentUrl\":\"https:\/\/brasilnoticias.org\/site\/wp-content\/uploads\/2022\/05\/marcoantonio_widelg.jpeg\",\"width\":800,\"height\":450},{\"@type\":\"BreadcrumbList\",\"@id\":\"https:\/\/brasilnoticias.org\/site\/marco-antonio-recebe-o-terceiro-amarelo-e-desfalca-o-bahia-contra-o-criciuma\/#breadcrumb\",\"itemListElement\":[{\"@type\":\"ListItem\",\"position\":1,\"name\":\"In\u00edcio\",\"item\":\"https:\/\/brasilnoticias.org\/site\/\"},{\"@type\":\"ListItem\",\"position\":2,\"name\":\"MARCO ANT\u00d4NIO RECEBE O TERCEIRO AMARELO E DESFALCA O BAHIA CONTRA O CRICI\u00daMA\"}]},{\"@type\":\"WebSite\",\"@id\":\"https:\/\/brasilnoticias.org\/site\/#website\",\"url\":\"https:\/\/brasilnoticias.org\/site\/\",\"name\":\"Brasil not\u00edcias\",\"description\":\"Brasil not\u00edcias\",\"publisher\":{\"@id\":\"https:\/\/brasilnoticias.org\/site\/#organization\"},\"potentialAction\":[{\"@type\":\"SearchAction\",\"target\":{\"@type\":\"EntryPoint\",\"urlTemplate\":\"https:\/\/brasilnoticias.org\/site\/?s={search_term_string}\"},\"query-input\":{\"@type\":\"PropertyValueSpecification\",\"valueRequired\":true,\"valueName\":\"search_term_string\"}}],\"inLanguage\":\"pt-PT\"},{\"@type\":\"Organization\",\"@id\":\"https:\/\/brasilnoticias.org\/site\/#organization\",\"name\":\"Brasil not\u00edcias\",\"url\":\"https:\/\/brasilnoticias.org\/site\/\",\"logo\":{\"@type\":\"ImageObject\",\"inLanguage\":\"pt-PT\",\"@id\":\"https:\/\/brasilnoticias.org\/site\/#\/schema\/logo\/image\/\",\"url\":\"https:\/\/brasilnoticias.org\/site\/wp-content\/uploads\/2022\/05\/cropped-brasilnoticias-mini.jpg\",\"contentUrl\":\"https:\/\/brasilnoticias.org\/site\/wp-content\/uploads\/2022\/05\/cropped-brasilnoticias-mini.jpg\",\"width\":314,\"height\":86,\"caption\":\"Brasil not\u00edcias\"},\"image\":{\"@id\":\"https:\/\/brasilnoticias.org\/site\/#\/schema\/logo\/image\/\"}},{\"@type\":\"Person\",\"@id\":\"https:\/\/brasilnoticias.org\/site\/#\/schema\/person\/f609fa847b5314f1c8b983342f34c798\",\"name\":\"Reda\u00e7\u00e3o\",\"image\":{\"@type\":\"ImageObject\",\"inLanguage\":\"pt-PT\",\"@id\":\"https:\/\/brasilnoticias.org\/site\/#\/schema\/person\/image\/\",\"url\":\"https:\/\/secure.gravatar.com\/avatar\/447284c06c1ad8b46465a36de9cd0d8326b73387a22799b8b1ffb1fbcff2ed0c?s=96&d=mm&r=g\",\"contentUrl\":\"https:\/\/secure.gravatar.com\/avatar\/447284c06c1ad8b46465a36de9cd0d8326b73387a22799b8b1ffb1fbcff2ed0c?s=96&d=mm&r=g\",\"caption\":\"Reda\u00e7\u00e3o\"},\"url\":\"https:\/\/brasilnoticias.org\/site\/author\/redacao\/\"}]}<\/script>\n<!-- \/ Yoast SEO plugin. -->","yoast_head_json":{"title":"MARCO ANT\u00d4NIO RECEBE O TERCEIRO AMARELO E DESFALCA O BAHIA CONTRA O CRICI\u00daMA - Brasil not\u00edcias","robots":{"index":"index","follow":"follow","max-snippet":"max-snippet:-1","max-image-preview":"max-image-preview:large","max-video-preview":"max-video-preview:-1"},"canonical":"https:\/\/brasilnoticias.org\/site\/marco-antonio-recebe-o-terceiro-amarelo-e-desfalca-o-bahia-contra-o-criciuma\/","og_locale":"pt_PT","og_type":"article","og_title":"MARCO ANT\u00d4NIO RECEBE O TERCEIRO AMARELO E DESFALCA O BAHIA CONTRA O CRICI\u00daMA - Brasil not\u00edcias","og_description":"O Bahia perdeu um importante jogador para o duelo contra o Crici\u00fama, pela 10\u00aa rodada da S\u00e9rie B. Marco Ant\u00f4nio","og_url":"https:\/\/brasilnoticias.org\/site\/marco-antonio-recebe-o-terceiro-amarelo-e-desfalca-o-bahia-contra-o-criciuma\/","og_site_name":"Brasil not\u00edcias","article_published_time":"2022-05-28T15:42:04+00:00","og_image":[{"width":800,"height":450,"url":"https:\/\/brasilnoticias.org\/site\/wp-content\/uploads\/2022\/05\/marcoantonio_widelg.jpeg","type":"image\/jpeg"}],"author":"Reda\u00e7\u00e3o","twitter_card":"summary_large_image","twitter_misc":{"Escrito por":"Reda\u00e7\u00e3o"},"schema":{"@context":"https:\/\/schema.org","@graph":[{"@type":"Article","@id":"https:\/\/brasilnoticias.org\/site\/marco-antonio-recebe-o-terceiro-amarelo-e-desfalca-o-bahia-contra-o-criciuma\/#article","isPartOf":{"@id":"https:\/\/brasilnoticias.org\/site\/marco-antonio-recebe-o-terceiro-amarelo-e-desfalca-o-bahia-contra-o-criciuma\/"},"author":{"name":"Reda\u00e7\u00e3o","@id":"https:\/\/brasilnoticias.org\/site\/#\/schema\/person\/f609fa847b5314f1c8b983342f34c798"},"headline":"MARCO ANT\u00d4NIO RECEBE O TERCEIRO AMARELO E DESFALCA O BAHIA CONTRA O CRICI\u00daMA","datePublished":"2022-05-28T15:42:04+00:00","mainEntityOfPage":{"@id":"https:\/\/brasilnoticias.org\/site\/marco-antonio-recebe-o-terceiro-amarelo-e-desfalca-o-bahia-contra-o-criciuma\/"},"wordCount":95,"commentCount":0,"publisher":{"@id":"https:\/\/brasilnoticias.org\/site\/#organization"},"image":{"@id":"https:\/\/brasilnoticias.org\/site\/marco-antonio-recebe-o-terceiro-amarelo-e-desfalca-o-bahia-contra-o-criciuma\/#primaryimage"},"thumbnailUrl":"https:\/\/brasilnoticias.org\/site\/wp-content\/uploads\/2022\/05\/marcoantonio_widelg.jpeg","articleSection":["Esporte","\u00daltimas"],"inLanguage":"pt-PT","potentialAction":[{"@type":"CommentAction","name":"Comment","target":["https:\/\/brasilnoticias.org\/site\/marco-antonio-recebe-o-terceiro-amarelo-e-desfalca-o-bahia-contra-o-criciuma\/#respond"]}]},{"@type":"WebPage","@id":"https:\/\/brasilnoticias.org\/site\/marco-antonio-recebe-o-terceiro-amarelo-e-desfalca-o-bahia-contra-o-criciuma\/","url":"https:\/\/brasilnoticias.org\/site\/marco-antonio-recebe-o-terceiro-amarelo-e-desfalca-o-bahia-contra-o-criciuma\/","name":"MARCO ANT\u00d4NIO RECEBE O TERCEIRO AMARELO E DESFALCA O BAHIA CONTRA O CRICI\u00daMA - Brasil not\u00edcias","isPartOf":{"@id":"https:\/\/brasilnoticias.org\/site\/#website"},"primaryImageOfPage":{"@id":"https:\/\/brasilnoticias.org\/site\/marco-antonio-recebe-o-terceiro-amarelo-e-desfalca-o-bahia-contra-o-criciuma\/#primaryimage"},"image":{"@id":"https:\/\/brasilnoticias.org\/site\/marco-antonio-recebe-o-terceiro-amarelo-e-desfalca-o-bahia-contra-o-criciuma\/#primaryimage"},"thumbnailUrl":"https:\/\/brasilnoticias.org\/site\/wp-content\/uploads\/2022\/05\/marcoantonio_widelg.jpeg","datePublished":"2022-05-28T15:42:04+00:00","breadcrumb":{"@id":"https:\/\/brasilnoticias.org\/site\/marco-antonio-recebe-o-terceiro-amarelo-e-desfalca-o-bahia-contra-o-criciuma\/#breadcrumb"},"inLanguage":"pt-PT","potentialAction":[{"@type":"ReadAction","target":["https:\/\/brasilnoticias.org\/site\/marco-antonio-recebe-o-terceiro-amarelo-e-desfalca-o-bahia-contra-o-criciuma\/"]}]},{"@type":"ImageObject","inLanguage":"pt-PT","@id":"https:\/\/brasilnoticias.org\/site\/marco-antonio-recebe-o-terceiro-amarelo-e-desfalca-o-bahia-contra-o-criciuma\/#primaryimage","url":"https:\/\/brasilnoticias.org\/site\/wp-content\/uploads\/2022\/05\/marcoantonio_widelg.jpeg","contentUrl":"https:\/\/brasilnoticias.org\/site\/wp-content\/uploads\/2022\/05\/marcoantonio_widelg.jpeg","width":800,"height":450},{"@type":"BreadcrumbList","@id":"https:\/\/brasilnoticias.org\/site\/marco-antonio-recebe-o-terceiro-amarelo-e-desfalca-o-bahia-contra-o-criciuma\/#breadcrumb","itemListElement":[{"@type":"ListItem","position":1,"name":"In\u00edcio","item":"https:\/\/brasilnoticias.org\/site\/"},{"@type":"ListItem","position":2,"name":"MARCO ANT\u00d4NIO RECEBE O TERCEIRO AMARELO E DESFALCA O BAHIA CONTRA O CRICI\u00daMA"}]},{"@type":"WebSite","@id":"https:\/\/brasilnoticias.org\/site\/#website","url":"https:\/\/brasilnoticias.org\/site\/","name":"Brasil not\u00edcias","description":"Brasil not\u00edcias","publisher":{"@id":"https:\/\/brasilnoticias.org\/site\/#organization"},"potentialAction":[{"@type":"SearchAction","target":{"@type":"EntryPoint","urlTemplate":"https:\/\/brasilnoticias.org\/site\/?s={search_term_string}"},"query-input":{"@type":"PropertyValueSpecification","valueRequired":true,"valueName":"search_term_string"}}],"inLanguage":"pt-PT"},{"@type":"Organization","@id":"https:\/\/brasilnoticias.org\/site\/#organization","name":"Brasil not\u00edcias","url":"https:\/\/brasilnoticias.org\/site\/","logo":{"@type":"ImageObject","inLanguage":"pt-PT","@id":"https:\/\/brasilnoticias.org\/site\/#\/schema\/logo\/image\/","url":"https:\/\/brasilnoticias.org\/site\/wp-content\/uploads\/2022\/05\/cropped-brasilnoticias-mini.jpg","contentUrl":"https:\/\/brasilnoticias.org\/site\/wp-content\/uploads\/2022\/05\/cropped-brasilnoticias-mini.jpg","width":314,"height":86,"caption":"Brasil not\u00edcias"},"image":{"@id":"https:\/\/brasilnoticias.org\/site\/#\/schema\/logo\/image\/"}},{"@type":"Person","@id":"https:\/\/brasilnoticias.org\/site\/#\/schema\/person\/f609fa847b5314f1c8b983342f34c798","name":"Reda\u00e7\u00e3o","image":{"@type":"ImageObject","inLanguage":"pt-PT","@id":"https:\/\/brasilnoticias.org\/site\/#\/schema\/person\/image\/","url":"https:\/\/secure.gravatar.com\/avatar\/447284c06c1ad8b46465a36de9cd0d8326b73387a22799b8b1ffb1fbcff2ed0c?s=96&d=mm&r=g","contentUrl":"https:\/\/secure.gravatar.com\/avatar\/447284c06c1ad8b46465a36de9cd0d8326b73387a22799b8b1ffb1fbcff2ed0c?s=96&d=mm&r=g","caption":"Reda\u00e7\u00e3o"},"url":"https:\/\/brasilnoticias.org\/site\/author\/redacao\/"}]}},"_links":{"self":[{"href":"https:\/\/brasilnoticias.org\/site\/wp-json\/wp\/v2\/posts\/630","targetHints":{"allow":["GET"]}}],"collection":[{"href":"https:\/\/brasilnoticias.org\/site\/wp-json\/wp\/v2\/posts"}],"about":[{"href":"https:\/\/brasilnoticias.org\/site\/wp-json\/wp\/v2\/types\/post"}],"author":[{"embeddable":true,"href":"https:\/\/brasilnoticias.org\/site\/wp-json\/wp\/v2\/users\/2"}],"replies":[{"embeddable":true,"href":"https:\/\/brasilnoticias.org\/site\/wp-json\/wp\/v2\/comments?post=630"}],"version-history":[{"count":1,"href":"https:\/\/brasilnoticias.org\/site\/wp-json\/wp\/v2\/posts\/630\/revisions"}],"predecessor-version":[{"id":632,"href":"https:\/\/brasilnoticias.org\/site\/wp-json\/wp\/v2\/posts\/630\/revisions\/632"}],"wp:featuredmedia":[{"embeddable":true,"href":"https:\/\/brasilnoticias.org\/site\/wp-json\/wp\/v2\/media\/631"}],"wp:attachment":[{"href":"https:\/\/brasilnoticias.org\/site\/wp-json\/wp\/v2\/media?parent=630"}],"wp:term":[{"taxonomy":"category","embeddable":true,"href":"https:\/\/brasilnoticias.org\/site\/wp-json\/wp\/v2\/categories?post=630"},{"taxonomy":"post_tag","embeddable":true,"href":"https:\/\/brasilnoticias.org\/site\/wp-json\/wp\/v2\/tags?post=630"}],"curies":[{"name":"wp","href":"https:\/\/api.w.org\/{rel}","templated":true}]}}