{"id":633,"date":"2022-05-28T12:44:47","date_gmt":"2022-05-28T15:44:47","guid":{"rendered":"https:\/\/brasilnoticias.org\/site\/?p=633"},"modified":"2022-05-28T12:44:47","modified_gmt":"2022-05-28T15:44:47","slug":"stf-veta-anistia-federal-a-pms-por-infracoes-em-motins","status":"publish","type":"post","link":"https:\/\/brasilnoticias.org\/site\/stf-veta-anistia-federal-a-pms-por-infracoes-em-motins\/","title":{"rendered":"STF veta anistia federal a PMs por infra\u00e7\u00f5es em motins"},"content":{"rendered":"<p>O STF (Supremo Tribunal Federal) vetou nesta sexta-feira (27) que leis federais anistiem, daqui para frente, policiais militares por infra\u00e7\u00f5es disciplinares cometidas em manifesta\u00e7\u00f5es e motins por melhores sal\u00e1rios e condi\u00e7\u00f5es de trabalho.<\/p>\n<div id=\"div-gpt-ad-bn_folha_conteudo\"><\/div>\n<p>A corte julgou um pedido da Procuradoria-Geral da Rep\u00fablica que questionava leis de 2011 e de 2016, dos ex-presidentes Dilma Rousseff (PT) e Michel Temer (MDB), que anistiavam PMs e bombeiros de 20 estados e do Distrito Federal que participaram de movimentos reivindicat\u00f3rios.<br \/>\nA relatora do processo, ministra C\u00e1rmen L\u00facia, entendeu que \u00e9 de compet\u00eancia dos pr\u00f3prios estados anistiarem infra\u00e7\u00f5es disciplinares desses agentes de seguran\u00e7a.<br \/>\n&#8220;A despeito de ocorrerem as greves em diversas unidades da Federa\u00e7\u00e3o, a irresigna\u00e7\u00e3o dos grevistas permaneceu direcionada \u00e0s condi\u00e7\u00f5es espec\u00edficas de cada corpora\u00e7\u00e3o em cada ente federado&#8221;, afirmou a ministra, ao defender que a concess\u00e3o de anistia dessas infra\u00e7\u00f5es \u00e9 de responsabilidade estadual.<br \/>\nNo entanto, C\u00e1rmen L\u00facia apontou que, por &#8220;seguran\u00e7a jur\u00eddica&#8221;, \u00e9 melhor que o Supremo n\u00e3o retroaja com os efeitos da sua decis\u00e3o, mantendo a validade de leis anteriores.<br \/>\n&#8220;Resguardam-se, assim, os atos praticados a que se referem as normas impugnadas, que produziram seus efeitos h\u00e1 quase uma d\u00e9cada&#8221;, afirmou a ministra em seu voto.<br \/>\nSegundo ela, &#8220;eventuais infra\u00e7\u00f5es disciplinares praticadas podem estar prescritas, o que inviabilizaria aos Estados fazer valer normas sancionat\u00f3rias administrativamente e criando apenas embara\u00e7os e inseguran\u00e7a em mat\u00e9ria que n\u00e3o a comporta&#8221;.<br \/>\nO entendimento foi seguido pelos ministros Ricardo Lewandowski, Edson Fachin, Dias Toffoli, Lu\u00eds Roberto Barroso, Nunes Marques, Andr\u00e9 Mendon\u00e7a e Luiz Fux.<br \/>\nO ministro Alexandre de Moraes discordou em parte de C\u00e1rmen L\u00facia. Para ele, a decis\u00e3o deveria, sim, retroagir.<br \/>\nMoraes afirma que greves s\u00e3o proibidas para policiais militares e que mesmo os estados s\u00f3 podem anistiar infra\u00e7\u00f5es desses servidores por meio de lei proposta pelos Executivos \u00e0s Assembleias Legislativas.<br \/>\nSegundo ele, n\u00e3o retroagir a decis\u00e3o provocaria um &#8220;est\u00edmulo \u00e0 edi\u00e7\u00e3o de normas portadoras do mesmo v\u00edcio, em preju\u00edzo da disciplina e normalidade do funcionamento das institui\u00e7\u00f5es militares estaduais, considerando que os atos anistiados trataram de participa\u00e7\u00e3o de militares estaduais em greves&#8221;.<br \/>\nGilmar Mendes concordou com Moraes. Para o ministro, n\u00e3o retroagir admitiria n\u00e3o s\u00f3 a anistia dos servidores estaduais pela Uni\u00e3o, por lei de iniciativa parlamentar, &#8220;mas tamb\u00e9m a aus\u00eancia de apura\u00e7\u00e3o de faltas disciplinares pela organiza\u00e7\u00e3o de movimentos grevistas por agentes que n\u00e3o receberam esse direito da pr\u00f3pria Constitui\u00e7\u00e3o&#8221;.<br \/>\nEle afirma que nesses casos houve desvio de finalidade no instituto da anistia.<br \/>\nA ministra Rosa Weber concordou com os argumentos de Moraes e de Gilmar Mendes.<br \/>\nAs leis que anistiaram os PMs e bombeiros tamb\u00e9m concederam o benef\u00edcio em rela\u00e7\u00e3o a crimes definidos no C\u00f3digo Penal Militar e na antiga Lei de Seguran\u00e7a Nacional. Nestes casos, o Supremo n\u00e3o considerou inconstitucional a anistia.<\/p>\n<p>Elas se referiam a epis\u00f3dios que aconteceram nos estados do Acre, de Alagoas, do Amazonas, da Bahia, do Cear\u00e1, do Maranh\u00e3o, de Mato Grosso, de Minas Gerais, do Par\u00e1, da Para\u00edba, do Paran\u00e1, de Pernambuco, do Piau\u00ed, do Rio de Janeiro, do Rio Grande do Norte, de Rond\u00f4nia, de Roraima, de Santa Catarina, de Sergipe e do Tocantins, al\u00e9m do DF.<\/p>\n<p>&nbsp;<\/p>\n<p>&nbsp;<\/p>\n<p>&nbsp;<\/p>\n<p>&nbsp;<\/p>\n<p>Bahia Not\u00edcias<\/p>\n","protected":false},"excerpt":{"rendered":"<p>O STF (Supremo Tribunal Federal) vetou nesta sexta-feira (27) que leis federais anistiem, daqui para frente, policiais militares por infra\u00e7\u00f5es<\/p>\n","protected":false},"author":2,"featured_media":634,"comment_status":"open","ping_status":"open","sticky":false,"template":"","format":"standard","meta":{"colormag_page_container_layout":"default_layout","colormag_page_sidebar_layout":"default_layout","_FSMCFIC_featured_image_caption":"","_FSMCFIC_featured_image_nocaption":"","_FSMCFIC_featured_image_hide":"","footnotes":""},"categories":[7,1],"tags":[],"class_list":["post-633","post","type-post","status-publish","format-standard","has-post-thumbnail","hentry","category-justica","category-ultimas"],"yoast_head":"<!-- This site is optimized with the Yoast SEO plugin v27.1.1 - https:\/\/yoast.com\/product\/yoast-seo-wordpress\/ -->\n<title>STF veta anistia federal a PMs por infra\u00e7\u00f5es em motins - Brasil not\u00edcias<\/title>\n<meta name=\"robots\" content=\"index, follow, max-snippet:-1, max-image-preview:large, max-video-preview:-1\" \/>\n<link rel=\"canonical\" href=\"https:\/\/brasilnoticias.org\/site\/stf-veta-anistia-federal-a-pms-por-infracoes-em-motins\/\" \/>\n<meta property=\"og:locale\" content=\"pt_PT\" \/>\n<meta property=\"og:type\" content=\"article\" \/>\n<meta property=\"og:title\" content=\"STF veta anistia federal a PMs por infra\u00e7\u00f5es em motins - Brasil not\u00edcias\" \/>\n<meta property=\"og:description\" content=\"O STF (Supremo Tribunal Federal) vetou nesta sexta-feira (27) que leis federais anistiem, daqui para frente, policiais militares por infra\u00e7\u00f5es\" \/>\n<meta property=\"og:url\" content=\"https:\/\/brasilnoticias.org\/site\/stf-veta-anistia-federal-a-pms-por-infracoes-em-motins\/\" \/>\n<meta property=\"og:site_name\" content=\"Brasil not\u00edcias\" \/>\n<meta property=\"article:published_time\" content=\"2022-05-28T15:44:47+00:00\" \/>\n<meta property=\"og:image\" content=\"https:\/\/brasilnoticias.org\/site\/wp-content\/uploads\/2022\/05\/IMAGEM_NOTICIA_5-5.jpg\" \/>\n\t<meta property=\"og:image:width\" content=\"380\" \/>\n\t<meta property=\"og:image:height\" content=\"280\" \/>\n\t<meta property=\"og:image:type\" content=\"image\/jpeg\" \/>\n<meta name=\"author\" content=\"Reda\u00e7\u00e3o\" \/>\n<meta name=\"twitter:card\" content=\"summary_large_image\" \/>\n<meta name=\"twitter:label1\" content=\"Escrito por\" \/>\n\t<meta name=\"twitter:data1\" content=\"Reda\u00e7\u00e3o\" \/>\n\t<meta name=\"twitter:label2\" content=\"Tempo estimado de leitura\" \/>\n\t<meta name=\"twitter:data2\" content=\"3 minutos\" \/>\n<script type=\"application\/ld+json\" class=\"yoast-schema-graph\">{\"@context\":\"https:\/\/schema.org\",\"@graph\":[{\"@type\":\"Article\",\"@id\":\"https:\/\/brasilnoticias.org\/site\/stf-veta-anistia-federal-a-pms-por-infracoes-em-motins\/#article\",\"isPartOf\":{\"@id\":\"https:\/\/brasilnoticias.org\/site\/stf-veta-anistia-federal-a-pms-por-infracoes-em-motins\/\"},\"author\":{\"name\":\"Reda\u00e7\u00e3o\",\"@id\":\"https:\/\/brasilnoticias.org\/site\/#\/schema\/person\/f609fa847b5314f1c8b983342f34c798\"},\"headline\":\"STF veta anistia federal a PMs por infra\u00e7\u00f5es em motins\",\"datePublished\":\"2022-05-28T15:44:47+00:00\",\"mainEntityOfPage\":{\"@id\":\"https:\/\/brasilnoticias.org\/site\/stf-veta-anistia-federal-a-pms-por-infracoes-em-motins\/\"},\"wordCount\":590,\"commentCount\":0,\"publisher\":{\"@id\":\"https:\/\/brasilnoticias.org\/site\/#organization\"},\"image\":{\"@id\":\"https:\/\/brasilnoticias.org\/site\/stf-veta-anistia-federal-a-pms-por-infracoes-em-motins\/#primaryimage\"},\"thumbnailUrl\":\"https:\/\/brasilnoticias.org\/site\/wp-content\/uploads\/2022\/05\/IMAGEM_NOTICIA_5-5.jpg\",\"articleSection\":[\"Justi\u00e7a\",\"\u00daltimas\"],\"inLanguage\":\"pt-PT\",\"potentialAction\":[{\"@type\":\"CommentAction\",\"name\":\"Comment\",\"target\":[\"https:\/\/brasilnoticias.org\/site\/stf-veta-anistia-federal-a-pms-por-infracoes-em-motins\/#respond\"]}]},{\"@type\":\"WebPage\",\"@id\":\"https:\/\/brasilnoticias.org\/site\/stf-veta-anistia-federal-a-pms-por-infracoes-em-motins\/\",\"url\":\"https:\/\/brasilnoticias.org\/site\/stf-veta-anistia-federal-a-pms-por-infracoes-em-motins\/\",\"name\":\"STF veta anistia federal a PMs por infra\u00e7\u00f5es em motins - Brasil not\u00edcias\",\"isPartOf\":{\"@id\":\"https:\/\/brasilnoticias.org\/site\/#website\"},\"primaryImageOfPage\":{\"@id\":\"https:\/\/brasilnoticias.org\/site\/stf-veta-anistia-federal-a-pms-por-infracoes-em-motins\/#primaryimage\"},\"image\":{\"@id\":\"https:\/\/brasilnoticias.org\/site\/stf-veta-anistia-federal-a-pms-por-infracoes-em-motins\/#primaryimage\"},\"thumbnailUrl\":\"https:\/\/brasilnoticias.org\/site\/wp-content\/uploads\/2022\/05\/IMAGEM_NOTICIA_5-5.jpg\",\"datePublished\":\"2022-05-28T15:44:47+00:00\",\"breadcrumb\":{\"@id\":\"https:\/\/brasilnoticias.org\/site\/stf-veta-anistia-federal-a-pms-por-infracoes-em-motins\/#breadcrumb\"},\"inLanguage\":\"pt-PT\",\"potentialAction\":[{\"@type\":\"ReadAction\",\"target\":[\"https:\/\/brasilnoticias.org\/site\/stf-veta-anistia-federal-a-pms-por-infracoes-em-motins\/\"]}]},{\"@type\":\"ImageObject\",\"inLanguage\":\"pt-PT\",\"@id\":\"https:\/\/brasilnoticias.org\/site\/stf-veta-anistia-federal-a-pms-por-infracoes-em-motins\/#primaryimage\",\"url\":\"https:\/\/brasilnoticias.org\/site\/wp-content\/uploads\/2022\/05\/IMAGEM_NOTICIA_5-5.jpg\",\"contentUrl\":\"https:\/\/brasilnoticias.org\/site\/wp-content\/uploads\/2022\/05\/IMAGEM_NOTICIA_5-5.jpg\",\"width\":380,\"height\":280},{\"@type\":\"BreadcrumbList\",\"@id\":\"https:\/\/brasilnoticias.org\/site\/stf-veta-anistia-federal-a-pms-por-infracoes-em-motins\/#breadcrumb\",\"itemListElement\":[{\"@type\":\"ListItem\",\"position\":1,\"name\":\"In\u00edcio\",\"item\":\"https:\/\/brasilnoticias.org\/site\/\"},{\"@type\":\"ListItem\",\"position\":2,\"name\":\"STF veta anistia federal a PMs por infra\u00e7\u00f5es em motins\"}]},{\"@type\":\"WebSite\",\"@id\":\"https:\/\/brasilnoticias.org\/site\/#website\",\"url\":\"https:\/\/brasilnoticias.org\/site\/\",\"name\":\"Brasil not\u00edcias\",\"description\":\"Brasil not\u00edcias\",\"publisher\":{\"@id\":\"https:\/\/brasilnoticias.org\/site\/#organization\"},\"potentialAction\":[{\"@type\":\"SearchAction\",\"target\":{\"@type\":\"EntryPoint\",\"urlTemplate\":\"https:\/\/brasilnoticias.org\/site\/?s={search_term_string}\"},\"query-input\":{\"@type\":\"PropertyValueSpecification\",\"valueRequired\":true,\"valueName\":\"search_term_string\"}}],\"inLanguage\":\"pt-PT\"},{\"@type\":\"Organization\",\"@id\":\"https:\/\/brasilnoticias.org\/site\/#organization\",\"name\":\"Brasil not\u00edcias\",\"url\":\"https:\/\/brasilnoticias.org\/site\/\",\"logo\":{\"@type\":\"ImageObject\",\"inLanguage\":\"pt-PT\",\"@id\":\"https:\/\/brasilnoticias.org\/site\/#\/schema\/logo\/image\/\",\"url\":\"https:\/\/brasilnoticias.org\/site\/wp-content\/uploads\/2022\/05\/cropped-brasilnoticias-mini.jpg\",\"contentUrl\":\"https:\/\/brasilnoticias.org\/site\/wp-content\/uploads\/2022\/05\/cropped-brasilnoticias-mini.jpg\",\"width\":314,\"height\":86,\"caption\":\"Brasil not\u00edcias\"},\"image\":{\"@id\":\"https:\/\/brasilnoticias.org\/site\/#\/schema\/logo\/image\/\"}},{\"@type\":\"Person\",\"@id\":\"https:\/\/brasilnoticias.org\/site\/#\/schema\/person\/f609fa847b5314f1c8b983342f34c798\",\"name\":\"Reda\u00e7\u00e3o\",\"image\":{\"@type\":\"ImageObject\",\"inLanguage\":\"pt-PT\",\"@id\":\"https:\/\/brasilnoticias.org\/site\/#\/schema\/person\/image\/\",\"url\":\"https:\/\/secure.gravatar.com\/avatar\/447284c06c1ad8b46465a36de9cd0d8326b73387a22799b8b1ffb1fbcff2ed0c?s=96&d=mm&r=g\",\"contentUrl\":\"https:\/\/secure.gravatar.com\/avatar\/447284c06c1ad8b46465a36de9cd0d8326b73387a22799b8b1ffb1fbcff2ed0c?s=96&d=mm&r=g\",\"caption\":\"Reda\u00e7\u00e3o\"},\"url\":\"https:\/\/brasilnoticias.org\/site\/author\/redacao\/\"}]}<\/script>\n<!-- \/ Yoast SEO plugin. -->","yoast_head_json":{"title":"STF veta anistia federal a PMs por infra\u00e7\u00f5es em motins - Brasil not\u00edcias","robots":{"index":"index","follow":"follow","max-snippet":"max-snippet:-1","max-image-preview":"max-image-preview:large","max-video-preview":"max-video-preview:-1"},"canonical":"https:\/\/brasilnoticias.org\/site\/stf-veta-anistia-federal-a-pms-por-infracoes-em-motins\/","og_locale":"pt_PT","og_type":"article","og_title":"STF veta anistia federal a PMs por infra\u00e7\u00f5es em motins - Brasil not\u00edcias","og_description":"O STF (Supremo Tribunal Federal) vetou nesta sexta-feira (27) que leis federais anistiem, daqui para frente, policiais militares por infra\u00e7\u00f5es","og_url":"https:\/\/brasilnoticias.org\/site\/stf-veta-anistia-federal-a-pms-por-infracoes-em-motins\/","og_site_name":"Brasil not\u00edcias","article_published_time":"2022-05-28T15:44:47+00:00","og_image":[{"width":380,"height":280,"url":"https:\/\/brasilnoticias.org\/site\/wp-content\/uploads\/2022\/05\/IMAGEM_NOTICIA_5-5.jpg","type":"image\/jpeg"}],"author":"Reda\u00e7\u00e3o","twitter_card":"summary_large_image","twitter_misc":{"Escrito por":"Reda\u00e7\u00e3o","Tempo estimado de leitura":"3 minutos"},"schema":{"@context":"https:\/\/schema.org","@graph":[{"@type":"Article","@id":"https:\/\/brasilnoticias.org\/site\/stf-veta-anistia-federal-a-pms-por-infracoes-em-motins\/#article","isPartOf":{"@id":"https:\/\/brasilnoticias.org\/site\/stf-veta-anistia-federal-a-pms-por-infracoes-em-motins\/"},"author":{"name":"Reda\u00e7\u00e3o","@id":"https:\/\/brasilnoticias.org\/site\/#\/schema\/person\/f609fa847b5314f1c8b983342f34c798"},"headline":"STF veta anistia federal a PMs por infra\u00e7\u00f5es em motins","datePublished":"2022-05-28T15:44:47+00:00","mainEntityOfPage":{"@id":"https:\/\/brasilnoticias.org\/site\/stf-veta-anistia-federal-a-pms-por-infracoes-em-motins\/"},"wordCount":590,"commentCount":0,"publisher":{"@id":"https:\/\/brasilnoticias.org\/site\/#organization"},"image":{"@id":"https:\/\/brasilnoticias.org\/site\/stf-veta-anistia-federal-a-pms-por-infracoes-em-motins\/#primaryimage"},"thumbnailUrl":"https:\/\/brasilnoticias.org\/site\/wp-content\/uploads\/2022\/05\/IMAGEM_NOTICIA_5-5.jpg","articleSection":["Justi\u00e7a","\u00daltimas"],"inLanguage":"pt-PT","potentialAction":[{"@type":"CommentAction","name":"Comment","target":["https:\/\/brasilnoticias.org\/site\/stf-veta-anistia-federal-a-pms-por-infracoes-em-motins\/#respond"]}]},{"@type":"WebPage","@id":"https:\/\/brasilnoticias.org\/site\/stf-veta-anistia-federal-a-pms-por-infracoes-em-motins\/","url":"https:\/\/brasilnoticias.org\/site\/stf-veta-anistia-federal-a-pms-por-infracoes-em-motins\/","name":"STF veta anistia federal a PMs por infra\u00e7\u00f5es em motins - Brasil not\u00edcias","isPartOf":{"@id":"https:\/\/brasilnoticias.org\/site\/#website"},"primaryImageOfPage":{"@id":"https:\/\/brasilnoticias.org\/site\/stf-veta-anistia-federal-a-pms-por-infracoes-em-motins\/#primaryimage"},"image":{"@id":"https:\/\/brasilnoticias.org\/site\/stf-veta-anistia-federal-a-pms-por-infracoes-em-motins\/#primaryimage"},"thumbnailUrl":"https:\/\/brasilnoticias.org\/site\/wp-content\/uploads\/2022\/05\/IMAGEM_NOTICIA_5-5.jpg","datePublished":"2022-05-28T15:44:47+00:00","breadcrumb":{"@id":"https:\/\/brasilnoticias.org\/site\/stf-veta-anistia-federal-a-pms-por-infracoes-em-motins\/#breadcrumb"},"inLanguage":"pt-PT","potentialAction":[{"@type":"ReadAction","target":["https:\/\/brasilnoticias.org\/site\/stf-veta-anistia-federal-a-pms-por-infracoes-em-motins\/"]}]},{"@type":"ImageObject","inLanguage":"pt-PT","@id":"https:\/\/brasilnoticias.org\/site\/stf-veta-anistia-federal-a-pms-por-infracoes-em-motins\/#primaryimage","url":"https:\/\/brasilnoticias.org\/site\/wp-content\/uploads\/2022\/05\/IMAGEM_NOTICIA_5-5.jpg","contentUrl":"https:\/\/brasilnoticias.org\/site\/wp-content\/uploads\/2022\/05\/IMAGEM_NOTICIA_5-5.jpg","width":380,"height":280},{"@type":"BreadcrumbList","@id":"https:\/\/brasilnoticias.org\/site\/stf-veta-anistia-federal-a-pms-por-infracoes-em-motins\/#breadcrumb","itemListElement":[{"@type":"ListItem","position":1,"name":"In\u00edcio","item":"https:\/\/brasilnoticias.org\/site\/"},{"@type":"ListItem","position":2,"name":"STF veta anistia federal a PMs por infra\u00e7\u00f5es em motins"}]},{"@type":"WebSite","@id":"https:\/\/brasilnoticias.org\/site\/#website","url":"https:\/\/brasilnoticias.org\/site\/","name":"Brasil not\u00edcias","description":"Brasil not\u00edcias","publisher":{"@id":"https:\/\/brasilnoticias.org\/site\/#organization"},"potentialAction":[{"@type":"SearchAction","target":{"@type":"EntryPoint","urlTemplate":"https:\/\/brasilnoticias.org\/site\/?s={search_term_string}"},"query-input":{"@type":"PropertyValueSpecification","valueRequired":true,"valueName":"search_term_string"}}],"inLanguage":"pt-PT"},{"@type":"Organization","@id":"https:\/\/brasilnoticias.org\/site\/#organization","name":"Brasil not\u00edcias","url":"https:\/\/brasilnoticias.org\/site\/","logo":{"@type":"ImageObject","inLanguage":"pt-PT","@id":"https:\/\/brasilnoticias.org\/site\/#\/schema\/logo\/image\/","url":"https:\/\/brasilnoticias.org\/site\/wp-content\/uploads\/2022\/05\/cropped-brasilnoticias-mini.jpg","contentUrl":"https:\/\/brasilnoticias.org\/site\/wp-content\/uploads\/2022\/05\/cropped-brasilnoticias-mini.jpg","width":314,"height":86,"caption":"Brasil not\u00edcias"},"image":{"@id":"https:\/\/brasilnoticias.org\/site\/#\/schema\/logo\/image\/"}},{"@type":"Person","@id":"https:\/\/brasilnoticias.org\/site\/#\/schema\/person\/f609fa847b5314f1c8b983342f34c798","name":"Reda\u00e7\u00e3o","image":{"@type":"ImageObject","inLanguage":"pt-PT","@id":"https:\/\/brasilnoticias.org\/site\/#\/schema\/person\/image\/","url":"https:\/\/secure.gravatar.com\/avatar\/447284c06c1ad8b46465a36de9cd0d8326b73387a22799b8b1ffb1fbcff2ed0c?s=96&d=mm&r=g","contentUrl":"https:\/\/secure.gravatar.com\/avatar\/447284c06c1ad8b46465a36de9cd0d8326b73387a22799b8b1ffb1fbcff2ed0c?s=96&d=mm&r=g","caption":"Reda\u00e7\u00e3o"},"url":"https:\/\/brasilnoticias.org\/site\/author\/redacao\/"}]}},"_links":{"self":[{"href":"https:\/\/brasilnoticias.org\/site\/wp-json\/wp\/v2\/posts\/633","targetHints":{"allow":["GET"]}}],"collection":[{"href":"https:\/\/brasilnoticias.org\/site\/wp-json\/wp\/v2\/posts"}],"about":[{"href":"https:\/\/brasilnoticias.org\/site\/wp-json\/wp\/v2\/types\/post"}],"author":[{"embeddable":true,"href":"https:\/\/brasilnoticias.org\/site\/wp-json\/wp\/v2\/users\/2"}],"replies":[{"embeddable":true,"href":"https:\/\/brasilnoticias.org\/site\/wp-json\/wp\/v2\/comments?post=633"}],"version-history":[{"count":1,"href":"https:\/\/brasilnoticias.org\/site\/wp-json\/wp\/v2\/posts\/633\/revisions"}],"predecessor-version":[{"id":635,"href":"https:\/\/brasilnoticias.org\/site\/wp-json\/wp\/v2\/posts\/633\/revisions\/635"}],"wp:featuredmedia":[{"embeddable":true,"href":"https:\/\/brasilnoticias.org\/site\/wp-json\/wp\/v2\/media\/634"}],"wp:attachment":[{"href":"https:\/\/brasilnoticias.org\/site\/wp-json\/wp\/v2\/media?parent=633"}],"wp:term":[{"taxonomy":"category","embeddable":true,"href":"https:\/\/brasilnoticias.org\/site\/wp-json\/wp\/v2\/categories?post=633"},{"taxonomy":"post_tag","embeddable":true,"href":"https:\/\/brasilnoticias.org\/site\/wp-json\/wp\/v2\/tags?post=633"}],"curies":[{"name":"wp","href":"https:\/\/api.w.org\/{rel}","templated":true}]}}