{"id":6331,"date":"2023-05-29T18:00:55","date_gmt":"2023-05-29T21:00:55","guid":{"rendered":"https:\/\/brasilnoticias.org\/site\/?p=6331"},"modified":"2023-05-29T12:43:44","modified_gmt":"2023-05-29T15:43:44","slug":"quatro-homens-morrem-apos-confronto-com-a-policia-em-pocoes","status":"publish","type":"post","link":"https:\/\/brasilnoticias.org\/site\/quatro-homens-morrem-apos-confronto-com-a-policia-em-pocoes\/","title":{"rendered":"Quatro homens morrem ap\u00f3s confronto com a pol\u00edcia em Po\u00e7\u00f5es"},"content":{"rendered":"<p>A Opera\u00e7\u00e3o Divino Seguro, realizada na noite deste domingo, 28, na cidade de Po\u00e7\u00f5es, no Centro-Sul da Bahia, terminou com a morte de quatros suspeitos do tr\u00e1fico de drogas na regi\u00e3o e a apreens\u00e3o de um arsenal utilizado pelo grupo criminoso.<\/p>\n<p>De acordo com a Secretaria de Seguran\u00e7a P\u00fablica (SSP- BA), equipes do Pelot\u00e3o de Emprego T\u00e1tico Operacional (Peto), da 79\u00aa Companhia Independente da Pol\u00edcia Militar (CIPM), das Rondas Especiais (Rondesp Sudoeste) e da Companhia Independente de Policiamento Especializado (Cipe Sudoeste), encontraram o armamento com quatro traficantes, no residencial Vista Bela. <\/p>\n<p>Com a chegada das guarni\u00e7\u00f5es, o grupo entrou em confronto com os agentes, que revidaram. No confronto, o quarteto acabou ferido e foi socorrido, mas n\u00e3o resistiu. Com eles foram apreendidos um rifle calibre 38, duas pistolas calibres 9mm e 380, um rev\u00f3lver calibre 38, carregadores, muni\u00e7\u00f5es, uma faca e um celular.<\/p>\n<p>Todo o material apreendido foi encaminhado para a delegacia da cidade, onde o caso foi registrado.<\/p>\n<p> Foto: Divulga\u00e7\u00e3o | SSP-BA<br \/>\nA Tarde<\/p>\n","protected":false},"excerpt":{"rendered":"<p>A Opera\u00e7\u00e3o Divino Seguro, realizada na noite deste domingo, 28, na cidade de Po\u00e7\u00f5es, no Centro-Sul da Bahia, terminou com<\/p>\n","protected":false},"author":1,"featured_media":6332,"comment_status":"open","ping_status":"open","sticky":false,"template":"","format":"standard","meta":{"colormag_page_container_layout":"default_layout","colormag_page_sidebar_layout":"default_layout","_FSMCFIC_featured_image_caption":"","_FSMCFIC_featured_image_nocaption":"","_FSMCFIC_featured_image_hide":"","footnotes":""},"categories":[3,1],"tags":[],"class_list":["post-6331","post","type-post","status-publish","format-standard","has-post-thumbnail","hentry","category-policia","category-ultimas"],"yoast_head":"<!-- This site is optimized with the Yoast SEO plugin v27.1.1 - https:\/\/yoast.com\/product\/yoast-seo-wordpress\/ -->\n<title>Quatro homens morrem ap\u00f3s confronto com a pol\u00edcia em Po\u00e7\u00f5es - Brasil not\u00edcias<\/title>\n<meta name=\"robots\" content=\"index, follow, max-snippet:-1, max-image-preview:large, max-video-preview:-1\" \/>\n<link rel=\"canonical\" href=\"https:\/\/brasilnoticias.org\/site\/quatro-homens-morrem-apos-confronto-com-a-policia-em-pocoes\/\" \/>\n<meta property=\"og:locale\" content=\"pt_PT\" \/>\n<meta property=\"og:type\" content=\"article\" \/>\n<meta property=\"og:title\" content=\"Quatro homens morrem ap\u00f3s confronto com a pol\u00edcia em Po\u00e7\u00f5es - Brasil not\u00edcias\" \/>\n<meta property=\"og:description\" content=\"A Opera\u00e7\u00e3o Divino Seguro, realizada na noite deste domingo, 28, na cidade de Po\u00e7\u00f5es, no Centro-Sul da Bahia, terminou com\" \/>\n<meta property=\"og:url\" content=\"https:\/\/brasilnoticias.org\/site\/quatro-homens-morrem-apos-confronto-com-a-policia-em-pocoes\/\" \/>\n<meta property=\"og:site_name\" content=\"Brasil not\u00edcias\" \/>\n<meta property=\"article:published_time\" content=\"2023-05-29T21:00:55+00:00\" \/>\n<meta property=\"og:image\" content=\"https:\/\/brasilnoticias.org\/site\/wp-content\/uploads\/2023\/05\/Artigo-Destaque_01230690_00.jpg\" \/>\n\t<meta property=\"og:image:width\" content=\"972\" \/>\n\t<meta property=\"og:image:height\" content=\"703\" \/>\n\t<meta property=\"og:image:type\" content=\"image\/jpeg\" \/>\n<meta name=\"author\" content=\"Reda\u00e7\u00e3o\" \/>\n<meta name=\"twitter:card\" content=\"summary_large_image\" \/>\n<meta name=\"twitter:label1\" content=\"Escrito por\" \/>\n\t<meta name=\"twitter:data1\" content=\"Reda\u00e7\u00e3o\" \/>\n<script type=\"application\/ld+json\" class=\"yoast-schema-graph\">{\"@context\":\"https:\/\/schema.org\",\"@graph\":[{\"@type\":\"Article\",\"@id\":\"https:\/\/brasilnoticias.org\/site\/quatro-homens-morrem-apos-confronto-com-a-policia-em-pocoes\/#article\",\"isPartOf\":{\"@id\":\"https:\/\/brasilnoticias.org\/site\/quatro-homens-morrem-apos-confronto-com-a-policia-em-pocoes\/\"},\"author\":{\"name\":\"Reda\u00e7\u00e3o\",\"@id\":\"https:\/\/brasilnoticias.org\/site\/#\/schema\/person\/a0e05b973ec4d15c658d51911e53507b\"},\"headline\":\"Quatro homens morrem ap\u00f3s confronto com a pol\u00edcia em Po\u00e7\u00f5es\",\"datePublished\":\"2023-05-29T21:00:55+00:00\",\"mainEntityOfPage\":{\"@id\":\"https:\/\/brasilnoticias.org\/site\/quatro-homens-morrem-apos-confronto-com-a-policia-em-pocoes\/\"},\"wordCount\":187,\"commentCount\":0,\"publisher\":{\"@id\":\"https:\/\/brasilnoticias.org\/site\/#organization\"},\"image\":{\"@id\":\"https:\/\/brasilnoticias.org\/site\/quatro-homens-morrem-apos-confronto-com-a-policia-em-pocoes\/#primaryimage\"},\"thumbnailUrl\":\"https:\/\/brasilnoticias.org\/site\/wp-content\/uploads\/2023\/05\/Artigo-Destaque_01230690_00.jpg\",\"articleSection\":[\"Pol\u00edcia\",\"\u00daltimas\"],\"inLanguage\":\"pt-PT\",\"potentialAction\":[{\"@type\":\"CommentAction\",\"name\":\"Comment\",\"target\":[\"https:\/\/brasilnoticias.org\/site\/quatro-homens-morrem-apos-confronto-com-a-policia-em-pocoes\/#respond\"]}]},{\"@type\":\"WebPage\",\"@id\":\"https:\/\/brasilnoticias.org\/site\/quatro-homens-morrem-apos-confronto-com-a-policia-em-pocoes\/\",\"url\":\"https:\/\/brasilnoticias.org\/site\/quatro-homens-morrem-apos-confronto-com-a-policia-em-pocoes\/\",\"name\":\"Quatro homens morrem ap\u00f3s confronto com a pol\u00edcia em Po\u00e7\u00f5es - Brasil not\u00edcias\",\"isPartOf\":{\"@id\":\"https:\/\/brasilnoticias.org\/site\/#website\"},\"primaryImageOfPage\":{\"@id\":\"https:\/\/brasilnoticias.org\/site\/quatro-homens-morrem-apos-confronto-com-a-policia-em-pocoes\/#primaryimage\"},\"image\":{\"@id\":\"https:\/\/brasilnoticias.org\/site\/quatro-homens-morrem-apos-confronto-com-a-policia-em-pocoes\/#primaryimage\"},\"thumbnailUrl\":\"https:\/\/brasilnoticias.org\/site\/wp-content\/uploads\/2023\/05\/Artigo-Destaque_01230690_00.jpg\",\"datePublished\":\"2023-05-29T21:00:55+00:00\",\"breadcrumb\":{\"@id\":\"https:\/\/brasilnoticias.org\/site\/quatro-homens-morrem-apos-confronto-com-a-policia-em-pocoes\/#breadcrumb\"},\"inLanguage\":\"pt-PT\",\"potentialAction\":[{\"@type\":\"ReadAction\",\"target\":[\"https:\/\/brasilnoticias.org\/site\/quatro-homens-morrem-apos-confronto-com-a-policia-em-pocoes\/\"]}]},{\"@type\":\"ImageObject\",\"inLanguage\":\"pt-PT\",\"@id\":\"https:\/\/brasilnoticias.org\/site\/quatro-homens-morrem-apos-confronto-com-a-policia-em-pocoes\/#primaryimage\",\"url\":\"https:\/\/brasilnoticias.org\/site\/wp-content\/uploads\/2023\/05\/Artigo-Destaque_01230690_00.jpg\",\"contentUrl\":\"https:\/\/brasilnoticias.org\/site\/wp-content\/uploads\/2023\/05\/Artigo-Destaque_01230690_00.jpg\",\"width\":972,\"height\":703},{\"@type\":\"BreadcrumbList\",\"@id\":\"https:\/\/brasilnoticias.org\/site\/quatro-homens-morrem-apos-confronto-com-a-policia-em-pocoes\/#breadcrumb\",\"itemListElement\":[{\"@type\":\"ListItem\",\"position\":1,\"name\":\"In\u00edcio\",\"item\":\"https:\/\/brasilnoticias.org\/site\/\"},{\"@type\":\"ListItem\",\"position\":2,\"name\":\"Quatro homens morrem ap\u00f3s confronto com a pol\u00edcia em Po\u00e7\u00f5es\"}]},{\"@type\":\"WebSite\",\"@id\":\"https:\/\/brasilnoticias.org\/site\/#website\",\"url\":\"https:\/\/brasilnoticias.org\/site\/\",\"name\":\"Brasil not\u00edcias\",\"description\":\"Brasil not\u00edcias\",\"publisher\":{\"@id\":\"https:\/\/brasilnoticias.org\/site\/#organization\"},\"potentialAction\":[{\"@type\":\"SearchAction\",\"target\":{\"@type\":\"EntryPoint\",\"urlTemplate\":\"https:\/\/brasilnoticias.org\/site\/?s={search_term_string}\"},\"query-input\":{\"@type\":\"PropertyValueSpecification\",\"valueRequired\":true,\"valueName\":\"search_term_string\"}}],\"inLanguage\":\"pt-PT\"},{\"@type\":\"Organization\",\"@id\":\"https:\/\/brasilnoticias.org\/site\/#organization\",\"name\":\"Brasil not\u00edcias\",\"url\":\"https:\/\/brasilnoticias.org\/site\/\",\"logo\":{\"@type\":\"ImageObject\",\"inLanguage\":\"pt-PT\",\"@id\":\"https:\/\/brasilnoticias.org\/site\/#\/schema\/logo\/image\/\",\"url\":\"https:\/\/brasilnoticias.org\/site\/wp-content\/uploads\/2022\/05\/cropped-brasilnoticias-mini.jpg\",\"contentUrl\":\"https:\/\/brasilnoticias.org\/site\/wp-content\/uploads\/2022\/05\/cropped-brasilnoticias-mini.jpg\",\"width\":314,\"height\":86,\"caption\":\"Brasil not\u00edcias\"},\"image\":{\"@id\":\"https:\/\/brasilnoticias.org\/site\/#\/schema\/logo\/image\/\"}},{\"@type\":\"Person\",\"@id\":\"https:\/\/brasilnoticias.org\/site\/#\/schema\/person\/a0e05b973ec4d15c658d51911e53507b\",\"name\":\"Reda\u00e7\u00e3o\",\"image\":{\"@type\":\"ImageObject\",\"inLanguage\":\"pt-PT\",\"@id\":\"https:\/\/brasilnoticias.org\/site\/#\/schema\/person\/image\/\",\"url\":\"https:\/\/secure.gravatar.com\/avatar\/75d8b050df2de108b08ae78dfb8e374892df24a383c67db9c46a9c604f6aee9c?s=96&d=mm&r=g\",\"contentUrl\":\"https:\/\/secure.gravatar.com\/avatar\/75d8b050df2de108b08ae78dfb8e374892df24a383c67db9c46a9c604f6aee9c?s=96&d=mm&r=g\",\"caption\":\"Reda\u00e7\u00e3o\"},\"sameAs\":[\"https:\/\/brasilnoticias.org\/site\"],\"url\":\"https:\/\/brasilnoticias.org\/site\/author\/fernandozsngmail-com\/\"}]}<\/script>\n<!-- \/ Yoast SEO plugin. -->","yoast_head_json":{"title":"Quatro homens morrem ap\u00f3s confronto com a pol\u00edcia em Po\u00e7\u00f5es - Brasil not\u00edcias","robots":{"index":"index","follow":"follow","max-snippet":"max-snippet:-1","max-image-preview":"max-image-preview:large","max-video-preview":"max-video-preview:-1"},"canonical":"https:\/\/brasilnoticias.org\/site\/quatro-homens-morrem-apos-confronto-com-a-policia-em-pocoes\/","og_locale":"pt_PT","og_type":"article","og_title":"Quatro homens morrem ap\u00f3s confronto com a pol\u00edcia em Po\u00e7\u00f5es - Brasil not\u00edcias","og_description":"A Opera\u00e7\u00e3o Divino Seguro, realizada na noite deste domingo, 28, na cidade de Po\u00e7\u00f5es, no Centro-Sul da Bahia, terminou com","og_url":"https:\/\/brasilnoticias.org\/site\/quatro-homens-morrem-apos-confronto-com-a-policia-em-pocoes\/","og_site_name":"Brasil not\u00edcias","article_published_time":"2023-05-29T21:00:55+00:00","og_image":[{"width":972,"height":703,"url":"https:\/\/brasilnoticias.org\/site\/wp-content\/uploads\/2023\/05\/Artigo-Destaque_01230690_00.jpg","type":"image\/jpeg"}],"author":"Reda\u00e7\u00e3o","twitter_card":"summary_large_image","twitter_misc":{"Escrito por":"Reda\u00e7\u00e3o"},"schema":{"@context":"https:\/\/schema.org","@graph":[{"@type":"Article","@id":"https:\/\/brasilnoticias.org\/site\/quatro-homens-morrem-apos-confronto-com-a-policia-em-pocoes\/#article","isPartOf":{"@id":"https:\/\/brasilnoticias.org\/site\/quatro-homens-morrem-apos-confronto-com-a-policia-em-pocoes\/"},"author":{"name":"Reda\u00e7\u00e3o","@id":"https:\/\/brasilnoticias.org\/site\/#\/schema\/person\/a0e05b973ec4d15c658d51911e53507b"},"headline":"Quatro homens morrem ap\u00f3s confronto com a pol\u00edcia em Po\u00e7\u00f5es","datePublished":"2023-05-29T21:00:55+00:00","mainEntityOfPage":{"@id":"https:\/\/brasilnoticias.org\/site\/quatro-homens-morrem-apos-confronto-com-a-policia-em-pocoes\/"},"wordCount":187,"commentCount":0,"publisher":{"@id":"https:\/\/brasilnoticias.org\/site\/#organization"},"image":{"@id":"https:\/\/brasilnoticias.org\/site\/quatro-homens-morrem-apos-confronto-com-a-policia-em-pocoes\/#primaryimage"},"thumbnailUrl":"https:\/\/brasilnoticias.org\/site\/wp-content\/uploads\/2023\/05\/Artigo-Destaque_01230690_00.jpg","articleSection":["Pol\u00edcia","\u00daltimas"],"inLanguage":"pt-PT","potentialAction":[{"@type":"CommentAction","name":"Comment","target":["https:\/\/brasilnoticias.org\/site\/quatro-homens-morrem-apos-confronto-com-a-policia-em-pocoes\/#respond"]}]},{"@type":"WebPage","@id":"https:\/\/brasilnoticias.org\/site\/quatro-homens-morrem-apos-confronto-com-a-policia-em-pocoes\/","url":"https:\/\/brasilnoticias.org\/site\/quatro-homens-morrem-apos-confronto-com-a-policia-em-pocoes\/","name":"Quatro homens morrem ap\u00f3s confronto com a pol\u00edcia em Po\u00e7\u00f5es - Brasil not\u00edcias","isPartOf":{"@id":"https:\/\/brasilnoticias.org\/site\/#website"},"primaryImageOfPage":{"@id":"https:\/\/brasilnoticias.org\/site\/quatro-homens-morrem-apos-confronto-com-a-policia-em-pocoes\/#primaryimage"},"image":{"@id":"https:\/\/brasilnoticias.org\/site\/quatro-homens-morrem-apos-confronto-com-a-policia-em-pocoes\/#primaryimage"},"thumbnailUrl":"https:\/\/brasilnoticias.org\/site\/wp-content\/uploads\/2023\/05\/Artigo-Destaque_01230690_00.jpg","datePublished":"2023-05-29T21:00:55+00:00","breadcrumb":{"@id":"https:\/\/brasilnoticias.org\/site\/quatro-homens-morrem-apos-confronto-com-a-policia-em-pocoes\/#breadcrumb"},"inLanguage":"pt-PT","potentialAction":[{"@type":"ReadAction","target":["https:\/\/brasilnoticias.org\/site\/quatro-homens-morrem-apos-confronto-com-a-policia-em-pocoes\/"]}]},{"@type":"ImageObject","inLanguage":"pt-PT","@id":"https:\/\/brasilnoticias.org\/site\/quatro-homens-morrem-apos-confronto-com-a-policia-em-pocoes\/#primaryimage","url":"https:\/\/brasilnoticias.org\/site\/wp-content\/uploads\/2023\/05\/Artigo-Destaque_01230690_00.jpg","contentUrl":"https:\/\/brasilnoticias.org\/site\/wp-content\/uploads\/2023\/05\/Artigo-Destaque_01230690_00.jpg","width":972,"height":703},{"@type":"BreadcrumbList","@id":"https:\/\/brasilnoticias.org\/site\/quatro-homens-morrem-apos-confronto-com-a-policia-em-pocoes\/#breadcrumb","itemListElement":[{"@type":"ListItem","position":1,"name":"In\u00edcio","item":"https:\/\/brasilnoticias.org\/site\/"},{"@type":"ListItem","position":2,"name":"Quatro homens morrem ap\u00f3s confronto com a pol\u00edcia em Po\u00e7\u00f5es"}]},{"@type":"WebSite","@id":"https:\/\/brasilnoticias.org\/site\/#website","url":"https:\/\/brasilnoticias.org\/site\/","name":"Brasil not\u00edcias","description":"Brasil not\u00edcias","publisher":{"@id":"https:\/\/brasilnoticias.org\/site\/#organization"},"potentialAction":[{"@type":"SearchAction","target":{"@type":"EntryPoint","urlTemplate":"https:\/\/brasilnoticias.org\/site\/?s={search_term_string}"},"query-input":{"@type":"PropertyValueSpecification","valueRequired":true,"valueName":"search_term_string"}}],"inLanguage":"pt-PT"},{"@type":"Organization","@id":"https:\/\/brasilnoticias.org\/site\/#organization","name":"Brasil not\u00edcias","url":"https:\/\/brasilnoticias.org\/site\/","logo":{"@type":"ImageObject","inLanguage":"pt-PT","@id":"https:\/\/brasilnoticias.org\/site\/#\/schema\/logo\/image\/","url":"https:\/\/brasilnoticias.org\/site\/wp-content\/uploads\/2022\/05\/cropped-brasilnoticias-mini.jpg","contentUrl":"https:\/\/brasilnoticias.org\/site\/wp-content\/uploads\/2022\/05\/cropped-brasilnoticias-mini.jpg","width":314,"height":86,"caption":"Brasil not\u00edcias"},"image":{"@id":"https:\/\/brasilnoticias.org\/site\/#\/schema\/logo\/image\/"}},{"@type":"Person","@id":"https:\/\/brasilnoticias.org\/site\/#\/schema\/person\/a0e05b973ec4d15c658d51911e53507b","name":"Reda\u00e7\u00e3o","image":{"@type":"ImageObject","inLanguage":"pt-PT","@id":"https:\/\/brasilnoticias.org\/site\/#\/schema\/person\/image\/","url":"https:\/\/secure.gravatar.com\/avatar\/75d8b050df2de108b08ae78dfb8e374892df24a383c67db9c46a9c604f6aee9c?s=96&d=mm&r=g","contentUrl":"https:\/\/secure.gravatar.com\/avatar\/75d8b050df2de108b08ae78dfb8e374892df24a383c67db9c46a9c604f6aee9c?s=96&d=mm&r=g","caption":"Reda\u00e7\u00e3o"},"sameAs":["https:\/\/brasilnoticias.org\/site"],"url":"https:\/\/brasilnoticias.org\/site\/author\/fernandozsngmail-com\/"}]}},"_links":{"self":[{"href":"https:\/\/brasilnoticias.org\/site\/wp-json\/wp\/v2\/posts\/6331","targetHints":{"allow":["GET"]}}],"collection":[{"href":"https:\/\/brasilnoticias.org\/site\/wp-json\/wp\/v2\/posts"}],"about":[{"href":"https:\/\/brasilnoticias.org\/site\/wp-json\/wp\/v2\/types\/post"}],"author":[{"embeddable":true,"href":"https:\/\/brasilnoticias.org\/site\/wp-json\/wp\/v2\/users\/1"}],"replies":[{"embeddable":true,"href":"https:\/\/brasilnoticias.org\/site\/wp-json\/wp\/v2\/comments?post=6331"}],"version-history":[{"count":1,"href":"https:\/\/brasilnoticias.org\/site\/wp-json\/wp\/v2\/posts\/6331\/revisions"}],"predecessor-version":[{"id":6333,"href":"https:\/\/brasilnoticias.org\/site\/wp-json\/wp\/v2\/posts\/6331\/revisions\/6333"}],"wp:featuredmedia":[{"embeddable":true,"href":"https:\/\/brasilnoticias.org\/site\/wp-json\/wp\/v2\/media\/6332"}],"wp:attachment":[{"href":"https:\/\/brasilnoticias.org\/site\/wp-json\/wp\/v2\/media?parent=6331"}],"wp:term":[{"taxonomy":"category","embeddable":true,"href":"https:\/\/brasilnoticias.org\/site\/wp-json\/wp\/v2\/categories?post=6331"},{"taxonomy":"post_tag","embeddable":true,"href":"https:\/\/brasilnoticias.org\/site\/wp-json\/wp\/v2\/tags?post=6331"}],"curies":[{"name":"wp","href":"https:\/\/api.w.org\/{rel}","templated":true}]}}