{"id":6342,"date":"2023-05-30T06:22:51","date_gmt":"2023-05-30T09:22:51","guid":{"rendered":"https:\/\/brasilnoticias.org\/site\/?p=6342"},"modified":"2023-05-30T06:22:51","modified_gmt":"2023-05-30T09:22:51","slug":"goleiro-do-vitoria-retorna-de-lesao-e-vira-opcao-para-jogo-contra-o-ituano","status":"publish","type":"post","link":"https:\/\/brasilnoticias.org\/site\/goleiro-do-vitoria-retorna-de-lesao-e-vira-opcao-para-jogo-contra-o-ituano\/","title":{"rendered":"Goleiro do Vit\u00f3ria retorna de les\u00e3o e vira op\u00e7\u00e3o para jogo contra o Ituano"},"content":{"rendered":"<p>O goleiro do Vit\u00f3ria, Thiago Rodrigues, foi liberado pelo departamento m\u00e9dico do clube e \u00e9 op\u00e7\u00e3o para o jogo contra o Ituano, que acontece na pr\u00f3xima sexta-feira (02). O jogador j\u00e1 treinou normalmente com o elenco rubro negro nesta segunda-feira (29) e pode pintar entre os 11 inicial do treinador L\u00e9o Cond\u00e9. A informa\u00e7\u00e3o foi divulgada inicialmente pelo radialista Wilton Matos.<\/p>\n<p>Thiago Rodrigues pode ser o titular do time caso o atual dono da camisa 1 do Le\u00e3o, Lucas Arcanjo, n\u00e3o tenha condi\u00e7\u00f5es de jogo para a partida, uma vez que o mesmo saiu machucado no \u00faltimo jogo contra o Ava\u00ed com uma entorse no p\u00e9. Outra op\u00e7\u00e3o para o gol do Le\u00e3o, o goleiro Dalton, um dos her\u00f3is do acesso em 2022, n\u00e3o vem em um bom momento em campo e com a torcida.<\/p>\n<p>Thiago Rodrigues chegou na Toca do Le\u00e3o como o primeiro refor\u00e7o do pacote de jogadores contratados visando a reformula\u00e7\u00e3o do elenco para a disputa da S\u00e9rie B, mas logo ap\u00f3s de sua chegada acabou sofrendo uma les\u00e3o e ainda n\u00e3o entrou em campo com a camisa rubro negra.<\/p>\n<p>Foto Cadastrado por Luiz San Martin<br \/>\nBNews<\/p>\n","protected":false},"excerpt":{"rendered":"<p>O goleiro do Vit\u00f3ria, Thiago Rodrigues, foi liberado pelo departamento m\u00e9dico do clube e \u00e9 op\u00e7\u00e3o para o jogo contra<\/p>\n","protected":false},"author":1,"featured_media":6343,"comment_status":"open","ping_status":"open","sticky":false,"template":"","format":"standard","meta":{"colormag_page_container_layout":"default_layout","colormag_page_sidebar_layout":"default_layout","_FSMCFIC_featured_image_caption":"","_FSMCFIC_featured_image_nocaption":"","_FSMCFIC_featured_image_hide":"","footnotes":""},"categories":[4,1],"tags":[],"class_list":["post-6342","post","type-post","status-publish","format-standard","has-post-thumbnail","hentry","category-esporte","category-ultimas"],"yoast_head":"<!-- This site is optimized with the Yoast SEO plugin v27.1.1 - https:\/\/yoast.com\/product\/yoast-seo-wordpress\/ -->\n<title>Goleiro do Vit\u00f3ria retorna de les\u00e3o e vira op\u00e7\u00e3o para jogo contra o Ituano - Brasil not\u00edcias<\/title>\n<meta name=\"robots\" content=\"index, follow, max-snippet:-1, max-image-preview:large, max-video-preview:-1\" \/>\n<link rel=\"canonical\" href=\"https:\/\/brasilnoticias.org\/site\/goleiro-do-vitoria-retorna-de-lesao-e-vira-opcao-para-jogo-contra-o-ituano\/\" \/>\n<meta property=\"og:locale\" content=\"pt_PT\" \/>\n<meta property=\"og:type\" content=\"article\" \/>\n<meta property=\"og:title\" content=\"Goleiro do Vit\u00f3ria retorna de les\u00e3o e vira op\u00e7\u00e3o para jogo contra o Ituano - Brasil not\u00edcias\" \/>\n<meta property=\"og:description\" content=\"O goleiro do Vit\u00f3ria, Thiago Rodrigues, foi liberado pelo departamento m\u00e9dico do clube e \u00e9 op\u00e7\u00e3o para o jogo contra\" \/>\n<meta property=\"og:url\" content=\"https:\/\/brasilnoticias.org\/site\/goleiro-do-vitoria-retorna-de-lesao-e-vira-opcao-para-jogo-contra-o-ituano\/\" \/>\n<meta property=\"og:site_name\" content=\"Brasil not\u00edcias\" \/>\n<meta property=\"article:published_time\" content=\"2023-05-30T09:22:51+00:00\" \/>\n<meta property=\"og:image\" content=\"https:\/\/brasilnoticias.org\/site\/wp-content\/uploads\/2023\/05\/thiago-rodrigues-640x427_widelg.jpg\" \/>\n\t<meta property=\"og:image:width\" content=\"640\" \/>\n\t<meta property=\"og:image:height\" content=\"427\" \/>\n\t<meta property=\"og:image:type\" content=\"image\/jpeg\" \/>\n<meta name=\"author\" content=\"Reda\u00e7\u00e3o\" \/>\n<meta name=\"twitter:card\" content=\"summary_large_image\" \/>\n<meta name=\"twitter:label1\" content=\"Escrito por\" \/>\n\t<meta name=\"twitter:data1\" content=\"Reda\u00e7\u00e3o\" \/>\n<script type=\"application\/ld+json\" class=\"yoast-schema-graph\">{\"@context\":\"https:\/\/schema.org\",\"@graph\":[{\"@type\":\"Article\",\"@id\":\"https:\/\/brasilnoticias.org\/site\/goleiro-do-vitoria-retorna-de-lesao-e-vira-opcao-para-jogo-contra-o-ituano\/#article\",\"isPartOf\":{\"@id\":\"https:\/\/brasilnoticias.org\/site\/goleiro-do-vitoria-retorna-de-lesao-e-vira-opcao-para-jogo-contra-o-ituano\/\"},\"author\":{\"name\":\"Reda\u00e7\u00e3o\",\"@id\":\"https:\/\/brasilnoticias.org\/site\/#\/schema\/person\/a0e05b973ec4d15c658d51911e53507b\"},\"headline\":\"Goleiro do Vit\u00f3ria retorna de les\u00e3o e vira op\u00e7\u00e3o para jogo contra o Ituano\",\"datePublished\":\"2023-05-30T09:22:51+00:00\",\"mainEntityOfPage\":{\"@id\":\"https:\/\/brasilnoticias.org\/site\/goleiro-do-vitoria-retorna-de-lesao-e-vira-opcao-para-jogo-contra-o-ituano\/\"},\"wordCount\":221,\"commentCount\":0,\"publisher\":{\"@id\":\"https:\/\/brasilnoticias.org\/site\/#organization\"},\"image\":{\"@id\":\"https:\/\/brasilnoticias.org\/site\/goleiro-do-vitoria-retorna-de-lesao-e-vira-opcao-para-jogo-contra-o-ituano\/#primaryimage\"},\"thumbnailUrl\":\"https:\/\/brasilnoticias.org\/site\/wp-content\/uploads\/2023\/05\/thiago-rodrigues-640x427_widelg.jpg\",\"articleSection\":[\"Esporte\",\"\u00daltimas\"],\"inLanguage\":\"pt-PT\",\"potentialAction\":[{\"@type\":\"CommentAction\",\"name\":\"Comment\",\"target\":[\"https:\/\/brasilnoticias.org\/site\/goleiro-do-vitoria-retorna-de-lesao-e-vira-opcao-para-jogo-contra-o-ituano\/#respond\"]}]},{\"@type\":\"WebPage\",\"@id\":\"https:\/\/brasilnoticias.org\/site\/goleiro-do-vitoria-retorna-de-lesao-e-vira-opcao-para-jogo-contra-o-ituano\/\",\"url\":\"https:\/\/brasilnoticias.org\/site\/goleiro-do-vitoria-retorna-de-lesao-e-vira-opcao-para-jogo-contra-o-ituano\/\",\"name\":\"Goleiro do Vit\u00f3ria retorna de les\u00e3o e vira op\u00e7\u00e3o para jogo contra o Ituano - Brasil not\u00edcias\",\"isPartOf\":{\"@id\":\"https:\/\/brasilnoticias.org\/site\/#website\"},\"primaryImageOfPage\":{\"@id\":\"https:\/\/brasilnoticias.org\/site\/goleiro-do-vitoria-retorna-de-lesao-e-vira-opcao-para-jogo-contra-o-ituano\/#primaryimage\"},\"image\":{\"@id\":\"https:\/\/brasilnoticias.org\/site\/goleiro-do-vitoria-retorna-de-lesao-e-vira-opcao-para-jogo-contra-o-ituano\/#primaryimage\"},\"thumbnailUrl\":\"https:\/\/brasilnoticias.org\/site\/wp-content\/uploads\/2023\/05\/thiago-rodrigues-640x427_widelg.jpg\",\"datePublished\":\"2023-05-30T09:22:51+00:00\",\"breadcrumb\":{\"@id\":\"https:\/\/brasilnoticias.org\/site\/goleiro-do-vitoria-retorna-de-lesao-e-vira-opcao-para-jogo-contra-o-ituano\/#breadcrumb\"},\"inLanguage\":\"pt-PT\",\"potentialAction\":[{\"@type\":\"ReadAction\",\"target\":[\"https:\/\/brasilnoticias.org\/site\/goleiro-do-vitoria-retorna-de-lesao-e-vira-opcao-para-jogo-contra-o-ituano\/\"]}]},{\"@type\":\"ImageObject\",\"inLanguage\":\"pt-PT\",\"@id\":\"https:\/\/brasilnoticias.org\/site\/goleiro-do-vitoria-retorna-de-lesao-e-vira-opcao-para-jogo-contra-o-ituano\/#primaryimage\",\"url\":\"https:\/\/brasilnoticias.org\/site\/wp-content\/uploads\/2023\/05\/thiago-rodrigues-640x427_widelg.jpg\",\"contentUrl\":\"https:\/\/brasilnoticias.org\/site\/wp-content\/uploads\/2023\/05\/thiago-rodrigues-640x427_widelg.jpg\",\"width\":640,\"height\":427},{\"@type\":\"BreadcrumbList\",\"@id\":\"https:\/\/brasilnoticias.org\/site\/goleiro-do-vitoria-retorna-de-lesao-e-vira-opcao-para-jogo-contra-o-ituano\/#breadcrumb\",\"itemListElement\":[{\"@type\":\"ListItem\",\"position\":1,\"name\":\"In\u00edcio\",\"item\":\"https:\/\/brasilnoticias.org\/site\/\"},{\"@type\":\"ListItem\",\"position\":2,\"name\":\"Goleiro do Vit\u00f3ria retorna de les\u00e3o e vira op\u00e7\u00e3o para jogo contra o Ituano\"}]},{\"@type\":\"WebSite\",\"@id\":\"https:\/\/brasilnoticias.org\/site\/#website\",\"url\":\"https:\/\/brasilnoticias.org\/site\/\",\"name\":\"Brasil not\u00edcias\",\"description\":\"Brasil not\u00edcias\",\"publisher\":{\"@id\":\"https:\/\/brasilnoticias.org\/site\/#organization\"},\"potentialAction\":[{\"@type\":\"SearchAction\",\"target\":{\"@type\":\"EntryPoint\",\"urlTemplate\":\"https:\/\/brasilnoticias.org\/site\/?s={search_term_string}\"},\"query-input\":{\"@type\":\"PropertyValueSpecification\",\"valueRequired\":true,\"valueName\":\"search_term_string\"}}],\"inLanguage\":\"pt-PT\"},{\"@type\":\"Organization\",\"@id\":\"https:\/\/brasilnoticias.org\/site\/#organization\",\"name\":\"Brasil not\u00edcias\",\"url\":\"https:\/\/brasilnoticias.org\/site\/\",\"logo\":{\"@type\":\"ImageObject\",\"inLanguage\":\"pt-PT\",\"@id\":\"https:\/\/brasilnoticias.org\/site\/#\/schema\/logo\/image\/\",\"url\":\"https:\/\/brasilnoticias.org\/site\/wp-content\/uploads\/2022\/05\/cropped-brasilnoticias-mini.jpg\",\"contentUrl\":\"https:\/\/brasilnoticias.org\/site\/wp-content\/uploads\/2022\/05\/cropped-brasilnoticias-mini.jpg\",\"width\":314,\"height\":86,\"caption\":\"Brasil not\u00edcias\"},\"image\":{\"@id\":\"https:\/\/brasilnoticias.org\/site\/#\/schema\/logo\/image\/\"}},{\"@type\":\"Person\",\"@id\":\"https:\/\/brasilnoticias.org\/site\/#\/schema\/person\/a0e05b973ec4d15c658d51911e53507b\",\"name\":\"Reda\u00e7\u00e3o\",\"image\":{\"@type\":\"ImageObject\",\"inLanguage\":\"pt-PT\",\"@id\":\"https:\/\/brasilnoticias.org\/site\/#\/schema\/person\/image\/\",\"url\":\"https:\/\/secure.gravatar.com\/avatar\/75d8b050df2de108b08ae78dfb8e374892df24a383c67db9c46a9c604f6aee9c?s=96&d=mm&r=g\",\"contentUrl\":\"https:\/\/secure.gravatar.com\/avatar\/75d8b050df2de108b08ae78dfb8e374892df24a383c67db9c46a9c604f6aee9c?s=96&d=mm&r=g\",\"caption\":\"Reda\u00e7\u00e3o\"},\"sameAs\":[\"https:\/\/brasilnoticias.org\/site\"],\"url\":\"https:\/\/brasilnoticias.org\/site\/author\/fernandozsngmail-com\/\"}]}<\/script>\n<!-- \/ Yoast SEO plugin. -->","yoast_head_json":{"title":"Goleiro do Vit\u00f3ria retorna de les\u00e3o e vira op\u00e7\u00e3o para jogo contra o Ituano - Brasil not\u00edcias","robots":{"index":"index","follow":"follow","max-snippet":"max-snippet:-1","max-image-preview":"max-image-preview:large","max-video-preview":"max-video-preview:-1"},"canonical":"https:\/\/brasilnoticias.org\/site\/goleiro-do-vitoria-retorna-de-lesao-e-vira-opcao-para-jogo-contra-o-ituano\/","og_locale":"pt_PT","og_type":"article","og_title":"Goleiro do Vit\u00f3ria retorna de les\u00e3o e vira op\u00e7\u00e3o para jogo contra o Ituano - Brasil not\u00edcias","og_description":"O goleiro do Vit\u00f3ria, Thiago Rodrigues, foi liberado pelo departamento m\u00e9dico do clube e \u00e9 op\u00e7\u00e3o para o jogo contra","og_url":"https:\/\/brasilnoticias.org\/site\/goleiro-do-vitoria-retorna-de-lesao-e-vira-opcao-para-jogo-contra-o-ituano\/","og_site_name":"Brasil not\u00edcias","article_published_time":"2023-05-30T09:22:51+00:00","og_image":[{"width":640,"height":427,"url":"https:\/\/brasilnoticias.org\/site\/wp-content\/uploads\/2023\/05\/thiago-rodrigues-640x427_widelg.jpg","type":"image\/jpeg"}],"author":"Reda\u00e7\u00e3o","twitter_card":"summary_large_image","twitter_misc":{"Escrito por":"Reda\u00e7\u00e3o"},"schema":{"@context":"https:\/\/schema.org","@graph":[{"@type":"Article","@id":"https:\/\/brasilnoticias.org\/site\/goleiro-do-vitoria-retorna-de-lesao-e-vira-opcao-para-jogo-contra-o-ituano\/#article","isPartOf":{"@id":"https:\/\/brasilnoticias.org\/site\/goleiro-do-vitoria-retorna-de-lesao-e-vira-opcao-para-jogo-contra-o-ituano\/"},"author":{"name":"Reda\u00e7\u00e3o","@id":"https:\/\/brasilnoticias.org\/site\/#\/schema\/person\/a0e05b973ec4d15c658d51911e53507b"},"headline":"Goleiro do Vit\u00f3ria retorna de les\u00e3o e vira op\u00e7\u00e3o para jogo contra o Ituano","datePublished":"2023-05-30T09:22:51+00:00","mainEntityOfPage":{"@id":"https:\/\/brasilnoticias.org\/site\/goleiro-do-vitoria-retorna-de-lesao-e-vira-opcao-para-jogo-contra-o-ituano\/"},"wordCount":221,"commentCount":0,"publisher":{"@id":"https:\/\/brasilnoticias.org\/site\/#organization"},"image":{"@id":"https:\/\/brasilnoticias.org\/site\/goleiro-do-vitoria-retorna-de-lesao-e-vira-opcao-para-jogo-contra-o-ituano\/#primaryimage"},"thumbnailUrl":"https:\/\/brasilnoticias.org\/site\/wp-content\/uploads\/2023\/05\/thiago-rodrigues-640x427_widelg.jpg","articleSection":["Esporte","\u00daltimas"],"inLanguage":"pt-PT","potentialAction":[{"@type":"CommentAction","name":"Comment","target":["https:\/\/brasilnoticias.org\/site\/goleiro-do-vitoria-retorna-de-lesao-e-vira-opcao-para-jogo-contra-o-ituano\/#respond"]}]},{"@type":"WebPage","@id":"https:\/\/brasilnoticias.org\/site\/goleiro-do-vitoria-retorna-de-lesao-e-vira-opcao-para-jogo-contra-o-ituano\/","url":"https:\/\/brasilnoticias.org\/site\/goleiro-do-vitoria-retorna-de-lesao-e-vira-opcao-para-jogo-contra-o-ituano\/","name":"Goleiro do Vit\u00f3ria retorna de les\u00e3o e vira op\u00e7\u00e3o para jogo contra o Ituano - Brasil not\u00edcias","isPartOf":{"@id":"https:\/\/brasilnoticias.org\/site\/#website"},"primaryImageOfPage":{"@id":"https:\/\/brasilnoticias.org\/site\/goleiro-do-vitoria-retorna-de-lesao-e-vira-opcao-para-jogo-contra-o-ituano\/#primaryimage"},"image":{"@id":"https:\/\/brasilnoticias.org\/site\/goleiro-do-vitoria-retorna-de-lesao-e-vira-opcao-para-jogo-contra-o-ituano\/#primaryimage"},"thumbnailUrl":"https:\/\/brasilnoticias.org\/site\/wp-content\/uploads\/2023\/05\/thiago-rodrigues-640x427_widelg.jpg","datePublished":"2023-05-30T09:22:51+00:00","breadcrumb":{"@id":"https:\/\/brasilnoticias.org\/site\/goleiro-do-vitoria-retorna-de-lesao-e-vira-opcao-para-jogo-contra-o-ituano\/#breadcrumb"},"inLanguage":"pt-PT","potentialAction":[{"@type":"ReadAction","target":["https:\/\/brasilnoticias.org\/site\/goleiro-do-vitoria-retorna-de-lesao-e-vira-opcao-para-jogo-contra-o-ituano\/"]}]},{"@type":"ImageObject","inLanguage":"pt-PT","@id":"https:\/\/brasilnoticias.org\/site\/goleiro-do-vitoria-retorna-de-lesao-e-vira-opcao-para-jogo-contra-o-ituano\/#primaryimage","url":"https:\/\/brasilnoticias.org\/site\/wp-content\/uploads\/2023\/05\/thiago-rodrigues-640x427_widelg.jpg","contentUrl":"https:\/\/brasilnoticias.org\/site\/wp-content\/uploads\/2023\/05\/thiago-rodrigues-640x427_widelg.jpg","width":640,"height":427},{"@type":"BreadcrumbList","@id":"https:\/\/brasilnoticias.org\/site\/goleiro-do-vitoria-retorna-de-lesao-e-vira-opcao-para-jogo-contra-o-ituano\/#breadcrumb","itemListElement":[{"@type":"ListItem","position":1,"name":"In\u00edcio","item":"https:\/\/brasilnoticias.org\/site\/"},{"@type":"ListItem","position":2,"name":"Goleiro do Vit\u00f3ria retorna de les\u00e3o e vira op\u00e7\u00e3o para jogo contra o Ituano"}]},{"@type":"WebSite","@id":"https:\/\/brasilnoticias.org\/site\/#website","url":"https:\/\/brasilnoticias.org\/site\/","name":"Brasil not\u00edcias","description":"Brasil not\u00edcias","publisher":{"@id":"https:\/\/brasilnoticias.org\/site\/#organization"},"potentialAction":[{"@type":"SearchAction","target":{"@type":"EntryPoint","urlTemplate":"https:\/\/brasilnoticias.org\/site\/?s={search_term_string}"},"query-input":{"@type":"PropertyValueSpecification","valueRequired":true,"valueName":"search_term_string"}}],"inLanguage":"pt-PT"},{"@type":"Organization","@id":"https:\/\/brasilnoticias.org\/site\/#organization","name":"Brasil not\u00edcias","url":"https:\/\/brasilnoticias.org\/site\/","logo":{"@type":"ImageObject","inLanguage":"pt-PT","@id":"https:\/\/brasilnoticias.org\/site\/#\/schema\/logo\/image\/","url":"https:\/\/brasilnoticias.org\/site\/wp-content\/uploads\/2022\/05\/cropped-brasilnoticias-mini.jpg","contentUrl":"https:\/\/brasilnoticias.org\/site\/wp-content\/uploads\/2022\/05\/cropped-brasilnoticias-mini.jpg","width":314,"height":86,"caption":"Brasil not\u00edcias"},"image":{"@id":"https:\/\/brasilnoticias.org\/site\/#\/schema\/logo\/image\/"}},{"@type":"Person","@id":"https:\/\/brasilnoticias.org\/site\/#\/schema\/person\/a0e05b973ec4d15c658d51911e53507b","name":"Reda\u00e7\u00e3o","image":{"@type":"ImageObject","inLanguage":"pt-PT","@id":"https:\/\/brasilnoticias.org\/site\/#\/schema\/person\/image\/","url":"https:\/\/secure.gravatar.com\/avatar\/75d8b050df2de108b08ae78dfb8e374892df24a383c67db9c46a9c604f6aee9c?s=96&d=mm&r=g","contentUrl":"https:\/\/secure.gravatar.com\/avatar\/75d8b050df2de108b08ae78dfb8e374892df24a383c67db9c46a9c604f6aee9c?s=96&d=mm&r=g","caption":"Reda\u00e7\u00e3o"},"sameAs":["https:\/\/brasilnoticias.org\/site"],"url":"https:\/\/brasilnoticias.org\/site\/author\/fernandozsngmail-com\/"}]}},"_links":{"self":[{"href":"https:\/\/brasilnoticias.org\/site\/wp-json\/wp\/v2\/posts\/6342","targetHints":{"allow":["GET"]}}],"collection":[{"href":"https:\/\/brasilnoticias.org\/site\/wp-json\/wp\/v2\/posts"}],"about":[{"href":"https:\/\/brasilnoticias.org\/site\/wp-json\/wp\/v2\/types\/post"}],"author":[{"embeddable":true,"href":"https:\/\/brasilnoticias.org\/site\/wp-json\/wp\/v2\/users\/1"}],"replies":[{"embeddable":true,"href":"https:\/\/brasilnoticias.org\/site\/wp-json\/wp\/v2\/comments?post=6342"}],"version-history":[{"count":1,"href":"https:\/\/brasilnoticias.org\/site\/wp-json\/wp\/v2\/posts\/6342\/revisions"}],"predecessor-version":[{"id":6344,"href":"https:\/\/brasilnoticias.org\/site\/wp-json\/wp\/v2\/posts\/6342\/revisions\/6344"}],"wp:featuredmedia":[{"embeddable":true,"href":"https:\/\/brasilnoticias.org\/site\/wp-json\/wp\/v2\/media\/6343"}],"wp:attachment":[{"href":"https:\/\/brasilnoticias.org\/site\/wp-json\/wp\/v2\/media?parent=6342"}],"wp:term":[{"taxonomy":"category","embeddable":true,"href":"https:\/\/brasilnoticias.org\/site\/wp-json\/wp\/v2\/categories?post=6342"},{"taxonomy":"post_tag","embeddable":true,"href":"https:\/\/brasilnoticias.org\/site\/wp-json\/wp\/v2\/tags?post=6342"}],"curies":[{"name":"wp","href":"https:\/\/api.w.org\/{rel}","templated":true}]}}