{"id":6348,"date":"2023-05-30T06:29:35","date_gmt":"2023-05-30T09:29:35","guid":{"rendered":"https:\/\/brasilnoticias.org\/site\/?p=6348"},"modified":"2023-05-30T06:29:35","modified_gmt":"2023-05-30T09:29:35","slug":"jacare-fala-sobre-nova-derrota-do-bahia-no-brasileirao-temos-que-assumir-a-bronca","status":"publish","type":"post","link":"https:\/\/brasilnoticias.org\/site\/jacare-fala-sobre-nova-derrota-do-bahia-no-brasileirao-temos-que-assumir-a-bronca\/","title":{"rendered":"Jacar\u00e9 fala sobre nova derrota do Bahia no Brasileir\u00e3o; \u201cTemos que assumir a bronca\u201d"},"content":{"rendered":"<p>A derrota para o Internacional no \u00faltimo domingo (28\/5) colocou o Bahia em uma situa\u00e7\u00e3o complicada no Campeonato Brasileiro 2023. E para o jogador Jacar\u00e9, o grande motivo para este novo resultado negativo foi a falta de precis\u00e3o dos atletas tricolores, que desperdi\u00e7aram chances e precisam assumir a responsabilidade pela m\u00e1 atua\u00e7\u00e3o no Est\u00e1dio do Beira-Rio.<\/p>\n<p>\u201cEu acho que faltou o gol n\u00e9? Mas se a gente tivesse feito os gols que a gente criou, a gente sa\u00eda daqui com com resultado positivo. A gente tem que assumir a bronca, porque na maioria das vezes muitos programas de esporte que eu vejo a\u00ed, colocam a culpa s\u00f3 pro professor. Mas a culpa n\u00e3o \u00e9 s\u00f3 pro professor, a gente que est\u00e1 dentro de campo jogando tem que assumir essa bronca e concluir essas oportunidades que a gente criou\u201d, afirma o lateral improvisado. Ainda segundo Jacar\u00e9, a cobran\u00e7a j\u00e1 existe dentro do elenco e n\u00e3o vai demorar para que os resultados positivos cheguem a equipe.<\/p>\n<p>\u201cA gente se cobra muito, n\u00e9? A gente se cobra bastante tanto dentro de campo quanto fora de campo. Quando a gente sai do intervalo, acaba jogo, a gente se cobra porque a gente n\u00e3o est\u00e1 dando o nosso melhor. Mas, infelizmente, os resultados n\u00e3o est\u00e3o vindo e a gente tem que fazer algo a mais pra pra que esses resultado comece a acontecer\u201d, finalizou.<\/p>\n<p>Com sete pontos, o Bahia est\u00e1 na d\u00e9cima-sexta posi\u00e7\u00e3o e se econtra fora da zona de rebaixamento apenas pelo saldo de gols contra o Goi\u00e1s, que tem a mesma pontua\u00e7\u00e3o. O pr\u00f3ximo jogo do Tricolor de A\u00e7o ser\u00e1 na quarta-feira (31\/5), quando enfrenta o Santos pela Copa do Brasil.<\/p>\n<p>Foto: Reprodu\u00e7\u00e3o\/EC Bahia<br \/>\nAratu online<\/p>\n","protected":false},"excerpt":{"rendered":"<p>A derrota para o Internacional no \u00faltimo domingo (28\/5) colocou o Bahia em uma situa\u00e7\u00e3o complicada no Campeonato Brasileiro 2023.<\/p>\n","protected":false},"author":1,"featured_media":6349,"comment_status":"open","ping_status":"open","sticky":false,"template":"","format":"standard","meta":{"colormag_page_container_layout":"default_layout","colormag_page_sidebar_layout":"default_layout","_FSMCFIC_featured_image_caption":"","_FSMCFIC_featured_image_nocaption":"","_FSMCFIC_featured_image_hide":"","footnotes":""},"categories":[4,1],"tags":[],"class_list":["post-6348","post","type-post","status-publish","format-standard","has-post-thumbnail","hentry","category-esporte","category-ultimas"],"yoast_head":"<!-- This site is optimized with the Yoast SEO plugin v27.1.1 - https:\/\/yoast.com\/product\/yoast-seo-wordpress\/ -->\n<title>Jacar\u00e9 fala sobre nova derrota do Bahia no Brasileir\u00e3o; \u201cTemos que assumir a bronca\u201d - Brasil not\u00edcias<\/title>\n<meta name=\"robots\" content=\"index, follow, max-snippet:-1, max-image-preview:large, max-video-preview:-1\" \/>\n<link rel=\"canonical\" href=\"https:\/\/brasilnoticias.org\/site\/jacare-fala-sobre-nova-derrota-do-bahia-no-brasileirao-temos-que-assumir-a-bronca\/\" \/>\n<meta property=\"og:locale\" content=\"pt_PT\" \/>\n<meta property=\"og:type\" content=\"article\" \/>\n<meta property=\"og:title\" content=\"Jacar\u00e9 fala sobre nova derrota do Bahia no Brasileir\u00e3o; \u201cTemos que assumir a bronca\u201d - Brasil not\u00edcias\" \/>\n<meta property=\"og:description\" content=\"A derrota para o Internacional no \u00faltimo domingo (28\/5) colocou o Bahia em uma situa\u00e7\u00e3o complicada no Campeonato Brasileiro 2023.\" \/>\n<meta property=\"og:url\" content=\"https:\/\/brasilnoticias.org\/site\/jacare-fala-sobre-nova-derrota-do-bahia-no-brasileirao-temos-que-assumir-a-bronca\/\" \/>\n<meta property=\"og:site_name\" content=\"Brasil not\u00edcias\" \/>\n<meta property=\"article:published_time\" content=\"2023-05-30T09:29:35+00:00\" \/>\n<meta property=\"og:image\" content=\"https:\/\/brasilnoticias.org\/site\/wp-content\/uploads\/2023\/05\/WhatsApp-Image-2023-05-29-at-17.58.22-740x470-1.jpg\" \/>\n\t<meta property=\"og:image:width\" content=\"740\" \/>\n\t<meta property=\"og:image:height\" content=\"470\" \/>\n\t<meta property=\"og:image:type\" content=\"image\/jpeg\" \/>\n<meta name=\"author\" content=\"Reda\u00e7\u00e3o\" \/>\n<meta name=\"twitter:card\" content=\"summary_large_image\" \/>\n<meta name=\"twitter:label1\" content=\"Escrito por\" \/>\n\t<meta name=\"twitter:data1\" content=\"Reda\u00e7\u00e3o\" \/>\n<script type=\"application\/ld+json\" class=\"yoast-schema-graph\">{\"@context\":\"https:\/\/schema.org\",\"@graph\":[{\"@type\":\"Article\",\"@id\":\"https:\/\/brasilnoticias.org\/site\/jacare-fala-sobre-nova-derrota-do-bahia-no-brasileirao-temos-que-assumir-a-bronca\/#article\",\"isPartOf\":{\"@id\":\"https:\/\/brasilnoticias.org\/site\/jacare-fala-sobre-nova-derrota-do-bahia-no-brasileirao-temos-que-assumir-a-bronca\/\"},\"author\":{\"name\":\"Reda\u00e7\u00e3o\",\"@id\":\"https:\/\/brasilnoticias.org\/site\/#\/schema\/person\/a0e05b973ec4d15c658d51911e53507b\"},\"headline\":\"Jacar\u00e9 fala sobre nova derrota do Bahia no Brasileir\u00e3o; \u201cTemos que assumir a bronca\u201d\",\"datePublished\":\"2023-05-30T09:29:35+00:00\",\"mainEntityOfPage\":{\"@id\":\"https:\/\/brasilnoticias.org\/site\/jacare-fala-sobre-nova-derrota-do-bahia-no-brasileirao-temos-que-assumir-a-bronca\/\"},\"wordCount\":314,\"commentCount\":0,\"publisher\":{\"@id\":\"https:\/\/brasilnoticias.org\/site\/#organization\"},\"image\":{\"@id\":\"https:\/\/brasilnoticias.org\/site\/jacare-fala-sobre-nova-derrota-do-bahia-no-brasileirao-temos-que-assumir-a-bronca\/#primaryimage\"},\"thumbnailUrl\":\"https:\/\/brasilnoticias.org\/site\/wp-content\/uploads\/2023\/05\/WhatsApp-Image-2023-05-29-at-17.58.22-740x470-1.jpg\",\"articleSection\":[\"Esporte\",\"\u00daltimas\"],\"inLanguage\":\"pt-PT\",\"potentialAction\":[{\"@type\":\"CommentAction\",\"name\":\"Comment\",\"target\":[\"https:\/\/brasilnoticias.org\/site\/jacare-fala-sobre-nova-derrota-do-bahia-no-brasileirao-temos-que-assumir-a-bronca\/#respond\"]}]},{\"@type\":\"WebPage\",\"@id\":\"https:\/\/brasilnoticias.org\/site\/jacare-fala-sobre-nova-derrota-do-bahia-no-brasileirao-temos-que-assumir-a-bronca\/\",\"url\":\"https:\/\/brasilnoticias.org\/site\/jacare-fala-sobre-nova-derrota-do-bahia-no-brasileirao-temos-que-assumir-a-bronca\/\",\"name\":\"Jacar\u00e9 fala sobre nova derrota do Bahia no Brasileir\u00e3o; \u201cTemos que assumir a bronca\u201d - Brasil not\u00edcias\",\"isPartOf\":{\"@id\":\"https:\/\/brasilnoticias.org\/site\/#website\"},\"primaryImageOfPage\":{\"@id\":\"https:\/\/brasilnoticias.org\/site\/jacare-fala-sobre-nova-derrota-do-bahia-no-brasileirao-temos-que-assumir-a-bronca\/#primaryimage\"},\"image\":{\"@id\":\"https:\/\/brasilnoticias.org\/site\/jacare-fala-sobre-nova-derrota-do-bahia-no-brasileirao-temos-que-assumir-a-bronca\/#primaryimage\"},\"thumbnailUrl\":\"https:\/\/brasilnoticias.org\/site\/wp-content\/uploads\/2023\/05\/WhatsApp-Image-2023-05-29-at-17.58.22-740x470-1.jpg\",\"datePublished\":\"2023-05-30T09:29:35+00:00\",\"breadcrumb\":{\"@id\":\"https:\/\/brasilnoticias.org\/site\/jacare-fala-sobre-nova-derrota-do-bahia-no-brasileirao-temos-que-assumir-a-bronca\/#breadcrumb\"},\"inLanguage\":\"pt-PT\",\"potentialAction\":[{\"@type\":\"ReadAction\",\"target\":[\"https:\/\/brasilnoticias.org\/site\/jacare-fala-sobre-nova-derrota-do-bahia-no-brasileirao-temos-que-assumir-a-bronca\/\"]}]},{\"@type\":\"ImageObject\",\"inLanguage\":\"pt-PT\",\"@id\":\"https:\/\/brasilnoticias.org\/site\/jacare-fala-sobre-nova-derrota-do-bahia-no-brasileirao-temos-que-assumir-a-bronca\/#primaryimage\",\"url\":\"https:\/\/brasilnoticias.org\/site\/wp-content\/uploads\/2023\/05\/WhatsApp-Image-2023-05-29-at-17.58.22-740x470-1.jpg\",\"contentUrl\":\"https:\/\/brasilnoticias.org\/site\/wp-content\/uploads\/2023\/05\/WhatsApp-Image-2023-05-29-at-17.58.22-740x470-1.jpg\",\"width\":740,\"height\":470},{\"@type\":\"BreadcrumbList\",\"@id\":\"https:\/\/brasilnoticias.org\/site\/jacare-fala-sobre-nova-derrota-do-bahia-no-brasileirao-temos-que-assumir-a-bronca\/#breadcrumb\",\"itemListElement\":[{\"@type\":\"ListItem\",\"position\":1,\"name\":\"In\u00edcio\",\"item\":\"https:\/\/brasilnoticias.org\/site\/\"},{\"@type\":\"ListItem\",\"position\":2,\"name\":\"Jacar\u00e9 fala sobre nova derrota do Bahia no Brasileir\u00e3o; \u201cTemos que assumir a bronca\u201d\"}]},{\"@type\":\"WebSite\",\"@id\":\"https:\/\/brasilnoticias.org\/site\/#website\",\"url\":\"https:\/\/brasilnoticias.org\/site\/\",\"name\":\"Brasil not\u00edcias\",\"description\":\"Brasil not\u00edcias\",\"publisher\":{\"@id\":\"https:\/\/brasilnoticias.org\/site\/#organization\"},\"potentialAction\":[{\"@type\":\"SearchAction\",\"target\":{\"@type\":\"EntryPoint\",\"urlTemplate\":\"https:\/\/brasilnoticias.org\/site\/?s={search_term_string}\"},\"query-input\":{\"@type\":\"PropertyValueSpecification\",\"valueRequired\":true,\"valueName\":\"search_term_string\"}}],\"inLanguage\":\"pt-PT\"},{\"@type\":\"Organization\",\"@id\":\"https:\/\/brasilnoticias.org\/site\/#organization\",\"name\":\"Brasil not\u00edcias\",\"url\":\"https:\/\/brasilnoticias.org\/site\/\",\"logo\":{\"@type\":\"ImageObject\",\"inLanguage\":\"pt-PT\",\"@id\":\"https:\/\/brasilnoticias.org\/site\/#\/schema\/logo\/image\/\",\"url\":\"https:\/\/brasilnoticias.org\/site\/wp-content\/uploads\/2022\/05\/cropped-brasilnoticias-mini.jpg\",\"contentUrl\":\"https:\/\/brasilnoticias.org\/site\/wp-content\/uploads\/2022\/05\/cropped-brasilnoticias-mini.jpg\",\"width\":314,\"height\":86,\"caption\":\"Brasil not\u00edcias\"},\"image\":{\"@id\":\"https:\/\/brasilnoticias.org\/site\/#\/schema\/logo\/image\/\"}},{\"@type\":\"Person\",\"@id\":\"https:\/\/brasilnoticias.org\/site\/#\/schema\/person\/a0e05b973ec4d15c658d51911e53507b\",\"name\":\"Reda\u00e7\u00e3o\",\"image\":{\"@type\":\"ImageObject\",\"inLanguage\":\"pt-PT\",\"@id\":\"https:\/\/brasilnoticias.org\/site\/#\/schema\/person\/image\/\",\"url\":\"https:\/\/secure.gravatar.com\/avatar\/75d8b050df2de108b08ae78dfb8e374892df24a383c67db9c46a9c604f6aee9c?s=96&d=mm&r=g\",\"contentUrl\":\"https:\/\/secure.gravatar.com\/avatar\/75d8b050df2de108b08ae78dfb8e374892df24a383c67db9c46a9c604f6aee9c?s=96&d=mm&r=g\",\"caption\":\"Reda\u00e7\u00e3o\"},\"sameAs\":[\"https:\/\/brasilnoticias.org\/site\"],\"url\":\"https:\/\/brasilnoticias.org\/site\/author\/fernandozsngmail-com\/\"}]}<\/script>\n<!-- \/ Yoast SEO plugin. -->","yoast_head_json":{"title":"Jacar\u00e9 fala sobre nova derrota do Bahia no Brasileir\u00e3o; \u201cTemos que assumir a bronca\u201d - Brasil not\u00edcias","robots":{"index":"index","follow":"follow","max-snippet":"max-snippet:-1","max-image-preview":"max-image-preview:large","max-video-preview":"max-video-preview:-1"},"canonical":"https:\/\/brasilnoticias.org\/site\/jacare-fala-sobre-nova-derrota-do-bahia-no-brasileirao-temos-que-assumir-a-bronca\/","og_locale":"pt_PT","og_type":"article","og_title":"Jacar\u00e9 fala sobre nova derrota do Bahia no Brasileir\u00e3o; \u201cTemos que assumir a bronca\u201d - Brasil not\u00edcias","og_description":"A derrota para o Internacional no \u00faltimo domingo (28\/5) colocou o Bahia em uma situa\u00e7\u00e3o complicada no Campeonato Brasileiro 2023.","og_url":"https:\/\/brasilnoticias.org\/site\/jacare-fala-sobre-nova-derrota-do-bahia-no-brasileirao-temos-que-assumir-a-bronca\/","og_site_name":"Brasil not\u00edcias","article_published_time":"2023-05-30T09:29:35+00:00","og_image":[{"width":740,"height":470,"url":"https:\/\/brasilnoticias.org\/site\/wp-content\/uploads\/2023\/05\/WhatsApp-Image-2023-05-29-at-17.58.22-740x470-1.jpg","type":"image\/jpeg"}],"author":"Reda\u00e7\u00e3o","twitter_card":"summary_large_image","twitter_misc":{"Escrito por":"Reda\u00e7\u00e3o"},"schema":{"@context":"https:\/\/schema.org","@graph":[{"@type":"Article","@id":"https:\/\/brasilnoticias.org\/site\/jacare-fala-sobre-nova-derrota-do-bahia-no-brasileirao-temos-que-assumir-a-bronca\/#article","isPartOf":{"@id":"https:\/\/brasilnoticias.org\/site\/jacare-fala-sobre-nova-derrota-do-bahia-no-brasileirao-temos-que-assumir-a-bronca\/"},"author":{"name":"Reda\u00e7\u00e3o","@id":"https:\/\/brasilnoticias.org\/site\/#\/schema\/person\/a0e05b973ec4d15c658d51911e53507b"},"headline":"Jacar\u00e9 fala sobre nova derrota do Bahia no Brasileir\u00e3o; \u201cTemos que assumir a bronca\u201d","datePublished":"2023-05-30T09:29:35+00:00","mainEntityOfPage":{"@id":"https:\/\/brasilnoticias.org\/site\/jacare-fala-sobre-nova-derrota-do-bahia-no-brasileirao-temos-que-assumir-a-bronca\/"},"wordCount":314,"commentCount":0,"publisher":{"@id":"https:\/\/brasilnoticias.org\/site\/#organization"},"image":{"@id":"https:\/\/brasilnoticias.org\/site\/jacare-fala-sobre-nova-derrota-do-bahia-no-brasileirao-temos-que-assumir-a-bronca\/#primaryimage"},"thumbnailUrl":"https:\/\/brasilnoticias.org\/site\/wp-content\/uploads\/2023\/05\/WhatsApp-Image-2023-05-29-at-17.58.22-740x470-1.jpg","articleSection":["Esporte","\u00daltimas"],"inLanguage":"pt-PT","potentialAction":[{"@type":"CommentAction","name":"Comment","target":["https:\/\/brasilnoticias.org\/site\/jacare-fala-sobre-nova-derrota-do-bahia-no-brasileirao-temos-que-assumir-a-bronca\/#respond"]}]},{"@type":"WebPage","@id":"https:\/\/brasilnoticias.org\/site\/jacare-fala-sobre-nova-derrota-do-bahia-no-brasileirao-temos-que-assumir-a-bronca\/","url":"https:\/\/brasilnoticias.org\/site\/jacare-fala-sobre-nova-derrota-do-bahia-no-brasileirao-temos-que-assumir-a-bronca\/","name":"Jacar\u00e9 fala sobre nova derrota do Bahia no Brasileir\u00e3o; \u201cTemos que assumir a bronca\u201d - Brasil not\u00edcias","isPartOf":{"@id":"https:\/\/brasilnoticias.org\/site\/#website"},"primaryImageOfPage":{"@id":"https:\/\/brasilnoticias.org\/site\/jacare-fala-sobre-nova-derrota-do-bahia-no-brasileirao-temos-que-assumir-a-bronca\/#primaryimage"},"image":{"@id":"https:\/\/brasilnoticias.org\/site\/jacare-fala-sobre-nova-derrota-do-bahia-no-brasileirao-temos-que-assumir-a-bronca\/#primaryimage"},"thumbnailUrl":"https:\/\/brasilnoticias.org\/site\/wp-content\/uploads\/2023\/05\/WhatsApp-Image-2023-05-29-at-17.58.22-740x470-1.jpg","datePublished":"2023-05-30T09:29:35+00:00","breadcrumb":{"@id":"https:\/\/brasilnoticias.org\/site\/jacare-fala-sobre-nova-derrota-do-bahia-no-brasileirao-temos-que-assumir-a-bronca\/#breadcrumb"},"inLanguage":"pt-PT","potentialAction":[{"@type":"ReadAction","target":["https:\/\/brasilnoticias.org\/site\/jacare-fala-sobre-nova-derrota-do-bahia-no-brasileirao-temos-que-assumir-a-bronca\/"]}]},{"@type":"ImageObject","inLanguage":"pt-PT","@id":"https:\/\/brasilnoticias.org\/site\/jacare-fala-sobre-nova-derrota-do-bahia-no-brasileirao-temos-que-assumir-a-bronca\/#primaryimage","url":"https:\/\/brasilnoticias.org\/site\/wp-content\/uploads\/2023\/05\/WhatsApp-Image-2023-05-29-at-17.58.22-740x470-1.jpg","contentUrl":"https:\/\/brasilnoticias.org\/site\/wp-content\/uploads\/2023\/05\/WhatsApp-Image-2023-05-29-at-17.58.22-740x470-1.jpg","width":740,"height":470},{"@type":"BreadcrumbList","@id":"https:\/\/brasilnoticias.org\/site\/jacare-fala-sobre-nova-derrota-do-bahia-no-brasileirao-temos-que-assumir-a-bronca\/#breadcrumb","itemListElement":[{"@type":"ListItem","position":1,"name":"In\u00edcio","item":"https:\/\/brasilnoticias.org\/site\/"},{"@type":"ListItem","position":2,"name":"Jacar\u00e9 fala sobre nova derrota do Bahia no Brasileir\u00e3o; \u201cTemos que assumir a bronca\u201d"}]},{"@type":"WebSite","@id":"https:\/\/brasilnoticias.org\/site\/#website","url":"https:\/\/brasilnoticias.org\/site\/","name":"Brasil not\u00edcias","description":"Brasil not\u00edcias","publisher":{"@id":"https:\/\/brasilnoticias.org\/site\/#organization"},"potentialAction":[{"@type":"SearchAction","target":{"@type":"EntryPoint","urlTemplate":"https:\/\/brasilnoticias.org\/site\/?s={search_term_string}"},"query-input":{"@type":"PropertyValueSpecification","valueRequired":true,"valueName":"search_term_string"}}],"inLanguage":"pt-PT"},{"@type":"Organization","@id":"https:\/\/brasilnoticias.org\/site\/#organization","name":"Brasil not\u00edcias","url":"https:\/\/brasilnoticias.org\/site\/","logo":{"@type":"ImageObject","inLanguage":"pt-PT","@id":"https:\/\/brasilnoticias.org\/site\/#\/schema\/logo\/image\/","url":"https:\/\/brasilnoticias.org\/site\/wp-content\/uploads\/2022\/05\/cropped-brasilnoticias-mini.jpg","contentUrl":"https:\/\/brasilnoticias.org\/site\/wp-content\/uploads\/2022\/05\/cropped-brasilnoticias-mini.jpg","width":314,"height":86,"caption":"Brasil not\u00edcias"},"image":{"@id":"https:\/\/brasilnoticias.org\/site\/#\/schema\/logo\/image\/"}},{"@type":"Person","@id":"https:\/\/brasilnoticias.org\/site\/#\/schema\/person\/a0e05b973ec4d15c658d51911e53507b","name":"Reda\u00e7\u00e3o","image":{"@type":"ImageObject","inLanguage":"pt-PT","@id":"https:\/\/brasilnoticias.org\/site\/#\/schema\/person\/image\/","url":"https:\/\/secure.gravatar.com\/avatar\/75d8b050df2de108b08ae78dfb8e374892df24a383c67db9c46a9c604f6aee9c?s=96&d=mm&r=g","contentUrl":"https:\/\/secure.gravatar.com\/avatar\/75d8b050df2de108b08ae78dfb8e374892df24a383c67db9c46a9c604f6aee9c?s=96&d=mm&r=g","caption":"Reda\u00e7\u00e3o"},"sameAs":["https:\/\/brasilnoticias.org\/site"],"url":"https:\/\/brasilnoticias.org\/site\/author\/fernandozsngmail-com\/"}]}},"_links":{"self":[{"href":"https:\/\/brasilnoticias.org\/site\/wp-json\/wp\/v2\/posts\/6348","targetHints":{"allow":["GET"]}}],"collection":[{"href":"https:\/\/brasilnoticias.org\/site\/wp-json\/wp\/v2\/posts"}],"about":[{"href":"https:\/\/brasilnoticias.org\/site\/wp-json\/wp\/v2\/types\/post"}],"author":[{"embeddable":true,"href":"https:\/\/brasilnoticias.org\/site\/wp-json\/wp\/v2\/users\/1"}],"replies":[{"embeddable":true,"href":"https:\/\/brasilnoticias.org\/site\/wp-json\/wp\/v2\/comments?post=6348"}],"version-history":[{"count":1,"href":"https:\/\/brasilnoticias.org\/site\/wp-json\/wp\/v2\/posts\/6348\/revisions"}],"predecessor-version":[{"id":6350,"href":"https:\/\/brasilnoticias.org\/site\/wp-json\/wp\/v2\/posts\/6348\/revisions\/6350"}],"wp:featuredmedia":[{"embeddable":true,"href":"https:\/\/brasilnoticias.org\/site\/wp-json\/wp\/v2\/media\/6349"}],"wp:attachment":[{"href":"https:\/\/brasilnoticias.org\/site\/wp-json\/wp\/v2\/media?parent=6348"}],"wp:term":[{"taxonomy":"category","embeddable":true,"href":"https:\/\/brasilnoticias.org\/site\/wp-json\/wp\/v2\/categories?post=6348"},{"taxonomy":"post_tag","embeddable":true,"href":"https:\/\/brasilnoticias.org\/site\/wp-json\/wp\/v2\/tags?post=6348"}],"curies":[{"name":"wp","href":"https:\/\/api.w.org\/{rel}","templated":true}]}}