{"id":6374,"date":"2023-05-31T07:31:41","date_gmt":"2023-05-31T10:31:41","guid":{"rendered":"https:\/\/brasilnoticias.org\/site\/?p=6374"},"modified":"2023-05-31T07:31:41","modified_gmt":"2023-05-31T10:31:41","slug":"vitoria-inicia-preparativos-para-enfrentar-o-ituano-no-barradao","status":"publish","type":"post","link":"https:\/\/brasilnoticias.org\/site\/vitoria-inicia-preparativos-para-enfrentar-o-ituano-no-barradao\/","title":{"rendered":"Vit\u00f3ria inicia preparativos para enfrentar o Ituano no Barrad\u00e3o"},"content":{"rendered":"<p>Depois do empate com o Ava\u00ed, o treinador do Vit\u00f3ria L\u00e9o Cond\u00e9 j\u00e1 iniciou os preparativos da equipe para a partida contra o Ituano na pr\u00f3xima sexta-feira (2\/6), em partida v\u00e1lida pelo Campeonato Brasileiro da S\u00e9rie B 2023.<\/p>\n<p>Com apresenta\u00e7\u00e3o na tarde desta ter\u00e7a-feira (30\/5), o comandante rubro-negro dividiu as atividades em duas etapas. Em um primeiro momento, o grupo foi separado em dois com um deles ensaiando situa\u00e7\u00f5es de jogo, enquanto o outro fazia um treino de cruzamentos e finaliza\u00e7oes.<\/p>\n<p>Depois, Cond\u00e9 reuniu toda a equipe e fez um treino t\u00e1tico antes de finalizar as atividades do dia.<\/p>\n<p>O meia Giovanni Augusto treinou em separado, enquanto o volante Dion\u00edsio fez uma orinta\u00e7\u00e3o na fisioterapia, se recuperando de uma cirurgia de reconstru\u00e7\u00e3o do ligamento cruzado anterior. J\u00e1 Lucas Arcanjo ser\u00e1 reavaliado nesta quarta (31\/5) depois de sofrer uma entorse no tornozelo direito na \u00faltima partida. Matheusinho e L\u00e9o Gamalho seguem vetados pelo departamento m\u00e9dico.<\/p>\n<p>Vit\u00f3ria e Ituano se encontram \u00e0s 21h30, no Barrad\u00e3o.<\/p>\n<p>Foto e fonte Aratuon<\/p>\n","protected":false},"excerpt":{"rendered":"<p>Depois do empate com o Ava\u00ed, o treinador do Vit\u00f3ria L\u00e9o Cond\u00e9 j\u00e1 iniciou os preparativos da equipe para a<\/p>\n","protected":false},"author":1,"featured_media":6375,"comment_status":"open","ping_status":"open","sticky":false,"template":"","format":"standard","meta":{"colormag_page_container_layout":"default_layout","colormag_page_sidebar_layout":"default_layout","_FSMCFIC_featured_image_caption":"","_FSMCFIC_featured_image_nocaption":"","_FSMCFIC_featured_image_hide":"","footnotes":""},"categories":[4,1],"tags":[],"class_list":["post-6374","post","type-post","status-publish","format-standard","has-post-thumbnail","hentry","category-esporte","category-ultimas"],"yoast_head":"<!-- This site is optimized with the Yoast SEO plugin v27.1.1 - https:\/\/yoast.com\/product\/yoast-seo-wordpress\/ -->\n<title>Vit\u00f3ria inicia preparativos para enfrentar o Ituano no Barrad\u00e3o - Brasil not\u00edcias<\/title>\n<meta name=\"robots\" content=\"index, follow, max-snippet:-1, max-image-preview:large, max-video-preview:-1\" \/>\n<link rel=\"canonical\" href=\"https:\/\/brasilnoticias.org\/site\/vitoria-inicia-preparativos-para-enfrentar-o-ituano-no-barradao\/\" \/>\n<meta property=\"og:locale\" content=\"pt_PT\" \/>\n<meta property=\"og:type\" content=\"article\" \/>\n<meta property=\"og:title\" content=\"Vit\u00f3ria inicia preparativos para enfrentar o Ituano no Barrad\u00e3o - Brasil not\u00edcias\" \/>\n<meta property=\"og:description\" content=\"Depois do empate com o Ava\u00ed, o treinador do Vit\u00f3ria L\u00e9o Cond\u00e9 j\u00e1 iniciou os preparativos da equipe para a\" \/>\n<meta property=\"og:url\" content=\"https:\/\/brasilnoticias.org\/site\/vitoria-inicia-preparativos-para-enfrentar-o-ituano-no-barradao\/\" \/>\n<meta property=\"og:site_name\" content=\"Brasil not\u00edcias\" \/>\n<meta property=\"article:published_time\" content=\"2023-05-31T10:31:41+00:00\" \/>\n<meta property=\"og:image\" content=\"https:\/\/brasilnoticias.org\/site\/wp-content\/uploads\/2023\/05\/1420817147_000bd2ce6d4c6f83ad1e1c84e41d057b-740x470-1.jpg\" \/>\n\t<meta property=\"og:image:width\" content=\"740\" \/>\n\t<meta property=\"og:image:height\" content=\"470\" \/>\n\t<meta property=\"og:image:type\" content=\"image\/jpeg\" \/>\n<meta name=\"author\" content=\"Reda\u00e7\u00e3o\" \/>\n<meta name=\"twitter:card\" content=\"summary_large_image\" \/>\n<meta name=\"twitter:label1\" content=\"Escrito por\" \/>\n\t<meta name=\"twitter:data1\" content=\"Reda\u00e7\u00e3o\" \/>\n<script type=\"application\/ld+json\" class=\"yoast-schema-graph\">{\"@context\":\"https:\/\/schema.org\",\"@graph\":[{\"@type\":\"Article\",\"@id\":\"https:\/\/brasilnoticias.org\/site\/vitoria-inicia-preparativos-para-enfrentar-o-ituano-no-barradao\/#article\",\"isPartOf\":{\"@id\":\"https:\/\/brasilnoticias.org\/site\/vitoria-inicia-preparativos-para-enfrentar-o-ituano-no-barradao\/\"},\"author\":{\"name\":\"Reda\u00e7\u00e3o\",\"@id\":\"https:\/\/brasilnoticias.org\/site\/#\/schema\/person\/a0e05b973ec4d15c658d51911e53507b\"},\"headline\":\"Vit\u00f3ria inicia preparativos para enfrentar o Ituano no Barrad\u00e3o\",\"datePublished\":\"2023-05-31T10:31:41+00:00\",\"mainEntityOfPage\":{\"@id\":\"https:\/\/brasilnoticias.org\/site\/vitoria-inicia-preparativos-para-enfrentar-o-ituano-no-barradao\/\"},\"wordCount\":191,\"commentCount\":0,\"publisher\":{\"@id\":\"https:\/\/brasilnoticias.org\/site\/#organization\"},\"image\":{\"@id\":\"https:\/\/brasilnoticias.org\/site\/vitoria-inicia-preparativos-para-enfrentar-o-ituano-no-barradao\/#primaryimage\"},\"thumbnailUrl\":\"https:\/\/brasilnoticias.org\/site\/wp-content\/uploads\/2023\/05\/1420817147_000bd2ce6d4c6f83ad1e1c84e41d057b-740x470-1.jpg\",\"articleSection\":[\"Esporte\",\"\u00daltimas\"],\"inLanguage\":\"pt-PT\",\"potentialAction\":[{\"@type\":\"CommentAction\",\"name\":\"Comment\",\"target\":[\"https:\/\/brasilnoticias.org\/site\/vitoria-inicia-preparativos-para-enfrentar-o-ituano-no-barradao\/#respond\"]}]},{\"@type\":\"WebPage\",\"@id\":\"https:\/\/brasilnoticias.org\/site\/vitoria-inicia-preparativos-para-enfrentar-o-ituano-no-barradao\/\",\"url\":\"https:\/\/brasilnoticias.org\/site\/vitoria-inicia-preparativos-para-enfrentar-o-ituano-no-barradao\/\",\"name\":\"Vit\u00f3ria inicia preparativos para enfrentar o Ituano no Barrad\u00e3o - Brasil not\u00edcias\",\"isPartOf\":{\"@id\":\"https:\/\/brasilnoticias.org\/site\/#website\"},\"primaryImageOfPage\":{\"@id\":\"https:\/\/brasilnoticias.org\/site\/vitoria-inicia-preparativos-para-enfrentar-o-ituano-no-barradao\/#primaryimage\"},\"image\":{\"@id\":\"https:\/\/brasilnoticias.org\/site\/vitoria-inicia-preparativos-para-enfrentar-o-ituano-no-barradao\/#primaryimage\"},\"thumbnailUrl\":\"https:\/\/brasilnoticias.org\/site\/wp-content\/uploads\/2023\/05\/1420817147_000bd2ce6d4c6f83ad1e1c84e41d057b-740x470-1.jpg\",\"datePublished\":\"2023-05-31T10:31:41+00:00\",\"breadcrumb\":{\"@id\":\"https:\/\/brasilnoticias.org\/site\/vitoria-inicia-preparativos-para-enfrentar-o-ituano-no-barradao\/#breadcrumb\"},\"inLanguage\":\"pt-PT\",\"potentialAction\":[{\"@type\":\"ReadAction\",\"target\":[\"https:\/\/brasilnoticias.org\/site\/vitoria-inicia-preparativos-para-enfrentar-o-ituano-no-barradao\/\"]}]},{\"@type\":\"ImageObject\",\"inLanguage\":\"pt-PT\",\"@id\":\"https:\/\/brasilnoticias.org\/site\/vitoria-inicia-preparativos-para-enfrentar-o-ituano-no-barradao\/#primaryimage\",\"url\":\"https:\/\/brasilnoticias.org\/site\/wp-content\/uploads\/2023\/05\/1420817147_000bd2ce6d4c6f83ad1e1c84e41d057b-740x470-1.jpg\",\"contentUrl\":\"https:\/\/brasilnoticias.org\/site\/wp-content\/uploads\/2023\/05\/1420817147_000bd2ce6d4c6f83ad1e1c84e41d057b-740x470-1.jpg\",\"width\":740,\"height\":470},{\"@type\":\"BreadcrumbList\",\"@id\":\"https:\/\/brasilnoticias.org\/site\/vitoria-inicia-preparativos-para-enfrentar-o-ituano-no-barradao\/#breadcrumb\",\"itemListElement\":[{\"@type\":\"ListItem\",\"position\":1,\"name\":\"In\u00edcio\",\"item\":\"https:\/\/brasilnoticias.org\/site\/\"},{\"@type\":\"ListItem\",\"position\":2,\"name\":\"Vit\u00f3ria inicia preparativos para enfrentar o Ituano no Barrad\u00e3o\"}]},{\"@type\":\"WebSite\",\"@id\":\"https:\/\/brasilnoticias.org\/site\/#website\",\"url\":\"https:\/\/brasilnoticias.org\/site\/\",\"name\":\"Brasil not\u00edcias\",\"description\":\"Brasil not\u00edcias\",\"publisher\":{\"@id\":\"https:\/\/brasilnoticias.org\/site\/#organization\"},\"potentialAction\":[{\"@type\":\"SearchAction\",\"target\":{\"@type\":\"EntryPoint\",\"urlTemplate\":\"https:\/\/brasilnoticias.org\/site\/?s={search_term_string}\"},\"query-input\":{\"@type\":\"PropertyValueSpecification\",\"valueRequired\":true,\"valueName\":\"search_term_string\"}}],\"inLanguage\":\"pt-PT\"},{\"@type\":\"Organization\",\"@id\":\"https:\/\/brasilnoticias.org\/site\/#organization\",\"name\":\"Brasil not\u00edcias\",\"url\":\"https:\/\/brasilnoticias.org\/site\/\",\"logo\":{\"@type\":\"ImageObject\",\"inLanguage\":\"pt-PT\",\"@id\":\"https:\/\/brasilnoticias.org\/site\/#\/schema\/logo\/image\/\",\"url\":\"https:\/\/brasilnoticias.org\/site\/wp-content\/uploads\/2022\/05\/cropped-brasilnoticias-mini.jpg\",\"contentUrl\":\"https:\/\/brasilnoticias.org\/site\/wp-content\/uploads\/2022\/05\/cropped-brasilnoticias-mini.jpg\",\"width\":314,\"height\":86,\"caption\":\"Brasil not\u00edcias\"},\"image\":{\"@id\":\"https:\/\/brasilnoticias.org\/site\/#\/schema\/logo\/image\/\"}},{\"@type\":\"Person\",\"@id\":\"https:\/\/brasilnoticias.org\/site\/#\/schema\/person\/a0e05b973ec4d15c658d51911e53507b\",\"name\":\"Reda\u00e7\u00e3o\",\"image\":{\"@type\":\"ImageObject\",\"inLanguage\":\"pt-PT\",\"@id\":\"https:\/\/brasilnoticias.org\/site\/#\/schema\/person\/image\/\",\"url\":\"https:\/\/secure.gravatar.com\/avatar\/75d8b050df2de108b08ae78dfb8e374892df24a383c67db9c46a9c604f6aee9c?s=96&d=mm&r=g\",\"contentUrl\":\"https:\/\/secure.gravatar.com\/avatar\/75d8b050df2de108b08ae78dfb8e374892df24a383c67db9c46a9c604f6aee9c?s=96&d=mm&r=g\",\"caption\":\"Reda\u00e7\u00e3o\"},\"sameAs\":[\"https:\/\/brasilnoticias.org\/site\"],\"url\":\"https:\/\/brasilnoticias.org\/site\/author\/fernandozsngmail-com\/\"}]}<\/script>\n<!-- \/ Yoast SEO plugin. -->","yoast_head_json":{"title":"Vit\u00f3ria inicia preparativos para enfrentar o Ituano no Barrad\u00e3o - Brasil not\u00edcias","robots":{"index":"index","follow":"follow","max-snippet":"max-snippet:-1","max-image-preview":"max-image-preview:large","max-video-preview":"max-video-preview:-1"},"canonical":"https:\/\/brasilnoticias.org\/site\/vitoria-inicia-preparativos-para-enfrentar-o-ituano-no-barradao\/","og_locale":"pt_PT","og_type":"article","og_title":"Vit\u00f3ria inicia preparativos para enfrentar o Ituano no Barrad\u00e3o - Brasil not\u00edcias","og_description":"Depois do empate com o Ava\u00ed, o treinador do Vit\u00f3ria L\u00e9o Cond\u00e9 j\u00e1 iniciou os preparativos da equipe para a","og_url":"https:\/\/brasilnoticias.org\/site\/vitoria-inicia-preparativos-para-enfrentar-o-ituano-no-barradao\/","og_site_name":"Brasil not\u00edcias","article_published_time":"2023-05-31T10:31:41+00:00","og_image":[{"width":740,"height":470,"url":"https:\/\/brasilnoticias.org\/site\/wp-content\/uploads\/2023\/05\/1420817147_000bd2ce6d4c6f83ad1e1c84e41d057b-740x470-1.jpg","type":"image\/jpeg"}],"author":"Reda\u00e7\u00e3o","twitter_card":"summary_large_image","twitter_misc":{"Escrito por":"Reda\u00e7\u00e3o"},"schema":{"@context":"https:\/\/schema.org","@graph":[{"@type":"Article","@id":"https:\/\/brasilnoticias.org\/site\/vitoria-inicia-preparativos-para-enfrentar-o-ituano-no-barradao\/#article","isPartOf":{"@id":"https:\/\/brasilnoticias.org\/site\/vitoria-inicia-preparativos-para-enfrentar-o-ituano-no-barradao\/"},"author":{"name":"Reda\u00e7\u00e3o","@id":"https:\/\/brasilnoticias.org\/site\/#\/schema\/person\/a0e05b973ec4d15c658d51911e53507b"},"headline":"Vit\u00f3ria inicia preparativos para enfrentar o Ituano no Barrad\u00e3o","datePublished":"2023-05-31T10:31:41+00:00","mainEntityOfPage":{"@id":"https:\/\/brasilnoticias.org\/site\/vitoria-inicia-preparativos-para-enfrentar-o-ituano-no-barradao\/"},"wordCount":191,"commentCount":0,"publisher":{"@id":"https:\/\/brasilnoticias.org\/site\/#organization"},"image":{"@id":"https:\/\/brasilnoticias.org\/site\/vitoria-inicia-preparativos-para-enfrentar-o-ituano-no-barradao\/#primaryimage"},"thumbnailUrl":"https:\/\/brasilnoticias.org\/site\/wp-content\/uploads\/2023\/05\/1420817147_000bd2ce6d4c6f83ad1e1c84e41d057b-740x470-1.jpg","articleSection":["Esporte","\u00daltimas"],"inLanguage":"pt-PT","potentialAction":[{"@type":"CommentAction","name":"Comment","target":["https:\/\/brasilnoticias.org\/site\/vitoria-inicia-preparativos-para-enfrentar-o-ituano-no-barradao\/#respond"]}]},{"@type":"WebPage","@id":"https:\/\/brasilnoticias.org\/site\/vitoria-inicia-preparativos-para-enfrentar-o-ituano-no-barradao\/","url":"https:\/\/brasilnoticias.org\/site\/vitoria-inicia-preparativos-para-enfrentar-o-ituano-no-barradao\/","name":"Vit\u00f3ria inicia preparativos para enfrentar o Ituano no Barrad\u00e3o - Brasil not\u00edcias","isPartOf":{"@id":"https:\/\/brasilnoticias.org\/site\/#website"},"primaryImageOfPage":{"@id":"https:\/\/brasilnoticias.org\/site\/vitoria-inicia-preparativos-para-enfrentar-o-ituano-no-barradao\/#primaryimage"},"image":{"@id":"https:\/\/brasilnoticias.org\/site\/vitoria-inicia-preparativos-para-enfrentar-o-ituano-no-barradao\/#primaryimage"},"thumbnailUrl":"https:\/\/brasilnoticias.org\/site\/wp-content\/uploads\/2023\/05\/1420817147_000bd2ce6d4c6f83ad1e1c84e41d057b-740x470-1.jpg","datePublished":"2023-05-31T10:31:41+00:00","breadcrumb":{"@id":"https:\/\/brasilnoticias.org\/site\/vitoria-inicia-preparativos-para-enfrentar-o-ituano-no-barradao\/#breadcrumb"},"inLanguage":"pt-PT","potentialAction":[{"@type":"ReadAction","target":["https:\/\/brasilnoticias.org\/site\/vitoria-inicia-preparativos-para-enfrentar-o-ituano-no-barradao\/"]}]},{"@type":"ImageObject","inLanguage":"pt-PT","@id":"https:\/\/brasilnoticias.org\/site\/vitoria-inicia-preparativos-para-enfrentar-o-ituano-no-barradao\/#primaryimage","url":"https:\/\/brasilnoticias.org\/site\/wp-content\/uploads\/2023\/05\/1420817147_000bd2ce6d4c6f83ad1e1c84e41d057b-740x470-1.jpg","contentUrl":"https:\/\/brasilnoticias.org\/site\/wp-content\/uploads\/2023\/05\/1420817147_000bd2ce6d4c6f83ad1e1c84e41d057b-740x470-1.jpg","width":740,"height":470},{"@type":"BreadcrumbList","@id":"https:\/\/brasilnoticias.org\/site\/vitoria-inicia-preparativos-para-enfrentar-o-ituano-no-barradao\/#breadcrumb","itemListElement":[{"@type":"ListItem","position":1,"name":"In\u00edcio","item":"https:\/\/brasilnoticias.org\/site\/"},{"@type":"ListItem","position":2,"name":"Vit\u00f3ria inicia preparativos para enfrentar o Ituano no Barrad\u00e3o"}]},{"@type":"WebSite","@id":"https:\/\/brasilnoticias.org\/site\/#website","url":"https:\/\/brasilnoticias.org\/site\/","name":"Brasil not\u00edcias","description":"Brasil not\u00edcias","publisher":{"@id":"https:\/\/brasilnoticias.org\/site\/#organization"},"potentialAction":[{"@type":"SearchAction","target":{"@type":"EntryPoint","urlTemplate":"https:\/\/brasilnoticias.org\/site\/?s={search_term_string}"},"query-input":{"@type":"PropertyValueSpecification","valueRequired":true,"valueName":"search_term_string"}}],"inLanguage":"pt-PT"},{"@type":"Organization","@id":"https:\/\/brasilnoticias.org\/site\/#organization","name":"Brasil not\u00edcias","url":"https:\/\/brasilnoticias.org\/site\/","logo":{"@type":"ImageObject","inLanguage":"pt-PT","@id":"https:\/\/brasilnoticias.org\/site\/#\/schema\/logo\/image\/","url":"https:\/\/brasilnoticias.org\/site\/wp-content\/uploads\/2022\/05\/cropped-brasilnoticias-mini.jpg","contentUrl":"https:\/\/brasilnoticias.org\/site\/wp-content\/uploads\/2022\/05\/cropped-brasilnoticias-mini.jpg","width":314,"height":86,"caption":"Brasil not\u00edcias"},"image":{"@id":"https:\/\/brasilnoticias.org\/site\/#\/schema\/logo\/image\/"}},{"@type":"Person","@id":"https:\/\/brasilnoticias.org\/site\/#\/schema\/person\/a0e05b973ec4d15c658d51911e53507b","name":"Reda\u00e7\u00e3o","image":{"@type":"ImageObject","inLanguage":"pt-PT","@id":"https:\/\/brasilnoticias.org\/site\/#\/schema\/person\/image\/","url":"https:\/\/secure.gravatar.com\/avatar\/75d8b050df2de108b08ae78dfb8e374892df24a383c67db9c46a9c604f6aee9c?s=96&d=mm&r=g","contentUrl":"https:\/\/secure.gravatar.com\/avatar\/75d8b050df2de108b08ae78dfb8e374892df24a383c67db9c46a9c604f6aee9c?s=96&d=mm&r=g","caption":"Reda\u00e7\u00e3o"},"sameAs":["https:\/\/brasilnoticias.org\/site"],"url":"https:\/\/brasilnoticias.org\/site\/author\/fernandozsngmail-com\/"}]}},"_links":{"self":[{"href":"https:\/\/brasilnoticias.org\/site\/wp-json\/wp\/v2\/posts\/6374","targetHints":{"allow":["GET"]}}],"collection":[{"href":"https:\/\/brasilnoticias.org\/site\/wp-json\/wp\/v2\/posts"}],"about":[{"href":"https:\/\/brasilnoticias.org\/site\/wp-json\/wp\/v2\/types\/post"}],"author":[{"embeddable":true,"href":"https:\/\/brasilnoticias.org\/site\/wp-json\/wp\/v2\/users\/1"}],"replies":[{"embeddable":true,"href":"https:\/\/brasilnoticias.org\/site\/wp-json\/wp\/v2\/comments?post=6374"}],"version-history":[{"count":1,"href":"https:\/\/brasilnoticias.org\/site\/wp-json\/wp\/v2\/posts\/6374\/revisions"}],"predecessor-version":[{"id":6376,"href":"https:\/\/brasilnoticias.org\/site\/wp-json\/wp\/v2\/posts\/6374\/revisions\/6376"}],"wp:featuredmedia":[{"embeddable":true,"href":"https:\/\/brasilnoticias.org\/site\/wp-json\/wp\/v2\/media\/6375"}],"wp:attachment":[{"href":"https:\/\/brasilnoticias.org\/site\/wp-json\/wp\/v2\/media?parent=6374"}],"wp:term":[{"taxonomy":"category","embeddable":true,"href":"https:\/\/brasilnoticias.org\/site\/wp-json\/wp\/v2\/categories?post=6374"},{"taxonomy":"post_tag","embeddable":true,"href":"https:\/\/brasilnoticias.org\/site\/wp-json\/wp\/v2\/tags?post=6374"}],"curies":[{"name":"wp","href":"https:\/\/api.w.org\/{rel}","templated":true}]}}