{"id":6387,"date":"2023-05-31T10:35:24","date_gmt":"2023-05-31T13:35:24","guid":{"rendered":"https:\/\/brasilnoticias.org\/site\/?p=6387"},"modified":"2023-05-31T10:35:24","modified_gmt":"2023-05-31T13:35:24","slug":"marco-temporal-lula-amarga-nova-derrota-na-camara-e-capitao-alden-reforca-atuacao-da-bancada-de-oposicao-ao-governo","status":"publish","type":"post","link":"https:\/\/brasilnoticias.org\/site\/marco-temporal-lula-amarga-nova-derrota-na-camara-e-capitao-alden-reforca-atuacao-da-bancada-de-oposicao-ao-governo\/","title":{"rendered":"Marco Temporal: Lula amarga nova derrota na C\u00e2mara e Capit\u00e3o Alden refor\u00e7a atua\u00e7\u00e3o da Bancada de Oposi\u00e7\u00e3o ao governo"},"content":{"rendered":"<p>Deputado publicou em suas redes sociais seu voto favor\u00e1vel \u00e0 aprova\u00e7\u00e3o do PL 490\/07<\/p>\n<p>O presidente Luiz In\u00e1cio Lula da Silva (PT) sofreu mais uma derrota em sua articula\u00e7\u00e3o pol\u00edtica nesta ter\u00e7a-feira (30). Em uma vota\u00e7\u00e3o agitada, a C\u00e2mara dos Deputados aprovou, por 283 votos a favor, 155 contra e uma absten\u00e7\u00e3o, o Projeto de Lei (PL) 490\/07, que trata do Marco Temporal. O deputado federal Capit\u00e3o Alden (PL-BA), em suas redes sociais, fez quest\u00e3o de postar seu voto favor\u00e1vel \u00e0 aprova\u00e7\u00e3o do projeto. <\/p>\n<p>Na pr\u00e1tica, o PL aprovado restringe a demarca\u00e7\u00e3o de terras ind\u00edgenas \u00e0quelas j\u00e1 tradicionalmente ocupadas por esses povos em 5 de outubro de 1988, data da promulga\u00e7\u00e3o da nova Constitui\u00e7\u00e3o federal. O projeto segue agora para o Senado Federal para concluir os tr\u00e2mites.<\/p>\n<p>\u201cA Bancada de Oposi\u00e7\u00e3o a esse desgoverno Lula n\u00e3o facilitar\u00e1 a vida dessa gest\u00e3o ca\u00f3tica. Tudo que for favor\u00e1vel para o povo estaremos aprovando, mas projetos nocivos que por ventura comprometam a coletividade n\u00e3o passar\u00e3o. Essa \u00e9 a segunda derrota de Lula na C\u00e2mara de uma s\u00e9rie que vir\u00e3o, a Bancada de Oposi\u00e7\u00e3o segue cada vez mais forte\u201d, pontua Alden.<\/p>\n","protected":false},"excerpt":{"rendered":"<p>Deputado publicou em suas redes sociais seu voto favor\u00e1vel \u00e0 aprova\u00e7\u00e3o do PL 490\/07 O presidente Luiz In\u00e1cio Lula da<\/p>\n","protected":false},"author":1,"featured_media":6388,"comment_status":"open","ping_status":"open","sticky":false,"template":"","format":"standard","meta":{"colormag_page_container_layout":"default_layout","colormag_page_sidebar_layout":"default_layout","_FSMCFIC_featured_image_caption":"","_FSMCFIC_featured_image_nocaption":"","_FSMCFIC_featured_image_hide":"","footnotes":""},"categories":[5,1],"tags":[],"class_list":["post-6387","post","type-post","status-publish","format-standard","has-post-thumbnail","hentry","category-politica","category-ultimas"],"yoast_head":"<!-- This site is optimized with the Yoast SEO plugin v27.1.1 - https:\/\/yoast.com\/product\/yoast-seo-wordpress\/ -->\n<title>Marco Temporal: Lula amarga nova derrota na C\u00e2mara e Capit\u00e3o Alden refor\u00e7a atua\u00e7\u00e3o da Bancada de Oposi\u00e7\u00e3o ao governo - Brasil not\u00edcias<\/title>\n<meta name=\"robots\" content=\"index, follow, max-snippet:-1, max-image-preview:large, max-video-preview:-1\" \/>\n<link rel=\"canonical\" href=\"https:\/\/brasilnoticias.org\/site\/marco-temporal-lula-amarga-nova-derrota-na-camara-e-capitao-alden-reforca-atuacao-da-bancada-de-oposicao-ao-governo\/\" \/>\n<meta property=\"og:locale\" content=\"pt_PT\" \/>\n<meta property=\"og:type\" content=\"article\" \/>\n<meta property=\"og:title\" content=\"Marco Temporal: Lula amarga nova derrota na C\u00e2mara e Capit\u00e3o Alden refor\u00e7a atua\u00e7\u00e3o da Bancada de Oposi\u00e7\u00e3o ao governo - Brasil not\u00edcias\" \/>\n<meta property=\"og:description\" content=\"Deputado publicou em suas redes sociais seu voto favor\u00e1vel \u00e0 aprova\u00e7\u00e3o do PL 490\/07 O presidente Luiz In\u00e1cio Lula da\" \/>\n<meta property=\"og:url\" content=\"https:\/\/brasilnoticias.org\/site\/marco-temporal-lula-amarga-nova-derrota-na-camara-e-capitao-alden-reforca-atuacao-da-bancada-de-oposicao-ao-governo\/\" \/>\n<meta property=\"og:site_name\" content=\"Brasil not\u00edcias\" \/>\n<meta property=\"article:published_time\" content=\"2023-05-31T13:35:24+00:00\" \/>\n<meta property=\"og:image\" content=\"https:\/\/brasilnoticias.org\/site\/wp-content\/uploads\/2023\/05\/WhatsApp-Image-2023-05-31-at-10.33.50-1.jpeg\" \/>\n\t<meta property=\"og:image:width\" content=\"1024\" \/>\n\t<meta property=\"og:image:height\" content=\"683\" \/>\n\t<meta property=\"og:image:type\" content=\"image\/jpeg\" \/>\n<meta name=\"author\" content=\"Reda\u00e7\u00e3o\" \/>\n<meta name=\"twitter:card\" content=\"summary_large_image\" \/>\n<meta name=\"twitter:label1\" content=\"Escrito por\" \/>\n\t<meta name=\"twitter:data1\" content=\"Reda\u00e7\u00e3o\" \/>\n<script type=\"application\/ld+json\" class=\"yoast-schema-graph\">{\"@context\":\"https:\/\/schema.org\",\"@graph\":[{\"@type\":\"Article\",\"@id\":\"https:\/\/brasilnoticias.org\/site\/marco-temporal-lula-amarga-nova-derrota-na-camara-e-capitao-alden-reforca-atuacao-da-bancada-de-oposicao-ao-governo\/#article\",\"isPartOf\":{\"@id\":\"https:\/\/brasilnoticias.org\/site\/marco-temporal-lula-amarga-nova-derrota-na-camara-e-capitao-alden-reforca-atuacao-da-bancada-de-oposicao-ao-governo\/\"},\"author\":{\"name\":\"Reda\u00e7\u00e3o\",\"@id\":\"https:\/\/brasilnoticias.org\/site\/#\/schema\/person\/a0e05b973ec4d15c658d51911e53507b\"},\"headline\":\"Marco Temporal: Lula amarga nova derrota na C\u00e2mara e Capit\u00e3o Alden refor\u00e7a atua\u00e7\u00e3o da Bancada de Oposi\u00e7\u00e3o ao governo\",\"datePublished\":\"2023-05-31T13:35:24+00:00\",\"mainEntityOfPage\":{\"@id\":\"https:\/\/brasilnoticias.org\/site\/marco-temporal-lula-amarga-nova-derrota-na-camara-e-capitao-alden-reforca-atuacao-da-bancada-de-oposicao-ao-governo\/\"},\"wordCount\":231,\"commentCount\":0,\"publisher\":{\"@id\":\"https:\/\/brasilnoticias.org\/site\/#organization\"},\"image\":{\"@id\":\"https:\/\/brasilnoticias.org\/site\/marco-temporal-lula-amarga-nova-derrota-na-camara-e-capitao-alden-reforca-atuacao-da-bancada-de-oposicao-ao-governo\/#primaryimage\"},\"thumbnailUrl\":\"https:\/\/brasilnoticias.org\/site\/wp-content\/uploads\/2023\/05\/WhatsApp-Image-2023-05-31-at-10.33.50-1.jpeg\",\"articleSection\":[\"Pol\u00edtica\",\"\u00daltimas\"],\"inLanguage\":\"pt-PT\",\"potentialAction\":[{\"@type\":\"CommentAction\",\"name\":\"Comment\",\"target\":[\"https:\/\/brasilnoticias.org\/site\/marco-temporal-lula-amarga-nova-derrota-na-camara-e-capitao-alden-reforca-atuacao-da-bancada-de-oposicao-ao-governo\/#respond\"]}]},{\"@type\":\"WebPage\",\"@id\":\"https:\/\/brasilnoticias.org\/site\/marco-temporal-lula-amarga-nova-derrota-na-camara-e-capitao-alden-reforca-atuacao-da-bancada-de-oposicao-ao-governo\/\",\"url\":\"https:\/\/brasilnoticias.org\/site\/marco-temporal-lula-amarga-nova-derrota-na-camara-e-capitao-alden-reforca-atuacao-da-bancada-de-oposicao-ao-governo\/\",\"name\":\"Marco Temporal: Lula amarga nova derrota na C\u00e2mara e Capit\u00e3o Alden refor\u00e7a atua\u00e7\u00e3o da Bancada de Oposi\u00e7\u00e3o ao governo - Brasil not\u00edcias\",\"isPartOf\":{\"@id\":\"https:\/\/brasilnoticias.org\/site\/#website\"},\"primaryImageOfPage\":{\"@id\":\"https:\/\/brasilnoticias.org\/site\/marco-temporal-lula-amarga-nova-derrota-na-camara-e-capitao-alden-reforca-atuacao-da-bancada-de-oposicao-ao-governo\/#primaryimage\"},\"image\":{\"@id\":\"https:\/\/brasilnoticias.org\/site\/marco-temporal-lula-amarga-nova-derrota-na-camara-e-capitao-alden-reforca-atuacao-da-bancada-de-oposicao-ao-governo\/#primaryimage\"},\"thumbnailUrl\":\"https:\/\/brasilnoticias.org\/site\/wp-content\/uploads\/2023\/05\/WhatsApp-Image-2023-05-31-at-10.33.50-1.jpeg\",\"datePublished\":\"2023-05-31T13:35:24+00:00\",\"breadcrumb\":{\"@id\":\"https:\/\/brasilnoticias.org\/site\/marco-temporal-lula-amarga-nova-derrota-na-camara-e-capitao-alden-reforca-atuacao-da-bancada-de-oposicao-ao-governo\/#breadcrumb\"},\"inLanguage\":\"pt-PT\",\"potentialAction\":[{\"@type\":\"ReadAction\",\"target\":[\"https:\/\/brasilnoticias.org\/site\/marco-temporal-lula-amarga-nova-derrota-na-camara-e-capitao-alden-reforca-atuacao-da-bancada-de-oposicao-ao-governo\/\"]}]},{\"@type\":\"ImageObject\",\"inLanguage\":\"pt-PT\",\"@id\":\"https:\/\/brasilnoticias.org\/site\/marco-temporal-lula-amarga-nova-derrota-na-camara-e-capitao-alden-reforca-atuacao-da-bancada-de-oposicao-ao-governo\/#primaryimage\",\"url\":\"https:\/\/brasilnoticias.org\/site\/wp-content\/uploads\/2023\/05\/WhatsApp-Image-2023-05-31-at-10.33.50-1.jpeg\",\"contentUrl\":\"https:\/\/brasilnoticias.org\/site\/wp-content\/uploads\/2023\/05\/WhatsApp-Image-2023-05-31-at-10.33.50-1.jpeg\",\"width\":1024,\"height\":683},{\"@type\":\"BreadcrumbList\",\"@id\":\"https:\/\/brasilnoticias.org\/site\/marco-temporal-lula-amarga-nova-derrota-na-camara-e-capitao-alden-reforca-atuacao-da-bancada-de-oposicao-ao-governo\/#breadcrumb\",\"itemListElement\":[{\"@type\":\"ListItem\",\"position\":1,\"name\":\"In\u00edcio\",\"item\":\"https:\/\/brasilnoticias.org\/site\/\"},{\"@type\":\"ListItem\",\"position\":2,\"name\":\"Marco Temporal: Lula amarga nova derrota na C\u00e2mara e Capit\u00e3o Alden refor\u00e7a atua\u00e7\u00e3o da Bancada de Oposi\u00e7\u00e3o ao governo\"}]},{\"@type\":\"WebSite\",\"@id\":\"https:\/\/brasilnoticias.org\/site\/#website\",\"url\":\"https:\/\/brasilnoticias.org\/site\/\",\"name\":\"Brasil not\u00edcias\",\"description\":\"Brasil not\u00edcias\",\"publisher\":{\"@id\":\"https:\/\/brasilnoticias.org\/site\/#organization\"},\"potentialAction\":[{\"@type\":\"SearchAction\",\"target\":{\"@type\":\"EntryPoint\",\"urlTemplate\":\"https:\/\/brasilnoticias.org\/site\/?s={search_term_string}\"},\"query-input\":{\"@type\":\"PropertyValueSpecification\",\"valueRequired\":true,\"valueName\":\"search_term_string\"}}],\"inLanguage\":\"pt-PT\"},{\"@type\":\"Organization\",\"@id\":\"https:\/\/brasilnoticias.org\/site\/#organization\",\"name\":\"Brasil not\u00edcias\",\"url\":\"https:\/\/brasilnoticias.org\/site\/\",\"logo\":{\"@type\":\"ImageObject\",\"inLanguage\":\"pt-PT\",\"@id\":\"https:\/\/brasilnoticias.org\/site\/#\/schema\/logo\/image\/\",\"url\":\"https:\/\/brasilnoticias.org\/site\/wp-content\/uploads\/2022\/05\/cropped-brasilnoticias-mini.jpg\",\"contentUrl\":\"https:\/\/brasilnoticias.org\/site\/wp-content\/uploads\/2022\/05\/cropped-brasilnoticias-mini.jpg\",\"width\":314,\"height\":86,\"caption\":\"Brasil not\u00edcias\"},\"image\":{\"@id\":\"https:\/\/brasilnoticias.org\/site\/#\/schema\/logo\/image\/\"}},{\"@type\":\"Person\",\"@id\":\"https:\/\/brasilnoticias.org\/site\/#\/schema\/person\/a0e05b973ec4d15c658d51911e53507b\",\"name\":\"Reda\u00e7\u00e3o\",\"image\":{\"@type\":\"ImageObject\",\"inLanguage\":\"pt-PT\",\"@id\":\"https:\/\/brasilnoticias.org\/site\/#\/schema\/person\/image\/\",\"url\":\"https:\/\/secure.gravatar.com\/avatar\/75d8b050df2de108b08ae78dfb8e374892df24a383c67db9c46a9c604f6aee9c?s=96&d=mm&r=g\",\"contentUrl\":\"https:\/\/secure.gravatar.com\/avatar\/75d8b050df2de108b08ae78dfb8e374892df24a383c67db9c46a9c604f6aee9c?s=96&d=mm&r=g\",\"caption\":\"Reda\u00e7\u00e3o\"},\"sameAs\":[\"https:\/\/brasilnoticias.org\/site\"],\"url\":\"https:\/\/brasilnoticias.org\/site\/author\/fernandozsngmail-com\/\"}]}<\/script>\n<!-- \/ Yoast SEO plugin. -->","yoast_head_json":{"title":"Marco Temporal: Lula amarga nova derrota na C\u00e2mara e Capit\u00e3o Alden refor\u00e7a atua\u00e7\u00e3o da Bancada de Oposi\u00e7\u00e3o ao governo - Brasil not\u00edcias","robots":{"index":"index","follow":"follow","max-snippet":"max-snippet:-1","max-image-preview":"max-image-preview:large","max-video-preview":"max-video-preview:-1"},"canonical":"https:\/\/brasilnoticias.org\/site\/marco-temporal-lula-amarga-nova-derrota-na-camara-e-capitao-alden-reforca-atuacao-da-bancada-de-oposicao-ao-governo\/","og_locale":"pt_PT","og_type":"article","og_title":"Marco Temporal: Lula amarga nova derrota na C\u00e2mara e Capit\u00e3o Alden refor\u00e7a atua\u00e7\u00e3o da Bancada de Oposi\u00e7\u00e3o ao governo - Brasil not\u00edcias","og_description":"Deputado publicou em suas redes sociais seu voto favor\u00e1vel \u00e0 aprova\u00e7\u00e3o do PL 490\/07 O presidente Luiz In\u00e1cio Lula da","og_url":"https:\/\/brasilnoticias.org\/site\/marco-temporal-lula-amarga-nova-derrota-na-camara-e-capitao-alden-reforca-atuacao-da-bancada-de-oposicao-ao-governo\/","og_site_name":"Brasil not\u00edcias","article_published_time":"2023-05-31T13:35:24+00:00","og_image":[{"width":1024,"height":683,"url":"https:\/\/brasilnoticias.org\/site\/wp-content\/uploads\/2023\/05\/WhatsApp-Image-2023-05-31-at-10.33.50-1.jpeg","type":"image\/jpeg"}],"author":"Reda\u00e7\u00e3o","twitter_card":"summary_large_image","twitter_misc":{"Escrito por":"Reda\u00e7\u00e3o"},"schema":{"@context":"https:\/\/schema.org","@graph":[{"@type":"Article","@id":"https:\/\/brasilnoticias.org\/site\/marco-temporal-lula-amarga-nova-derrota-na-camara-e-capitao-alden-reforca-atuacao-da-bancada-de-oposicao-ao-governo\/#article","isPartOf":{"@id":"https:\/\/brasilnoticias.org\/site\/marco-temporal-lula-amarga-nova-derrota-na-camara-e-capitao-alden-reforca-atuacao-da-bancada-de-oposicao-ao-governo\/"},"author":{"name":"Reda\u00e7\u00e3o","@id":"https:\/\/brasilnoticias.org\/site\/#\/schema\/person\/a0e05b973ec4d15c658d51911e53507b"},"headline":"Marco Temporal: Lula amarga nova derrota na C\u00e2mara e Capit\u00e3o Alden refor\u00e7a atua\u00e7\u00e3o da Bancada de Oposi\u00e7\u00e3o ao governo","datePublished":"2023-05-31T13:35:24+00:00","mainEntityOfPage":{"@id":"https:\/\/brasilnoticias.org\/site\/marco-temporal-lula-amarga-nova-derrota-na-camara-e-capitao-alden-reforca-atuacao-da-bancada-de-oposicao-ao-governo\/"},"wordCount":231,"commentCount":0,"publisher":{"@id":"https:\/\/brasilnoticias.org\/site\/#organization"},"image":{"@id":"https:\/\/brasilnoticias.org\/site\/marco-temporal-lula-amarga-nova-derrota-na-camara-e-capitao-alden-reforca-atuacao-da-bancada-de-oposicao-ao-governo\/#primaryimage"},"thumbnailUrl":"https:\/\/brasilnoticias.org\/site\/wp-content\/uploads\/2023\/05\/WhatsApp-Image-2023-05-31-at-10.33.50-1.jpeg","articleSection":["Pol\u00edtica","\u00daltimas"],"inLanguage":"pt-PT","potentialAction":[{"@type":"CommentAction","name":"Comment","target":["https:\/\/brasilnoticias.org\/site\/marco-temporal-lula-amarga-nova-derrota-na-camara-e-capitao-alden-reforca-atuacao-da-bancada-de-oposicao-ao-governo\/#respond"]}]},{"@type":"WebPage","@id":"https:\/\/brasilnoticias.org\/site\/marco-temporal-lula-amarga-nova-derrota-na-camara-e-capitao-alden-reforca-atuacao-da-bancada-de-oposicao-ao-governo\/","url":"https:\/\/brasilnoticias.org\/site\/marco-temporal-lula-amarga-nova-derrota-na-camara-e-capitao-alden-reforca-atuacao-da-bancada-de-oposicao-ao-governo\/","name":"Marco Temporal: Lula amarga nova derrota na C\u00e2mara e Capit\u00e3o Alden refor\u00e7a atua\u00e7\u00e3o da Bancada de Oposi\u00e7\u00e3o ao governo - Brasil not\u00edcias","isPartOf":{"@id":"https:\/\/brasilnoticias.org\/site\/#website"},"primaryImageOfPage":{"@id":"https:\/\/brasilnoticias.org\/site\/marco-temporal-lula-amarga-nova-derrota-na-camara-e-capitao-alden-reforca-atuacao-da-bancada-de-oposicao-ao-governo\/#primaryimage"},"image":{"@id":"https:\/\/brasilnoticias.org\/site\/marco-temporal-lula-amarga-nova-derrota-na-camara-e-capitao-alden-reforca-atuacao-da-bancada-de-oposicao-ao-governo\/#primaryimage"},"thumbnailUrl":"https:\/\/brasilnoticias.org\/site\/wp-content\/uploads\/2023\/05\/WhatsApp-Image-2023-05-31-at-10.33.50-1.jpeg","datePublished":"2023-05-31T13:35:24+00:00","breadcrumb":{"@id":"https:\/\/brasilnoticias.org\/site\/marco-temporal-lula-amarga-nova-derrota-na-camara-e-capitao-alden-reforca-atuacao-da-bancada-de-oposicao-ao-governo\/#breadcrumb"},"inLanguage":"pt-PT","potentialAction":[{"@type":"ReadAction","target":["https:\/\/brasilnoticias.org\/site\/marco-temporal-lula-amarga-nova-derrota-na-camara-e-capitao-alden-reforca-atuacao-da-bancada-de-oposicao-ao-governo\/"]}]},{"@type":"ImageObject","inLanguage":"pt-PT","@id":"https:\/\/brasilnoticias.org\/site\/marco-temporal-lula-amarga-nova-derrota-na-camara-e-capitao-alden-reforca-atuacao-da-bancada-de-oposicao-ao-governo\/#primaryimage","url":"https:\/\/brasilnoticias.org\/site\/wp-content\/uploads\/2023\/05\/WhatsApp-Image-2023-05-31-at-10.33.50-1.jpeg","contentUrl":"https:\/\/brasilnoticias.org\/site\/wp-content\/uploads\/2023\/05\/WhatsApp-Image-2023-05-31-at-10.33.50-1.jpeg","width":1024,"height":683},{"@type":"BreadcrumbList","@id":"https:\/\/brasilnoticias.org\/site\/marco-temporal-lula-amarga-nova-derrota-na-camara-e-capitao-alden-reforca-atuacao-da-bancada-de-oposicao-ao-governo\/#breadcrumb","itemListElement":[{"@type":"ListItem","position":1,"name":"In\u00edcio","item":"https:\/\/brasilnoticias.org\/site\/"},{"@type":"ListItem","position":2,"name":"Marco Temporal: Lula amarga nova derrota na C\u00e2mara e Capit\u00e3o Alden refor\u00e7a atua\u00e7\u00e3o da Bancada de Oposi\u00e7\u00e3o ao governo"}]},{"@type":"WebSite","@id":"https:\/\/brasilnoticias.org\/site\/#website","url":"https:\/\/brasilnoticias.org\/site\/","name":"Brasil not\u00edcias","description":"Brasil not\u00edcias","publisher":{"@id":"https:\/\/brasilnoticias.org\/site\/#organization"},"potentialAction":[{"@type":"SearchAction","target":{"@type":"EntryPoint","urlTemplate":"https:\/\/brasilnoticias.org\/site\/?s={search_term_string}"},"query-input":{"@type":"PropertyValueSpecification","valueRequired":true,"valueName":"search_term_string"}}],"inLanguage":"pt-PT"},{"@type":"Organization","@id":"https:\/\/brasilnoticias.org\/site\/#organization","name":"Brasil not\u00edcias","url":"https:\/\/brasilnoticias.org\/site\/","logo":{"@type":"ImageObject","inLanguage":"pt-PT","@id":"https:\/\/brasilnoticias.org\/site\/#\/schema\/logo\/image\/","url":"https:\/\/brasilnoticias.org\/site\/wp-content\/uploads\/2022\/05\/cropped-brasilnoticias-mini.jpg","contentUrl":"https:\/\/brasilnoticias.org\/site\/wp-content\/uploads\/2022\/05\/cropped-brasilnoticias-mini.jpg","width":314,"height":86,"caption":"Brasil not\u00edcias"},"image":{"@id":"https:\/\/brasilnoticias.org\/site\/#\/schema\/logo\/image\/"}},{"@type":"Person","@id":"https:\/\/brasilnoticias.org\/site\/#\/schema\/person\/a0e05b973ec4d15c658d51911e53507b","name":"Reda\u00e7\u00e3o","image":{"@type":"ImageObject","inLanguage":"pt-PT","@id":"https:\/\/brasilnoticias.org\/site\/#\/schema\/person\/image\/","url":"https:\/\/secure.gravatar.com\/avatar\/75d8b050df2de108b08ae78dfb8e374892df24a383c67db9c46a9c604f6aee9c?s=96&d=mm&r=g","contentUrl":"https:\/\/secure.gravatar.com\/avatar\/75d8b050df2de108b08ae78dfb8e374892df24a383c67db9c46a9c604f6aee9c?s=96&d=mm&r=g","caption":"Reda\u00e7\u00e3o"},"sameAs":["https:\/\/brasilnoticias.org\/site"],"url":"https:\/\/brasilnoticias.org\/site\/author\/fernandozsngmail-com\/"}]}},"_links":{"self":[{"href":"https:\/\/brasilnoticias.org\/site\/wp-json\/wp\/v2\/posts\/6387","targetHints":{"allow":["GET"]}}],"collection":[{"href":"https:\/\/brasilnoticias.org\/site\/wp-json\/wp\/v2\/posts"}],"about":[{"href":"https:\/\/brasilnoticias.org\/site\/wp-json\/wp\/v2\/types\/post"}],"author":[{"embeddable":true,"href":"https:\/\/brasilnoticias.org\/site\/wp-json\/wp\/v2\/users\/1"}],"replies":[{"embeddable":true,"href":"https:\/\/brasilnoticias.org\/site\/wp-json\/wp\/v2\/comments?post=6387"}],"version-history":[{"count":1,"href":"https:\/\/brasilnoticias.org\/site\/wp-json\/wp\/v2\/posts\/6387\/revisions"}],"predecessor-version":[{"id":6389,"href":"https:\/\/brasilnoticias.org\/site\/wp-json\/wp\/v2\/posts\/6387\/revisions\/6389"}],"wp:featuredmedia":[{"embeddable":true,"href":"https:\/\/brasilnoticias.org\/site\/wp-json\/wp\/v2\/media\/6388"}],"wp:attachment":[{"href":"https:\/\/brasilnoticias.org\/site\/wp-json\/wp\/v2\/media?parent=6387"}],"wp:term":[{"taxonomy":"category","embeddable":true,"href":"https:\/\/brasilnoticias.org\/site\/wp-json\/wp\/v2\/categories?post=6387"},{"taxonomy":"post_tag","embeddable":true,"href":"https:\/\/brasilnoticias.org\/site\/wp-json\/wp\/v2\/tags?post=6387"}],"curies":[{"name":"wp","href":"https:\/\/api.w.org\/{rel}","templated":true}]}}