{"id":6394,"date":"2023-05-31T17:45:04","date_gmt":"2023-05-31T20:45:04","guid":{"rendered":"https:\/\/brasilnoticias.org\/site\/?p=6394"},"modified":"2023-05-31T17:45:04","modified_gmt":"2023-05-31T20:45:04","slug":"vitoria-rescinde-contrato-com-um-dos-prinicipais-nomes-do-acesso","status":"publish","type":"post","link":"https:\/\/brasilnoticias.org\/site\/vitoria-rescinde-contrato-com-um-dos-prinicipais-nomes-do-acesso\/","title":{"rendered":"Vit\u00f3ria rescinde contrato com um dos prinicipais nomes do acesso"},"content":{"rendered":"<p>O Vitoria comunicou, na tarde desta quarta-feira (31), a rescis\u00e3o de contrato amig\u00e1vel com o atacante Rafinha. Segundo o clube, o atacante recebeu uma proposta irrecus\u00e1vel e vai se transferir de clube. &#8220;A dire\u00e7\u00e3o rubro-negra agradece imensamente ao profissionalismo e dedica\u00e7\u00e3o de Rafinha durante o per\u00edodo que vestiu o manto&#8221;, diz o comunicado<br \/>\nRafinha foi um jogador decisivo no acesso do clube da S\u00e9rie C para a S\u00e9rie B no ano passado e na temporada atual buscava seu espa\u00e7o na equipe comandada pelo t\u00e9cnico L\u00e9o Cond\u00e9. O atleta de 30 anos de idade jogou 18 partidas e marcou oito gols na temporada de 2022 e na atual participou de 20 jogos, marcou tr\u00eas gols e deu uma assist\u00eancia.<br \/>\n\u201c Fala, na\u00e7\u00e3o. Passando para agradecer a voc\u00eas pelo carinho. Esse tempo que a gente esteve junto foi de muita loucura, a gente passou muitas coisas conseguimos um feito extraordin\u00e1rio que foi a volta para a S\u00e9rie B. Hoje estou me despedindo, claro, com o cora\u00e7\u00e3o partido. Mas minha gratid\u00e3o fica aqui eterna, feliz em fazer parte dessa hist\u00f3ria. Claro que virei mais um colossal, honrado em vestir esse manto. Infelizmente estou indo, mas fica aqui meu agradecimento a todos. Grande abra\u00e7o, fiquem com Deus e estamos juntos\u201d, disse Rafinha ap\u00f3s definir a sa\u00edda.<\/p>\n<p>Foto Joilson C\u00e9sar\/BNews<br \/>\nBNews<\/p>\n","protected":false},"excerpt":{"rendered":"<p>O Vitoria comunicou, na tarde desta quarta-feira (31), a rescis\u00e3o de contrato amig\u00e1vel com o atacante Rafinha. Segundo o clube,<\/p>\n","protected":false},"author":1,"featured_media":6395,"comment_status":"open","ping_status":"open","sticky":false,"template":"","format":"standard","meta":{"colormag_page_container_layout":"default_layout","colormag_page_sidebar_layout":"default_layout","_FSMCFIC_featured_image_caption":"","_FSMCFIC_featured_image_nocaption":"","_FSMCFIC_featured_image_hide":"","footnotes":""},"categories":[4,1],"tags":[],"class_list":["post-6394","post","type-post","status-publish","format-standard","has-post-thumbnail","hentry","category-esporte","category-ultimas"],"yoast_head":"<!-- This site is optimized with the Yoast SEO plugin v27.1.1 - https:\/\/yoast.com\/product\/yoast-seo-wordpress\/ -->\n<title>Vit\u00f3ria rescinde contrato com um dos prinicipais nomes do acesso - Brasil not\u00edcias<\/title>\n<meta name=\"robots\" content=\"index, follow, max-snippet:-1, max-image-preview:large, max-video-preview:-1\" \/>\n<link rel=\"canonical\" href=\"https:\/\/brasilnoticias.org\/site\/vitoria-rescinde-contrato-com-um-dos-prinicipais-nomes-do-acesso\/\" \/>\n<meta property=\"og:locale\" content=\"pt_PT\" \/>\n<meta property=\"og:type\" content=\"article\" \/>\n<meta property=\"og:title\" content=\"Vit\u00f3ria rescinde contrato com um dos prinicipais nomes do acesso - Brasil not\u00edcias\" \/>\n<meta property=\"og:description\" content=\"O Vitoria comunicou, na tarde desta quarta-feira (31), a rescis\u00e3o de contrato amig\u00e1vel com o atacante Rafinha. Segundo o clube,\" \/>\n<meta property=\"og:url\" content=\"https:\/\/brasilnoticias.org\/site\/vitoria-rescinde-contrato-com-um-dos-prinicipais-nomes-do-acesso\/\" \/>\n<meta property=\"og:site_name\" content=\"Brasil not\u00edcias\" \/>\n<meta property=\"article:published_time\" content=\"2023-05-31T20:45:04+00:00\" \/>\n<meta property=\"og:image\" content=\"https:\/\/brasilnoticias.org\/site\/wp-content\/uploads\/2023\/05\/joilson-cesar-rafinha.jpg_widelg_widelg.jpeg\" \/>\n\t<meta property=\"og:image:width\" content=\"800\" \/>\n\t<meta property=\"og:image:height\" content=\"450\" \/>\n\t<meta property=\"og:image:type\" content=\"image\/jpeg\" \/>\n<meta name=\"author\" content=\"Reda\u00e7\u00e3o\" \/>\n<meta name=\"twitter:card\" content=\"summary_large_image\" \/>\n<meta name=\"twitter:label1\" content=\"Escrito por\" \/>\n\t<meta name=\"twitter:data1\" content=\"Reda\u00e7\u00e3o\" \/>\n<script type=\"application\/ld+json\" class=\"yoast-schema-graph\">{\"@context\":\"https:\/\/schema.org\",\"@graph\":[{\"@type\":\"Article\",\"@id\":\"https:\/\/brasilnoticias.org\/site\/vitoria-rescinde-contrato-com-um-dos-prinicipais-nomes-do-acesso\/#article\",\"isPartOf\":{\"@id\":\"https:\/\/brasilnoticias.org\/site\/vitoria-rescinde-contrato-com-um-dos-prinicipais-nomes-do-acesso\/\"},\"author\":{\"name\":\"Reda\u00e7\u00e3o\",\"@id\":\"https:\/\/brasilnoticias.org\/site\/#\/schema\/person\/a0e05b973ec4d15c658d51911e53507b\"},\"headline\":\"Vit\u00f3ria rescinde contrato com um dos prinicipais nomes do acesso\",\"datePublished\":\"2023-05-31T20:45:04+00:00\",\"mainEntityOfPage\":{\"@id\":\"https:\/\/brasilnoticias.org\/site\/vitoria-rescinde-contrato-com-um-dos-prinicipais-nomes-do-acesso\/\"},\"wordCount\":246,\"commentCount\":0,\"publisher\":{\"@id\":\"https:\/\/brasilnoticias.org\/site\/#organization\"},\"image\":{\"@id\":\"https:\/\/brasilnoticias.org\/site\/vitoria-rescinde-contrato-com-um-dos-prinicipais-nomes-do-acesso\/#primaryimage\"},\"thumbnailUrl\":\"https:\/\/brasilnoticias.org\/site\/wp-content\/uploads\/2023\/05\/joilson-cesar-rafinha.jpg_widelg_widelg.jpeg\",\"articleSection\":[\"Esporte\",\"\u00daltimas\"],\"inLanguage\":\"pt-PT\",\"potentialAction\":[{\"@type\":\"CommentAction\",\"name\":\"Comment\",\"target\":[\"https:\/\/brasilnoticias.org\/site\/vitoria-rescinde-contrato-com-um-dos-prinicipais-nomes-do-acesso\/#respond\"]}]},{\"@type\":\"WebPage\",\"@id\":\"https:\/\/brasilnoticias.org\/site\/vitoria-rescinde-contrato-com-um-dos-prinicipais-nomes-do-acesso\/\",\"url\":\"https:\/\/brasilnoticias.org\/site\/vitoria-rescinde-contrato-com-um-dos-prinicipais-nomes-do-acesso\/\",\"name\":\"Vit\u00f3ria rescinde contrato com um dos prinicipais nomes do acesso - Brasil not\u00edcias\",\"isPartOf\":{\"@id\":\"https:\/\/brasilnoticias.org\/site\/#website\"},\"primaryImageOfPage\":{\"@id\":\"https:\/\/brasilnoticias.org\/site\/vitoria-rescinde-contrato-com-um-dos-prinicipais-nomes-do-acesso\/#primaryimage\"},\"image\":{\"@id\":\"https:\/\/brasilnoticias.org\/site\/vitoria-rescinde-contrato-com-um-dos-prinicipais-nomes-do-acesso\/#primaryimage\"},\"thumbnailUrl\":\"https:\/\/brasilnoticias.org\/site\/wp-content\/uploads\/2023\/05\/joilson-cesar-rafinha.jpg_widelg_widelg.jpeg\",\"datePublished\":\"2023-05-31T20:45:04+00:00\",\"breadcrumb\":{\"@id\":\"https:\/\/brasilnoticias.org\/site\/vitoria-rescinde-contrato-com-um-dos-prinicipais-nomes-do-acesso\/#breadcrumb\"},\"inLanguage\":\"pt-PT\",\"potentialAction\":[{\"@type\":\"ReadAction\",\"target\":[\"https:\/\/brasilnoticias.org\/site\/vitoria-rescinde-contrato-com-um-dos-prinicipais-nomes-do-acesso\/\"]}]},{\"@type\":\"ImageObject\",\"inLanguage\":\"pt-PT\",\"@id\":\"https:\/\/brasilnoticias.org\/site\/vitoria-rescinde-contrato-com-um-dos-prinicipais-nomes-do-acesso\/#primaryimage\",\"url\":\"https:\/\/brasilnoticias.org\/site\/wp-content\/uploads\/2023\/05\/joilson-cesar-rafinha.jpg_widelg_widelg.jpeg\",\"contentUrl\":\"https:\/\/brasilnoticias.org\/site\/wp-content\/uploads\/2023\/05\/joilson-cesar-rafinha.jpg_widelg_widelg.jpeg\",\"width\":800,\"height\":450},{\"@type\":\"BreadcrumbList\",\"@id\":\"https:\/\/brasilnoticias.org\/site\/vitoria-rescinde-contrato-com-um-dos-prinicipais-nomes-do-acesso\/#breadcrumb\",\"itemListElement\":[{\"@type\":\"ListItem\",\"position\":1,\"name\":\"In\u00edcio\",\"item\":\"https:\/\/brasilnoticias.org\/site\/\"},{\"@type\":\"ListItem\",\"position\":2,\"name\":\"Vit\u00f3ria rescinde contrato com um dos prinicipais nomes do acesso\"}]},{\"@type\":\"WebSite\",\"@id\":\"https:\/\/brasilnoticias.org\/site\/#website\",\"url\":\"https:\/\/brasilnoticias.org\/site\/\",\"name\":\"Brasil not\u00edcias\",\"description\":\"Brasil not\u00edcias\",\"publisher\":{\"@id\":\"https:\/\/brasilnoticias.org\/site\/#organization\"},\"potentialAction\":[{\"@type\":\"SearchAction\",\"target\":{\"@type\":\"EntryPoint\",\"urlTemplate\":\"https:\/\/brasilnoticias.org\/site\/?s={search_term_string}\"},\"query-input\":{\"@type\":\"PropertyValueSpecification\",\"valueRequired\":true,\"valueName\":\"search_term_string\"}}],\"inLanguage\":\"pt-PT\"},{\"@type\":\"Organization\",\"@id\":\"https:\/\/brasilnoticias.org\/site\/#organization\",\"name\":\"Brasil not\u00edcias\",\"url\":\"https:\/\/brasilnoticias.org\/site\/\",\"logo\":{\"@type\":\"ImageObject\",\"inLanguage\":\"pt-PT\",\"@id\":\"https:\/\/brasilnoticias.org\/site\/#\/schema\/logo\/image\/\",\"url\":\"https:\/\/brasilnoticias.org\/site\/wp-content\/uploads\/2022\/05\/cropped-brasilnoticias-mini.jpg\",\"contentUrl\":\"https:\/\/brasilnoticias.org\/site\/wp-content\/uploads\/2022\/05\/cropped-brasilnoticias-mini.jpg\",\"width\":314,\"height\":86,\"caption\":\"Brasil not\u00edcias\"},\"image\":{\"@id\":\"https:\/\/brasilnoticias.org\/site\/#\/schema\/logo\/image\/\"}},{\"@type\":\"Person\",\"@id\":\"https:\/\/brasilnoticias.org\/site\/#\/schema\/person\/a0e05b973ec4d15c658d51911e53507b\",\"name\":\"Reda\u00e7\u00e3o\",\"image\":{\"@type\":\"ImageObject\",\"inLanguage\":\"pt-PT\",\"@id\":\"https:\/\/brasilnoticias.org\/site\/#\/schema\/person\/image\/\",\"url\":\"https:\/\/secure.gravatar.com\/avatar\/75d8b050df2de108b08ae78dfb8e374892df24a383c67db9c46a9c604f6aee9c?s=96&d=mm&r=g\",\"contentUrl\":\"https:\/\/secure.gravatar.com\/avatar\/75d8b050df2de108b08ae78dfb8e374892df24a383c67db9c46a9c604f6aee9c?s=96&d=mm&r=g\",\"caption\":\"Reda\u00e7\u00e3o\"},\"sameAs\":[\"https:\/\/brasilnoticias.org\/site\"],\"url\":\"https:\/\/brasilnoticias.org\/site\/author\/fernandozsngmail-com\/\"}]}<\/script>\n<!-- \/ Yoast SEO plugin. -->","yoast_head_json":{"title":"Vit\u00f3ria rescinde contrato com um dos prinicipais nomes do acesso - Brasil not\u00edcias","robots":{"index":"index","follow":"follow","max-snippet":"max-snippet:-1","max-image-preview":"max-image-preview:large","max-video-preview":"max-video-preview:-1"},"canonical":"https:\/\/brasilnoticias.org\/site\/vitoria-rescinde-contrato-com-um-dos-prinicipais-nomes-do-acesso\/","og_locale":"pt_PT","og_type":"article","og_title":"Vit\u00f3ria rescinde contrato com um dos prinicipais nomes do acesso - Brasil not\u00edcias","og_description":"O Vitoria comunicou, na tarde desta quarta-feira (31), a rescis\u00e3o de contrato amig\u00e1vel com o atacante Rafinha. Segundo o clube,","og_url":"https:\/\/brasilnoticias.org\/site\/vitoria-rescinde-contrato-com-um-dos-prinicipais-nomes-do-acesso\/","og_site_name":"Brasil not\u00edcias","article_published_time":"2023-05-31T20:45:04+00:00","og_image":[{"width":800,"height":450,"url":"https:\/\/brasilnoticias.org\/site\/wp-content\/uploads\/2023\/05\/joilson-cesar-rafinha.jpg_widelg_widelg.jpeg","type":"image\/jpeg"}],"author":"Reda\u00e7\u00e3o","twitter_card":"summary_large_image","twitter_misc":{"Escrito por":"Reda\u00e7\u00e3o"},"schema":{"@context":"https:\/\/schema.org","@graph":[{"@type":"Article","@id":"https:\/\/brasilnoticias.org\/site\/vitoria-rescinde-contrato-com-um-dos-prinicipais-nomes-do-acesso\/#article","isPartOf":{"@id":"https:\/\/brasilnoticias.org\/site\/vitoria-rescinde-contrato-com-um-dos-prinicipais-nomes-do-acesso\/"},"author":{"name":"Reda\u00e7\u00e3o","@id":"https:\/\/brasilnoticias.org\/site\/#\/schema\/person\/a0e05b973ec4d15c658d51911e53507b"},"headline":"Vit\u00f3ria rescinde contrato com um dos prinicipais nomes do acesso","datePublished":"2023-05-31T20:45:04+00:00","mainEntityOfPage":{"@id":"https:\/\/brasilnoticias.org\/site\/vitoria-rescinde-contrato-com-um-dos-prinicipais-nomes-do-acesso\/"},"wordCount":246,"commentCount":0,"publisher":{"@id":"https:\/\/brasilnoticias.org\/site\/#organization"},"image":{"@id":"https:\/\/brasilnoticias.org\/site\/vitoria-rescinde-contrato-com-um-dos-prinicipais-nomes-do-acesso\/#primaryimage"},"thumbnailUrl":"https:\/\/brasilnoticias.org\/site\/wp-content\/uploads\/2023\/05\/joilson-cesar-rafinha.jpg_widelg_widelg.jpeg","articleSection":["Esporte","\u00daltimas"],"inLanguage":"pt-PT","potentialAction":[{"@type":"CommentAction","name":"Comment","target":["https:\/\/brasilnoticias.org\/site\/vitoria-rescinde-contrato-com-um-dos-prinicipais-nomes-do-acesso\/#respond"]}]},{"@type":"WebPage","@id":"https:\/\/brasilnoticias.org\/site\/vitoria-rescinde-contrato-com-um-dos-prinicipais-nomes-do-acesso\/","url":"https:\/\/brasilnoticias.org\/site\/vitoria-rescinde-contrato-com-um-dos-prinicipais-nomes-do-acesso\/","name":"Vit\u00f3ria rescinde contrato com um dos prinicipais nomes do acesso - Brasil not\u00edcias","isPartOf":{"@id":"https:\/\/brasilnoticias.org\/site\/#website"},"primaryImageOfPage":{"@id":"https:\/\/brasilnoticias.org\/site\/vitoria-rescinde-contrato-com-um-dos-prinicipais-nomes-do-acesso\/#primaryimage"},"image":{"@id":"https:\/\/brasilnoticias.org\/site\/vitoria-rescinde-contrato-com-um-dos-prinicipais-nomes-do-acesso\/#primaryimage"},"thumbnailUrl":"https:\/\/brasilnoticias.org\/site\/wp-content\/uploads\/2023\/05\/joilson-cesar-rafinha.jpg_widelg_widelg.jpeg","datePublished":"2023-05-31T20:45:04+00:00","breadcrumb":{"@id":"https:\/\/brasilnoticias.org\/site\/vitoria-rescinde-contrato-com-um-dos-prinicipais-nomes-do-acesso\/#breadcrumb"},"inLanguage":"pt-PT","potentialAction":[{"@type":"ReadAction","target":["https:\/\/brasilnoticias.org\/site\/vitoria-rescinde-contrato-com-um-dos-prinicipais-nomes-do-acesso\/"]}]},{"@type":"ImageObject","inLanguage":"pt-PT","@id":"https:\/\/brasilnoticias.org\/site\/vitoria-rescinde-contrato-com-um-dos-prinicipais-nomes-do-acesso\/#primaryimage","url":"https:\/\/brasilnoticias.org\/site\/wp-content\/uploads\/2023\/05\/joilson-cesar-rafinha.jpg_widelg_widelg.jpeg","contentUrl":"https:\/\/brasilnoticias.org\/site\/wp-content\/uploads\/2023\/05\/joilson-cesar-rafinha.jpg_widelg_widelg.jpeg","width":800,"height":450},{"@type":"BreadcrumbList","@id":"https:\/\/brasilnoticias.org\/site\/vitoria-rescinde-contrato-com-um-dos-prinicipais-nomes-do-acesso\/#breadcrumb","itemListElement":[{"@type":"ListItem","position":1,"name":"In\u00edcio","item":"https:\/\/brasilnoticias.org\/site\/"},{"@type":"ListItem","position":2,"name":"Vit\u00f3ria rescinde contrato com um dos prinicipais nomes do acesso"}]},{"@type":"WebSite","@id":"https:\/\/brasilnoticias.org\/site\/#website","url":"https:\/\/brasilnoticias.org\/site\/","name":"Brasil not\u00edcias","description":"Brasil not\u00edcias","publisher":{"@id":"https:\/\/brasilnoticias.org\/site\/#organization"},"potentialAction":[{"@type":"SearchAction","target":{"@type":"EntryPoint","urlTemplate":"https:\/\/brasilnoticias.org\/site\/?s={search_term_string}"},"query-input":{"@type":"PropertyValueSpecification","valueRequired":true,"valueName":"search_term_string"}}],"inLanguage":"pt-PT"},{"@type":"Organization","@id":"https:\/\/brasilnoticias.org\/site\/#organization","name":"Brasil not\u00edcias","url":"https:\/\/brasilnoticias.org\/site\/","logo":{"@type":"ImageObject","inLanguage":"pt-PT","@id":"https:\/\/brasilnoticias.org\/site\/#\/schema\/logo\/image\/","url":"https:\/\/brasilnoticias.org\/site\/wp-content\/uploads\/2022\/05\/cropped-brasilnoticias-mini.jpg","contentUrl":"https:\/\/brasilnoticias.org\/site\/wp-content\/uploads\/2022\/05\/cropped-brasilnoticias-mini.jpg","width":314,"height":86,"caption":"Brasil not\u00edcias"},"image":{"@id":"https:\/\/brasilnoticias.org\/site\/#\/schema\/logo\/image\/"}},{"@type":"Person","@id":"https:\/\/brasilnoticias.org\/site\/#\/schema\/person\/a0e05b973ec4d15c658d51911e53507b","name":"Reda\u00e7\u00e3o","image":{"@type":"ImageObject","inLanguage":"pt-PT","@id":"https:\/\/brasilnoticias.org\/site\/#\/schema\/person\/image\/","url":"https:\/\/secure.gravatar.com\/avatar\/75d8b050df2de108b08ae78dfb8e374892df24a383c67db9c46a9c604f6aee9c?s=96&d=mm&r=g","contentUrl":"https:\/\/secure.gravatar.com\/avatar\/75d8b050df2de108b08ae78dfb8e374892df24a383c67db9c46a9c604f6aee9c?s=96&d=mm&r=g","caption":"Reda\u00e7\u00e3o"},"sameAs":["https:\/\/brasilnoticias.org\/site"],"url":"https:\/\/brasilnoticias.org\/site\/author\/fernandozsngmail-com\/"}]}},"_links":{"self":[{"href":"https:\/\/brasilnoticias.org\/site\/wp-json\/wp\/v2\/posts\/6394","targetHints":{"allow":["GET"]}}],"collection":[{"href":"https:\/\/brasilnoticias.org\/site\/wp-json\/wp\/v2\/posts"}],"about":[{"href":"https:\/\/brasilnoticias.org\/site\/wp-json\/wp\/v2\/types\/post"}],"author":[{"embeddable":true,"href":"https:\/\/brasilnoticias.org\/site\/wp-json\/wp\/v2\/users\/1"}],"replies":[{"embeddable":true,"href":"https:\/\/brasilnoticias.org\/site\/wp-json\/wp\/v2\/comments?post=6394"}],"version-history":[{"count":1,"href":"https:\/\/brasilnoticias.org\/site\/wp-json\/wp\/v2\/posts\/6394\/revisions"}],"predecessor-version":[{"id":6396,"href":"https:\/\/brasilnoticias.org\/site\/wp-json\/wp\/v2\/posts\/6394\/revisions\/6396"}],"wp:featuredmedia":[{"embeddable":true,"href":"https:\/\/brasilnoticias.org\/site\/wp-json\/wp\/v2\/media\/6395"}],"wp:attachment":[{"href":"https:\/\/brasilnoticias.org\/site\/wp-json\/wp\/v2\/media?parent=6394"}],"wp:term":[{"taxonomy":"category","embeddable":true,"href":"https:\/\/brasilnoticias.org\/site\/wp-json\/wp\/v2\/categories?post=6394"},{"taxonomy":"post_tag","embeddable":true,"href":"https:\/\/brasilnoticias.org\/site\/wp-json\/wp\/v2\/tags?post=6394"}],"curies":[{"name":"wp","href":"https:\/\/api.w.org\/{rel}","templated":true}]}}