{"id":6397,"date":"2023-05-31T17:46:55","date_gmt":"2023-05-31T20:46:55","guid":{"rendered":"https:\/\/brasilnoticias.org\/site\/?p=6397"},"modified":"2023-05-31T17:46:55","modified_gmt":"2023-05-31T20:46:55","slug":"novas-informacoes-sobre-triplo-homicidio-em-salvador-sao-reveladas","status":"publish","type":"post","link":"https:\/\/brasilnoticias.org\/site\/novas-informacoes-sobre-triplo-homicidio-em-salvador-sao-reveladas\/","title":{"rendered":"Novas informa\u00e7\u00f5es sobre triplo homic\u00eddio em Salvador s\u00e3o reveladas"},"content":{"rendered":"<p>A Pol\u00edcia Civil n\u00e3o divulgou a principal linha de investiga\u00e7\u00e3o das mortes de um homem, uma jovem e um adolescente encontrados mortos e com marcas de tiros nas primeiras horas da manh\u00e3 desta quarta-feira (31), em uma casa do bairro de Marechal Rondon, em Salvador.<\/p>\n<p>Mas de acordo com informa\u00e7\u00f5es do Balan\u00e7o Geral, da TV Record Itapoan, a pol\u00edcia trabalha com a possibilidade do triplo homic\u00eddio ter liga\u00e7\u00e3o com o tr\u00e1fico de drogas. O programa divulgou que o principal alvo dos criminosos seria Lu\u00eds Fernando Silva Santos, de 33 anos.<\/p>\n<p>Lu\u00eds supostamente seria membro de uma organiza\u00e7\u00e3o criminosa e atuava como gerente do tr\u00e1fico. Ele teria sido morto por estar devendo aos comparsas. Ainda segundo o Balan\u00e7o Geral, o homem fugiu do bairro e passou uma semana em outra localidade, mas teria retornado recentemente a Marechal Rondon.<\/p>\n<p>J\u00e1 Vanessa dos Santos Vitorio, de 24, era mulher de Lu\u00eds e o adolescente, Jeferson dos Santos Valverde, 12, familiar de um deles. A Pol\u00edcia Civil tamb\u00e9m n\u00e3o divulgou o parentesco das v\u00edtimas. O triplo homic\u00eddio \u00e9 investigado pela Delegacia de Homic\u00eddios M\u00faltiplos (DHM).<\/p>\n<p>Foto Reprodu\u00e7\u00e3o\/TV Record Itapoan<br \/>\nBNews<\/p>\n","protected":false},"excerpt":{"rendered":"<p>A Pol\u00edcia Civil n\u00e3o divulgou a principal linha de investiga\u00e7\u00e3o das mortes de um homem, uma jovem e um adolescente<\/p>\n","protected":false},"author":1,"featured_media":6398,"comment_status":"open","ping_status":"open","sticky":false,"template":"","format":"standard","meta":{"colormag_page_container_layout":"default_layout","colormag_page_sidebar_layout":"default_layout","_FSMCFIC_featured_image_caption":"","_FSMCFIC_featured_image_nocaption":"","_FSMCFIC_featured_image_hide":"","footnotes":""},"categories":[3,1],"tags":[],"class_list":["post-6397","post","type-post","status-publish","format-standard","has-post-thumbnail","hentry","category-policia","category-ultimas"],"yoast_head":"<!-- This site is optimized with the Yoast SEO plugin v27.1.1 - https:\/\/yoast.com\/product\/yoast-seo-wordpress\/ -->\n<title>Novas informa\u00e7\u00f5es sobre triplo homic\u00eddio em Salvador s\u00e3o reveladas - Brasil not\u00edcias<\/title>\n<meta name=\"robots\" content=\"index, follow, max-snippet:-1, max-image-preview:large, max-video-preview:-1\" \/>\n<link rel=\"canonical\" href=\"https:\/\/brasilnoticias.org\/site\/novas-informacoes-sobre-triplo-homicidio-em-salvador-sao-reveladas\/\" \/>\n<meta property=\"og:locale\" content=\"pt_PT\" \/>\n<meta property=\"og:type\" content=\"article\" \/>\n<meta property=\"og:title\" content=\"Novas informa\u00e7\u00f5es sobre triplo homic\u00eddio em Salvador s\u00e3o reveladas - Brasil not\u00edcias\" \/>\n<meta property=\"og:description\" content=\"A Pol\u00edcia Civil n\u00e3o divulgou a principal linha de investiga\u00e7\u00e3o das mortes de um homem, uma jovem e um adolescente\" \/>\n<meta property=\"og:url\" content=\"https:\/\/brasilnoticias.org\/site\/novas-informacoes-sobre-triplo-homicidio-em-salvador-sao-reveladas\/\" \/>\n<meta property=\"og:site_name\" content=\"Brasil not\u00edcias\" \/>\n<meta property=\"article:published_time\" content=\"2023-05-31T20:46:55+00:00\" \/>\n<meta property=\"og:image\" content=\"https:\/\/brasilnoticias.org\/site\/wp-content\/uploads\/2023\/05\/familia_morta_marechal_rondon_widelg.jpg\" \/>\n\t<meta property=\"og:image:width\" content=\"800\" \/>\n\t<meta property=\"og:image:height\" content=\"450\" \/>\n\t<meta property=\"og:image:type\" content=\"image\/jpeg\" \/>\n<meta name=\"author\" content=\"Reda\u00e7\u00e3o\" \/>\n<meta name=\"twitter:card\" content=\"summary_large_image\" \/>\n<meta name=\"twitter:label1\" content=\"Escrito por\" \/>\n\t<meta name=\"twitter:data1\" content=\"Reda\u00e7\u00e3o\" \/>\n<script type=\"application\/ld+json\" class=\"yoast-schema-graph\">{\"@context\":\"https:\/\/schema.org\",\"@graph\":[{\"@type\":\"Article\",\"@id\":\"https:\/\/brasilnoticias.org\/site\/novas-informacoes-sobre-triplo-homicidio-em-salvador-sao-reveladas\/#article\",\"isPartOf\":{\"@id\":\"https:\/\/brasilnoticias.org\/site\/novas-informacoes-sobre-triplo-homicidio-em-salvador-sao-reveladas\/\"},\"author\":{\"name\":\"Reda\u00e7\u00e3o\",\"@id\":\"https:\/\/brasilnoticias.org\/site\/#\/schema\/person\/a0e05b973ec4d15c658d51911e53507b\"},\"headline\":\"Novas informa\u00e7\u00f5es sobre triplo homic\u00eddio em Salvador s\u00e3o reveladas\",\"datePublished\":\"2023-05-31T20:46:55+00:00\",\"mainEntityOfPage\":{\"@id\":\"https:\/\/brasilnoticias.org\/site\/novas-informacoes-sobre-triplo-homicidio-em-salvador-sao-reveladas\/\"},\"wordCount\":217,\"commentCount\":0,\"publisher\":{\"@id\":\"https:\/\/brasilnoticias.org\/site\/#organization\"},\"image\":{\"@id\":\"https:\/\/brasilnoticias.org\/site\/novas-informacoes-sobre-triplo-homicidio-em-salvador-sao-reveladas\/#primaryimage\"},\"thumbnailUrl\":\"https:\/\/brasilnoticias.org\/site\/wp-content\/uploads\/2023\/05\/familia_morta_marechal_rondon_widelg.jpg\",\"articleSection\":[\"Pol\u00edcia\",\"\u00daltimas\"],\"inLanguage\":\"pt-PT\",\"potentialAction\":[{\"@type\":\"CommentAction\",\"name\":\"Comment\",\"target\":[\"https:\/\/brasilnoticias.org\/site\/novas-informacoes-sobre-triplo-homicidio-em-salvador-sao-reveladas\/#respond\"]}]},{\"@type\":\"WebPage\",\"@id\":\"https:\/\/brasilnoticias.org\/site\/novas-informacoes-sobre-triplo-homicidio-em-salvador-sao-reveladas\/\",\"url\":\"https:\/\/brasilnoticias.org\/site\/novas-informacoes-sobre-triplo-homicidio-em-salvador-sao-reveladas\/\",\"name\":\"Novas informa\u00e7\u00f5es sobre triplo homic\u00eddio em Salvador s\u00e3o reveladas - Brasil not\u00edcias\",\"isPartOf\":{\"@id\":\"https:\/\/brasilnoticias.org\/site\/#website\"},\"primaryImageOfPage\":{\"@id\":\"https:\/\/brasilnoticias.org\/site\/novas-informacoes-sobre-triplo-homicidio-em-salvador-sao-reveladas\/#primaryimage\"},\"image\":{\"@id\":\"https:\/\/brasilnoticias.org\/site\/novas-informacoes-sobre-triplo-homicidio-em-salvador-sao-reveladas\/#primaryimage\"},\"thumbnailUrl\":\"https:\/\/brasilnoticias.org\/site\/wp-content\/uploads\/2023\/05\/familia_morta_marechal_rondon_widelg.jpg\",\"datePublished\":\"2023-05-31T20:46:55+00:00\",\"breadcrumb\":{\"@id\":\"https:\/\/brasilnoticias.org\/site\/novas-informacoes-sobre-triplo-homicidio-em-salvador-sao-reveladas\/#breadcrumb\"},\"inLanguage\":\"pt-PT\",\"potentialAction\":[{\"@type\":\"ReadAction\",\"target\":[\"https:\/\/brasilnoticias.org\/site\/novas-informacoes-sobre-triplo-homicidio-em-salvador-sao-reveladas\/\"]}]},{\"@type\":\"ImageObject\",\"inLanguage\":\"pt-PT\",\"@id\":\"https:\/\/brasilnoticias.org\/site\/novas-informacoes-sobre-triplo-homicidio-em-salvador-sao-reveladas\/#primaryimage\",\"url\":\"https:\/\/brasilnoticias.org\/site\/wp-content\/uploads\/2023\/05\/familia_morta_marechal_rondon_widelg.jpg\",\"contentUrl\":\"https:\/\/brasilnoticias.org\/site\/wp-content\/uploads\/2023\/05\/familia_morta_marechal_rondon_widelg.jpg\",\"width\":800,\"height\":450},{\"@type\":\"BreadcrumbList\",\"@id\":\"https:\/\/brasilnoticias.org\/site\/novas-informacoes-sobre-triplo-homicidio-em-salvador-sao-reveladas\/#breadcrumb\",\"itemListElement\":[{\"@type\":\"ListItem\",\"position\":1,\"name\":\"In\u00edcio\",\"item\":\"https:\/\/brasilnoticias.org\/site\/\"},{\"@type\":\"ListItem\",\"position\":2,\"name\":\"Novas informa\u00e7\u00f5es sobre triplo homic\u00eddio em Salvador s\u00e3o reveladas\"}]},{\"@type\":\"WebSite\",\"@id\":\"https:\/\/brasilnoticias.org\/site\/#website\",\"url\":\"https:\/\/brasilnoticias.org\/site\/\",\"name\":\"Brasil not\u00edcias\",\"description\":\"Brasil not\u00edcias\",\"publisher\":{\"@id\":\"https:\/\/brasilnoticias.org\/site\/#organization\"},\"potentialAction\":[{\"@type\":\"SearchAction\",\"target\":{\"@type\":\"EntryPoint\",\"urlTemplate\":\"https:\/\/brasilnoticias.org\/site\/?s={search_term_string}\"},\"query-input\":{\"@type\":\"PropertyValueSpecification\",\"valueRequired\":true,\"valueName\":\"search_term_string\"}}],\"inLanguage\":\"pt-PT\"},{\"@type\":\"Organization\",\"@id\":\"https:\/\/brasilnoticias.org\/site\/#organization\",\"name\":\"Brasil not\u00edcias\",\"url\":\"https:\/\/brasilnoticias.org\/site\/\",\"logo\":{\"@type\":\"ImageObject\",\"inLanguage\":\"pt-PT\",\"@id\":\"https:\/\/brasilnoticias.org\/site\/#\/schema\/logo\/image\/\",\"url\":\"https:\/\/brasilnoticias.org\/site\/wp-content\/uploads\/2022\/05\/cropped-brasilnoticias-mini.jpg\",\"contentUrl\":\"https:\/\/brasilnoticias.org\/site\/wp-content\/uploads\/2022\/05\/cropped-brasilnoticias-mini.jpg\",\"width\":314,\"height\":86,\"caption\":\"Brasil not\u00edcias\"},\"image\":{\"@id\":\"https:\/\/brasilnoticias.org\/site\/#\/schema\/logo\/image\/\"}},{\"@type\":\"Person\",\"@id\":\"https:\/\/brasilnoticias.org\/site\/#\/schema\/person\/a0e05b973ec4d15c658d51911e53507b\",\"name\":\"Reda\u00e7\u00e3o\",\"image\":{\"@type\":\"ImageObject\",\"inLanguage\":\"pt-PT\",\"@id\":\"https:\/\/brasilnoticias.org\/site\/#\/schema\/person\/image\/\",\"url\":\"https:\/\/secure.gravatar.com\/avatar\/75d8b050df2de108b08ae78dfb8e374892df24a383c67db9c46a9c604f6aee9c?s=96&d=mm&r=g\",\"contentUrl\":\"https:\/\/secure.gravatar.com\/avatar\/75d8b050df2de108b08ae78dfb8e374892df24a383c67db9c46a9c604f6aee9c?s=96&d=mm&r=g\",\"caption\":\"Reda\u00e7\u00e3o\"},\"sameAs\":[\"https:\/\/brasilnoticias.org\/site\"],\"url\":\"https:\/\/brasilnoticias.org\/site\/author\/fernandozsngmail-com\/\"}]}<\/script>\n<!-- \/ Yoast SEO plugin. -->","yoast_head_json":{"title":"Novas informa\u00e7\u00f5es sobre triplo homic\u00eddio em Salvador s\u00e3o reveladas - Brasil not\u00edcias","robots":{"index":"index","follow":"follow","max-snippet":"max-snippet:-1","max-image-preview":"max-image-preview:large","max-video-preview":"max-video-preview:-1"},"canonical":"https:\/\/brasilnoticias.org\/site\/novas-informacoes-sobre-triplo-homicidio-em-salvador-sao-reveladas\/","og_locale":"pt_PT","og_type":"article","og_title":"Novas informa\u00e7\u00f5es sobre triplo homic\u00eddio em Salvador s\u00e3o reveladas - Brasil not\u00edcias","og_description":"A Pol\u00edcia Civil n\u00e3o divulgou a principal linha de investiga\u00e7\u00e3o das mortes de um homem, uma jovem e um adolescente","og_url":"https:\/\/brasilnoticias.org\/site\/novas-informacoes-sobre-triplo-homicidio-em-salvador-sao-reveladas\/","og_site_name":"Brasil not\u00edcias","article_published_time":"2023-05-31T20:46:55+00:00","og_image":[{"width":800,"height":450,"url":"https:\/\/brasilnoticias.org\/site\/wp-content\/uploads\/2023\/05\/familia_morta_marechal_rondon_widelg.jpg","type":"image\/jpeg"}],"author":"Reda\u00e7\u00e3o","twitter_card":"summary_large_image","twitter_misc":{"Escrito por":"Reda\u00e7\u00e3o"},"schema":{"@context":"https:\/\/schema.org","@graph":[{"@type":"Article","@id":"https:\/\/brasilnoticias.org\/site\/novas-informacoes-sobre-triplo-homicidio-em-salvador-sao-reveladas\/#article","isPartOf":{"@id":"https:\/\/brasilnoticias.org\/site\/novas-informacoes-sobre-triplo-homicidio-em-salvador-sao-reveladas\/"},"author":{"name":"Reda\u00e7\u00e3o","@id":"https:\/\/brasilnoticias.org\/site\/#\/schema\/person\/a0e05b973ec4d15c658d51911e53507b"},"headline":"Novas informa\u00e7\u00f5es sobre triplo homic\u00eddio em Salvador s\u00e3o reveladas","datePublished":"2023-05-31T20:46:55+00:00","mainEntityOfPage":{"@id":"https:\/\/brasilnoticias.org\/site\/novas-informacoes-sobre-triplo-homicidio-em-salvador-sao-reveladas\/"},"wordCount":217,"commentCount":0,"publisher":{"@id":"https:\/\/brasilnoticias.org\/site\/#organization"},"image":{"@id":"https:\/\/brasilnoticias.org\/site\/novas-informacoes-sobre-triplo-homicidio-em-salvador-sao-reveladas\/#primaryimage"},"thumbnailUrl":"https:\/\/brasilnoticias.org\/site\/wp-content\/uploads\/2023\/05\/familia_morta_marechal_rondon_widelg.jpg","articleSection":["Pol\u00edcia","\u00daltimas"],"inLanguage":"pt-PT","potentialAction":[{"@type":"CommentAction","name":"Comment","target":["https:\/\/brasilnoticias.org\/site\/novas-informacoes-sobre-triplo-homicidio-em-salvador-sao-reveladas\/#respond"]}]},{"@type":"WebPage","@id":"https:\/\/brasilnoticias.org\/site\/novas-informacoes-sobre-triplo-homicidio-em-salvador-sao-reveladas\/","url":"https:\/\/brasilnoticias.org\/site\/novas-informacoes-sobre-triplo-homicidio-em-salvador-sao-reveladas\/","name":"Novas informa\u00e7\u00f5es sobre triplo homic\u00eddio em Salvador s\u00e3o reveladas - Brasil not\u00edcias","isPartOf":{"@id":"https:\/\/brasilnoticias.org\/site\/#website"},"primaryImageOfPage":{"@id":"https:\/\/brasilnoticias.org\/site\/novas-informacoes-sobre-triplo-homicidio-em-salvador-sao-reveladas\/#primaryimage"},"image":{"@id":"https:\/\/brasilnoticias.org\/site\/novas-informacoes-sobre-triplo-homicidio-em-salvador-sao-reveladas\/#primaryimage"},"thumbnailUrl":"https:\/\/brasilnoticias.org\/site\/wp-content\/uploads\/2023\/05\/familia_morta_marechal_rondon_widelg.jpg","datePublished":"2023-05-31T20:46:55+00:00","breadcrumb":{"@id":"https:\/\/brasilnoticias.org\/site\/novas-informacoes-sobre-triplo-homicidio-em-salvador-sao-reveladas\/#breadcrumb"},"inLanguage":"pt-PT","potentialAction":[{"@type":"ReadAction","target":["https:\/\/brasilnoticias.org\/site\/novas-informacoes-sobre-triplo-homicidio-em-salvador-sao-reveladas\/"]}]},{"@type":"ImageObject","inLanguage":"pt-PT","@id":"https:\/\/brasilnoticias.org\/site\/novas-informacoes-sobre-triplo-homicidio-em-salvador-sao-reveladas\/#primaryimage","url":"https:\/\/brasilnoticias.org\/site\/wp-content\/uploads\/2023\/05\/familia_morta_marechal_rondon_widelg.jpg","contentUrl":"https:\/\/brasilnoticias.org\/site\/wp-content\/uploads\/2023\/05\/familia_morta_marechal_rondon_widelg.jpg","width":800,"height":450},{"@type":"BreadcrumbList","@id":"https:\/\/brasilnoticias.org\/site\/novas-informacoes-sobre-triplo-homicidio-em-salvador-sao-reveladas\/#breadcrumb","itemListElement":[{"@type":"ListItem","position":1,"name":"In\u00edcio","item":"https:\/\/brasilnoticias.org\/site\/"},{"@type":"ListItem","position":2,"name":"Novas informa\u00e7\u00f5es sobre triplo homic\u00eddio em Salvador s\u00e3o reveladas"}]},{"@type":"WebSite","@id":"https:\/\/brasilnoticias.org\/site\/#website","url":"https:\/\/brasilnoticias.org\/site\/","name":"Brasil not\u00edcias","description":"Brasil not\u00edcias","publisher":{"@id":"https:\/\/brasilnoticias.org\/site\/#organization"},"potentialAction":[{"@type":"SearchAction","target":{"@type":"EntryPoint","urlTemplate":"https:\/\/brasilnoticias.org\/site\/?s={search_term_string}"},"query-input":{"@type":"PropertyValueSpecification","valueRequired":true,"valueName":"search_term_string"}}],"inLanguage":"pt-PT"},{"@type":"Organization","@id":"https:\/\/brasilnoticias.org\/site\/#organization","name":"Brasil not\u00edcias","url":"https:\/\/brasilnoticias.org\/site\/","logo":{"@type":"ImageObject","inLanguage":"pt-PT","@id":"https:\/\/brasilnoticias.org\/site\/#\/schema\/logo\/image\/","url":"https:\/\/brasilnoticias.org\/site\/wp-content\/uploads\/2022\/05\/cropped-brasilnoticias-mini.jpg","contentUrl":"https:\/\/brasilnoticias.org\/site\/wp-content\/uploads\/2022\/05\/cropped-brasilnoticias-mini.jpg","width":314,"height":86,"caption":"Brasil not\u00edcias"},"image":{"@id":"https:\/\/brasilnoticias.org\/site\/#\/schema\/logo\/image\/"}},{"@type":"Person","@id":"https:\/\/brasilnoticias.org\/site\/#\/schema\/person\/a0e05b973ec4d15c658d51911e53507b","name":"Reda\u00e7\u00e3o","image":{"@type":"ImageObject","inLanguage":"pt-PT","@id":"https:\/\/brasilnoticias.org\/site\/#\/schema\/person\/image\/","url":"https:\/\/secure.gravatar.com\/avatar\/75d8b050df2de108b08ae78dfb8e374892df24a383c67db9c46a9c604f6aee9c?s=96&d=mm&r=g","contentUrl":"https:\/\/secure.gravatar.com\/avatar\/75d8b050df2de108b08ae78dfb8e374892df24a383c67db9c46a9c604f6aee9c?s=96&d=mm&r=g","caption":"Reda\u00e7\u00e3o"},"sameAs":["https:\/\/brasilnoticias.org\/site"],"url":"https:\/\/brasilnoticias.org\/site\/author\/fernandozsngmail-com\/"}]}},"_links":{"self":[{"href":"https:\/\/brasilnoticias.org\/site\/wp-json\/wp\/v2\/posts\/6397","targetHints":{"allow":["GET"]}}],"collection":[{"href":"https:\/\/brasilnoticias.org\/site\/wp-json\/wp\/v2\/posts"}],"about":[{"href":"https:\/\/brasilnoticias.org\/site\/wp-json\/wp\/v2\/types\/post"}],"author":[{"embeddable":true,"href":"https:\/\/brasilnoticias.org\/site\/wp-json\/wp\/v2\/users\/1"}],"replies":[{"embeddable":true,"href":"https:\/\/brasilnoticias.org\/site\/wp-json\/wp\/v2\/comments?post=6397"}],"version-history":[{"count":1,"href":"https:\/\/brasilnoticias.org\/site\/wp-json\/wp\/v2\/posts\/6397\/revisions"}],"predecessor-version":[{"id":6399,"href":"https:\/\/brasilnoticias.org\/site\/wp-json\/wp\/v2\/posts\/6397\/revisions\/6399"}],"wp:featuredmedia":[{"embeddable":true,"href":"https:\/\/brasilnoticias.org\/site\/wp-json\/wp\/v2\/media\/6398"}],"wp:attachment":[{"href":"https:\/\/brasilnoticias.org\/site\/wp-json\/wp\/v2\/media?parent=6397"}],"wp:term":[{"taxonomy":"category","embeddable":true,"href":"https:\/\/brasilnoticias.org\/site\/wp-json\/wp\/v2\/categories?post=6397"},{"taxonomy":"post_tag","embeddable":true,"href":"https:\/\/brasilnoticias.org\/site\/wp-json\/wp\/v2\/tags?post=6397"}],"curies":[{"name":"wp","href":"https:\/\/api.w.org\/{rel}","templated":true}]}}