{"id":6412,"date":"2023-06-01T06:31:29","date_gmt":"2023-06-01T09:31:29","guid":{"rendered":"https:\/\/brasilnoticias.org\/site\/?p=6412"},"modified":"2023-06-01T06:31:29","modified_gmt":"2023-06-01T09:31:29","slug":"mpt-apura-responsabilidades-no-desabamento-de-teto-de-loja-em-juazeiro","status":"publish","type":"post","link":"https:\/\/brasilnoticias.org\/site\/mpt-apura-responsabilidades-no-desabamento-de-teto-de-loja-em-juazeiro\/","title":{"rendered":"MPT apura responsabilidades no desabamento de teto de loja em Juazeiro"},"content":{"rendered":"<p>O Minist\u00e9rio P\u00fablico do Trabalho (MPT) instaurou nessa quarta-feira (31) um procedimento para apurar as eventuais responsabilidades trabalhistas no desabamento do teto de uma loja de materiais de constru\u00e7\u00e3o em Juazeiro, localizada no norte da Bahia.<\/p>\n<p>O caso aconteceu na manh\u00e3 de ter\u00e7a-feira (30) e deixou uma funcion\u00e1ria do local ferida. Al\u00e9m disso, outros 18 trabalhadores e tr\u00eas clientes estariam na loja no momento do desabamento, mas conseguiram sair do estabelecimento a tempo.<\/p>\n<p>O MPT detalhou que ir\u00e1 investigar as responsabilidades trabalhistas pelo acidente, assim como reunir\u00e1 informa\u00e7\u00f5es que identifiquem as circunst\u00e2ncias que levaram \u00e0 ocorr\u00eancia. Para isso, ser\u00e3o solicitadas informa\u00e7\u00f5es \u00e0 Superintend\u00eancia Regional do Trabalho (SRT-BA), \u00f3rg\u00e3o que deve periciar o local e produzir um relat\u00f3rio.<\/p>\n<p>Tamb\u00e9m poder\u00e3o ser usadas informa\u00e7\u00f5es de outros \u00f3rg\u00e3os, como a Pol\u00edcia T\u00e9cnica e Corpo de Bombeiros. Segundo o g1, a estrutura da loja foi condenada pela Defesa Civil da cidade, ainda na ter\u00e7a. O Corpo dos Bombeiros informou que a funcion\u00e1ria foi retirada do local e encaminhada ao Hospital Universit\u00e1rio, em Petrolina, cidade pernambucana vizinha a Juazeiro. Ainda de acordo com o g1, o estado de sa\u00fade dela \u00e9 est\u00e1vel.<\/p>\n<p>Um dos donos da loja, Gustavo Dantas, o desabamento come\u00e7ou no fundo da loja, por isso 18 funcion\u00e1rios conseguiram sair do local em seguran\u00e7a. Ainda segundo ele, o pr\u00e9dio \u00e9 novo, passou por uma reforma recente e estava licenciado.<\/p>\n<p>Foto: Reprodu\u00e7\u00e3o\/ Redes sociais<br \/>\nIBahia<\/p>\n","protected":false},"excerpt":{"rendered":"<p>O Minist\u00e9rio P\u00fablico do Trabalho (MPT) instaurou nessa quarta-feira (31) um procedimento para apurar as eventuais responsabilidades trabalhistas no desabamento<\/p>\n","protected":false},"author":1,"featured_media":6413,"comment_status":"open","ping_status":"open","sticky":false,"template":"","format":"standard","meta":{"colormag_page_container_layout":"default_layout","colormag_page_sidebar_layout":"default_layout","_FSMCFIC_featured_image_caption":"","_FSMCFIC_featured_image_nocaption":"","_FSMCFIC_featured_image_hide":"","footnotes":""},"categories":[2,1],"tags":[],"class_list":["post-6412","post","type-post","status-publish","format-standard","has-post-thumbnail","hentry","category-noticias","category-ultimas"],"yoast_head":"<!-- This site is optimized with the Yoast SEO plugin v27.1.1 - https:\/\/yoast.com\/product\/yoast-seo-wordpress\/ -->\n<title>MPT apura responsabilidades no desabamento de teto de loja em Juazeiro - Brasil not\u00edcias<\/title>\n<meta name=\"robots\" content=\"index, follow, max-snippet:-1, max-image-preview:large, max-video-preview:-1\" \/>\n<link rel=\"canonical\" href=\"https:\/\/brasilnoticias.org\/site\/mpt-apura-responsabilidades-no-desabamento-de-teto-de-loja-em-juazeiro\/\" \/>\n<meta property=\"og:locale\" content=\"pt_PT\" \/>\n<meta property=\"og:type\" content=\"article\" \/>\n<meta property=\"og:title\" content=\"MPT apura responsabilidades no desabamento de teto de loja em Juazeiro - Brasil not\u00edcias\" \/>\n<meta property=\"og:description\" content=\"O Minist\u00e9rio P\u00fablico do Trabalho (MPT) instaurou nessa quarta-feira (31) um procedimento para apurar as eventuais responsabilidades trabalhistas no desabamento\" \/>\n<meta property=\"og:url\" content=\"https:\/\/brasilnoticias.org\/site\/mpt-apura-responsabilidades-no-desabamento-de-teto-de-loja-em-juazeiro\/\" \/>\n<meta property=\"og:site_name\" content=\"Brasil not\u00edcias\" \/>\n<meta property=\"article:published_time\" content=\"2023-06-01T09:31:29+00:00\" \/>\n<meta property=\"og:image\" content=\"https:\/\/brasilnoticias.org\/site\/wp-content\/uploads\/2023\/06\/MPT-apura-responsabilidades-no-desabamento-de-teto0029485600202305312108-3.webp\" \/>\n\t<meta property=\"og:image:width\" content=\"780\" \/>\n\t<meta property=\"og:image:height\" content=\"468\" \/>\n\t<meta property=\"og:image:type\" content=\"image\/webp\" \/>\n<meta name=\"author\" content=\"Reda\u00e7\u00e3o\" \/>\n<meta name=\"twitter:card\" content=\"summary_large_image\" \/>\n<meta name=\"twitter:label1\" content=\"Escrito por\" \/>\n\t<meta name=\"twitter:data1\" content=\"Reda\u00e7\u00e3o\" \/>\n<script type=\"application\/ld+json\" class=\"yoast-schema-graph\">{\"@context\":\"https:\/\/schema.org\",\"@graph\":[{\"@type\":\"Article\",\"@id\":\"https:\/\/brasilnoticias.org\/site\/mpt-apura-responsabilidades-no-desabamento-de-teto-de-loja-em-juazeiro\/#article\",\"isPartOf\":{\"@id\":\"https:\/\/brasilnoticias.org\/site\/mpt-apura-responsabilidades-no-desabamento-de-teto-de-loja-em-juazeiro\/\"},\"author\":{\"name\":\"Reda\u00e7\u00e3o\",\"@id\":\"https:\/\/brasilnoticias.org\/site\/#\/schema\/person\/a0e05b973ec4d15c658d51911e53507b\"},\"headline\":\"MPT apura responsabilidades no desabamento de teto de loja em Juazeiro\",\"datePublished\":\"2023-06-01T09:31:29+00:00\",\"mainEntityOfPage\":{\"@id\":\"https:\/\/brasilnoticias.org\/site\/mpt-apura-responsabilidades-no-desabamento-de-teto-de-loja-em-juazeiro\/\"},\"wordCount\":265,\"commentCount\":0,\"publisher\":{\"@id\":\"https:\/\/brasilnoticias.org\/site\/#organization\"},\"image\":{\"@id\":\"https:\/\/brasilnoticias.org\/site\/mpt-apura-responsabilidades-no-desabamento-de-teto-de-loja-em-juazeiro\/#primaryimage\"},\"thumbnailUrl\":\"https:\/\/brasilnoticias.org\/site\/wp-content\/uploads\/2023\/06\/MPT-apura-responsabilidades-no-desabamento-de-teto0029485600202305312108-3.webp\",\"articleSection\":[\"Not\u00edcias\",\"\u00daltimas\"],\"inLanguage\":\"pt-PT\",\"potentialAction\":[{\"@type\":\"CommentAction\",\"name\":\"Comment\",\"target\":[\"https:\/\/brasilnoticias.org\/site\/mpt-apura-responsabilidades-no-desabamento-de-teto-de-loja-em-juazeiro\/#respond\"]}]},{\"@type\":\"WebPage\",\"@id\":\"https:\/\/brasilnoticias.org\/site\/mpt-apura-responsabilidades-no-desabamento-de-teto-de-loja-em-juazeiro\/\",\"url\":\"https:\/\/brasilnoticias.org\/site\/mpt-apura-responsabilidades-no-desabamento-de-teto-de-loja-em-juazeiro\/\",\"name\":\"MPT apura responsabilidades no desabamento de teto de loja em Juazeiro - Brasil not\u00edcias\",\"isPartOf\":{\"@id\":\"https:\/\/brasilnoticias.org\/site\/#website\"},\"primaryImageOfPage\":{\"@id\":\"https:\/\/brasilnoticias.org\/site\/mpt-apura-responsabilidades-no-desabamento-de-teto-de-loja-em-juazeiro\/#primaryimage\"},\"image\":{\"@id\":\"https:\/\/brasilnoticias.org\/site\/mpt-apura-responsabilidades-no-desabamento-de-teto-de-loja-em-juazeiro\/#primaryimage\"},\"thumbnailUrl\":\"https:\/\/brasilnoticias.org\/site\/wp-content\/uploads\/2023\/06\/MPT-apura-responsabilidades-no-desabamento-de-teto0029485600202305312108-3.webp\",\"datePublished\":\"2023-06-01T09:31:29+00:00\",\"breadcrumb\":{\"@id\":\"https:\/\/brasilnoticias.org\/site\/mpt-apura-responsabilidades-no-desabamento-de-teto-de-loja-em-juazeiro\/#breadcrumb\"},\"inLanguage\":\"pt-PT\",\"potentialAction\":[{\"@type\":\"ReadAction\",\"target\":[\"https:\/\/brasilnoticias.org\/site\/mpt-apura-responsabilidades-no-desabamento-de-teto-de-loja-em-juazeiro\/\"]}]},{\"@type\":\"ImageObject\",\"inLanguage\":\"pt-PT\",\"@id\":\"https:\/\/brasilnoticias.org\/site\/mpt-apura-responsabilidades-no-desabamento-de-teto-de-loja-em-juazeiro\/#primaryimage\",\"url\":\"https:\/\/brasilnoticias.org\/site\/wp-content\/uploads\/2023\/06\/MPT-apura-responsabilidades-no-desabamento-de-teto0029485600202305312108-3.webp\",\"contentUrl\":\"https:\/\/brasilnoticias.org\/site\/wp-content\/uploads\/2023\/06\/MPT-apura-responsabilidades-no-desabamento-de-teto0029485600202305312108-3.webp\",\"width\":780,\"height\":468},{\"@type\":\"BreadcrumbList\",\"@id\":\"https:\/\/brasilnoticias.org\/site\/mpt-apura-responsabilidades-no-desabamento-de-teto-de-loja-em-juazeiro\/#breadcrumb\",\"itemListElement\":[{\"@type\":\"ListItem\",\"position\":1,\"name\":\"In\u00edcio\",\"item\":\"https:\/\/brasilnoticias.org\/site\/\"},{\"@type\":\"ListItem\",\"position\":2,\"name\":\"MPT apura responsabilidades no desabamento de teto de loja em Juazeiro\"}]},{\"@type\":\"WebSite\",\"@id\":\"https:\/\/brasilnoticias.org\/site\/#website\",\"url\":\"https:\/\/brasilnoticias.org\/site\/\",\"name\":\"Brasil not\u00edcias\",\"description\":\"Brasil not\u00edcias\",\"publisher\":{\"@id\":\"https:\/\/brasilnoticias.org\/site\/#organization\"},\"potentialAction\":[{\"@type\":\"SearchAction\",\"target\":{\"@type\":\"EntryPoint\",\"urlTemplate\":\"https:\/\/brasilnoticias.org\/site\/?s={search_term_string}\"},\"query-input\":{\"@type\":\"PropertyValueSpecification\",\"valueRequired\":true,\"valueName\":\"search_term_string\"}}],\"inLanguage\":\"pt-PT\"},{\"@type\":\"Organization\",\"@id\":\"https:\/\/brasilnoticias.org\/site\/#organization\",\"name\":\"Brasil not\u00edcias\",\"url\":\"https:\/\/brasilnoticias.org\/site\/\",\"logo\":{\"@type\":\"ImageObject\",\"inLanguage\":\"pt-PT\",\"@id\":\"https:\/\/brasilnoticias.org\/site\/#\/schema\/logo\/image\/\",\"url\":\"https:\/\/brasilnoticias.org\/site\/wp-content\/uploads\/2022\/05\/cropped-brasilnoticias-mini.jpg\",\"contentUrl\":\"https:\/\/brasilnoticias.org\/site\/wp-content\/uploads\/2022\/05\/cropped-brasilnoticias-mini.jpg\",\"width\":314,\"height\":86,\"caption\":\"Brasil not\u00edcias\"},\"image\":{\"@id\":\"https:\/\/brasilnoticias.org\/site\/#\/schema\/logo\/image\/\"}},{\"@type\":\"Person\",\"@id\":\"https:\/\/brasilnoticias.org\/site\/#\/schema\/person\/a0e05b973ec4d15c658d51911e53507b\",\"name\":\"Reda\u00e7\u00e3o\",\"image\":{\"@type\":\"ImageObject\",\"inLanguage\":\"pt-PT\",\"@id\":\"https:\/\/brasilnoticias.org\/site\/#\/schema\/person\/image\/\",\"url\":\"https:\/\/secure.gravatar.com\/avatar\/75d8b050df2de108b08ae78dfb8e374892df24a383c67db9c46a9c604f6aee9c?s=96&d=mm&r=g\",\"contentUrl\":\"https:\/\/secure.gravatar.com\/avatar\/75d8b050df2de108b08ae78dfb8e374892df24a383c67db9c46a9c604f6aee9c?s=96&d=mm&r=g\",\"caption\":\"Reda\u00e7\u00e3o\"},\"sameAs\":[\"https:\/\/brasilnoticias.org\/site\"],\"url\":\"https:\/\/brasilnoticias.org\/site\/author\/fernandozsngmail-com\/\"}]}<\/script>\n<!-- \/ Yoast SEO plugin. -->","yoast_head_json":{"title":"MPT apura responsabilidades no desabamento de teto de loja em Juazeiro - Brasil not\u00edcias","robots":{"index":"index","follow":"follow","max-snippet":"max-snippet:-1","max-image-preview":"max-image-preview:large","max-video-preview":"max-video-preview:-1"},"canonical":"https:\/\/brasilnoticias.org\/site\/mpt-apura-responsabilidades-no-desabamento-de-teto-de-loja-em-juazeiro\/","og_locale":"pt_PT","og_type":"article","og_title":"MPT apura responsabilidades no desabamento de teto de loja em Juazeiro - Brasil not\u00edcias","og_description":"O Minist\u00e9rio P\u00fablico do Trabalho (MPT) instaurou nessa quarta-feira (31) um procedimento para apurar as eventuais responsabilidades trabalhistas no desabamento","og_url":"https:\/\/brasilnoticias.org\/site\/mpt-apura-responsabilidades-no-desabamento-de-teto-de-loja-em-juazeiro\/","og_site_name":"Brasil not\u00edcias","article_published_time":"2023-06-01T09:31:29+00:00","og_image":[{"width":780,"height":468,"url":"https:\/\/brasilnoticias.org\/site\/wp-content\/uploads\/2023\/06\/MPT-apura-responsabilidades-no-desabamento-de-teto0029485600202305312108-3.webp","type":"image\/webp"}],"author":"Reda\u00e7\u00e3o","twitter_card":"summary_large_image","twitter_misc":{"Escrito por":"Reda\u00e7\u00e3o"},"schema":{"@context":"https:\/\/schema.org","@graph":[{"@type":"Article","@id":"https:\/\/brasilnoticias.org\/site\/mpt-apura-responsabilidades-no-desabamento-de-teto-de-loja-em-juazeiro\/#article","isPartOf":{"@id":"https:\/\/brasilnoticias.org\/site\/mpt-apura-responsabilidades-no-desabamento-de-teto-de-loja-em-juazeiro\/"},"author":{"name":"Reda\u00e7\u00e3o","@id":"https:\/\/brasilnoticias.org\/site\/#\/schema\/person\/a0e05b973ec4d15c658d51911e53507b"},"headline":"MPT apura responsabilidades no desabamento de teto de loja em Juazeiro","datePublished":"2023-06-01T09:31:29+00:00","mainEntityOfPage":{"@id":"https:\/\/brasilnoticias.org\/site\/mpt-apura-responsabilidades-no-desabamento-de-teto-de-loja-em-juazeiro\/"},"wordCount":265,"commentCount":0,"publisher":{"@id":"https:\/\/brasilnoticias.org\/site\/#organization"},"image":{"@id":"https:\/\/brasilnoticias.org\/site\/mpt-apura-responsabilidades-no-desabamento-de-teto-de-loja-em-juazeiro\/#primaryimage"},"thumbnailUrl":"https:\/\/brasilnoticias.org\/site\/wp-content\/uploads\/2023\/06\/MPT-apura-responsabilidades-no-desabamento-de-teto0029485600202305312108-3.webp","articleSection":["Not\u00edcias","\u00daltimas"],"inLanguage":"pt-PT","potentialAction":[{"@type":"CommentAction","name":"Comment","target":["https:\/\/brasilnoticias.org\/site\/mpt-apura-responsabilidades-no-desabamento-de-teto-de-loja-em-juazeiro\/#respond"]}]},{"@type":"WebPage","@id":"https:\/\/brasilnoticias.org\/site\/mpt-apura-responsabilidades-no-desabamento-de-teto-de-loja-em-juazeiro\/","url":"https:\/\/brasilnoticias.org\/site\/mpt-apura-responsabilidades-no-desabamento-de-teto-de-loja-em-juazeiro\/","name":"MPT apura responsabilidades no desabamento de teto de loja em Juazeiro - Brasil not\u00edcias","isPartOf":{"@id":"https:\/\/brasilnoticias.org\/site\/#website"},"primaryImageOfPage":{"@id":"https:\/\/brasilnoticias.org\/site\/mpt-apura-responsabilidades-no-desabamento-de-teto-de-loja-em-juazeiro\/#primaryimage"},"image":{"@id":"https:\/\/brasilnoticias.org\/site\/mpt-apura-responsabilidades-no-desabamento-de-teto-de-loja-em-juazeiro\/#primaryimage"},"thumbnailUrl":"https:\/\/brasilnoticias.org\/site\/wp-content\/uploads\/2023\/06\/MPT-apura-responsabilidades-no-desabamento-de-teto0029485600202305312108-3.webp","datePublished":"2023-06-01T09:31:29+00:00","breadcrumb":{"@id":"https:\/\/brasilnoticias.org\/site\/mpt-apura-responsabilidades-no-desabamento-de-teto-de-loja-em-juazeiro\/#breadcrumb"},"inLanguage":"pt-PT","potentialAction":[{"@type":"ReadAction","target":["https:\/\/brasilnoticias.org\/site\/mpt-apura-responsabilidades-no-desabamento-de-teto-de-loja-em-juazeiro\/"]}]},{"@type":"ImageObject","inLanguage":"pt-PT","@id":"https:\/\/brasilnoticias.org\/site\/mpt-apura-responsabilidades-no-desabamento-de-teto-de-loja-em-juazeiro\/#primaryimage","url":"https:\/\/brasilnoticias.org\/site\/wp-content\/uploads\/2023\/06\/MPT-apura-responsabilidades-no-desabamento-de-teto0029485600202305312108-3.webp","contentUrl":"https:\/\/brasilnoticias.org\/site\/wp-content\/uploads\/2023\/06\/MPT-apura-responsabilidades-no-desabamento-de-teto0029485600202305312108-3.webp","width":780,"height":468},{"@type":"BreadcrumbList","@id":"https:\/\/brasilnoticias.org\/site\/mpt-apura-responsabilidades-no-desabamento-de-teto-de-loja-em-juazeiro\/#breadcrumb","itemListElement":[{"@type":"ListItem","position":1,"name":"In\u00edcio","item":"https:\/\/brasilnoticias.org\/site\/"},{"@type":"ListItem","position":2,"name":"MPT apura responsabilidades no desabamento de teto de loja em Juazeiro"}]},{"@type":"WebSite","@id":"https:\/\/brasilnoticias.org\/site\/#website","url":"https:\/\/brasilnoticias.org\/site\/","name":"Brasil not\u00edcias","description":"Brasil not\u00edcias","publisher":{"@id":"https:\/\/brasilnoticias.org\/site\/#organization"},"potentialAction":[{"@type":"SearchAction","target":{"@type":"EntryPoint","urlTemplate":"https:\/\/brasilnoticias.org\/site\/?s={search_term_string}"},"query-input":{"@type":"PropertyValueSpecification","valueRequired":true,"valueName":"search_term_string"}}],"inLanguage":"pt-PT"},{"@type":"Organization","@id":"https:\/\/brasilnoticias.org\/site\/#organization","name":"Brasil not\u00edcias","url":"https:\/\/brasilnoticias.org\/site\/","logo":{"@type":"ImageObject","inLanguage":"pt-PT","@id":"https:\/\/brasilnoticias.org\/site\/#\/schema\/logo\/image\/","url":"https:\/\/brasilnoticias.org\/site\/wp-content\/uploads\/2022\/05\/cropped-brasilnoticias-mini.jpg","contentUrl":"https:\/\/brasilnoticias.org\/site\/wp-content\/uploads\/2022\/05\/cropped-brasilnoticias-mini.jpg","width":314,"height":86,"caption":"Brasil not\u00edcias"},"image":{"@id":"https:\/\/brasilnoticias.org\/site\/#\/schema\/logo\/image\/"}},{"@type":"Person","@id":"https:\/\/brasilnoticias.org\/site\/#\/schema\/person\/a0e05b973ec4d15c658d51911e53507b","name":"Reda\u00e7\u00e3o","image":{"@type":"ImageObject","inLanguage":"pt-PT","@id":"https:\/\/brasilnoticias.org\/site\/#\/schema\/person\/image\/","url":"https:\/\/secure.gravatar.com\/avatar\/75d8b050df2de108b08ae78dfb8e374892df24a383c67db9c46a9c604f6aee9c?s=96&d=mm&r=g","contentUrl":"https:\/\/secure.gravatar.com\/avatar\/75d8b050df2de108b08ae78dfb8e374892df24a383c67db9c46a9c604f6aee9c?s=96&d=mm&r=g","caption":"Reda\u00e7\u00e3o"},"sameAs":["https:\/\/brasilnoticias.org\/site"],"url":"https:\/\/brasilnoticias.org\/site\/author\/fernandozsngmail-com\/"}]}},"_links":{"self":[{"href":"https:\/\/brasilnoticias.org\/site\/wp-json\/wp\/v2\/posts\/6412","targetHints":{"allow":["GET"]}}],"collection":[{"href":"https:\/\/brasilnoticias.org\/site\/wp-json\/wp\/v2\/posts"}],"about":[{"href":"https:\/\/brasilnoticias.org\/site\/wp-json\/wp\/v2\/types\/post"}],"author":[{"embeddable":true,"href":"https:\/\/brasilnoticias.org\/site\/wp-json\/wp\/v2\/users\/1"}],"replies":[{"embeddable":true,"href":"https:\/\/brasilnoticias.org\/site\/wp-json\/wp\/v2\/comments?post=6412"}],"version-history":[{"count":1,"href":"https:\/\/brasilnoticias.org\/site\/wp-json\/wp\/v2\/posts\/6412\/revisions"}],"predecessor-version":[{"id":6414,"href":"https:\/\/brasilnoticias.org\/site\/wp-json\/wp\/v2\/posts\/6412\/revisions\/6414"}],"wp:featuredmedia":[{"embeddable":true,"href":"https:\/\/brasilnoticias.org\/site\/wp-json\/wp\/v2\/media\/6413"}],"wp:attachment":[{"href":"https:\/\/brasilnoticias.org\/site\/wp-json\/wp\/v2\/media?parent=6412"}],"wp:term":[{"taxonomy":"category","embeddable":true,"href":"https:\/\/brasilnoticias.org\/site\/wp-json\/wp\/v2\/categories?post=6412"},{"taxonomy":"post_tag","embeddable":true,"href":"https:\/\/brasilnoticias.org\/site\/wp-json\/wp\/v2\/tags?post=6412"}],"curies":[{"name":"wp","href":"https:\/\/api.w.org\/{rel}","templated":true}]}}