{"id":6418,"date":"2023-06-01T18:10:43","date_gmt":"2023-06-01T21:10:43","guid":{"rendered":"https:\/\/brasilnoticias.org\/site\/?p=6418"},"modified":"2023-06-01T16:18:37","modified_gmt":"2023-06-01T19:18:37","slug":"lula-visita-interior-da-bahia-na-proxima-terca-feira-para-participar-de-feira-agricola","status":"publish","type":"post","link":"https:\/\/brasilnoticias.org\/site\/lula-visita-interior-da-bahia-na-proxima-terca-feira-para-participar-de-feira-agricola\/","title":{"rendered":"Lula visita interior da Bahia na pr\u00f3xima ter\u00e7a-feira para participar de feira agr\u00edcola"},"content":{"rendered":"<p>O presidente Luiz In\u00e1cio Lula da Silva (PT) estar\u00e1 novamente na Bahia na pr\u00f3xima semana. O petista visitar\u00e1 Luis Eduardo Magalh\u00e3es, a 965 km de Salvador, na pr\u00f3xima ter\u00e7a-feira (6\/6).<br \/>\nO petista cumprir\u00e1 agenda na cerim\u00f4nia de abertura da 17\u00aa Bahia Farm Show, a Feira Internacional de Tecnologia Agr\u00edcola e Neg\u00f3cios.<\/p>\n<p>Esta \u00e9 a quarta vez que Lula visita a Bahia desde que foi eleito neste terceiro mandato. Em janeiro, ele esteve em Santo Amaro. Durante o Carnaval, passou dias de folga na praia de Inema. J\u00e1 no in\u00edcio de maio, o presidente esteve em Salvador, onde participou da plen\u00e1ria estadual do Plano Plurianual (PPA) do Governo Federal e assinou a regulamenta\u00e7\u00e3o da Lei Paulo Gustavo.<\/p>\n<p>A Bahia Farm Show \u00e9 um evento que re\u00fane governantes, executivos p\u00fablicos, CEOs de empresas e profissionais do setor agropecu\u00e1rio. A feira conta com a participa\u00e7\u00e3o de empresas de m\u00e1quinas, implementos, insumos, avia\u00e7\u00e3o e servi\u00e7os, oferecendo oportunidades de neg\u00f3cios e atualiza\u00e7\u00e3o sobre as novidades do mercado.<\/p>\n<p>Criada em 2004, com o objetivo de promover o Oeste da Bahia como um destino atrativo para empresas, produtores e empreendedores, a feira se estabeleceu como um ponto de encontro relevante para milhares de visitantes a cada edi\u00e7\u00e3o.<\/p>\n<p>O principal foco da Bahia Farm Show \u00e9 oferecer tecnologia, inova\u00e7\u00e3o e oportunidades ao agroneg\u00f3cio brasileiro. O evento proporciona conex\u00f5es entre produtores, empresas e institui\u00e7\u00f5es financeiras, criando um ambiente prop\u00edcio para neg\u00f3cios e oportunidades para os participantes.<\/p>\n<p>Na edi\u00e7\u00e3o de 2019, a feira alcan\u00e7ou um volume de neg\u00f3cios de R$1,910 bilh\u00e3o, posicionando-se como um dos eventos de agroneg\u00f3cio com maior n\u00famero de vendas por visitantes no Brasil.<\/p>\n<p>A Bahia Farm Show tamb\u00e9m contou com a presen\u00e7a de l\u00edderes pol\u00edticos, como governadores de diferentes estados e a ministra da Agricultura, Tereza Cristina, que estiveram presentes para conhecer as novidades apresentadas pelos mais de 260 expositores.<\/p>\n<p>Foto Ricardo Stuckert\/PR<br \/>\nAratuon<\/p>\n","protected":false},"excerpt":{"rendered":"<p>O presidente Luiz In\u00e1cio Lula da Silva (PT) estar\u00e1 novamente na Bahia na pr\u00f3xima semana. O petista visitar\u00e1 Luis Eduardo<\/p>\n","protected":false},"author":1,"featured_media":6419,"comment_status":"open","ping_status":"open","sticky":false,"template":"","format":"standard","meta":{"colormag_page_container_layout":"default_layout","colormag_page_sidebar_layout":"default_layout","_FSMCFIC_featured_image_caption":"","_FSMCFIC_featured_image_nocaption":"","_FSMCFIC_featured_image_hide":"","footnotes":""},"categories":[5,1],"tags":[],"class_list":["post-6418","post","type-post","status-publish","format-standard","has-post-thumbnail","hentry","category-politica","category-ultimas"],"yoast_head":"<!-- This site is optimized with the Yoast SEO plugin v27.1.1 - https:\/\/yoast.com\/product\/yoast-seo-wordpress\/ -->\n<title>Lula visita interior da Bahia na pr\u00f3xima ter\u00e7a-feira para participar de feira agr\u00edcola - Brasil not\u00edcias<\/title>\n<meta name=\"robots\" content=\"index, follow, max-snippet:-1, max-image-preview:large, max-video-preview:-1\" \/>\n<link rel=\"canonical\" href=\"https:\/\/brasilnoticias.org\/site\/lula-visita-interior-da-bahia-na-proxima-terca-feira-para-participar-de-feira-agricola\/\" \/>\n<meta property=\"og:locale\" content=\"pt_PT\" \/>\n<meta property=\"og:type\" content=\"article\" \/>\n<meta property=\"og:title\" content=\"Lula visita interior da Bahia na pr\u00f3xima ter\u00e7a-feira para participar de feira agr\u00edcola - Brasil not\u00edcias\" \/>\n<meta property=\"og:description\" content=\"O presidente Luiz In\u00e1cio Lula da Silva (PT) estar\u00e1 novamente na Bahia na pr\u00f3xima semana. O petista visitar\u00e1 Luis Eduardo\" \/>\n<meta property=\"og:url\" content=\"https:\/\/brasilnoticias.org\/site\/lula-visita-interior-da-bahia-na-proxima-terca-feira-para-participar-de-feira-agricola\/\" \/>\n<meta property=\"og:site_name\" content=\"Brasil not\u00edcias\" \/>\n<meta property=\"article:published_time\" content=\"2023-06-01T21:10:43+00:00\" \/>\n<meta property=\"og:image\" content=\"https:\/\/brasilnoticias.org\/site\/wp-content\/uploads\/2023\/06\/lula-740x470-1.jpg\" \/>\n\t<meta property=\"og:image:width\" content=\"740\" \/>\n\t<meta property=\"og:image:height\" content=\"470\" \/>\n\t<meta property=\"og:image:type\" content=\"image\/jpeg\" \/>\n<meta name=\"author\" content=\"Reda\u00e7\u00e3o\" \/>\n<meta name=\"twitter:card\" content=\"summary_large_image\" \/>\n<meta name=\"twitter:label1\" content=\"Escrito por\" \/>\n\t<meta name=\"twitter:data1\" content=\"Reda\u00e7\u00e3o\" \/>\n<script type=\"application\/ld+json\" class=\"yoast-schema-graph\">{\"@context\":\"https:\/\/schema.org\",\"@graph\":[{\"@type\":\"Article\",\"@id\":\"https:\/\/brasilnoticias.org\/site\/lula-visita-interior-da-bahia-na-proxima-terca-feira-para-participar-de-feira-agricola\/#article\",\"isPartOf\":{\"@id\":\"https:\/\/brasilnoticias.org\/site\/lula-visita-interior-da-bahia-na-proxima-terca-feira-para-participar-de-feira-agricola\/\"},\"author\":{\"name\":\"Reda\u00e7\u00e3o\",\"@id\":\"https:\/\/brasilnoticias.org\/site\/#\/schema\/person\/a0e05b973ec4d15c658d51911e53507b\"},\"headline\":\"Lula visita interior da Bahia na pr\u00f3xima ter\u00e7a-feira para participar de feira agr\u00edcola\",\"datePublished\":\"2023-06-01T21:10:43+00:00\",\"mainEntityOfPage\":{\"@id\":\"https:\/\/brasilnoticias.org\/site\/lula-visita-interior-da-bahia-na-proxima-terca-feira-para-participar-de-feira-agricola\/\"},\"wordCount\":353,\"commentCount\":0,\"publisher\":{\"@id\":\"https:\/\/brasilnoticias.org\/site\/#organization\"},\"image\":{\"@id\":\"https:\/\/brasilnoticias.org\/site\/lula-visita-interior-da-bahia-na-proxima-terca-feira-para-participar-de-feira-agricola\/#primaryimage\"},\"thumbnailUrl\":\"https:\/\/brasilnoticias.org\/site\/wp-content\/uploads\/2023\/06\/lula-740x470-1.jpg\",\"articleSection\":[\"Pol\u00edtica\",\"\u00daltimas\"],\"inLanguage\":\"pt-PT\",\"potentialAction\":[{\"@type\":\"CommentAction\",\"name\":\"Comment\",\"target\":[\"https:\/\/brasilnoticias.org\/site\/lula-visita-interior-da-bahia-na-proxima-terca-feira-para-participar-de-feira-agricola\/#respond\"]}]},{\"@type\":\"WebPage\",\"@id\":\"https:\/\/brasilnoticias.org\/site\/lula-visita-interior-da-bahia-na-proxima-terca-feira-para-participar-de-feira-agricola\/\",\"url\":\"https:\/\/brasilnoticias.org\/site\/lula-visita-interior-da-bahia-na-proxima-terca-feira-para-participar-de-feira-agricola\/\",\"name\":\"Lula visita interior da Bahia na pr\u00f3xima ter\u00e7a-feira para participar de feira agr\u00edcola - Brasil not\u00edcias\",\"isPartOf\":{\"@id\":\"https:\/\/brasilnoticias.org\/site\/#website\"},\"primaryImageOfPage\":{\"@id\":\"https:\/\/brasilnoticias.org\/site\/lula-visita-interior-da-bahia-na-proxima-terca-feira-para-participar-de-feira-agricola\/#primaryimage\"},\"image\":{\"@id\":\"https:\/\/brasilnoticias.org\/site\/lula-visita-interior-da-bahia-na-proxima-terca-feira-para-participar-de-feira-agricola\/#primaryimage\"},\"thumbnailUrl\":\"https:\/\/brasilnoticias.org\/site\/wp-content\/uploads\/2023\/06\/lula-740x470-1.jpg\",\"datePublished\":\"2023-06-01T21:10:43+00:00\",\"breadcrumb\":{\"@id\":\"https:\/\/brasilnoticias.org\/site\/lula-visita-interior-da-bahia-na-proxima-terca-feira-para-participar-de-feira-agricola\/#breadcrumb\"},\"inLanguage\":\"pt-PT\",\"potentialAction\":[{\"@type\":\"ReadAction\",\"target\":[\"https:\/\/brasilnoticias.org\/site\/lula-visita-interior-da-bahia-na-proxima-terca-feira-para-participar-de-feira-agricola\/\"]}]},{\"@type\":\"ImageObject\",\"inLanguage\":\"pt-PT\",\"@id\":\"https:\/\/brasilnoticias.org\/site\/lula-visita-interior-da-bahia-na-proxima-terca-feira-para-participar-de-feira-agricola\/#primaryimage\",\"url\":\"https:\/\/brasilnoticias.org\/site\/wp-content\/uploads\/2023\/06\/lula-740x470-1.jpg\",\"contentUrl\":\"https:\/\/brasilnoticias.org\/site\/wp-content\/uploads\/2023\/06\/lula-740x470-1.jpg\",\"width\":740,\"height\":470},{\"@type\":\"BreadcrumbList\",\"@id\":\"https:\/\/brasilnoticias.org\/site\/lula-visita-interior-da-bahia-na-proxima-terca-feira-para-participar-de-feira-agricola\/#breadcrumb\",\"itemListElement\":[{\"@type\":\"ListItem\",\"position\":1,\"name\":\"In\u00edcio\",\"item\":\"https:\/\/brasilnoticias.org\/site\/\"},{\"@type\":\"ListItem\",\"position\":2,\"name\":\"Lula visita interior da Bahia na pr\u00f3xima ter\u00e7a-feira para participar de feira agr\u00edcola\"}]},{\"@type\":\"WebSite\",\"@id\":\"https:\/\/brasilnoticias.org\/site\/#website\",\"url\":\"https:\/\/brasilnoticias.org\/site\/\",\"name\":\"Brasil not\u00edcias\",\"description\":\"Brasil not\u00edcias\",\"publisher\":{\"@id\":\"https:\/\/brasilnoticias.org\/site\/#organization\"},\"potentialAction\":[{\"@type\":\"SearchAction\",\"target\":{\"@type\":\"EntryPoint\",\"urlTemplate\":\"https:\/\/brasilnoticias.org\/site\/?s={search_term_string}\"},\"query-input\":{\"@type\":\"PropertyValueSpecification\",\"valueRequired\":true,\"valueName\":\"search_term_string\"}}],\"inLanguage\":\"pt-PT\"},{\"@type\":\"Organization\",\"@id\":\"https:\/\/brasilnoticias.org\/site\/#organization\",\"name\":\"Brasil not\u00edcias\",\"url\":\"https:\/\/brasilnoticias.org\/site\/\",\"logo\":{\"@type\":\"ImageObject\",\"inLanguage\":\"pt-PT\",\"@id\":\"https:\/\/brasilnoticias.org\/site\/#\/schema\/logo\/image\/\",\"url\":\"https:\/\/brasilnoticias.org\/site\/wp-content\/uploads\/2022\/05\/cropped-brasilnoticias-mini.jpg\",\"contentUrl\":\"https:\/\/brasilnoticias.org\/site\/wp-content\/uploads\/2022\/05\/cropped-brasilnoticias-mini.jpg\",\"width\":314,\"height\":86,\"caption\":\"Brasil not\u00edcias\"},\"image\":{\"@id\":\"https:\/\/brasilnoticias.org\/site\/#\/schema\/logo\/image\/\"}},{\"@type\":\"Person\",\"@id\":\"https:\/\/brasilnoticias.org\/site\/#\/schema\/person\/a0e05b973ec4d15c658d51911e53507b\",\"name\":\"Reda\u00e7\u00e3o\",\"image\":{\"@type\":\"ImageObject\",\"inLanguage\":\"pt-PT\",\"@id\":\"https:\/\/brasilnoticias.org\/site\/#\/schema\/person\/image\/\",\"url\":\"https:\/\/secure.gravatar.com\/avatar\/75d8b050df2de108b08ae78dfb8e374892df24a383c67db9c46a9c604f6aee9c?s=96&d=mm&r=g\",\"contentUrl\":\"https:\/\/secure.gravatar.com\/avatar\/75d8b050df2de108b08ae78dfb8e374892df24a383c67db9c46a9c604f6aee9c?s=96&d=mm&r=g\",\"caption\":\"Reda\u00e7\u00e3o\"},\"sameAs\":[\"https:\/\/brasilnoticias.org\/site\"],\"url\":\"https:\/\/brasilnoticias.org\/site\/author\/fernandozsngmail-com\/\"}]}<\/script>\n<!-- \/ Yoast SEO plugin. -->","yoast_head_json":{"title":"Lula visita interior da Bahia na pr\u00f3xima ter\u00e7a-feira para participar de feira agr\u00edcola - Brasil not\u00edcias","robots":{"index":"index","follow":"follow","max-snippet":"max-snippet:-1","max-image-preview":"max-image-preview:large","max-video-preview":"max-video-preview:-1"},"canonical":"https:\/\/brasilnoticias.org\/site\/lula-visita-interior-da-bahia-na-proxima-terca-feira-para-participar-de-feira-agricola\/","og_locale":"pt_PT","og_type":"article","og_title":"Lula visita interior da Bahia na pr\u00f3xima ter\u00e7a-feira para participar de feira agr\u00edcola - Brasil not\u00edcias","og_description":"O presidente Luiz In\u00e1cio Lula da Silva (PT) estar\u00e1 novamente na Bahia na pr\u00f3xima semana. O petista visitar\u00e1 Luis Eduardo","og_url":"https:\/\/brasilnoticias.org\/site\/lula-visita-interior-da-bahia-na-proxima-terca-feira-para-participar-de-feira-agricola\/","og_site_name":"Brasil not\u00edcias","article_published_time":"2023-06-01T21:10:43+00:00","og_image":[{"width":740,"height":470,"url":"https:\/\/brasilnoticias.org\/site\/wp-content\/uploads\/2023\/06\/lula-740x470-1.jpg","type":"image\/jpeg"}],"author":"Reda\u00e7\u00e3o","twitter_card":"summary_large_image","twitter_misc":{"Escrito por":"Reda\u00e7\u00e3o"},"schema":{"@context":"https:\/\/schema.org","@graph":[{"@type":"Article","@id":"https:\/\/brasilnoticias.org\/site\/lula-visita-interior-da-bahia-na-proxima-terca-feira-para-participar-de-feira-agricola\/#article","isPartOf":{"@id":"https:\/\/brasilnoticias.org\/site\/lula-visita-interior-da-bahia-na-proxima-terca-feira-para-participar-de-feira-agricola\/"},"author":{"name":"Reda\u00e7\u00e3o","@id":"https:\/\/brasilnoticias.org\/site\/#\/schema\/person\/a0e05b973ec4d15c658d51911e53507b"},"headline":"Lula visita interior da Bahia na pr\u00f3xima ter\u00e7a-feira para participar de feira agr\u00edcola","datePublished":"2023-06-01T21:10:43+00:00","mainEntityOfPage":{"@id":"https:\/\/brasilnoticias.org\/site\/lula-visita-interior-da-bahia-na-proxima-terca-feira-para-participar-de-feira-agricola\/"},"wordCount":353,"commentCount":0,"publisher":{"@id":"https:\/\/brasilnoticias.org\/site\/#organization"},"image":{"@id":"https:\/\/brasilnoticias.org\/site\/lula-visita-interior-da-bahia-na-proxima-terca-feira-para-participar-de-feira-agricola\/#primaryimage"},"thumbnailUrl":"https:\/\/brasilnoticias.org\/site\/wp-content\/uploads\/2023\/06\/lula-740x470-1.jpg","articleSection":["Pol\u00edtica","\u00daltimas"],"inLanguage":"pt-PT","potentialAction":[{"@type":"CommentAction","name":"Comment","target":["https:\/\/brasilnoticias.org\/site\/lula-visita-interior-da-bahia-na-proxima-terca-feira-para-participar-de-feira-agricola\/#respond"]}]},{"@type":"WebPage","@id":"https:\/\/brasilnoticias.org\/site\/lula-visita-interior-da-bahia-na-proxima-terca-feira-para-participar-de-feira-agricola\/","url":"https:\/\/brasilnoticias.org\/site\/lula-visita-interior-da-bahia-na-proxima-terca-feira-para-participar-de-feira-agricola\/","name":"Lula visita interior da Bahia na pr\u00f3xima ter\u00e7a-feira para participar de feira agr\u00edcola - Brasil not\u00edcias","isPartOf":{"@id":"https:\/\/brasilnoticias.org\/site\/#website"},"primaryImageOfPage":{"@id":"https:\/\/brasilnoticias.org\/site\/lula-visita-interior-da-bahia-na-proxima-terca-feira-para-participar-de-feira-agricola\/#primaryimage"},"image":{"@id":"https:\/\/brasilnoticias.org\/site\/lula-visita-interior-da-bahia-na-proxima-terca-feira-para-participar-de-feira-agricola\/#primaryimage"},"thumbnailUrl":"https:\/\/brasilnoticias.org\/site\/wp-content\/uploads\/2023\/06\/lula-740x470-1.jpg","datePublished":"2023-06-01T21:10:43+00:00","breadcrumb":{"@id":"https:\/\/brasilnoticias.org\/site\/lula-visita-interior-da-bahia-na-proxima-terca-feira-para-participar-de-feira-agricola\/#breadcrumb"},"inLanguage":"pt-PT","potentialAction":[{"@type":"ReadAction","target":["https:\/\/brasilnoticias.org\/site\/lula-visita-interior-da-bahia-na-proxima-terca-feira-para-participar-de-feira-agricola\/"]}]},{"@type":"ImageObject","inLanguage":"pt-PT","@id":"https:\/\/brasilnoticias.org\/site\/lula-visita-interior-da-bahia-na-proxima-terca-feira-para-participar-de-feira-agricola\/#primaryimage","url":"https:\/\/brasilnoticias.org\/site\/wp-content\/uploads\/2023\/06\/lula-740x470-1.jpg","contentUrl":"https:\/\/brasilnoticias.org\/site\/wp-content\/uploads\/2023\/06\/lula-740x470-1.jpg","width":740,"height":470},{"@type":"BreadcrumbList","@id":"https:\/\/brasilnoticias.org\/site\/lula-visita-interior-da-bahia-na-proxima-terca-feira-para-participar-de-feira-agricola\/#breadcrumb","itemListElement":[{"@type":"ListItem","position":1,"name":"In\u00edcio","item":"https:\/\/brasilnoticias.org\/site\/"},{"@type":"ListItem","position":2,"name":"Lula visita interior da Bahia na pr\u00f3xima ter\u00e7a-feira para participar de feira agr\u00edcola"}]},{"@type":"WebSite","@id":"https:\/\/brasilnoticias.org\/site\/#website","url":"https:\/\/brasilnoticias.org\/site\/","name":"Brasil not\u00edcias","description":"Brasil not\u00edcias","publisher":{"@id":"https:\/\/brasilnoticias.org\/site\/#organization"},"potentialAction":[{"@type":"SearchAction","target":{"@type":"EntryPoint","urlTemplate":"https:\/\/brasilnoticias.org\/site\/?s={search_term_string}"},"query-input":{"@type":"PropertyValueSpecification","valueRequired":true,"valueName":"search_term_string"}}],"inLanguage":"pt-PT"},{"@type":"Organization","@id":"https:\/\/brasilnoticias.org\/site\/#organization","name":"Brasil not\u00edcias","url":"https:\/\/brasilnoticias.org\/site\/","logo":{"@type":"ImageObject","inLanguage":"pt-PT","@id":"https:\/\/brasilnoticias.org\/site\/#\/schema\/logo\/image\/","url":"https:\/\/brasilnoticias.org\/site\/wp-content\/uploads\/2022\/05\/cropped-brasilnoticias-mini.jpg","contentUrl":"https:\/\/brasilnoticias.org\/site\/wp-content\/uploads\/2022\/05\/cropped-brasilnoticias-mini.jpg","width":314,"height":86,"caption":"Brasil not\u00edcias"},"image":{"@id":"https:\/\/brasilnoticias.org\/site\/#\/schema\/logo\/image\/"}},{"@type":"Person","@id":"https:\/\/brasilnoticias.org\/site\/#\/schema\/person\/a0e05b973ec4d15c658d51911e53507b","name":"Reda\u00e7\u00e3o","image":{"@type":"ImageObject","inLanguage":"pt-PT","@id":"https:\/\/brasilnoticias.org\/site\/#\/schema\/person\/image\/","url":"https:\/\/secure.gravatar.com\/avatar\/75d8b050df2de108b08ae78dfb8e374892df24a383c67db9c46a9c604f6aee9c?s=96&d=mm&r=g","contentUrl":"https:\/\/secure.gravatar.com\/avatar\/75d8b050df2de108b08ae78dfb8e374892df24a383c67db9c46a9c604f6aee9c?s=96&d=mm&r=g","caption":"Reda\u00e7\u00e3o"},"sameAs":["https:\/\/brasilnoticias.org\/site"],"url":"https:\/\/brasilnoticias.org\/site\/author\/fernandozsngmail-com\/"}]}},"_links":{"self":[{"href":"https:\/\/brasilnoticias.org\/site\/wp-json\/wp\/v2\/posts\/6418","targetHints":{"allow":["GET"]}}],"collection":[{"href":"https:\/\/brasilnoticias.org\/site\/wp-json\/wp\/v2\/posts"}],"about":[{"href":"https:\/\/brasilnoticias.org\/site\/wp-json\/wp\/v2\/types\/post"}],"author":[{"embeddable":true,"href":"https:\/\/brasilnoticias.org\/site\/wp-json\/wp\/v2\/users\/1"}],"replies":[{"embeddable":true,"href":"https:\/\/brasilnoticias.org\/site\/wp-json\/wp\/v2\/comments?post=6418"}],"version-history":[{"count":1,"href":"https:\/\/brasilnoticias.org\/site\/wp-json\/wp\/v2\/posts\/6418\/revisions"}],"predecessor-version":[{"id":6420,"href":"https:\/\/brasilnoticias.org\/site\/wp-json\/wp\/v2\/posts\/6418\/revisions\/6420"}],"wp:featuredmedia":[{"embeddable":true,"href":"https:\/\/brasilnoticias.org\/site\/wp-json\/wp\/v2\/media\/6419"}],"wp:attachment":[{"href":"https:\/\/brasilnoticias.org\/site\/wp-json\/wp\/v2\/media?parent=6418"}],"wp:term":[{"taxonomy":"category","embeddable":true,"href":"https:\/\/brasilnoticias.org\/site\/wp-json\/wp\/v2\/categories?post=6418"},{"taxonomy":"post_tag","embeddable":true,"href":"https:\/\/brasilnoticias.org\/site\/wp-json\/wp\/v2\/tags?post=6418"}],"curies":[{"name":"wp","href":"https:\/\/api.w.org\/{rel}","templated":true}]}}