{"id":6424,"date":"2023-06-01T18:30:56","date_gmt":"2023-06-01T21:30:56","guid":{"rendered":"https:\/\/brasilnoticias.org\/site\/?p=6424"},"modified":"2023-06-01T16:28:48","modified_gmt":"2023-06-01T19:28:48","slug":"mototaxista-e-executado-por-suposto-comentario-em-bairro-onde-fotografo-e-influencer-morreram","status":"publish","type":"post","link":"https:\/\/brasilnoticias.org\/site\/mototaxista-e-executado-por-suposto-comentario-em-bairro-onde-fotografo-e-influencer-morreram\/","title":{"rendered":"Mototaxista \u00e9 executado por suposto coment\u00e1rio em bairro onde fot\u00f3grafo e influencer morreram"},"content":{"rendered":"<p>Um mototaxista de 54 anos foi morto na manh\u00e3 desta quinta-feira (1\u00ba), na Rua Ang\u00e9lica Rocha, no bairro de Boa Vista de S\u00e3o Caetano, em Salvador. A v\u00edtima identificada como Sidney Carvalho de Jesus foi assassinada a tiros por quatro homens, por volta das 7h, em frente a um mercado.<\/p>\n<p>A Pol\u00edcia Civil diz que o Departamento de Homic\u00eddios e Prote\u00e7\u00e3o \u00e0 Pessoa (DHPP) investiga o crime e que, at\u00e9 o momento, n\u00e3o h\u00e1 informa\u00e7\u00f5es sobre autoria e motiva\u00e7\u00e3o do homic\u00eddio. De acordo com o programa Balan\u00e7o Geral, da TV Record Itapoan, o mototaxista foi morto ap\u00f3s ter feito um coment\u00e1rio sobre a morte de um dos traficantes da regi\u00e3o. &#8220;J\u00e1 foi tarde&#8221;, teria dito. <\/p>\n<p>A Pol\u00edcia Militar informou, por meio de nota, que por volta das 8h05, agentes da 9\u00aa Companhia Independente da PM (CIPM) foram acionados para atender a ocorr\u00eancia. &#8220;No local, a guarni\u00e7\u00e3o constatou o fato. Os militares isolaram a \u00e1rea e acionaram o DPT [Departamento de Pol\u00edcia T\u00e9cnica] para a remo\u00e7\u00e3o do corpo e realiza\u00e7\u00e3o da per\u00edcia. A autoria e motiva\u00e7\u00e3o ser\u00e3o investigadas pela pol\u00edcia judici\u00e1ria.&#8221;, diz trecho do comunicado da institui\u00e7\u00e3o.<\/p>\n<p>No mesmo bairro, no dia 1\u00ba de abril, um fot\u00f3grafo foi morto a tiros na frente da esposa e da filha depois de supostamente reclamar de uma picha\u00e7\u00e3o feita por traficantes no muro da sua resid\u00eancia. Um influencer tamb\u00e9m teria sido executado, no dia 13 de mar\u00e7o, por traficantes no momento em que agredia a namorada. As mortes seria uma forma de &#8220;colocar ordem&#8221; e demonstrar o poder da fac\u00e7\u00e3o criminosa no bairro.<\/p>\n<p>Foto Reprodu\u00e7\u00e3o\/TV Record Itapoan<br \/>\n Bnews<\/p>\n","protected":false},"excerpt":{"rendered":"<p>Um mototaxista de 54 anos foi morto na manh\u00e3 desta quinta-feira (1\u00ba), na Rua Ang\u00e9lica Rocha, no bairro de Boa<\/p>\n","protected":false},"author":1,"featured_media":6425,"comment_status":"open","ping_status":"open","sticky":false,"template":"","format":"standard","meta":{"colormag_page_container_layout":"default_layout","colormag_page_sidebar_layout":"default_layout","_FSMCFIC_featured_image_caption":"","_FSMCFIC_featured_image_nocaption":"","_FSMCFIC_featured_image_hide":"","footnotes":""},"categories":[2,1],"tags":[],"class_list":["post-6424","post","type-post","status-publish","format-standard","has-post-thumbnail","hentry","category-noticias","category-ultimas"],"yoast_head":"<!-- This site is optimized with the Yoast SEO plugin v27.1.1 - https:\/\/yoast.com\/product\/yoast-seo-wordpress\/ -->\n<title>Mototaxista \u00e9 executado por suposto coment\u00e1rio em bairro onde fot\u00f3grafo e influencer morreram - Brasil not\u00edcias<\/title>\n<meta name=\"robots\" content=\"index, follow, max-snippet:-1, max-image-preview:large, max-video-preview:-1\" \/>\n<link rel=\"canonical\" href=\"https:\/\/brasilnoticias.org\/site\/mototaxista-e-executado-por-suposto-comentario-em-bairro-onde-fotografo-e-influencer-morreram\/\" \/>\n<meta property=\"og:locale\" content=\"pt_PT\" \/>\n<meta property=\"og:type\" content=\"article\" \/>\n<meta property=\"og:title\" content=\"Mototaxista \u00e9 executado por suposto coment\u00e1rio em bairro onde fot\u00f3grafo e influencer morreram - Brasil not\u00edcias\" \/>\n<meta property=\"og:description\" content=\"Um mototaxista de 54 anos foi morto na manh\u00e3 desta quinta-feira (1\u00ba), na Rua Ang\u00e9lica Rocha, no bairro de Boa\" \/>\n<meta property=\"og:url\" content=\"https:\/\/brasilnoticias.org\/site\/mototaxista-e-executado-por-suposto-comentario-em-bairro-onde-fotografo-e-influencer-morreram\/\" \/>\n<meta property=\"og:site_name\" content=\"Brasil not\u00edcias\" \/>\n<meta property=\"article:published_time\" content=\"2023-06-01T21:30:56+00:00\" \/>\n<meta property=\"og:image\" content=\"https:\/\/brasilnoticias.org\/site\/wp-content\/uploads\/2023\/06\/mototaxista_morto_salvador_widelg.jpg\" \/>\n\t<meta property=\"og:image:width\" content=\"800\" \/>\n\t<meta property=\"og:image:height\" content=\"400\" \/>\n\t<meta property=\"og:image:type\" content=\"image\/jpeg\" \/>\n<meta name=\"author\" content=\"Reda\u00e7\u00e3o\" \/>\n<meta name=\"twitter:card\" content=\"summary_large_image\" \/>\n<meta name=\"twitter:label1\" content=\"Escrito por\" \/>\n\t<meta name=\"twitter:data1\" content=\"Reda\u00e7\u00e3o\" \/>\n<script type=\"application\/ld+json\" class=\"yoast-schema-graph\">{\"@context\":\"https:\/\/schema.org\",\"@graph\":[{\"@type\":\"Article\",\"@id\":\"https:\/\/brasilnoticias.org\/site\/mototaxista-e-executado-por-suposto-comentario-em-bairro-onde-fotografo-e-influencer-morreram\/#article\",\"isPartOf\":{\"@id\":\"https:\/\/brasilnoticias.org\/site\/mototaxista-e-executado-por-suposto-comentario-em-bairro-onde-fotografo-e-influencer-morreram\/\"},\"author\":{\"name\":\"Reda\u00e7\u00e3o\",\"@id\":\"https:\/\/brasilnoticias.org\/site\/#\/schema\/person\/a0e05b973ec4d15c658d51911e53507b\"},\"headline\":\"Mototaxista \u00e9 executado por suposto coment\u00e1rio em bairro onde fot\u00f3grafo e influencer morreram\",\"datePublished\":\"2023-06-01T21:30:56+00:00\",\"mainEntityOfPage\":{\"@id\":\"https:\/\/brasilnoticias.org\/site\/mototaxista-e-executado-por-suposto-comentario-em-bairro-onde-fotografo-e-influencer-morreram\/\"},\"wordCount\":307,\"commentCount\":0,\"publisher\":{\"@id\":\"https:\/\/brasilnoticias.org\/site\/#organization\"},\"image\":{\"@id\":\"https:\/\/brasilnoticias.org\/site\/mototaxista-e-executado-por-suposto-comentario-em-bairro-onde-fotografo-e-influencer-morreram\/#primaryimage\"},\"thumbnailUrl\":\"https:\/\/brasilnoticias.org\/site\/wp-content\/uploads\/2023\/06\/mototaxista_morto_salvador_widelg.jpg\",\"articleSection\":[\"Not\u00edcias\",\"\u00daltimas\"],\"inLanguage\":\"pt-PT\",\"potentialAction\":[{\"@type\":\"CommentAction\",\"name\":\"Comment\",\"target\":[\"https:\/\/brasilnoticias.org\/site\/mototaxista-e-executado-por-suposto-comentario-em-bairro-onde-fotografo-e-influencer-morreram\/#respond\"]}]},{\"@type\":\"WebPage\",\"@id\":\"https:\/\/brasilnoticias.org\/site\/mototaxista-e-executado-por-suposto-comentario-em-bairro-onde-fotografo-e-influencer-morreram\/\",\"url\":\"https:\/\/brasilnoticias.org\/site\/mototaxista-e-executado-por-suposto-comentario-em-bairro-onde-fotografo-e-influencer-morreram\/\",\"name\":\"Mototaxista \u00e9 executado por suposto coment\u00e1rio em bairro onde fot\u00f3grafo e influencer morreram - Brasil not\u00edcias\",\"isPartOf\":{\"@id\":\"https:\/\/brasilnoticias.org\/site\/#website\"},\"primaryImageOfPage\":{\"@id\":\"https:\/\/brasilnoticias.org\/site\/mototaxista-e-executado-por-suposto-comentario-em-bairro-onde-fotografo-e-influencer-morreram\/#primaryimage\"},\"image\":{\"@id\":\"https:\/\/brasilnoticias.org\/site\/mototaxista-e-executado-por-suposto-comentario-em-bairro-onde-fotografo-e-influencer-morreram\/#primaryimage\"},\"thumbnailUrl\":\"https:\/\/brasilnoticias.org\/site\/wp-content\/uploads\/2023\/06\/mototaxista_morto_salvador_widelg.jpg\",\"datePublished\":\"2023-06-01T21:30:56+00:00\",\"breadcrumb\":{\"@id\":\"https:\/\/brasilnoticias.org\/site\/mototaxista-e-executado-por-suposto-comentario-em-bairro-onde-fotografo-e-influencer-morreram\/#breadcrumb\"},\"inLanguage\":\"pt-PT\",\"potentialAction\":[{\"@type\":\"ReadAction\",\"target\":[\"https:\/\/brasilnoticias.org\/site\/mototaxista-e-executado-por-suposto-comentario-em-bairro-onde-fotografo-e-influencer-morreram\/\"]}]},{\"@type\":\"ImageObject\",\"inLanguage\":\"pt-PT\",\"@id\":\"https:\/\/brasilnoticias.org\/site\/mototaxista-e-executado-por-suposto-comentario-em-bairro-onde-fotografo-e-influencer-morreram\/#primaryimage\",\"url\":\"https:\/\/brasilnoticias.org\/site\/wp-content\/uploads\/2023\/06\/mototaxista_morto_salvador_widelg.jpg\",\"contentUrl\":\"https:\/\/brasilnoticias.org\/site\/wp-content\/uploads\/2023\/06\/mototaxista_morto_salvador_widelg.jpg\",\"width\":800,\"height\":400},{\"@type\":\"BreadcrumbList\",\"@id\":\"https:\/\/brasilnoticias.org\/site\/mototaxista-e-executado-por-suposto-comentario-em-bairro-onde-fotografo-e-influencer-morreram\/#breadcrumb\",\"itemListElement\":[{\"@type\":\"ListItem\",\"position\":1,\"name\":\"In\u00edcio\",\"item\":\"https:\/\/brasilnoticias.org\/site\/\"},{\"@type\":\"ListItem\",\"position\":2,\"name\":\"Mototaxista \u00e9 executado por suposto coment\u00e1rio em bairro onde fot\u00f3grafo e influencer morreram\"}]},{\"@type\":\"WebSite\",\"@id\":\"https:\/\/brasilnoticias.org\/site\/#website\",\"url\":\"https:\/\/brasilnoticias.org\/site\/\",\"name\":\"Brasil not\u00edcias\",\"description\":\"Brasil not\u00edcias\",\"publisher\":{\"@id\":\"https:\/\/brasilnoticias.org\/site\/#organization\"},\"potentialAction\":[{\"@type\":\"SearchAction\",\"target\":{\"@type\":\"EntryPoint\",\"urlTemplate\":\"https:\/\/brasilnoticias.org\/site\/?s={search_term_string}\"},\"query-input\":{\"@type\":\"PropertyValueSpecification\",\"valueRequired\":true,\"valueName\":\"search_term_string\"}}],\"inLanguage\":\"pt-PT\"},{\"@type\":\"Organization\",\"@id\":\"https:\/\/brasilnoticias.org\/site\/#organization\",\"name\":\"Brasil not\u00edcias\",\"url\":\"https:\/\/brasilnoticias.org\/site\/\",\"logo\":{\"@type\":\"ImageObject\",\"inLanguage\":\"pt-PT\",\"@id\":\"https:\/\/brasilnoticias.org\/site\/#\/schema\/logo\/image\/\",\"url\":\"https:\/\/brasilnoticias.org\/site\/wp-content\/uploads\/2022\/05\/cropped-brasilnoticias-mini.jpg\",\"contentUrl\":\"https:\/\/brasilnoticias.org\/site\/wp-content\/uploads\/2022\/05\/cropped-brasilnoticias-mini.jpg\",\"width\":314,\"height\":86,\"caption\":\"Brasil not\u00edcias\"},\"image\":{\"@id\":\"https:\/\/brasilnoticias.org\/site\/#\/schema\/logo\/image\/\"}},{\"@type\":\"Person\",\"@id\":\"https:\/\/brasilnoticias.org\/site\/#\/schema\/person\/a0e05b973ec4d15c658d51911e53507b\",\"name\":\"Reda\u00e7\u00e3o\",\"image\":{\"@type\":\"ImageObject\",\"inLanguage\":\"pt-PT\",\"@id\":\"https:\/\/brasilnoticias.org\/site\/#\/schema\/person\/image\/\",\"url\":\"https:\/\/secure.gravatar.com\/avatar\/75d8b050df2de108b08ae78dfb8e374892df24a383c67db9c46a9c604f6aee9c?s=96&d=mm&r=g\",\"contentUrl\":\"https:\/\/secure.gravatar.com\/avatar\/75d8b050df2de108b08ae78dfb8e374892df24a383c67db9c46a9c604f6aee9c?s=96&d=mm&r=g\",\"caption\":\"Reda\u00e7\u00e3o\"},\"sameAs\":[\"https:\/\/brasilnoticias.org\/site\"],\"url\":\"https:\/\/brasilnoticias.org\/site\/author\/fernandozsngmail-com\/\"}]}<\/script>\n<!-- \/ Yoast SEO plugin. -->","yoast_head_json":{"title":"Mototaxista \u00e9 executado por suposto coment\u00e1rio em bairro onde fot\u00f3grafo e influencer morreram - Brasil not\u00edcias","robots":{"index":"index","follow":"follow","max-snippet":"max-snippet:-1","max-image-preview":"max-image-preview:large","max-video-preview":"max-video-preview:-1"},"canonical":"https:\/\/brasilnoticias.org\/site\/mototaxista-e-executado-por-suposto-comentario-em-bairro-onde-fotografo-e-influencer-morreram\/","og_locale":"pt_PT","og_type":"article","og_title":"Mototaxista \u00e9 executado por suposto coment\u00e1rio em bairro onde fot\u00f3grafo e influencer morreram - Brasil not\u00edcias","og_description":"Um mototaxista de 54 anos foi morto na manh\u00e3 desta quinta-feira (1\u00ba), na Rua Ang\u00e9lica Rocha, no bairro de Boa","og_url":"https:\/\/brasilnoticias.org\/site\/mototaxista-e-executado-por-suposto-comentario-em-bairro-onde-fotografo-e-influencer-morreram\/","og_site_name":"Brasil not\u00edcias","article_published_time":"2023-06-01T21:30:56+00:00","og_image":[{"width":800,"height":400,"url":"https:\/\/brasilnoticias.org\/site\/wp-content\/uploads\/2023\/06\/mototaxista_morto_salvador_widelg.jpg","type":"image\/jpeg"}],"author":"Reda\u00e7\u00e3o","twitter_card":"summary_large_image","twitter_misc":{"Escrito por":"Reda\u00e7\u00e3o"},"schema":{"@context":"https:\/\/schema.org","@graph":[{"@type":"Article","@id":"https:\/\/brasilnoticias.org\/site\/mototaxista-e-executado-por-suposto-comentario-em-bairro-onde-fotografo-e-influencer-morreram\/#article","isPartOf":{"@id":"https:\/\/brasilnoticias.org\/site\/mototaxista-e-executado-por-suposto-comentario-em-bairro-onde-fotografo-e-influencer-morreram\/"},"author":{"name":"Reda\u00e7\u00e3o","@id":"https:\/\/brasilnoticias.org\/site\/#\/schema\/person\/a0e05b973ec4d15c658d51911e53507b"},"headline":"Mototaxista \u00e9 executado por suposto coment\u00e1rio em bairro onde fot\u00f3grafo e influencer morreram","datePublished":"2023-06-01T21:30:56+00:00","mainEntityOfPage":{"@id":"https:\/\/brasilnoticias.org\/site\/mototaxista-e-executado-por-suposto-comentario-em-bairro-onde-fotografo-e-influencer-morreram\/"},"wordCount":307,"commentCount":0,"publisher":{"@id":"https:\/\/brasilnoticias.org\/site\/#organization"},"image":{"@id":"https:\/\/brasilnoticias.org\/site\/mototaxista-e-executado-por-suposto-comentario-em-bairro-onde-fotografo-e-influencer-morreram\/#primaryimage"},"thumbnailUrl":"https:\/\/brasilnoticias.org\/site\/wp-content\/uploads\/2023\/06\/mototaxista_morto_salvador_widelg.jpg","articleSection":["Not\u00edcias","\u00daltimas"],"inLanguage":"pt-PT","potentialAction":[{"@type":"CommentAction","name":"Comment","target":["https:\/\/brasilnoticias.org\/site\/mototaxista-e-executado-por-suposto-comentario-em-bairro-onde-fotografo-e-influencer-morreram\/#respond"]}]},{"@type":"WebPage","@id":"https:\/\/brasilnoticias.org\/site\/mototaxista-e-executado-por-suposto-comentario-em-bairro-onde-fotografo-e-influencer-morreram\/","url":"https:\/\/brasilnoticias.org\/site\/mototaxista-e-executado-por-suposto-comentario-em-bairro-onde-fotografo-e-influencer-morreram\/","name":"Mototaxista \u00e9 executado por suposto coment\u00e1rio em bairro onde fot\u00f3grafo e influencer morreram - Brasil not\u00edcias","isPartOf":{"@id":"https:\/\/brasilnoticias.org\/site\/#website"},"primaryImageOfPage":{"@id":"https:\/\/brasilnoticias.org\/site\/mototaxista-e-executado-por-suposto-comentario-em-bairro-onde-fotografo-e-influencer-morreram\/#primaryimage"},"image":{"@id":"https:\/\/brasilnoticias.org\/site\/mototaxista-e-executado-por-suposto-comentario-em-bairro-onde-fotografo-e-influencer-morreram\/#primaryimage"},"thumbnailUrl":"https:\/\/brasilnoticias.org\/site\/wp-content\/uploads\/2023\/06\/mototaxista_morto_salvador_widelg.jpg","datePublished":"2023-06-01T21:30:56+00:00","breadcrumb":{"@id":"https:\/\/brasilnoticias.org\/site\/mototaxista-e-executado-por-suposto-comentario-em-bairro-onde-fotografo-e-influencer-morreram\/#breadcrumb"},"inLanguage":"pt-PT","potentialAction":[{"@type":"ReadAction","target":["https:\/\/brasilnoticias.org\/site\/mototaxista-e-executado-por-suposto-comentario-em-bairro-onde-fotografo-e-influencer-morreram\/"]}]},{"@type":"ImageObject","inLanguage":"pt-PT","@id":"https:\/\/brasilnoticias.org\/site\/mototaxista-e-executado-por-suposto-comentario-em-bairro-onde-fotografo-e-influencer-morreram\/#primaryimage","url":"https:\/\/brasilnoticias.org\/site\/wp-content\/uploads\/2023\/06\/mototaxista_morto_salvador_widelg.jpg","contentUrl":"https:\/\/brasilnoticias.org\/site\/wp-content\/uploads\/2023\/06\/mototaxista_morto_salvador_widelg.jpg","width":800,"height":400},{"@type":"BreadcrumbList","@id":"https:\/\/brasilnoticias.org\/site\/mototaxista-e-executado-por-suposto-comentario-em-bairro-onde-fotografo-e-influencer-morreram\/#breadcrumb","itemListElement":[{"@type":"ListItem","position":1,"name":"In\u00edcio","item":"https:\/\/brasilnoticias.org\/site\/"},{"@type":"ListItem","position":2,"name":"Mototaxista \u00e9 executado por suposto coment\u00e1rio em bairro onde fot\u00f3grafo e influencer morreram"}]},{"@type":"WebSite","@id":"https:\/\/brasilnoticias.org\/site\/#website","url":"https:\/\/brasilnoticias.org\/site\/","name":"Brasil not\u00edcias","description":"Brasil not\u00edcias","publisher":{"@id":"https:\/\/brasilnoticias.org\/site\/#organization"},"potentialAction":[{"@type":"SearchAction","target":{"@type":"EntryPoint","urlTemplate":"https:\/\/brasilnoticias.org\/site\/?s={search_term_string}"},"query-input":{"@type":"PropertyValueSpecification","valueRequired":true,"valueName":"search_term_string"}}],"inLanguage":"pt-PT"},{"@type":"Organization","@id":"https:\/\/brasilnoticias.org\/site\/#organization","name":"Brasil not\u00edcias","url":"https:\/\/brasilnoticias.org\/site\/","logo":{"@type":"ImageObject","inLanguage":"pt-PT","@id":"https:\/\/brasilnoticias.org\/site\/#\/schema\/logo\/image\/","url":"https:\/\/brasilnoticias.org\/site\/wp-content\/uploads\/2022\/05\/cropped-brasilnoticias-mini.jpg","contentUrl":"https:\/\/brasilnoticias.org\/site\/wp-content\/uploads\/2022\/05\/cropped-brasilnoticias-mini.jpg","width":314,"height":86,"caption":"Brasil not\u00edcias"},"image":{"@id":"https:\/\/brasilnoticias.org\/site\/#\/schema\/logo\/image\/"}},{"@type":"Person","@id":"https:\/\/brasilnoticias.org\/site\/#\/schema\/person\/a0e05b973ec4d15c658d51911e53507b","name":"Reda\u00e7\u00e3o","image":{"@type":"ImageObject","inLanguage":"pt-PT","@id":"https:\/\/brasilnoticias.org\/site\/#\/schema\/person\/image\/","url":"https:\/\/secure.gravatar.com\/avatar\/75d8b050df2de108b08ae78dfb8e374892df24a383c67db9c46a9c604f6aee9c?s=96&d=mm&r=g","contentUrl":"https:\/\/secure.gravatar.com\/avatar\/75d8b050df2de108b08ae78dfb8e374892df24a383c67db9c46a9c604f6aee9c?s=96&d=mm&r=g","caption":"Reda\u00e7\u00e3o"},"sameAs":["https:\/\/brasilnoticias.org\/site"],"url":"https:\/\/brasilnoticias.org\/site\/author\/fernandozsngmail-com\/"}]}},"_links":{"self":[{"href":"https:\/\/brasilnoticias.org\/site\/wp-json\/wp\/v2\/posts\/6424","targetHints":{"allow":["GET"]}}],"collection":[{"href":"https:\/\/brasilnoticias.org\/site\/wp-json\/wp\/v2\/posts"}],"about":[{"href":"https:\/\/brasilnoticias.org\/site\/wp-json\/wp\/v2\/types\/post"}],"author":[{"embeddable":true,"href":"https:\/\/brasilnoticias.org\/site\/wp-json\/wp\/v2\/users\/1"}],"replies":[{"embeddable":true,"href":"https:\/\/brasilnoticias.org\/site\/wp-json\/wp\/v2\/comments?post=6424"}],"version-history":[{"count":1,"href":"https:\/\/brasilnoticias.org\/site\/wp-json\/wp\/v2\/posts\/6424\/revisions"}],"predecessor-version":[{"id":6426,"href":"https:\/\/brasilnoticias.org\/site\/wp-json\/wp\/v2\/posts\/6424\/revisions\/6426"}],"wp:featuredmedia":[{"embeddable":true,"href":"https:\/\/brasilnoticias.org\/site\/wp-json\/wp\/v2\/media\/6425"}],"wp:attachment":[{"href":"https:\/\/brasilnoticias.org\/site\/wp-json\/wp\/v2\/media?parent=6424"}],"wp:term":[{"taxonomy":"category","embeddable":true,"href":"https:\/\/brasilnoticias.org\/site\/wp-json\/wp\/v2\/categories?post=6424"},{"taxonomy":"post_tag","embeddable":true,"href":"https:\/\/brasilnoticias.org\/site\/wp-json\/wp\/v2\/tags?post=6424"}],"curies":[{"name":"wp","href":"https:\/\/api.w.org\/{rel}","templated":true}]}}