{"id":6431,"date":"2023-06-02T06:41:39","date_gmt":"2023-06-02T09:41:39","guid":{"rendered":"https:\/\/brasilnoticias.org\/site\/?p=6431"},"modified":"2023-06-02T06:41:39","modified_gmt":"2023-06-02T09:41:39","slug":"vitoria-anuncia-abertura-do-bar-vampeta-para-esta-sexta-com-show-de-edcity","status":"publish","type":"post","link":"https:\/\/brasilnoticias.org\/site\/vitoria-anuncia-abertura-do-bar-vampeta-para-esta-sexta-com-show-de-edcity\/","title":{"rendered":"Vit\u00f3ria anuncia abertura do &#8220;Bar Vampeta&#8221; para esta sexta com show de Edcity"},"content":{"rendered":"<p>O Vit\u00f3ria anunciou, nesta quinta-feira (1\u00ba), que o &#8220;Bar Vampeta&#8221;, localizado no estacionamento do Barrad\u00e3o, ser\u00e1 oficialmente aberto nesta sexta (2), dia que marca o duelo contra o Ituano, pela 10\u00aa rodada da S\u00e9rie B do Campeonato Brasileiro.<\/p>\n<p>A partir das 19h, o cantor Edcity comandar\u00e1 o aquecimento para a partida, que come\u00e7ar\u00e1 \u00e0s 21h30. Al\u00e9m do &#8220;Bar Vampeta&#8221;, tamb\u00e9m ser\u00e1 inaugurada a &#8220;Pra\u00e7a de Alimenta\u00e7\u00e3o Dida&#8221; no estacionamento.<\/p>\n<blockquote class=\"twitter-tweet\">\n<p lang=\"pt\" dir=\"ltr\">PR\u00c9-JOGO NO ESTACIONAMENTO \ud83c\udf89\ud83c\udfdf\ufe0f<\/p>\n<p>O torcedor rubro-negro pediu e a gente ouviu! \u00c9 com imensa alegria que anunciamos a abertura do nosso mais novo Bar Vampeta no estacionamento e da nossa Pra\u00e7a de Alimenta\u00e7\u00e3o Dida!<\/p>\n<p>\ud83d\udcc6: 02\/06 <br \/>\u23f0: A partir das 19:00 <\/p>\n<p>E para tornar essa noite ainda\u2026 <a href=\"https:\/\/t.co\/8WRr2J45WY\">pic.twitter.com\/8WRr2J45WY<\/a><\/p>\n<p>&mdash; EC Vit\u00f3ria (@ECVitoria) <a href=\"https:\/\/twitter.com\/ECVitoria\/status\/1664256247024046080?ref_src=twsrc%5Etfw\">June 1, 2023<\/a><\/p><\/blockquote>\n<p> <script async src=\"https:\/\/platform.twitter.com\/widgets.js\" charset=\"utf-8\"><\/script><\/p>\n<p>As constru\u00e7\u00f5es s\u00e3o fruto da parceria do Vit\u00f3ria com a Brahma, nova patrocinadora oficial do clube. A cervejaria vende sua marca no est\u00e1dio desde o jogo contra o Atl\u00e9tico-GO, no dia 14 de maio.<\/p>\n<p>Foto: Reprodu\u00e7\u00e3o \/ Instagram<br \/>\nBahia Not\u00edcias<\/p>\n","protected":false},"excerpt":{"rendered":"<p>O Vit\u00f3ria anunciou, nesta quinta-feira (1\u00ba), que o &#8220;Bar Vampeta&#8221;, localizado no estacionamento do Barrad\u00e3o, ser\u00e1 oficialmente aberto nesta sexta<\/p>\n","protected":false},"author":1,"featured_media":6432,"comment_status":"open","ping_status":"open","sticky":false,"template":"","format":"standard","meta":{"colormag_page_container_layout":"default_layout","colormag_page_sidebar_layout":"default_layout","_FSMCFIC_featured_image_caption":"","_FSMCFIC_featured_image_nocaption":"","_FSMCFIC_featured_image_hide":"","footnotes":""},"categories":[2,1],"tags":[],"class_list":["post-6431","post","type-post","status-publish","format-standard","has-post-thumbnail","hentry","category-noticias","category-ultimas"],"yoast_head":"<!-- This site is optimized with the Yoast SEO plugin v27.1.1 - https:\/\/yoast.com\/product\/yoast-seo-wordpress\/ -->\n<title>Vit\u00f3ria anuncia abertura do &quot;Bar Vampeta&quot; para esta sexta com show de Edcity - Brasil not\u00edcias<\/title>\n<meta name=\"robots\" content=\"index, follow, max-snippet:-1, max-image-preview:large, max-video-preview:-1\" \/>\n<link rel=\"canonical\" href=\"https:\/\/brasilnoticias.org\/site\/vitoria-anuncia-abertura-do-bar-vampeta-para-esta-sexta-com-show-de-edcity\/\" \/>\n<meta property=\"og:locale\" content=\"pt_PT\" \/>\n<meta property=\"og:type\" content=\"article\" \/>\n<meta property=\"og:title\" content=\"Vit\u00f3ria anuncia abertura do &quot;Bar Vampeta&quot; para esta sexta com show de Edcity - Brasil not\u00edcias\" \/>\n<meta property=\"og:description\" content=\"O Vit\u00f3ria anunciou, nesta quinta-feira (1\u00ba), que o &#8220;Bar Vampeta&#8221;, localizado no estacionamento do Barrad\u00e3o, ser\u00e1 oficialmente aberto nesta sexta\" \/>\n<meta property=\"og:url\" content=\"https:\/\/brasilnoticias.org\/site\/vitoria-anuncia-abertura-do-bar-vampeta-para-esta-sexta-com-show-de-edcity\/\" \/>\n<meta property=\"og:site_name\" content=\"Brasil not\u00edcias\" \/>\n<meta property=\"article:published_time\" content=\"2023-06-02T09:41:39+00:00\" \/>\n<meta property=\"og:image\" content=\"https:\/\/brasilnoticias.org\/site\/wp-content\/uploads\/2023\/06\/IMAGEM_VITORIA_5.webp\" \/>\n\t<meta property=\"og:image:width\" content=\"597\" \/>\n\t<meta property=\"og:image:height\" content=\"380\" \/>\n\t<meta property=\"og:image:type\" content=\"image\/webp\" \/>\n<meta name=\"author\" content=\"Reda\u00e7\u00e3o\" \/>\n<meta name=\"twitter:card\" content=\"summary_large_image\" \/>\n<meta name=\"twitter:label1\" content=\"Escrito por\" \/>\n\t<meta name=\"twitter:data1\" content=\"Reda\u00e7\u00e3o\" \/>\n<script type=\"application\/ld+json\" class=\"yoast-schema-graph\">{\"@context\":\"https:\/\/schema.org\",\"@graph\":[{\"@type\":\"Article\",\"@id\":\"https:\/\/brasilnoticias.org\/site\/vitoria-anuncia-abertura-do-bar-vampeta-para-esta-sexta-com-show-de-edcity\/#article\",\"isPartOf\":{\"@id\":\"https:\/\/brasilnoticias.org\/site\/vitoria-anuncia-abertura-do-bar-vampeta-para-esta-sexta-com-show-de-edcity\/\"},\"author\":{\"name\":\"Reda\u00e7\u00e3o\",\"@id\":\"https:\/\/brasilnoticias.org\/site\/#\/schema\/person\/a0e05b973ec4d15c658d51911e53507b\"},\"headline\":\"Vit\u00f3ria anuncia abertura do &#8220;Bar Vampeta&#8221; para esta sexta com show de Edcity\",\"datePublished\":\"2023-06-02T09:41:39+00:00\",\"mainEntityOfPage\":{\"@id\":\"https:\/\/brasilnoticias.org\/site\/vitoria-anuncia-abertura-do-bar-vampeta-para-esta-sexta-com-show-de-edcity\/\"},\"wordCount\":190,\"commentCount\":0,\"publisher\":{\"@id\":\"https:\/\/brasilnoticias.org\/site\/#organization\"},\"image\":{\"@id\":\"https:\/\/brasilnoticias.org\/site\/vitoria-anuncia-abertura-do-bar-vampeta-para-esta-sexta-com-show-de-edcity\/#primaryimage\"},\"thumbnailUrl\":\"https:\/\/brasilnoticias.org\/site\/wp-content\/uploads\/2023\/06\/IMAGEM_VITORIA_5.webp\",\"articleSection\":[\"Not\u00edcias\",\"\u00daltimas\"],\"inLanguage\":\"pt-PT\",\"potentialAction\":[{\"@type\":\"CommentAction\",\"name\":\"Comment\",\"target\":[\"https:\/\/brasilnoticias.org\/site\/vitoria-anuncia-abertura-do-bar-vampeta-para-esta-sexta-com-show-de-edcity\/#respond\"]}]},{\"@type\":\"WebPage\",\"@id\":\"https:\/\/brasilnoticias.org\/site\/vitoria-anuncia-abertura-do-bar-vampeta-para-esta-sexta-com-show-de-edcity\/\",\"url\":\"https:\/\/brasilnoticias.org\/site\/vitoria-anuncia-abertura-do-bar-vampeta-para-esta-sexta-com-show-de-edcity\/\",\"name\":\"Vit\u00f3ria anuncia abertura do \\\"Bar Vampeta\\\" para esta sexta com show de Edcity - Brasil not\u00edcias\",\"isPartOf\":{\"@id\":\"https:\/\/brasilnoticias.org\/site\/#website\"},\"primaryImageOfPage\":{\"@id\":\"https:\/\/brasilnoticias.org\/site\/vitoria-anuncia-abertura-do-bar-vampeta-para-esta-sexta-com-show-de-edcity\/#primaryimage\"},\"image\":{\"@id\":\"https:\/\/brasilnoticias.org\/site\/vitoria-anuncia-abertura-do-bar-vampeta-para-esta-sexta-com-show-de-edcity\/#primaryimage\"},\"thumbnailUrl\":\"https:\/\/brasilnoticias.org\/site\/wp-content\/uploads\/2023\/06\/IMAGEM_VITORIA_5.webp\",\"datePublished\":\"2023-06-02T09:41:39+00:00\",\"breadcrumb\":{\"@id\":\"https:\/\/brasilnoticias.org\/site\/vitoria-anuncia-abertura-do-bar-vampeta-para-esta-sexta-com-show-de-edcity\/#breadcrumb\"},\"inLanguage\":\"pt-PT\",\"potentialAction\":[{\"@type\":\"ReadAction\",\"target\":[\"https:\/\/brasilnoticias.org\/site\/vitoria-anuncia-abertura-do-bar-vampeta-para-esta-sexta-com-show-de-edcity\/\"]}]},{\"@type\":\"ImageObject\",\"inLanguage\":\"pt-PT\",\"@id\":\"https:\/\/brasilnoticias.org\/site\/vitoria-anuncia-abertura-do-bar-vampeta-para-esta-sexta-com-show-de-edcity\/#primaryimage\",\"url\":\"https:\/\/brasilnoticias.org\/site\/wp-content\/uploads\/2023\/06\/IMAGEM_VITORIA_5.webp\",\"contentUrl\":\"https:\/\/brasilnoticias.org\/site\/wp-content\/uploads\/2023\/06\/IMAGEM_VITORIA_5.webp\",\"width\":597,\"height\":380},{\"@type\":\"BreadcrumbList\",\"@id\":\"https:\/\/brasilnoticias.org\/site\/vitoria-anuncia-abertura-do-bar-vampeta-para-esta-sexta-com-show-de-edcity\/#breadcrumb\",\"itemListElement\":[{\"@type\":\"ListItem\",\"position\":1,\"name\":\"In\u00edcio\",\"item\":\"https:\/\/brasilnoticias.org\/site\/\"},{\"@type\":\"ListItem\",\"position\":2,\"name\":\"Vit\u00f3ria anuncia abertura do &#8220;Bar Vampeta&#8221; para esta sexta com show de Edcity\"}]},{\"@type\":\"WebSite\",\"@id\":\"https:\/\/brasilnoticias.org\/site\/#website\",\"url\":\"https:\/\/brasilnoticias.org\/site\/\",\"name\":\"Brasil not\u00edcias\",\"description\":\"Brasil not\u00edcias\",\"publisher\":{\"@id\":\"https:\/\/brasilnoticias.org\/site\/#organization\"},\"potentialAction\":[{\"@type\":\"SearchAction\",\"target\":{\"@type\":\"EntryPoint\",\"urlTemplate\":\"https:\/\/brasilnoticias.org\/site\/?s={search_term_string}\"},\"query-input\":{\"@type\":\"PropertyValueSpecification\",\"valueRequired\":true,\"valueName\":\"search_term_string\"}}],\"inLanguage\":\"pt-PT\"},{\"@type\":\"Organization\",\"@id\":\"https:\/\/brasilnoticias.org\/site\/#organization\",\"name\":\"Brasil not\u00edcias\",\"url\":\"https:\/\/brasilnoticias.org\/site\/\",\"logo\":{\"@type\":\"ImageObject\",\"inLanguage\":\"pt-PT\",\"@id\":\"https:\/\/brasilnoticias.org\/site\/#\/schema\/logo\/image\/\",\"url\":\"https:\/\/brasilnoticias.org\/site\/wp-content\/uploads\/2022\/05\/cropped-brasilnoticias-mini.jpg\",\"contentUrl\":\"https:\/\/brasilnoticias.org\/site\/wp-content\/uploads\/2022\/05\/cropped-brasilnoticias-mini.jpg\",\"width\":314,\"height\":86,\"caption\":\"Brasil not\u00edcias\"},\"image\":{\"@id\":\"https:\/\/brasilnoticias.org\/site\/#\/schema\/logo\/image\/\"}},{\"@type\":\"Person\",\"@id\":\"https:\/\/brasilnoticias.org\/site\/#\/schema\/person\/a0e05b973ec4d15c658d51911e53507b\",\"name\":\"Reda\u00e7\u00e3o\",\"image\":{\"@type\":\"ImageObject\",\"inLanguage\":\"pt-PT\",\"@id\":\"https:\/\/brasilnoticias.org\/site\/#\/schema\/person\/image\/\",\"url\":\"https:\/\/secure.gravatar.com\/avatar\/75d8b050df2de108b08ae78dfb8e374892df24a383c67db9c46a9c604f6aee9c?s=96&d=mm&r=g\",\"contentUrl\":\"https:\/\/secure.gravatar.com\/avatar\/75d8b050df2de108b08ae78dfb8e374892df24a383c67db9c46a9c604f6aee9c?s=96&d=mm&r=g\",\"caption\":\"Reda\u00e7\u00e3o\"},\"sameAs\":[\"https:\/\/brasilnoticias.org\/site\"],\"url\":\"https:\/\/brasilnoticias.org\/site\/author\/fernandozsngmail-com\/\"}]}<\/script>\n<!-- \/ Yoast SEO plugin. -->","yoast_head_json":{"title":"Vit\u00f3ria anuncia abertura do \"Bar Vampeta\" para esta sexta com show de Edcity - Brasil not\u00edcias","robots":{"index":"index","follow":"follow","max-snippet":"max-snippet:-1","max-image-preview":"max-image-preview:large","max-video-preview":"max-video-preview:-1"},"canonical":"https:\/\/brasilnoticias.org\/site\/vitoria-anuncia-abertura-do-bar-vampeta-para-esta-sexta-com-show-de-edcity\/","og_locale":"pt_PT","og_type":"article","og_title":"Vit\u00f3ria anuncia abertura do \"Bar Vampeta\" para esta sexta com show de Edcity - Brasil not\u00edcias","og_description":"O Vit\u00f3ria anunciou, nesta quinta-feira (1\u00ba), que o &#8220;Bar Vampeta&#8221;, localizado no estacionamento do Barrad\u00e3o, ser\u00e1 oficialmente aberto nesta sexta","og_url":"https:\/\/brasilnoticias.org\/site\/vitoria-anuncia-abertura-do-bar-vampeta-para-esta-sexta-com-show-de-edcity\/","og_site_name":"Brasil not\u00edcias","article_published_time":"2023-06-02T09:41:39+00:00","og_image":[{"width":597,"height":380,"url":"https:\/\/brasilnoticias.org\/site\/wp-content\/uploads\/2023\/06\/IMAGEM_VITORIA_5.webp","type":"image\/webp"}],"author":"Reda\u00e7\u00e3o","twitter_card":"summary_large_image","twitter_misc":{"Escrito por":"Reda\u00e7\u00e3o"},"schema":{"@context":"https:\/\/schema.org","@graph":[{"@type":"Article","@id":"https:\/\/brasilnoticias.org\/site\/vitoria-anuncia-abertura-do-bar-vampeta-para-esta-sexta-com-show-de-edcity\/#article","isPartOf":{"@id":"https:\/\/brasilnoticias.org\/site\/vitoria-anuncia-abertura-do-bar-vampeta-para-esta-sexta-com-show-de-edcity\/"},"author":{"name":"Reda\u00e7\u00e3o","@id":"https:\/\/brasilnoticias.org\/site\/#\/schema\/person\/a0e05b973ec4d15c658d51911e53507b"},"headline":"Vit\u00f3ria anuncia abertura do &#8220;Bar Vampeta&#8221; para esta sexta com show de Edcity","datePublished":"2023-06-02T09:41:39+00:00","mainEntityOfPage":{"@id":"https:\/\/brasilnoticias.org\/site\/vitoria-anuncia-abertura-do-bar-vampeta-para-esta-sexta-com-show-de-edcity\/"},"wordCount":190,"commentCount":0,"publisher":{"@id":"https:\/\/brasilnoticias.org\/site\/#organization"},"image":{"@id":"https:\/\/brasilnoticias.org\/site\/vitoria-anuncia-abertura-do-bar-vampeta-para-esta-sexta-com-show-de-edcity\/#primaryimage"},"thumbnailUrl":"https:\/\/brasilnoticias.org\/site\/wp-content\/uploads\/2023\/06\/IMAGEM_VITORIA_5.webp","articleSection":["Not\u00edcias","\u00daltimas"],"inLanguage":"pt-PT","potentialAction":[{"@type":"CommentAction","name":"Comment","target":["https:\/\/brasilnoticias.org\/site\/vitoria-anuncia-abertura-do-bar-vampeta-para-esta-sexta-com-show-de-edcity\/#respond"]}]},{"@type":"WebPage","@id":"https:\/\/brasilnoticias.org\/site\/vitoria-anuncia-abertura-do-bar-vampeta-para-esta-sexta-com-show-de-edcity\/","url":"https:\/\/brasilnoticias.org\/site\/vitoria-anuncia-abertura-do-bar-vampeta-para-esta-sexta-com-show-de-edcity\/","name":"Vit\u00f3ria anuncia abertura do \"Bar Vampeta\" para esta sexta com show de Edcity - Brasil not\u00edcias","isPartOf":{"@id":"https:\/\/brasilnoticias.org\/site\/#website"},"primaryImageOfPage":{"@id":"https:\/\/brasilnoticias.org\/site\/vitoria-anuncia-abertura-do-bar-vampeta-para-esta-sexta-com-show-de-edcity\/#primaryimage"},"image":{"@id":"https:\/\/brasilnoticias.org\/site\/vitoria-anuncia-abertura-do-bar-vampeta-para-esta-sexta-com-show-de-edcity\/#primaryimage"},"thumbnailUrl":"https:\/\/brasilnoticias.org\/site\/wp-content\/uploads\/2023\/06\/IMAGEM_VITORIA_5.webp","datePublished":"2023-06-02T09:41:39+00:00","breadcrumb":{"@id":"https:\/\/brasilnoticias.org\/site\/vitoria-anuncia-abertura-do-bar-vampeta-para-esta-sexta-com-show-de-edcity\/#breadcrumb"},"inLanguage":"pt-PT","potentialAction":[{"@type":"ReadAction","target":["https:\/\/brasilnoticias.org\/site\/vitoria-anuncia-abertura-do-bar-vampeta-para-esta-sexta-com-show-de-edcity\/"]}]},{"@type":"ImageObject","inLanguage":"pt-PT","@id":"https:\/\/brasilnoticias.org\/site\/vitoria-anuncia-abertura-do-bar-vampeta-para-esta-sexta-com-show-de-edcity\/#primaryimage","url":"https:\/\/brasilnoticias.org\/site\/wp-content\/uploads\/2023\/06\/IMAGEM_VITORIA_5.webp","contentUrl":"https:\/\/brasilnoticias.org\/site\/wp-content\/uploads\/2023\/06\/IMAGEM_VITORIA_5.webp","width":597,"height":380},{"@type":"BreadcrumbList","@id":"https:\/\/brasilnoticias.org\/site\/vitoria-anuncia-abertura-do-bar-vampeta-para-esta-sexta-com-show-de-edcity\/#breadcrumb","itemListElement":[{"@type":"ListItem","position":1,"name":"In\u00edcio","item":"https:\/\/brasilnoticias.org\/site\/"},{"@type":"ListItem","position":2,"name":"Vit\u00f3ria anuncia abertura do &#8220;Bar Vampeta&#8221; para esta sexta com show de Edcity"}]},{"@type":"WebSite","@id":"https:\/\/brasilnoticias.org\/site\/#website","url":"https:\/\/brasilnoticias.org\/site\/","name":"Brasil not\u00edcias","description":"Brasil not\u00edcias","publisher":{"@id":"https:\/\/brasilnoticias.org\/site\/#organization"},"potentialAction":[{"@type":"SearchAction","target":{"@type":"EntryPoint","urlTemplate":"https:\/\/brasilnoticias.org\/site\/?s={search_term_string}"},"query-input":{"@type":"PropertyValueSpecification","valueRequired":true,"valueName":"search_term_string"}}],"inLanguage":"pt-PT"},{"@type":"Organization","@id":"https:\/\/brasilnoticias.org\/site\/#organization","name":"Brasil not\u00edcias","url":"https:\/\/brasilnoticias.org\/site\/","logo":{"@type":"ImageObject","inLanguage":"pt-PT","@id":"https:\/\/brasilnoticias.org\/site\/#\/schema\/logo\/image\/","url":"https:\/\/brasilnoticias.org\/site\/wp-content\/uploads\/2022\/05\/cropped-brasilnoticias-mini.jpg","contentUrl":"https:\/\/brasilnoticias.org\/site\/wp-content\/uploads\/2022\/05\/cropped-brasilnoticias-mini.jpg","width":314,"height":86,"caption":"Brasil not\u00edcias"},"image":{"@id":"https:\/\/brasilnoticias.org\/site\/#\/schema\/logo\/image\/"}},{"@type":"Person","@id":"https:\/\/brasilnoticias.org\/site\/#\/schema\/person\/a0e05b973ec4d15c658d51911e53507b","name":"Reda\u00e7\u00e3o","image":{"@type":"ImageObject","inLanguage":"pt-PT","@id":"https:\/\/brasilnoticias.org\/site\/#\/schema\/person\/image\/","url":"https:\/\/secure.gravatar.com\/avatar\/75d8b050df2de108b08ae78dfb8e374892df24a383c67db9c46a9c604f6aee9c?s=96&d=mm&r=g","contentUrl":"https:\/\/secure.gravatar.com\/avatar\/75d8b050df2de108b08ae78dfb8e374892df24a383c67db9c46a9c604f6aee9c?s=96&d=mm&r=g","caption":"Reda\u00e7\u00e3o"},"sameAs":["https:\/\/brasilnoticias.org\/site"],"url":"https:\/\/brasilnoticias.org\/site\/author\/fernandozsngmail-com\/"}]}},"_links":{"self":[{"href":"https:\/\/brasilnoticias.org\/site\/wp-json\/wp\/v2\/posts\/6431","targetHints":{"allow":["GET"]}}],"collection":[{"href":"https:\/\/brasilnoticias.org\/site\/wp-json\/wp\/v2\/posts"}],"about":[{"href":"https:\/\/brasilnoticias.org\/site\/wp-json\/wp\/v2\/types\/post"}],"author":[{"embeddable":true,"href":"https:\/\/brasilnoticias.org\/site\/wp-json\/wp\/v2\/users\/1"}],"replies":[{"embeddable":true,"href":"https:\/\/brasilnoticias.org\/site\/wp-json\/wp\/v2\/comments?post=6431"}],"version-history":[{"count":1,"href":"https:\/\/brasilnoticias.org\/site\/wp-json\/wp\/v2\/posts\/6431\/revisions"}],"predecessor-version":[{"id":6433,"href":"https:\/\/brasilnoticias.org\/site\/wp-json\/wp\/v2\/posts\/6431\/revisions\/6433"}],"wp:featuredmedia":[{"embeddable":true,"href":"https:\/\/brasilnoticias.org\/site\/wp-json\/wp\/v2\/media\/6432"}],"wp:attachment":[{"href":"https:\/\/brasilnoticias.org\/site\/wp-json\/wp\/v2\/media?parent=6431"}],"wp:term":[{"taxonomy":"category","embeddable":true,"href":"https:\/\/brasilnoticias.org\/site\/wp-json\/wp\/v2\/categories?post=6431"},{"taxonomy":"post_tag","embeddable":true,"href":"https:\/\/brasilnoticias.org\/site\/wp-json\/wp\/v2\/tags?post=6431"}],"curies":[{"name":"wp","href":"https:\/\/api.w.org\/{rel}","templated":true}]}}