{"id":6434,"date":"2023-06-02T06:45:11","date_gmt":"2023-06-02T09:45:11","guid":{"rendered":"https:\/\/brasilnoticias.org\/site\/?p=6434"},"modified":"2023-06-02T06:45:11","modified_gmt":"2023-06-02T09:45:11","slug":"justica-decreta-prisao-temporaria-de-suspeitos-da-morte-do-ator-jeff-machado","status":"publish","type":"post","link":"https:\/\/brasilnoticias.org\/site\/justica-decreta-prisao-temporaria-de-suspeitos-da-morte-do-ator-jeff-machado\/","title":{"rendered":"Justi\u00e7a decreta pris\u00e3o tempor\u00e1ria de suspeitos da morte do ator Jeff Machado"},"content":{"rendered":"<p>O Tribunal de Justi\u00e7a do Rio de Janeiro (TJ-RJ) aceitou os pedidos da Pol\u00edcia Civil e do Minist\u00e9rio P\u00fablico e determinou a pris\u00e3o de dois homens suspeitos pela morte do ator Jeff Machado, de 44 anos. A decis\u00e3o foi tomada pela 1\u00aa Vara Criminal da capital fluminense. Bruno de Souza Rodrigues, de 37 anos, e Jeander Vin\u00edcius da Silva Braga, de 29, j\u00e1 haviam sido iniciados pela pol\u00edcia por homic\u00eddio triplamente qualificado e oculta\u00e7\u00e3o de cad\u00e1ver. O corpo do ator foi encontrado no dia 22 de maio. A v\u00edtima estava desaparecida desde o dia 27 de janeiro. O corpo de Jeff foi encontrado dentro de um ba\u00fa que estava enterrado em um terreno no Rio. Ele chegou a atuar na novela \u201cReis\u201d, da Record TV. Os dois suspeitos chegaram a confessar que participaram do crime, mas afirmaram que foram respons\u00e1veis pela oculta\u00e7\u00e3o do corpo e atribu\u00edram o assassinato a uma terceira pessoa. A vers\u00e3o foi descartada pela pol\u00edcia. A reportagem do site da Jovem Pan tenta localizar a defesa dos investigados.<\/p>\n<p>Mais cedo, o Minist\u00e9rio P\u00fablico do Rio de Janeiro emitiu um comunicado onde solicitou a pris\u00e3o dos dois suspeitos. Para o promotor de Justi\u00e7a Sauvei Lai,  o crime foi premeditado por Bruno, com aux\u00edlio de Jeander. \u201cOs ora indiciados s\u00e3o suspeitos de praticarem os crimes de homic\u00eddio e de oculta\u00e7\u00e3o de cad\u00e1ver contra Jefferson, aproveitando-se do momento em que mantinham rela\u00e7\u00e3o sexual com a v\u00edtima para p\u00f4r em pr\u00e1tica plano criminoso, estrangulando-a e colocando o seu cad\u00e1ver em um ba\u00fa, para, posteriormente, ocult\u00e1-lo no terreno do im\u00f3vel alugado por Bruno, onde o enterraram e concretaram a cerca de dois metros de profundidade\u201d, diz o pedido de pris\u00e3o.<\/p>\n<p>Joven Pan<br \/>\nFoto Reprodu\u00e7\u00e3o\/Instagram\/jeffmachadocosta<\/p>\n","protected":false},"excerpt":{"rendered":"<p>O Tribunal de Justi\u00e7a do Rio de Janeiro (TJ-RJ) aceitou os pedidos da Pol\u00edcia Civil e do Minist\u00e9rio P\u00fablico e<\/p>\n","protected":false},"author":1,"featured_media":6436,"comment_status":"open","ping_status":"open","sticky":false,"template":"","format":"standard","meta":{"colormag_page_container_layout":"default_layout","colormag_page_sidebar_layout":"default_layout","_FSMCFIC_featured_image_caption":"","_FSMCFIC_featured_image_nocaption":"","_FSMCFIC_featured_image_hide":"","footnotes":""},"categories":[3,1],"tags":[],"class_list":["post-6434","post","type-post","status-publish","format-standard","has-post-thumbnail","hentry","category-policia","category-ultimas"],"yoast_head":"<!-- This site is optimized with the Yoast SEO plugin v27.1.1 - https:\/\/yoast.com\/product\/yoast-seo-wordpress\/ -->\n<title>Justi\u00e7a decreta pris\u00e3o tempor\u00e1ria de suspeitos da morte do ator Jeff Machado - Brasil not\u00edcias<\/title>\n<meta name=\"robots\" content=\"index, follow, max-snippet:-1, max-image-preview:large, max-video-preview:-1\" \/>\n<link rel=\"canonical\" href=\"https:\/\/brasilnoticias.org\/site\/justica-decreta-prisao-temporaria-de-suspeitos-da-morte-do-ator-jeff-machado\/\" \/>\n<meta property=\"og:locale\" content=\"pt_PT\" \/>\n<meta property=\"og:type\" content=\"article\" \/>\n<meta property=\"og:title\" content=\"Justi\u00e7a decreta pris\u00e3o tempor\u00e1ria de suspeitos da morte do ator Jeff Machado - Brasil not\u00edcias\" \/>\n<meta property=\"og:description\" content=\"O Tribunal de Justi\u00e7a do Rio de Janeiro (TJ-RJ) aceitou os pedidos da Pol\u00edcia Civil e do Minist\u00e9rio P\u00fablico e\" \/>\n<meta property=\"og:url\" content=\"https:\/\/brasilnoticias.org\/site\/justica-decreta-prisao-temporaria-de-suspeitos-da-morte-do-ator-jeff-machado\/\" \/>\n<meta property=\"og:site_name\" content=\"Brasil not\u00edcias\" \/>\n<meta property=\"article:published_time\" content=\"2023-06-02T09:45:11+00:00\" \/>\n<meta property=\"og:image\" content=\"https:\/\/brasilnoticias.org\/site\/wp-content\/uploads\/2023\/06\/design-sem-nome-2023-05-29t112554.440-345x199-1.png\" \/>\n\t<meta property=\"og:image:width\" content=\"345\" \/>\n\t<meta property=\"og:image:height\" content=\"199\" \/>\n\t<meta property=\"og:image:type\" content=\"image\/png\" \/>\n<meta name=\"author\" content=\"Reda\u00e7\u00e3o\" \/>\n<meta name=\"twitter:card\" content=\"summary_large_image\" \/>\n<meta name=\"twitter:label1\" content=\"Escrito por\" \/>\n\t<meta name=\"twitter:data1\" content=\"Reda\u00e7\u00e3o\" \/>\n<script type=\"application\/ld+json\" class=\"yoast-schema-graph\">{\"@context\":\"https:\/\/schema.org\",\"@graph\":[{\"@type\":\"Article\",\"@id\":\"https:\/\/brasilnoticias.org\/site\/justica-decreta-prisao-temporaria-de-suspeitos-da-morte-do-ator-jeff-machado\/#article\",\"isPartOf\":{\"@id\":\"https:\/\/brasilnoticias.org\/site\/justica-decreta-prisao-temporaria-de-suspeitos-da-morte-do-ator-jeff-machado\/\"},\"author\":{\"name\":\"Reda\u00e7\u00e3o\",\"@id\":\"https:\/\/brasilnoticias.org\/site\/#\/schema\/person\/a0e05b973ec4d15c658d51911e53507b\"},\"headline\":\"Justi\u00e7a decreta pris\u00e3o tempor\u00e1ria de suspeitos da morte do ator Jeff Machado\",\"datePublished\":\"2023-06-02T09:45:11+00:00\",\"mainEntityOfPage\":{\"@id\":\"https:\/\/brasilnoticias.org\/site\/justica-decreta-prisao-temporaria-de-suspeitos-da-morte-do-ator-jeff-machado\/\"},\"wordCount\":328,\"commentCount\":0,\"publisher\":{\"@id\":\"https:\/\/brasilnoticias.org\/site\/#organization\"},\"image\":{\"@id\":\"https:\/\/brasilnoticias.org\/site\/justica-decreta-prisao-temporaria-de-suspeitos-da-morte-do-ator-jeff-machado\/#primaryimage\"},\"thumbnailUrl\":\"https:\/\/brasilnoticias.org\/site\/wp-content\/uploads\/2023\/06\/design-sem-nome-2023-05-29t112554.440-345x199-1.png\",\"articleSection\":[\"Pol\u00edcia\",\"\u00daltimas\"],\"inLanguage\":\"pt-PT\",\"potentialAction\":[{\"@type\":\"CommentAction\",\"name\":\"Comment\",\"target\":[\"https:\/\/brasilnoticias.org\/site\/justica-decreta-prisao-temporaria-de-suspeitos-da-morte-do-ator-jeff-machado\/#respond\"]}]},{\"@type\":\"WebPage\",\"@id\":\"https:\/\/brasilnoticias.org\/site\/justica-decreta-prisao-temporaria-de-suspeitos-da-morte-do-ator-jeff-machado\/\",\"url\":\"https:\/\/brasilnoticias.org\/site\/justica-decreta-prisao-temporaria-de-suspeitos-da-morte-do-ator-jeff-machado\/\",\"name\":\"Justi\u00e7a decreta pris\u00e3o tempor\u00e1ria de suspeitos da morte do ator Jeff Machado - Brasil not\u00edcias\",\"isPartOf\":{\"@id\":\"https:\/\/brasilnoticias.org\/site\/#website\"},\"primaryImageOfPage\":{\"@id\":\"https:\/\/brasilnoticias.org\/site\/justica-decreta-prisao-temporaria-de-suspeitos-da-morte-do-ator-jeff-machado\/#primaryimage\"},\"image\":{\"@id\":\"https:\/\/brasilnoticias.org\/site\/justica-decreta-prisao-temporaria-de-suspeitos-da-morte-do-ator-jeff-machado\/#primaryimage\"},\"thumbnailUrl\":\"https:\/\/brasilnoticias.org\/site\/wp-content\/uploads\/2023\/06\/design-sem-nome-2023-05-29t112554.440-345x199-1.png\",\"datePublished\":\"2023-06-02T09:45:11+00:00\",\"breadcrumb\":{\"@id\":\"https:\/\/brasilnoticias.org\/site\/justica-decreta-prisao-temporaria-de-suspeitos-da-morte-do-ator-jeff-machado\/#breadcrumb\"},\"inLanguage\":\"pt-PT\",\"potentialAction\":[{\"@type\":\"ReadAction\",\"target\":[\"https:\/\/brasilnoticias.org\/site\/justica-decreta-prisao-temporaria-de-suspeitos-da-morte-do-ator-jeff-machado\/\"]}]},{\"@type\":\"ImageObject\",\"inLanguage\":\"pt-PT\",\"@id\":\"https:\/\/brasilnoticias.org\/site\/justica-decreta-prisao-temporaria-de-suspeitos-da-morte-do-ator-jeff-machado\/#primaryimage\",\"url\":\"https:\/\/brasilnoticias.org\/site\/wp-content\/uploads\/2023\/06\/design-sem-nome-2023-05-29t112554.440-345x199-1.png\",\"contentUrl\":\"https:\/\/brasilnoticias.org\/site\/wp-content\/uploads\/2023\/06\/design-sem-nome-2023-05-29t112554.440-345x199-1.png\",\"width\":345,\"height\":199},{\"@type\":\"BreadcrumbList\",\"@id\":\"https:\/\/brasilnoticias.org\/site\/justica-decreta-prisao-temporaria-de-suspeitos-da-morte-do-ator-jeff-machado\/#breadcrumb\",\"itemListElement\":[{\"@type\":\"ListItem\",\"position\":1,\"name\":\"In\u00edcio\",\"item\":\"https:\/\/brasilnoticias.org\/site\/\"},{\"@type\":\"ListItem\",\"position\":2,\"name\":\"Justi\u00e7a decreta pris\u00e3o tempor\u00e1ria de suspeitos da morte do ator Jeff Machado\"}]},{\"@type\":\"WebSite\",\"@id\":\"https:\/\/brasilnoticias.org\/site\/#website\",\"url\":\"https:\/\/brasilnoticias.org\/site\/\",\"name\":\"Brasil not\u00edcias\",\"description\":\"Brasil not\u00edcias\",\"publisher\":{\"@id\":\"https:\/\/brasilnoticias.org\/site\/#organization\"},\"potentialAction\":[{\"@type\":\"SearchAction\",\"target\":{\"@type\":\"EntryPoint\",\"urlTemplate\":\"https:\/\/brasilnoticias.org\/site\/?s={search_term_string}\"},\"query-input\":{\"@type\":\"PropertyValueSpecification\",\"valueRequired\":true,\"valueName\":\"search_term_string\"}}],\"inLanguage\":\"pt-PT\"},{\"@type\":\"Organization\",\"@id\":\"https:\/\/brasilnoticias.org\/site\/#organization\",\"name\":\"Brasil not\u00edcias\",\"url\":\"https:\/\/brasilnoticias.org\/site\/\",\"logo\":{\"@type\":\"ImageObject\",\"inLanguage\":\"pt-PT\",\"@id\":\"https:\/\/brasilnoticias.org\/site\/#\/schema\/logo\/image\/\",\"url\":\"https:\/\/brasilnoticias.org\/site\/wp-content\/uploads\/2022\/05\/cropped-brasilnoticias-mini.jpg\",\"contentUrl\":\"https:\/\/brasilnoticias.org\/site\/wp-content\/uploads\/2022\/05\/cropped-brasilnoticias-mini.jpg\",\"width\":314,\"height\":86,\"caption\":\"Brasil not\u00edcias\"},\"image\":{\"@id\":\"https:\/\/brasilnoticias.org\/site\/#\/schema\/logo\/image\/\"}},{\"@type\":\"Person\",\"@id\":\"https:\/\/brasilnoticias.org\/site\/#\/schema\/person\/a0e05b973ec4d15c658d51911e53507b\",\"name\":\"Reda\u00e7\u00e3o\",\"image\":{\"@type\":\"ImageObject\",\"inLanguage\":\"pt-PT\",\"@id\":\"https:\/\/brasilnoticias.org\/site\/#\/schema\/person\/image\/\",\"url\":\"https:\/\/secure.gravatar.com\/avatar\/75d8b050df2de108b08ae78dfb8e374892df24a383c67db9c46a9c604f6aee9c?s=96&d=mm&r=g\",\"contentUrl\":\"https:\/\/secure.gravatar.com\/avatar\/75d8b050df2de108b08ae78dfb8e374892df24a383c67db9c46a9c604f6aee9c?s=96&d=mm&r=g\",\"caption\":\"Reda\u00e7\u00e3o\"},\"sameAs\":[\"https:\/\/brasilnoticias.org\/site\"],\"url\":\"https:\/\/brasilnoticias.org\/site\/author\/fernandozsngmail-com\/\"}]}<\/script>\n<!-- \/ Yoast SEO plugin. -->","yoast_head_json":{"title":"Justi\u00e7a decreta pris\u00e3o tempor\u00e1ria de suspeitos da morte do ator Jeff Machado - Brasil not\u00edcias","robots":{"index":"index","follow":"follow","max-snippet":"max-snippet:-1","max-image-preview":"max-image-preview:large","max-video-preview":"max-video-preview:-1"},"canonical":"https:\/\/brasilnoticias.org\/site\/justica-decreta-prisao-temporaria-de-suspeitos-da-morte-do-ator-jeff-machado\/","og_locale":"pt_PT","og_type":"article","og_title":"Justi\u00e7a decreta pris\u00e3o tempor\u00e1ria de suspeitos da morte do ator Jeff Machado - Brasil not\u00edcias","og_description":"O Tribunal de Justi\u00e7a do Rio de Janeiro (TJ-RJ) aceitou os pedidos da Pol\u00edcia Civil e do Minist\u00e9rio P\u00fablico e","og_url":"https:\/\/brasilnoticias.org\/site\/justica-decreta-prisao-temporaria-de-suspeitos-da-morte-do-ator-jeff-machado\/","og_site_name":"Brasil not\u00edcias","article_published_time":"2023-06-02T09:45:11+00:00","og_image":[{"width":345,"height":199,"url":"https:\/\/brasilnoticias.org\/site\/wp-content\/uploads\/2023\/06\/design-sem-nome-2023-05-29t112554.440-345x199-1.png","type":"image\/png"}],"author":"Reda\u00e7\u00e3o","twitter_card":"summary_large_image","twitter_misc":{"Escrito por":"Reda\u00e7\u00e3o"},"schema":{"@context":"https:\/\/schema.org","@graph":[{"@type":"Article","@id":"https:\/\/brasilnoticias.org\/site\/justica-decreta-prisao-temporaria-de-suspeitos-da-morte-do-ator-jeff-machado\/#article","isPartOf":{"@id":"https:\/\/brasilnoticias.org\/site\/justica-decreta-prisao-temporaria-de-suspeitos-da-morte-do-ator-jeff-machado\/"},"author":{"name":"Reda\u00e7\u00e3o","@id":"https:\/\/brasilnoticias.org\/site\/#\/schema\/person\/a0e05b973ec4d15c658d51911e53507b"},"headline":"Justi\u00e7a decreta pris\u00e3o tempor\u00e1ria de suspeitos da morte do ator Jeff Machado","datePublished":"2023-06-02T09:45:11+00:00","mainEntityOfPage":{"@id":"https:\/\/brasilnoticias.org\/site\/justica-decreta-prisao-temporaria-de-suspeitos-da-morte-do-ator-jeff-machado\/"},"wordCount":328,"commentCount":0,"publisher":{"@id":"https:\/\/brasilnoticias.org\/site\/#organization"},"image":{"@id":"https:\/\/brasilnoticias.org\/site\/justica-decreta-prisao-temporaria-de-suspeitos-da-morte-do-ator-jeff-machado\/#primaryimage"},"thumbnailUrl":"https:\/\/brasilnoticias.org\/site\/wp-content\/uploads\/2023\/06\/design-sem-nome-2023-05-29t112554.440-345x199-1.png","articleSection":["Pol\u00edcia","\u00daltimas"],"inLanguage":"pt-PT","potentialAction":[{"@type":"CommentAction","name":"Comment","target":["https:\/\/brasilnoticias.org\/site\/justica-decreta-prisao-temporaria-de-suspeitos-da-morte-do-ator-jeff-machado\/#respond"]}]},{"@type":"WebPage","@id":"https:\/\/brasilnoticias.org\/site\/justica-decreta-prisao-temporaria-de-suspeitos-da-morte-do-ator-jeff-machado\/","url":"https:\/\/brasilnoticias.org\/site\/justica-decreta-prisao-temporaria-de-suspeitos-da-morte-do-ator-jeff-machado\/","name":"Justi\u00e7a decreta pris\u00e3o tempor\u00e1ria de suspeitos da morte do ator Jeff Machado - Brasil not\u00edcias","isPartOf":{"@id":"https:\/\/brasilnoticias.org\/site\/#website"},"primaryImageOfPage":{"@id":"https:\/\/brasilnoticias.org\/site\/justica-decreta-prisao-temporaria-de-suspeitos-da-morte-do-ator-jeff-machado\/#primaryimage"},"image":{"@id":"https:\/\/brasilnoticias.org\/site\/justica-decreta-prisao-temporaria-de-suspeitos-da-morte-do-ator-jeff-machado\/#primaryimage"},"thumbnailUrl":"https:\/\/brasilnoticias.org\/site\/wp-content\/uploads\/2023\/06\/design-sem-nome-2023-05-29t112554.440-345x199-1.png","datePublished":"2023-06-02T09:45:11+00:00","breadcrumb":{"@id":"https:\/\/brasilnoticias.org\/site\/justica-decreta-prisao-temporaria-de-suspeitos-da-morte-do-ator-jeff-machado\/#breadcrumb"},"inLanguage":"pt-PT","potentialAction":[{"@type":"ReadAction","target":["https:\/\/brasilnoticias.org\/site\/justica-decreta-prisao-temporaria-de-suspeitos-da-morte-do-ator-jeff-machado\/"]}]},{"@type":"ImageObject","inLanguage":"pt-PT","@id":"https:\/\/brasilnoticias.org\/site\/justica-decreta-prisao-temporaria-de-suspeitos-da-morte-do-ator-jeff-machado\/#primaryimage","url":"https:\/\/brasilnoticias.org\/site\/wp-content\/uploads\/2023\/06\/design-sem-nome-2023-05-29t112554.440-345x199-1.png","contentUrl":"https:\/\/brasilnoticias.org\/site\/wp-content\/uploads\/2023\/06\/design-sem-nome-2023-05-29t112554.440-345x199-1.png","width":345,"height":199},{"@type":"BreadcrumbList","@id":"https:\/\/brasilnoticias.org\/site\/justica-decreta-prisao-temporaria-de-suspeitos-da-morte-do-ator-jeff-machado\/#breadcrumb","itemListElement":[{"@type":"ListItem","position":1,"name":"In\u00edcio","item":"https:\/\/brasilnoticias.org\/site\/"},{"@type":"ListItem","position":2,"name":"Justi\u00e7a decreta pris\u00e3o tempor\u00e1ria de suspeitos da morte do ator Jeff Machado"}]},{"@type":"WebSite","@id":"https:\/\/brasilnoticias.org\/site\/#website","url":"https:\/\/brasilnoticias.org\/site\/","name":"Brasil not\u00edcias","description":"Brasil not\u00edcias","publisher":{"@id":"https:\/\/brasilnoticias.org\/site\/#organization"},"potentialAction":[{"@type":"SearchAction","target":{"@type":"EntryPoint","urlTemplate":"https:\/\/brasilnoticias.org\/site\/?s={search_term_string}"},"query-input":{"@type":"PropertyValueSpecification","valueRequired":true,"valueName":"search_term_string"}}],"inLanguage":"pt-PT"},{"@type":"Organization","@id":"https:\/\/brasilnoticias.org\/site\/#organization","name":"Brasil not\u00edcias","url":"https:\/\/brasilnoticias.org\/site\/","logo":{"@type":"ImageObject","inLanguage":"pt-PT","@id":"https:\/\/brasilnoticias.org\/site\/#\/schema\/logo\/image\/","url":"https:\/\/brasilnoticias.org\/site\/wp-content\/uploads\/2022\/05\/cropped-brasilnoticias-mini.jpg","contentUrl":"https:\/\/brasilnoticias.org\/site\/wp-content\/uploads\/2022\/05\/cropped-brasilnoticias-mini.jpg","width":314,"height":86,"caption":"Brasil not\u00edcias"},"image":{"@id":"https:\/\/brasilnoticias.org\/site\/#\/schema\/logo\/image\/"}},{"@type":"Person","@id":"https:\/\/brasilnoticias.org\/site\/#\/schema\/person\/a0e05b973ec4d15c658d51911e53507b","name":"Reda\u00e7\u00e3o","image":{"@type":"ImageObject","inLanguage":"pt-PT","@id":"https:\/\/brasilnoticias.org\/site\/#\/schema\/person\/image\/","url":"https:\/\/secure.gravatar.com\/avatar\/75d8b050df2de108b08ae78dfb8e374892df24a383c67db9c46a9c604f6aee9c?s=96&d=mm&r=g","contentUrl":"https:\/\/secure.gravatar.com\/avatar\/75d8b050df2de108b08ae78dfb8e374892df24a383c67db9c46a9c604f6aee9c?s=96&d=mm&r=g","caption":"Reda\u00e7\u00e3o"},"sameAs":["https:\/\/brasilnoticias.org\/site"],"url":"https:\/\/brasilnoticias.org\/site\/author\/fernandozsngmail-com\/"}]}},"_links":{"self":[{"href":"https:\/\/brasilnoticias.org\/site\/wp-json\/wp\/v2\/posts\/6434","targetHints":{"allow":["GET"]}}],"collection":[{"href":"https:\/\/brasilnoticias.org\/site\/wp-json\/wp\/v2\/posts"}],"about":[{"href":"https:\/\/brasilnoticias.org\/site\/wp-json\/wp\/v2\/types\/post"}],"author":[{"embeddable":true,"href":"https:\/\/brasilnoticias.org\/site\/wp-json\/wp\/v2\/users\/1"}],"replies":[{"embeddable":true,"href":"https:\/\/brasilnoticias.org\/site\/wp-json\/wp\/v2\/comments?post=6434"}],"version-history":[{"count":1,"href":"https:\/\/brasilnoticias.org\/site\/wp-json\/wp\/v2\/posts\/6434\/revisions"}],"predecessor-version":[{"id":6437,"href":"https:\/\/brasilnoticias.org\/site\/wp-json\/wp\/v2\/posts\/6434\/revisions\/6437"}],"wp:featuredmedia":[{"embeddable":true,"href":"https:\/\/brasilnoticias.org\/site\/wp-json\/wp\/v2\/media\/6436"}],"wp:attachment":[{"href":"https:\/\/brasilnoticias.org\/site\/wp-json\/wp\/v2\/media?parent=6434"}],"wp:term":[{"taxonomy":"category","embeddable":true,"href":"https:\/\/brasilnoticias.org\/site\/wp-json\/wp\/v2\/categories?post=6434"},{"taxonomy":"post_tag","embeddable":true,"href":"https:\/\/brasilnoticias.org\/site\/wp-json\/wp\/v2\/tags?post=6434"}],"curies":[{"name":"wp","href":"https:\/\/api.w.org\/{rel}","templated":true}]}}