{"id":6452,"date":"2023-06-02T17:52:13","date_gmt":"2023-06-02T20:52:13","guid":{"rendered":"https:\/\/brasilnoticias.org\/site\/?p=6452"},"modified":"2023-06-02T17:52:40","modified_gmt":"2023-06-02T20:52:40","slug":"essa-e-uma-vitoria-sua-tambem-e-uma-conquista-do-seu-mandato-diz-bruno-reis-a-capitao-alden-sobre-gradis-e-telas-que-serao-instalados-em-passarelas-e-viadutos","status":"publish","type":"post","link":"https:\/\/brasilnoticias.org\/site\/essa-e-uma-vitoria-sua-tambem-e-uma-conquista-do-seu-mandato-diz-bruno-reis-a-capitao-alden-sobre-gradis-e-telas-que-serao-instalados-em-passarelas-e-viadutos\/","title":{"rendered":"\u201cEssa \u00e9 uma vit\u00f3ria sua tamb\u00e9m \u00e9 uma conquista do seu mandato\u201d, diz Bruno Reis a Capit\u00e3o Alden sobre gradis e telas que ser\u00e3o instalados em passarelas e viadutos"},"content":{"rendered":"<p>Prefeito de Salvador fez quest\u00e3o de convidar o Deputado Federal para assinatura de Ordem de Servi\u00e7o <\/p>\n<p>O combate ao suic\u00eddio \u00e9 algo que vai al\u00e9m da campanha, tradicionalmente, realizada no m\u00eas de setembro, comumente conhecida por \u201cSetembro Amarelo\u201d. O deputado federal Capit\u00e3o Alden (PL-BA) \u00e9 um defensor da conscientiza\u00e7\u00e3o e combate ao suic\u00eddio, inclusive, desde seu mandato de parlamentar estadual j\u00e1 segue nesta luta. <\/p>\n<p>Nesta sexta-feira (2), o bolsonarista atendeu o convite feito pelo Prefeito de Salvador, Bruno Reis, para comparecer na cerim\u00f4nia da assinatura da ordem de servi\u00e7o da implementa\u00e7\u00e3o da requalifica\u00e7\u00e3o de passarelas e viadutos da cidade com telas e gradis de prote\u00e7\u00e3o anti-suic\u00eddio. O evento foi realizado na regi\u00e3o do Iguatemi pr\u00f3ximo ao Viaduto Raul Seixas. <\/p>\n<p>Durante a a\u00e7\u00e3o, o deputado federal Capit\u00e3o Alden pode ver que suas mobiliza\u00e7\u00f5es feitas durante sua passagem pela Assembleia Legislativa da Bahia (Alba) se materializam em a\u00e7\u00e3o efetiva. O parlamentar ressalta que sua aproxima\u00e7\u00e3o pontual com a Prefeitura de Salvador ocorreu em virtude de uma pauta convergente. <\/p>\n<p>\u201cComo um policial militar tive que me deparar por situa\u00e7\u00f5es de tentativa de suic\u00eddio de cidad\u00e3os desesperados que encontraram naquela forma a &#8216;solu\u00e7\u00e3o&#8217; para os seus problemas. Hoje vivemos um momento extremamente delicado e dif\u00edcil como foi dito aqui p\u00f3s-pandemia. Mas, eu tenho certeza que a atua\u00e7\u00e3o de gestores comprometidos, levando emprego, levando renda, que voc\u00ea tenha prazer de continuar vivendo, que voc\u00ea tenha recursos para fazer com que as pessoas se sintam bem naquele munic\u00edpio s\u00e3o fatores que ajudam e colaboram para que as pessoas decidam continuar vivendo superando dificuldades. Ent\u00e3o eu queria parabenizar a gest\u00e3o do prefeito Bruno Reis\u201d, pontua Alden. <\/p>\n<p>O prefeito Bruno Reis ressaltou o trabalho do parlamentar federal e disse que fez quest\u00e3o de fazer o convite para o evento. \u201cO nosso agora deputado federal Capit\u00e3o Alden teve comigo semana passada e a\u00ed me lembrou quando era deputado estadual que me mandava as mensagens fazendo essa sugest\u00e3o dos grandis anti-suic\u00eddio. Eu falei voc\u00ea vai estar em Salvador na sexta-feira, dia 2 de junho? Ele respondeu vou! Ent\u00e3o, eu fa\u00e7o quest\u00e3o que venha, porque essa \u00e9 uma vit\u00f3ria  sua  tamb\u00e9m \u00e9 uma conquista do seu mandato\u201d, afirma Bruno.<\/p>\n<p><img loading=\"lazy\" decoding=\"async\" src=\"https:\/\/brasilnoticias.org\/site\/wp-content\/uploads\/2023\/06\/WhatsApp-Image-2023-06-02-at-15.23.49.jpeg\" alt=\"\" width=\"1440\" height=\"959\" class=\"alignnone size-full wp-image-6455\" srcset=\"https:\/\/brasilnoticias.org\/site\/wp-content\/uploads\/2023\/06\/WhatsApp-Image-2023-06-02-at-15.23.49.jpeg 1440w, https:\/\/brasilnoticias.org\/site\/wp-content\/uploads\/2023\/06\/WhatsApp-Image-2023-06-02-at-15.23.49-500x333.jpeg 500w, https:\/\/brasilnoticias.org\/site\/wp-content\/uploads\/2023\/06\/WhatsApp-Image-2023-06-02-at-15.23.49-768x511.jpeg 768w\" sizes=\"auto, (max-width: 1440px) 100vw, 1440px\" \/><\/p>\n","protected":false},"excerpt":{"rendered":"<p>Prefeito de Salvador fez quest\u00e3o de convidar o Deputado Federal para assinatura de Ordem de Servi\u00e7o O combate ao suic\u00eddio<\/p>\n","protected":false},"author":1,"featured_media":6455,"comment_status":"open","ping_status":"open","sticky":false,"template":"","format":"standard","meta":{"colormag_page_container_layout":"default_layout","colormag_page_sidebar_layout":"default_layout","_FSMCFIC_featured_image_caption":"","_FSMCFIC_featured_image_nocaption":"","_FSMCFIC_featured_image_hide":"","footnotes":""},"categories":[5,1],"tags":[],"class_list":["post-6452","post","type-post","status-publish","format-standard","has-post-thumbnail","hentry","category-politica","category-ultimas"],"yoast_head":"<!-- This site is optimized with the Yoast SEO plugin v27.1.1 - https:\/\/yoast.com\/product\/yoast-seo-wordpress\/ -->\n<title>\u201cEssa \u00e9 uma vit\u00f3ria sua tamb\u00e9m \u00e9 uma conquista do seu mandato\u201d, diz Bruno Reis a Capit\u00e3o Alden sobre gradis e telas que ser\u00e3o instalados em passarelas e viadutos - Brasil not\u00edcias<\/title>\n<meta name=\"robots\" content=\"index, follow, max-snippet:-1, max-image-preview:large, max-video-preview:-1\" \/>\n<link rel=\"canonical\" href=\"https:\/\/brasilnoticias.org\/site\/essa-e-uma-vitoria-sua-tambem-e-uma-conquista-do-seu-mandato-diz-bruno-reis-a-capitao-alden-sobre-gradis-e-telas-que-serao-instalados-em-passarelas-e-viadutos\/\" \/>\n<meta property=\"og:locale\" content=\"pt_PT\" \/>\n<meta property=\"og:type\" content=\"article\" \/>\n<meta property=\"og:title\" content=\"\u201cEssa \u00e9 uma vit\u00f3ria sua tamb\u00e9m \u00e9 uma conquista do seu mandato\u201d, diz Bruno Reis a Capit\u00e3o Alden sobre gradis e telas que ser\u00e3o instalados em passarelas e viadutos - Brasil not\u00edcias\" \/>\n<meta property=\"og:description\" content=\"Prefeito de Salvador fez quest\u00e3o de convidar o Deputado Federal para assinatura de Ordem de Servi\u00e7o O combate ao suic\u00eddio\" \/>\n<meta property=\"og:url\" content=\"https:\/\/brasilnoticias.org\/site\/essa-e-uma-vitoria-sua-tambem-e-uma-conquista-do-seu-mandato-diz-bruno-reis-a-capitao-alden-sobre-gradis-e-telas-que-serao-instalados-em-passarelas-e-viadutos\/\" \/>\n<meta property=\"og:site_name\" content=\"Brasil not\u00edcias\" \/>\n<meta property=\"article:published_time\" content=\"2023-06-02T20:52:13+00:00\" \/>\n<meta property=\"article:modified_time\" content=\"2023-06-02T20:52:40+00:00\" \/>\n<meta property=\"og:image\" content=\"https:\/\/brasilnoticias.org\/site\/wp-content\/uploads\/2023\/06\/WhatsApp-Image-2023-06-02-at-15.23.49.jpeg\" \/>\n\t<meta property=\"og:image:width\" content=\"1440\" \/>\n\t<meta property=\"og:image:height\" content=\"959\" \/>\n\t<meta property=\"og:image:type\" content=\"image\/jpeg\" \/>\n<meta name=\"author\" content=\"Reda\u00e7\u00e3o\" \/>\n<meta name=\"twitter:card\" content=\"summary_large_image\" \/>\n<meta name=\"twitter:label1\" content=\"Escrito por\" \/>\n\t<meta name=\"twitter:data1\" content=\"Reda\u00e7\u00e3o\" \/>\n\t<meta name=\"twitter:label2\" content=\"Tempo estimado de leitura\" \/>\n\t<meta name=\"twitter:data2\" content=\"2 minutos\" \/>\n<script type=\"application\/ld+json\" class=\"yoast-schema-graph\">{\"@context\":\"https:\/\/schema.org\",\"@graph\":[{\"@type\":\"Article\",\"@id\":\"https:\/\/brasilnoticias.org\/site\/essa-e-uma-vitoria-sua-tambem-e-uma-conquista-do-seu-mandato-diz-bruno-reis-a-capitao-alden-sobre-gradis-e-telas-que-serao-instalados-em-passarelas-e-viadutos\/#article\",\"isPartOf\":{\"@id\":\"https:\/\/brasilnoticias.org\/site\/essa-e-uma-vitoria-sua-tambem-e-uma-conquista-do-seu-mandato-diz-bruno-reis-a-capitao-alden-sobre-gradis-e-telas-que-serao-instalados-em-passarelas-e-viadutos\/\"},\"author\":{\"name\":\"Reda\u00e7\u00e3o\",\"@id\":\"https:\/\/brasilnoticias.org\/site\/#\/schema\/person\/a0e05b973ec4d15c658d51911e53507b\"},\"headline\":\"\u201cEssa \u00e9 uma vit\u00f3ria sua tamb\u00e9m \u00e9 uma conquista do seu mandato\u201d, diz Bruno Reis a Capit\u00e3o Alden sobre gradis e telas que ser\u00e3o instalados em passarelas e viadutos\",\"datePublished\":\"2023-06-02T20:52:13+00:00\",\"dateModified\":\"2023-06-02T20:52:40+00:00\",\"mainEntityOfPage\":{\"@id\":\"https:\/\/brasilnoticias.org\/site\/essa-e-uma-vitoria-sua-tambem-e-uma-conquista-do-seu-mandato-diz-bruno-reis-a-capitao-alden-sobre-gradis-e-telas-que-serao-instalados-em-passarelas-e-viadutos\/\"},\"wordCount\":424,\"commentCount\":0,\"publisher\":{\"@id\":\"https:\/\/brasilnoticias.org\/site\/#organization\"},\"image\":{\"@id\":\"https:\/\/brasilnoticias.org\/site\/essa-e-uma-vitoria-sua-tambem-e-uma-conquista-do-seu-mandato-diz-bruno-reis-a-capitao-alden-sobre-gradis-e-telas-que-serao-instalados-em-passarelas-e-viadutos\/#primaryimage\"},\"thumbnailUrl\":\"https:\/\/brasilnoticias.org\/site\/wp-content\/uploads\/2023\/06\/WhatsApp-Image-2023-06-02-at-15.23.49.jpeg\",\"articleSection\":[\"Pol\u00edtica\",\"\u00daltimas\"],\"inLanguage\":\"pt-PT\",\"potentialAction\":[{\"@type\":\"CommentAction\",\"name\":\"Comment\",\"target\":[\"https:\/\/brasilnoticias.org\/site\/essa-e-uma-vitoria-sua-tambem-e-uma-conquista-do-seu-mandato-diz-bruno-reis-a-capitao-alden-sobre-gradis-e-telas-que-serao-instalados-em-passarelas-e-viadutos\/#respond\"]}]},{\"@type\":\"WebPage\",\"@id\":\"https:\/\/brasilnoticias.org\/site\/essa-e-uma-vitoria-sua-tambem-e-uma-conquista-do-seu-mandato-diz-bruno-reis-a-capitao-alden-sobre-gradis-e-telas-que-serao-instalados-em-passarelas-e-viadutos\/\",\"url\":\"https:\/\/brasilnoticias.org\/site\/essa-e-uma-vitoria-sua-tambem-e-uma-conquista-do-seu-mandato-diz-bruno-reis-a-capitao-alden-sobre-gradis-e-telas-que-serao-instalados-em-passarelas-e-viadutos\/\",\"name\":\"\u201cEssa \u00e9 uma vit\u00f3ria sua tamb\u00e9m \u00e9 uma conquista do seu mandato\u201d, diz Bruno Reis a Capit\u00e3o Alden sobre gradis e telas que ser\u00e3o instalados em passarelas e viadutos - Brasil not\u00edcias\",\"isPartOf\":{\"@id\":\"https:\/\/brasilnoticias.org\/site\/#website\"},\"primaryImageOfPage\":{\"@id\":\"https:\/\/brasilnoticias.org\/site\/essa-e-uma-vitoria-sua-tambem-e-uma-conquista-do-seu-mandato-diz-bruno-reis-a-capitao-alden-sobre-gradis-e-telas-que-serao-instalados-em-passarelas-e-viadutos\/#primaryimage\"},\"image\":{\"@id\":\"https:\/\/brasilnoticias.org\/site\/essa-e-uma-vitoria-sua-tambem-e-uma-conquista-do-seu-mandato-diz-bruno-reis-a-capitao-alden-sobre-gradis-e-telas-que-serao-instalados-em-passarelas-e-viadutos\/#primaryimage\"},\"thumbnailUrl\":\"https:\/\/brasilnoticias.org\/site\/wp-content\/uploads\/2023\/06\/WhatsApp-Image-2023-06-02-at-15.23.49.jpeg\",\"datePublished\":\"2023-06-02T20:52:13+00:00\",\"dateModified\":\"2023-06-02T20:52:40+00:00\",\"breadcrumb\":{\"@id\":\"https:\/\/brasilnoticias.org\/site\/essa-e-uma-vitoria-sua-tambem-e-uma-conquista-do-seu-mandato-diz-bruno-reis-a-capitao-alden-sobre-gradis-e-telas-que-serao-instalados-em-passarelas-e-viadutos\/#breadcrumb\"},\"inLanguage\":\"pt-PT\",\"potentialAction\":[{\"@type\":\"ReadAction\",\"target\":[\"https:\/\/brasilnoticias.org\/site\/essa-e-uma-vitoria-sua-tambem-e-uma-conquista-do-seu-mandato-diz-bruno-reis-a-capitao-alden-sobre-gradis-e-telas-que-serao-instalados-em-passarelas-e-viadutos\/\"]}]},{\"@type\":\"ImageObject\",\"inLanguage\":\"pt-PT\",\"@id\":\"https:\/\/brasilnoticias.org\/site\/essa-e-uma-vitoria-sua-tambem-e-uma-conquista-do-seu-mandato-diz-bruno-reis-a-capitao-alden-sobre-gradis-e-telas-que-serao-instalados-em-passarelas-e-viadutos\/#primaryimage\",\"url\":\"https:\/\/brasilnoticias.org\/site\/wp-content\/uploads\/2023\/06\/WhatsApp-Image-2023-06-02-at-15.23.49.jpeg\",\"contentUrl\":\"https:\/\/brasilnoticias.org\/site\/wp-content\/uploads\/2023\/06\/WhatsApp-Image-2023-06-02-at-15.23.49.jpeg\",\"width\":1440,\"height\":959},{\"@type\":\"BreadcrumbList\",\"@id\":\"https:\/\/brasilnoticias.org\/site\/essa-e-uma-vitoria-sua-tambem-e-uma-conquista-do-seu-mandato-diz-bruno-reis-a-capitao-alden-sobre-gradis-e-telas-que-serao-instalados-em-passarelas-e-viadutos\/#breadcrumb\",\"itemListElement\":[{\"@type\":\"ListItem\",\"position\":1,\"name\":\"In\u00edcio\",\"item\":\"https:\/\/brasilnoticias.org\/site\/\"},{\"@type\":\"ListItem\",\"position\":2,\"name\":\"\u201cEssa \u00e9 uma vit\u00f3ria sua tamb\u00e9m \u00e9 uma conquista do seu mandato\u201d, diz Bruno Reis a Capit\u00e3o Alden sobre gradis e telas que ser\u00e3o instalados em passarelas e viadutos\"}]},{\"@type\":\"WebSite\",\"@id\":\"https:\/\/brasilnoticias.org\/site\/#website\",\"url\":\"https:\/\/brasilnoticias.org\/site\/\",\"name\":\"Brasil not\u00edcias\",\"description\":\"Brasil not\u00edcias\",\"publisher\":{\"@id\":\"https:\/\/brasilnoticias.org\/site\/#organization\"},\"potentialAction\":[{\"@type\":\"SearchAction\",\"target\":{\"@type\":\"EntryPoint\",\"urlTemplate\":\"https:\/\/brasilnoticias.org\/site\/?s={search_term_string}\"},\"query-input\":{\"@type\":\"PropertyValueSpecification\",\"valueRequired\":true,\"valueName\":\"search_term_string\"}}],\"inLanguage\":\"pt-PT\"},{\"@type\":\"Organization\",\"@id\":\"https:\/\/brasilnoticias.org\/site\/#organization\",\"name\":\"Brasil not\u00edcias\",\"url\":\"https:\/\/brasilnoticias.org\/site\/\",\"logo\":{\"@type\":\"ImageObject\",\"inLanguage\":\"pt-PT\",\"@id\":\"https:\/\/brasilnoticias.org\/site\/#\/schema\/logo\/image\/\",\"url\":\"https:\/\/brasilnoticias.org\/site\/wp-content\/uploads\/2022\/05\/cropped-brasilnoticias-mini.jpg\",\"contentUrl\":\"https:\/\/brasilnoticias.org\/site\/wp-content\/uploads\/2022\/05\/cropped-brasilnoticias-mini.jpg\",\"width\":314,\"height\":86,\"caption\":\"Brasil not\u00edcias\"},\"image\":{\"@id\":\"https:\/\/brasilnoticias.org\/site\/#\/schema\/logo\/image\/\"}},{\"@type\":\"Person\",\"@id\":\"https:\/\/brasilnoticias.org\/site\/#\/schema\/person\/a0e05b973ec4d15c658d51911e53507b\",\"name\":\"Reda\u00e7\u00e3o\",\"image\":{\"@type\":\"ImageObject\",\"inLanguage\":\"pt-PT\",\"@id\":\"https:\/\/brasilnoticias.org\/site\/#\/schema\/person\/image\/\",\"url\":\"https:\/\/secure.gravatar.com\/avatar\/75d8b050df2de108b08ae78dfb8e374892df24a383c67db9c46a9c604f6aee9c?s=96&d=mm&r=g\",\"contentUrl\":\"https:\/\/secure.gravatar.com\/avatar\/75d8b050df2de108b08ae78dfb8e374892df24a383c67db9c46a9c604f6aee9c?s=96&d=mm&r=g\",\"caption\":\"Reda\u00e7\u00e3o\"},\"sameAs\":[\"https:\/\/brasilnoticias.org\/site\"],\"url\":\"https:\/\/brasilnoticias.org\/site\/author\/fernandozsngmail-com\/\"}]}<\/script>\n<!-- \/ Yoast SEO plugin. -->","yoast_head_json":{"title":"\u201cEssa \u00e9 uma vit\u00f3ria sua tamb\u00e9m \u00e9 uma conquista do seu mandato\u201d, diz Bruno Reis a Capit\u00e3o Alden sobre gradis e telas que ser\u00e3o instalados em passarelas e viadutos - Brasil not\u00edcias","robots":{"index":"index","follow":"follow","max-snippet":"max-snippet:-1","max-image-preview":"max-image-preview:large","max-video-preview":"max-video-preview:-1"},"canonical":"https:\/\/brasilnoticias.org\/site\/essa-e-uma-vitoria-sua-tambem-e-uma-conquista-do-seu-mandato-diz-bruno-reis-a-capitao-alden-sobre-gradis-e-telas-que-serao-instalados-em-passarelas-e-viadutos\/","og_locale":"pt_PT","og_type":"article","og_title":"\u201cEssa \u00e9 uma vit\u00f3ria sua tamb\u00e9m \u00e9 uma conquista do seu mandato\u201d, diz Bruno Reis a Capit\u00e3o Alden sobre gradis e telas que ser\u00e3o instalados em passarelas e viadutos - Brasil not\u00edcias","og_description":"Prefeito de Salvador fez quest\u00e3o de convidar o Deputado Federal para assinatura de Ordem de Servi\u00e7o O combate ao suic\u00eddio","og_url":"https:\/\/brasilnoticias.org\/site\/essa-e-uma-vitoria-sua-tambem-e-uma-conquista-do-seu-mandato-diz-bruno-reis-a-capitao-alden-sobre-gradis-e-telas-que-serao-instalados-em-passarelas-e-viadutos\/","og_site_name":"Brasil not\u00edcias","article_published_time":"2023-06-02T20:52:13+00:00","article_modified_time":"2023-06-02T20:52:40+00:00","og_image":[{"width":1440,"height":959,"url":"https:\/\/brasilnoticias.org\/site\/wp-content\/uploads\/2023\/06\/WhatsApp-Image-2023-06-02-at-15.23.49.jpeg","type":"image\/jpeg"}],"author":"Reda\u00e7\u00e3o","twitter_card":"summary_large_image","twitter_misc":{"Escrito por":"Reda\u00e7\u00e3o","Tempo estimado de leitura":"2 minutos"},"schema":{"@context":"https:\/\/schema.org","@graph":[{"@type":"Article","@id":"https:\/\/brasilnoticias.org\/site\/essa-e-uma-vitoria-sua-tambem-e-uma-conquista-do-seu-mandato-diz-bruno-reis-a-capitao-alden-sobre-gradis-e-telas-que-serao-instalados-em-passarelas-e-viadutos\/#article","isPartOf":{"@id":"https:\/\/brasilnoticias.org\/site\/essa-e-uma-vitoria-sua-tambem-e-uma-conquista-do-seu-mandato-diz-bruno-reis-a-capitao-alden-sobre-gradis-e-telas-que-serao-instalados-em-passarelas-e-viadutos\/"},"author":{"name":"Reda\u00e7\u00e3o","@id":"https:\/\/brasilnoticias.org\/site\/#\/schema\/person\/a0e05b973ec4d15c658d51911e53507b"},"headline":"\u201cEssa \u00e9 uma vit\u00f3ria sua tamb\u00e9m \u00e9 uma conquista do seu mandato\u201d, diz Bruno Reis a Capit\u00e3o Alden sobre gradis e telas que ser\u00e3o instalados em passarelas e viadutos","datePublished":"2023-06-02T20:52:13+00:00","dateModified":"2023-06-02T20:52:40+00:00","mainEntityOfPage":{"@id":"https:\/\/brasilnoticias.org\/site\/essa-e-uma-vitoria-sua-tambem-e-uma-conquista-do-seu-mandato-diz-bruno-reis-a-capitao-alden-sobre-gradis-e-telas-que-serao-instalados-em-passarelas-e-viadutos\/"},"wordCount":424,"commentCount":0,"publisher":{"@id":"https:\/\/brasilnoticias.org\/site\/#organization"},"image":{"@id":"https:\/\/brasilnoticias.org\/site\/essa-e-uma-vitoria-sua-tambem-e-uma-conquista-do-seu-mandato-diz-bruno-reis-a-capitao-alden-sobre-gradis-e-telas-que-serao-instalados-em-passarelas-e-viadutos\/#primaryimage"},"thumbnailUrl":"https:\/\/brasilnoticias.org\/site\/wp-content\/uploads\/2023\/06\/WhatsApp-Image-2023-06-02-at-15.23.49.jpeg","articleSection":["Pol\u00edtica","\u00daltimas"],"inLanguage":"pt-PT","potentialAction":[{"@type":"CommentAction","name":"Comment","target":["https:\/\/brasilnoticias.org\/site\/essa-e-uma-vitoria-sua-tambem-e-uma-conquista-do-seu-mandato-diz-bruno-reis-a-capitao-alden-sobre-gradis-e-telas-que-serao-instalados-em-passarelas-e-viadutos\/#respond"]}]},{"@type":"WebPage","@id":"https:\/\/brasilnoticias.org\/site\/essa-e-uma-vitoria-sua-tambem-e-uma-conquista-do-seu-mandato-diz-bruno-reis-a-capitao-alden-sobre-gradis-e-telas-que-serao-instalados-em-passarelas-e-viadutos\/","url":"https:\/\/brasilnoticias.org\/site\/essa-e-uma-vitoria-sua-tambem-e-uma-conquista-do-seu-mandato-diz-bruno-reis-a-capitao-alden-sobre-gradis-e-telas-que-serao-instalados-em-passarelas-e-viadutos\/","name":"\u201cEssa \u00e9 uma vit\u00f3ria sua tamb\u00e9m \u00e9 uma conquista do seu mandato\u201d, diz Bruno Reis a Capit\u00e3o Alden sobre gradis e telas que ser\u00e3o instalados em passarelas e viadutos - Brasil not\u00edcias","isPartOf":{"@id":"https:\/\/brasilnoticias.org\/site\/#website"},"primaryImageOfPage":{"@id":"https:\/\/brasilnoticias.org\/site\/essa-e-uma-vitoria-sua-tambem-e-uma-conquista-do-seu-mandato-diz-bruno-reis-a-capitao-alden-sobre-gradis-e-telas-que-serao-instalados-em-passarelas-e-viadutos\/#primaryimage"},"image":{"@id":"https:\/\/brasilnoticias.org\/site\/essa-e-uma-vitoria-sua-tambem-e-uma-conquista-do-seu-mandato-diz-bruno-reis-a-capitao-alden-sobre-gradis-e-telas-que-serao-instalados-em-passarelas-e-viadutos\/#primaryimage"},"thumbnailUrl":"https:\/\/brasilnoticias.org\/site\/wp-content\/uploads\/2023\/06\/WhatsApp-Image-2023-06-02-at-15.23.49.jpeg","datePublished":"2023-06-02T20:52:13+00:00","dateModified":"2023-06-02T20:52:40+00:00","breadcrumb":{"@id":"https:\/\/brasilnoticias.org\/site\/essa-e-uma-vitoria-sua-tambem-e-uma-conquista-do-seu-mandato-diz-bruno-reis-a-capitao-alden-sobre-gradis-e-telas-que-serao-instalados-em-passarelas-e-viadutos\/#breadcrumb"},"inLanguage":"pt-PT","potentialAction":[{"@type":"ReadAction","target":["https:\/\/brasilnoticias.org\/site\/essa-e-uma-vitoria-sua-tambem-e-uma-conquista-do-seu-mandato-diz-bruno-reis-a-capitao-alden-sobre-gradis-e-telas-que-serao-instalados-em-passarelas-e-viadutos\/"]}]},{"@type":"ImageObject","inLanguage":"pt-PT","@id":"https:\/\/brasilnoticias.org\/site\/essa-e-uma-vitoria-sua-tambem-e-uma-conquista-do-seu-mandato-diz-bruno-reis-a-capitao-alden-sobre-gradis-e-telas-que-serao-instalados-em-passarelas-e-viadutos\/#primaryimage","url":"https:\/\/brasilnoticias.org\/site\/wp-content\/uploads\/2023\/06\/WhatsApp-Image-2023-06-02-at-15.23.49.jpeg","contentUrl":"https:\/\/brasilnoticias.org\/site\/wp-content\/uploads\/2023\/06\/WhatsApp-Image-2023-06-02-at-15.23.49.jpeg","width":1440,"height":959},{"@type":"BreadcrumbList","@id":"https:\/\/brasilnoticias.org\/site\/essa-e-uma-vitoria-sua-tambem-e-uma-conquista-do-seu-mandato-diz-bruno-reis-a-capitao-alden-sobre-gradis-e-telas-que-serao-instalados-em-passarelas-e-viadutos\/#breadcrumb","itemListElement":[{"@type":"ListItem","position":1,"name":"In\u00edcio","item":"https:\/\/brasilnoticias.org\/site\/"},{"@type":"ListItem","position":2,"name":"\u201cEssa \u00e9 uma vit\u00f3ria sua tamb\u00e9m \u00e9 uma conquista do seu mandato\u201d, diz Bruno Reis a Capit\u00e3o Alden sobre gradis e telas que ser\u00e3o instalados em passarelas e viadutos"}]},{"@type":"WebSite","@id":"https:\/\/brasilnoticias.org\/site\/#website","url":"https:\/\/brasilnoticias.org\/site\/","name":"Brasil not\u00edcias","description":"Brasil not\u00edcias","publisher":{"@id":"https:\/\/brasilnoticias.org\/site\/#organization"},"potentialAction":[{"@type":"SearchAction","target":{"@type":"EntryPoint","urlTemplate":"https:\/\/brasilnoticias.org\/site\/?s={search_term_string}"},"query-input":{"@type":"PropertyValueSpecification","valueRequired":true,"valueName":"search_term_string"}}],"inLanguage":"pt-PT"},{"@type":"Organization","@id":"https:\/\/brasilnoticias.org\/site\/#organization","name":"Brasil not\u00edcias","url":"https:\/\/brasilnoticias.org\/site\/","logo":{"@type":"ImageObject","inLanguage":"pt-PT","@id":"https:\/\/brasilnoticias.org\/site\/#\/schema\/logo\/image\/","url":"https:\/\/brasilnoticias.org\/site\/wp-content\/uploads\/2022\/05\/cropped-brasilnoticias-mini.jpg","contentUrl":"https:\/\/brasilnoticias.org\/site\/wp-content\/uploads\/2022\/05\/cropped-brasilnoticias-mini.jpg","width":314,"height":86,"caption":"Brasil not\u00edcias"},"image":{"@id":"https:\/\/brasilnoticias.org\/site\/#\/schema\/logo\/image\/"}},{"@type":"Person","@id":"https:\/\/brasilnoticias.org\/site\/#\/schema\/person\/a0e05b973ec4d15c658d51911e53507b","name":"Reda\u00e7\u00e3o","image":{"@type":"ImageObject","inLanguage":"pt-PT","@id":"https:\/\/brasilnoticias.org\/site\/#\/schema\/person\/image\/","url":"https:\/\/secure.gravatar.com\/avatar\/75d8b050df2de108b08ae78dfb8e374892df24a383c67db9c46a9c604f6aee9c?s=96&d=mm&r=g","contentUrl":"https:\/\/secure.gravatar.com\/avatar\/75d8b050df2de108b08ae78dfb8e374892df24a383c67db9c46a9c604f6aee9c?s=96&d=mm&r=g","caption":"Reda\u00e7\u00e3o"},"sameAs":["https:\/\/brasilnoticias.org\/site"],"url":"https:\/\/brasilnoticias.org\/site\/author\/fernandozsngmail-com\/"}]}},"_links":{"self":[{"href":"https:\/\/brasilnoticias.org\/site\/wp-json\/wp\/v2\/posts\/6452","targetHints":{"allow":["GET"]}}],"collection":[{"href":"https:\/\/brasilnoticias.org\/site\/wp-json\/wp\/v2\/posts"}],"about":[{"href":"https:\/\/brasilnoticias.org\/site\/wp-json\/wp\/v2\/types\/post"}],"author":[{"embeddable":true,"href":"https:\/\/brasilnoticias.org\/site\/wp-json\/wp\/v2\/users\/1"}],"replies":[{"embeddable":true,"href":"https:\/\/brasilnoticias.org\/site\/wp-json\/wp\/v2\/comments?post=6452"}],"version-history":[{"count":2,"href":"https:\/\/brasilnoticias.org\/site\/wp-json\/wp\/v2\/posts\/6452\/revisions"}],"predecessor-version":[{"id":6457,"href":"https:\/\/brasilnoticias.org\/site\/wp-json\/wp\/v2\/posts\/6452\/revisions\/6457"}],"wp:featuredmedia":[{"embeddable":true,"href":"https:\/\/brasilnoticias.org\/site\/wp-json\/wp\/v2\/media\/6455"}],"wp:attachment":[{"href":"https:\/\/brasilnoticias.org\/site\/wp-json\/wp\/v2\/media?parent=6452"}],"wp:term":[{"taxonomy":"category","embeddable":true,"href":"https:\/\/brasilnoticias.org\/site\/wp-json\/wp\/v2\/categories?post=6452"},{"taxonomy":"post_tag","embeddable":true,"href":"https:\/\/brasilnoticias.org\/site\/wp-json\/wp\/v2\/tags?post=6452"}],"curies":[{"name":"wp","href":"https:\/\/api.w.org\/{rel}","templated":true}]}}