{"id":6458,"date":"2023-06-02T17:54:43","date_gmt":"2023-06-02T20:54:43","guid":{"rendered":"https:\/\/brasilnoticias.org\/site\/?p=6458"},"modified":"2023-06-02T17:54:43","modified_gmt":"2023-06-02T20:54:43","slug":"operacao-prende-homem-apontado-como-autor-de-execucao-de-pm","status":"publish","type":"post","link":"https:\/\/brasilnoticias.org\/site\/operacao-prende-homem-apontado-como-autor-de-execucao-de-pm\/","title":{"rendered":"Opera\u00e7\u00e3o prende homem apontado como autor de execu\u00e7\u00e3o de PM"},"content":{"rendered":"<p>O suspeito de balear um sargento da Pol\u00edcia Militar em meio a um assalto foi preso, nesta quinta-feira (1\u00b0), na cidade de Natal, situada no estado do Rio Grande do Norte. O homem, de 23 anos, tamb\u00e9m \u00e9 apontado como autor de outros crimes. Desde 2021, ele era investigado e estava foragido desde fevereiro deste ano. <\/p>\n<p>Os agentes precisaram de dois dias para obter \u00eaxito na miss\u00e3o, ap\u00f3s os investigadores receberem den\u00fancias de que o homem estava escondido dentro de uma casa, localizada no bairro de Dix-Sept Rosado, na Zona Oeste da capital. Ele estava deitado no momento da pris\u00e3o.<\/p>\n<p>Com a surpresa pela presen\u00e7a dos policiais, o homem n\u00e3o reagiu \u00e0 pris\u00e3o. O suspeito, que n\u00e3o teve a identidade divulgada, est\u00e1 no radar da corpora\u00e7\u00e3o pela tentativa de latroc\u00ednio contra um sargento da Pol\u00edcia Militar, ocorrida no dia 12 de abril de 2021. O agente foi  baleado de rasp\u00e3o na cabe\u00e7a ao reagir a uma tentativa de assalto no bairro Lagoa Nova, na Zona Sul da cidade.<\/p>\n<p>Conforme a Pol\u00edcia Civil, o homem, de 23 anos, \u00e9 o suspeito que aparece em uma foto apurada pelos investigadores em uma rua pr\u00f3xima ao local do crime, ap\u00f3s a a\u00e7\u00e3o criminosa. Ap\u00f3s dois dias, o homem realizou outro assalto dentro de uma cl\u00ednica de est\u00e9tica, na Zona Sul, ao lado de uma mulher ainda n\u00e3o identificada pela pol\u00edcia, e roubou os celulares das v\u00edtimas.<\/p>\n<p>Em seguida, eles realizaram outro roubo nas redondezas da cl\u00ednica, quando cercaram o motorista de um carro e obrigaram o homem a dirigir para eles, como forma de fuga. Ainda conforme a institui\u00e7\u00e3o, ele j\u00e1 tinha passagem na pol\u00edcia por tr\u00e1fico de drogas. <\/p>\n<p>Foto Reprodu\u00e7\u00e3o\/Redes Sociais<br \/>\nBNews<\/p>\n","protected":false},"excerpt":{"rendered":"<p>O suspeito de balear um sargento da Pol\u00edcia Militar em meio a um assalto foi preso, nesta quinta-feira (1\u00b0), na<\/p>\n","protected":false},"author":1,"featured_media":6459,"comment_status":"open","ping_status":"open","sticky":false,"template":"","format":"standard","meta":{"colormag_page_container_layout":"default_layout","colormag_page_sidebar_layout":"default_layout","_FSMCFIC_featured_image_caption":"","_FSMCFIC_featured_image_nocaption":"","_FSMCFIC_featured_image_hide":"","footnotes":""},"categories":[3,1],"tags":[],"class_list":["post-6458","post","type-post","status-publish","format-standard","has-post-thumbnail","hentry","category-policia","category-ultimas"],"yoast_head":"<!-- This site is optimized with the Yoast SEO plugin v27.1.1 - https:\/\/yoast.com\/product\/yoast-seo-wordpress\/ -->\n<title>Opera\u00e7\u00e3o prende homem apontado como autor de execu\u00e7\u00e3o de PM - Brasil not\u00edcias<\/title>\n<meta name=\"robots\" content=\"index, follow, max-snippet:-1, max-image-preview:large, max-video-preview:-1\" \/>\n<link rel=\"canonical\" href=\"https:\/\/brasilnoticias.org\/site\/operacao-prende-homem-apontado-como-autor-de-execucao-de-pm\/\" \/>\n<meta property=\"og:locale\" content=\"pt_PT\" \/>\n<meta property=\"og:type\" content=\"article\" \/>\n<meta property=\"og:title\" content=\"Opera\u00e7\u00e3o prende homem apontado como autor de execu\u00e7\u00e3o de PM - Brasil not\u00edcias\" \/>\n<meta property=\"og:description\" content=\"O suspeito de balear um sargento da Pol\u00edcia Militar em meio a um assalto foi preso, nesta quinta-feira (1\u00b0), na\" \/>\n<meta property=\"og:url\" content=\"https:\/\/brasilnoticias.org\/site\/operacao-prende-homem-apontado-como-autor-de-execucao-de-pm\/\" \/>\n<meta property=\"og:site_name\" content=\"Brasil not\u00edcias\" \/>\n<meta property=\"article:published_time\" content=\"2023-06-02T20:54:43+00:00\" \/>\n<meta property=\"og:image\" content=\"https:\/\/brasilnoticias.org\/site\/wp-content\/uploads\/2023\/06\/homem-prisa-suspeita-morte-pm_widelg.jpg\" \/>\n\t<meta property=\"og:image:width\" content=\"800\" \/>\n\t<meta property=\"og:image:height\" content=\"450\" \/>\n\t<meta property=\"og:image:type\" content=\"image\/jpeg\" \/>\n<meta name=\"author\" content=\"Reda\u00e7\u00e3o\" \/>\n<meta name=\"twitter:card\" content=\"summary_large_image\" \/>\n<meta name=\"twitter:label1\" content=\"Escrito por\" \/>\n\t<meta name=\"twitter:data1\" content=\"Reda\u00e7\u00e3o\" \/>\n<script type=\"application\/ld+json\" class=\"yoast-schema-graph\">{\"@context\":\"https:\/\/schema.org\",\"@graph\":[{\"@type\":\"Article\",\"@id\":\"https:\/\/brasilnoticias.org\/site\/operacao-prende-homem-apontado-como-autor-de-execucao-de-pm\/#article\",\"isPartOf\":{\"@id\":\"https:\/\/brasilnoticias.org\/site\/operacao-prende-homem-apontado-como-autor-de-execucao-de-pm\/\"},\"author\":{\"name\":\"Reda\u00e7\u00e3o\",\"@id\":\"https:\/\/brasilnoticias.org\/site\/#\/schema\/person\/a0e05b973ec4d15c658d51911e53507b\"},\"headline\":\"Opera\u00e7\u00e3o prende homem apontado como autor de execu\u00e7\u00e3o de PM\",\"datePublished\":\"2023-06-02T20:54:43+00:00\",\"mainEntityOfPage\":{\"@id\":\"https:\/\/brasilnoticias.org\/site\/operacao-prende-homem-apontado-como-autor-de-execucao-de-pm\/\"},\"wordCount\":314,\"commentCount\":0,\"publisher\":{\"@id\":\"https:\/\/brasilnoticias.org\/site\/#organization\"},\"image\":{\"@id\":\"https:\/\/brasilnoticias.org\/site\/operacao-prende-homem-apontado-como-autor-de-execucao-de-pm\/#primaryimage\"},\"thumbnailUrl\":\"https:\/\/brasilnoticias.org\/site\/wp-content\/uploads\/2023\/06\/homem-prisa-suspeita-morte-pm_widelg.jpg\",\"articleSection\":[\"Pol\u00edcia\",\"\u00daltimas\"],\"inLanguage\":\"pt-PT\",\"potentialAction\":[{\"@type\":\"CommentAction\",\"name\":\"Comment\",\"target\":[\"https:\/\/brasilnoticias.org\/site\/operacao-prende-homem-apontado-como-autor-de-execucao-de-pm\/#respond\"]}]},{\"@type\":\"WebPage\",\"@id\":\"https:\/\/brasilnoticias.org\/site\/operacao-prende-homem-apontado-como-autor-de-execucao-de-pm\/\",\"url\":\"https:\/\/brasilnoticias.org\/site\/operacao-prende-homem-apontado-como-autor-de-execucao-de-pm\/\",\"name\":\"Opera\u00e7\u00e3o prende homem apontado como autor de execu\u00e7\u00e3o de PM - Brasil not\u00edcias\",\"isPartOf\":{\"@id\":\"https:\/\/brasilnoticias.org\/site\/#website\"},\"primaryImageOfPage\":{\"@id\":\"https:\/\/brasilnoticias.org\/site\/operacao-prende-homem-apontado-como-autor-de-execucao-de-pm\/#primaryimage\"},\"image\":{\"@id\":\"https:\/\/brasilnoticias.org\/site\/operacao-prende-homem-apontado-como-autor-de-execucao-de-pm\/#primaryimage\"},\"thumbnailUrl\":\"https:\/\/brasilnoticias.org\/site\/wp-content\/uploads\/2023\/06\/homem-prisa-suspeita-morte-pm_widelg.jpg\",\"datePublished\":\"2023-06-02T20:54:43+00:00\",\"breadcrumb\":{\"@id\":\"https:\/\/brasilnoticias.org\/site\/operacao-prende-homem-apontado-como-autor-de-execucao-de-pm\/#breadcrumb\"},\"inLanguage\":\"pt-PT\",\"potentialAction\":[{\"@type\":\"ReadAction\",\"target\":[\"https:\/\/brasilnoticias.org\/site\/operacao-prende-homem-apontado-como-autor-de-execucao-de-pm\/\"]}]},{\"@type\":\"ImageObject\",\"inLanguage\":\"pt-PT\",\"@id\":\"https:\/\/brasilnoticias.org\/site\/operacao-prende-homem-apontado-como-autor-de-execucao-de-pm\/#primaryimage\",\"url\":\"https:\/\/brasilnoticias.org\/site\/wp-content\/uploads\/2023\/06\/homem-prisa-suspeita-morte-pm_widelg.jpg\",\"contentUrl\":\"https:\/\/brasilnoticias.org\/site\/wp-content\/uploads\/2023\/06\/homem-prisa-suspeita-morte-pm_widelg.jpg\",\"width\":800,\"height\":450},{\"@type\":\"BreadcrumbList\",\"@id\":\"https:\/\/brasilnoticias.org\/site\/operacao-prende-homem-apontado-como-autor-de-execucao-de-pm\/#breadcrumb\",\"itemListElement\":[{\"@type\":\"ListItem\",\"position\":1,\"name\":\"In\u00edcio\",\"item\":\"https:\/\/brasilnoticias.org\/site\/\"},{\"@type\":\"ListItem\",\"position\":2,\"name\":\"Opera\u00e7\u00e3o prende homem apontado como autor de execu\u00e7\u00e3o de PM\"}]},{\"@type\":\"WebSite\",\"@id\":\"https:\/\/brasilnoticias.org\/site\/#website\",\"url\":\"https:\/\/brasilnoticias.org\/site\/\",\"name\":\"Brasil not\u00edcias\",\"description\":\"Brasil not\u00edcias\",\"publisher\":{\"@id\":\"https:\/\/brasilnoticias.org\/site\/#organization\"},\"potentialAction\":[{\"@type\":\"SearchAction\",\"target\":{\"@type\":\"EntryPoint\",\"urlTemplate\":\"https:\/\/brasilnoticias.org\/site\/?s={search_term_string}\"},\"query-input\":{\"@type\":\"PropertyValueSpecification\",\"valueRequired\":true,\"valueName\":\"search_term_string\"}}],\"inLanguage\":\"pt-PT\"},{\"@type\":\"Organization\",\"@id\":\"https:\/\/brasilnoticias.org\/site\/#organization\",\"name\":\"Brasil not\u00edcias\",\"url\":\"https:\/\/brasilnoticias.org\/site\/\",\"logo\":{\"@type\":\"ImageObject\",\"inLanguage\":\"pt-PT\",\"@id\":\"https:\/\/brasilnoticias.org\/site\/#\/schema\/logo\/image\/\",\"url\":\"https:\/\/brasilnoticias.org\/site\/wp-content\/uploads\/2022\/05\/cropped-brasilnoticias-mini.jpg\",\"contentUrl\":\"https:\/\/brasilnoticias.org\/site\/wp-content\/uploads\/2022\/05\/cropped-brasilnoticias-mini.jpg\",\"width\":314,\"height\":86,\"caption\":\"Brasil not\u00edcias\"},\"image\":{\"@id\":\"https:\/\/brasilnoticias.org\/site\/#\/schema\/logo\/image\/\"}},{\"@type\":\"Person\",\"@id\":\"https:\/\/brasilnoticias.org\/site\/#\/schema\/person\/a0e05b973ec4d15c658d51911e53507b\",\"name\":\"Reda\u00e7\u00e3o\",\"image\":{\"@type\":\"ImageObject\",\"inLanguage\":\"pt-PT\",\"@id\":\"https:\/\/brasilnoticias.org\/site\/#\/schema\/person\/image\/\",\"url\":\"https:\/\/secure.gravatar.com\/avatar\/75d8b050df2de108b08ae78dfb8e374892df24a383c67db9c46a9c604f6aee9c?s=96&d=mm&r=g\",\"contentUrl\":\"https:\/\/secure.gravatar.com\/avatar\/75d8b050df2de108b08ae78dfb8e374892df24a383c67db9c46a9c604f6aee9c?s=96&d=mm&r=g\",\"caption\":\"Reda\u00e7\u00e3o\"},\"sameAs\":[\"https:\/\/brasilnoticias.org\/site\"],\"url\":\"https:\/\/brasilnoticias.org\/site\/author\/fernandozsngmail-com\/\"}]}<\/script>\n<!-- \/ Yoast SEO plugin. -->","yoast_head_json":{"title":"Opera\u00e7\u00e3o prende homem apontado como autor de execu\u00e7\u00e3o de PM - Brasil not\u00edcias","robots":{"index":"index","follow":"follow","max-snippet":"max-snippet:-1","max-image-preview":"max-image-preview:large","max-video-preview":"max-video-preview:-1"},"canonical":"https:\/\/brasilnoticias.org\/site\/operacao-prende-homem-apontado-como-autor-de-execucao-de-pm\/","og_locale":"pt_PT","og_type":"article","og_title":"Opera\u00e7\u00e3o prende homem apontado como autor de execu\u00e7\u00e3o de PM - Brasil not\u00edcias","og_description":"O suspeito de balear um sargento da Pol\u00edcia Militar em meio a um assalto foi preso, nesta quinta-feira (1\u00b0), na","og_url":"https:\/\/brasilnoticias.org\/site\/operacao-prende-homem-apontado-como-autor-de-execucao-de-pm\/","og_site_name":"Brasil not\u00edcias","article_published_time":"2023-06-02T20:54:43+00:00","og_image":[{"width":800,"height":450,"url":"https:\/\/brasilnoticias.org\/site\/wp-content\/uploads\/2023\/06\/homem-prisa-suspeita-morte-pm_widelg.jpg","type":"image\/jpeg"}],"author":"Reda\u00e7\u00e3o","twitter_card":"summary_large_image","twitter_misc":{"Escrito por":"Reda\u00e7\u00e3o"},"schema":{"@context":"https:\/\/schema.org","@graph":[{"@type":"Article","@id":"https:\/\/brasilnoticias.org\/site\/operacao-prende-homem-apontado-como-autor-de-execucao-de-pm\/#article","isPartOf":{"@id":"https:\/\/brasilnoticias.org\/site\/operacao-prende-homem-apontado-como-autor-de-execucao-de-pm\/"},"author":{"name":"Reda\u00e7\u00e3o","@id":"https:\/\/brasilnoticias.org\/site\/#\/schema\/person\/a0e05b973ec4d15c658d51911e53507b"},"headline":"Opera\u00e7\u00e3o prende homem apontado como autor de execu\u00e7\u00e3o de PM","datePublished":"2023-06-02T20:54:43+00:00","mainEntityOfPage":{"@id":"https:\/\/brasilnoticias.org\/site\/operacao-prende-homem-apontado-como-autor-de-execucao-de-pm\/"},"wordCount":314,"commentCount":0,"publisher":{"@id":"https:\/\/brasilnoticias.org\/site\/#organization"},"image":{"@id":"https:\/\/brasilnoticias.org\/site\/operacao-prende-homem-apontado-como-autor-de-execucao-de-pm\/#primaryimage"},"thumbnailUrl":"https:\/\/brasilnoticias.org\/site\/wp-content\/uploads\/2023\/06\/homem-prisa-suspeita-morte-pm_widelg.jpg","articleSection":["Pol\u00edcia","\u00daltimas"],"inLanguage":"pt-PT","potentialAction":[{"@type":"CommentAction","name":"Comment","target":["https:\/\/brasilnoticias.org\/site\/operacao-prende-homem-apontado-como-autor-de-execucao-de-pm\/#respond"]}]},{"@type":"WebPage","@id":"https:\/\/brasilnoticias.org\/site\/operacao-prende-homem-apontado-como-autor-de-execucao-de-pm\/","url":"https:\/\/brasilnoticias.org\/site\/operacao-prende-homem-apontado-como-autor-de-execucao-de-pm\/","name":"Opera\u00e7\u00e3o prende homem apontado como autor de execu\u00e7\u00e3o de PM - Brasil not\u00edcias","isPartOf":{"@id":"https:\/\/brasilnoticias.org\/site\/#website"},"primaryImageOfPage":{"@id":"https:\/\/brasilnoticias.org\/site\/operacao-prende-homem-apontado-como-autor-de-execucao-de-pm\/#primaryimage"},"image":{"@id":"https:\/\/brasilnoticias.org\/site\/operacao-prende-homem-apontado-como-autor-de-execucao-de-pm\/#primaryimage"},"thumbnailUrl":"https:\/\/brasilnoticias.org\/site\/wp-content\/uploads\/2023\/06\/homem-prisa-suspeita-morte-pm_widelg.jpg","datePublished":"2023-06-02T20:54:43+00:00","breadcrumb":{"@id":"https:\/\/brasilnoticias.org\/site\/operacao-prende-homem-apontado-como-autor-de-execucao-de-pm\/#breadcrumb"},"inLanguage":"pt-PT","potentialAction":[{"@type":"ReadAction","target":["https:\/\/brasilnoticias.org\/site\/operacao-prende-homem-apontado-como-autor-de-execucao-de-pm\/"]}]},{"@type":"ImageObject","inLanguage":"pt-PT","@id":"https:\/\/brasilnoticias.org\/site\/operacao-prende-homem-apontado-como-autor-de-execucao-de-pm\/#primaryimage","url":"https:\/\/brasilnoticias.org\/site\/wp-content\/uploads\/2023\/06\/homem-prisa-suspeita-morte-pm_widelg.jpg","contentUrl":"https:\/\/brasilnoticias.org\/site\/wp-content\/uploads\/2023\/06\/homem-prisa-suspeita-morte-pm_widelg.jpg","width":800,"height":450},{"@type":"BreadcrumbList","@id":"https:\/\/brasilnoticias.org\/site\/operacao-prende-homem-apontado-como-autor-de-execucao-de-pm\/#breadcrumb","itemListElement":[{"@type":"ListItem","position":1,"name":"In\u00edcio","item":"https:\/\/brasilnoticias.org\/site\/"},{"@type":"ListItem","position":2,"name":"Opera\u00e7\u00e3o prende homem apontado como autor de execu\u00e7\u00e3o de PM"}]},{"@type":"WebSite","@id":"https:\/\/brasilnoticias.org\/site\/#website","url":"https:\/\/brasilnoticias.org\/site\/","name":"Brasil not\u00edcias","description":"Brasil not\u00edcias","publisher":{"@id":"https:\/\/brasilnoticias.org\/site\/#organization"},"potentialAction":[{"@type":"SearchAction","target":{"@type":"EntryPoint","urlTemplate":"https:\/\/brasilnoticias.org\/site\/?s={search_term_string}"},"query-input":{"@type":"PropertyValueSpecification","valueRequired":true,"valueName":"search_term_string"}}],"inLanguage":"pt-PT"},{"@type":"Organization","@id":"https:\/\/brasilnoticias.org\/site\/#organization","name":"Brasil not\u00edcias","url":"https:\/\/brasilnoticias.org\/site\/","logo":{"@type":"ImageObject","inLanguage":"pt-PT","@id":"https:\/\/brasilnoticias.org\/site\/#\/schema\/logo\/image\/","url":"https:\/\/brasilnoticias.org\/site\/wp-content\/uploads\/2022\/05\/cropped-brasilnoticias-mini.jpg","contentUrl":"https:\/\/brasilnoticias.org\/site\/wp-content\/uploads\/2022\/05\/cropped-brasilnoticias-mini.jpg","width":314,"height":86,"caption":"Brasil not\u00edcias"},"image":{"@id":"https:\/\/brasilnoticias.org\/site\/#\/schema\/logo\/image\/"}},{"@type":"Person","@id":"https:\/\/brasilnoticias.org\/site\/#\/schema\/person\/a0e05b973ec4d15c658d51911e53507b","name":"Reda\u00e7\u00e3o","image":{"@type":"ImageObject","inLanguage":"pt-PT","@id":"https:\/\/brasilnoticias.org\/site\/#\/schema\/person\/image\/","url":"https:\/\/secure.gravatar.com\/avatar\/75d8b050df2de108b08ae78dfb8e374892df24a383c67db9c46a9c604f6aee9c?s=96&d=mm&r=g","contentUrl":"https:\/\/secure.gravatar.com\/avatar\/75d8b050df2de108b08ae78dfb8e374892df24a383c67db9c46a9c604f6aee9c?s=96&d=mm&r=g","caption":"Reda\u00e7\u00e3o"},"sameAs":["https:\/\/brasilnoticias.org\/site"],"url":"https:\/\/brasilnoticias.org\/site\/author\/fernandozsngmail-com\/"}]}},"_links":{"self":[{"href":"https:\/\/brasilnoticias.org\/site\/wp-json\/wp\/v2\/posts\/6458","targetHints":{"allow":["GET"]}}],"collection":[{"href":"https:\/\/brasilnoticias.org\/site\/wp-json\/wp\/v2\/posts"}],"about":[{"href":"https:\/\/brasilnoticias.org\/site\/wp-json\/wp\/v2\/types\/post"}],"author":[{"embeddable":true,"href":"https:\/\/brasilnoticias.org\/site\/wp-json\/wp\/v2\/users\/1"}],"replies":[{"embeddable":true,"href":"https:\/\/brasilnoticias.org\/site\/wp-json\/wp\/v2\/comments?post=6458"}],"version-history":[{"count":1,"href":"https:\/\/brasilnoticias.org\/site\/wp-json\/wp\/v2\/posts\/6458\/revisions"}],"predecessor-version":[{"id":6460,"href":"https:\/\/brasilnoticias.org\/site\/wp-json\/wp\/v2\/posts\/6458\/revisions\/6460"}],"wp:featuredmedia":[{"embeddable":true,"href":"https:\/\/brasilnoticias.org\/site\/wp-json\/wp\/v2\/media\/6459"}],"wp:attachment":[{"href":"https:\/\/brasilnoticias.org\/site\/wp-json\/wp\/v2\/media?parent=6458"}],"wp:term":[{"taxonomy":"category","embeddable":true,"href":"https:\/\/brasilnoticias.org\/site\/wp-json\/wp\/v2\/categories?post=6458"},{"taxonomy":"post_tag","embeddable":true,"href":"https:\/\/brasilnoticias.org\/site\/wp-json\/wp\/v2\/tags?post=6458"}],"curies":[{"name":"wp","href":"https:\/\/api.w.org\/{rel}","templated":true}]}}