{"id":6461,"date":"2023-06-03T06:49:13","date_gmt":"2023-06-03T09:49:13","guid":{"rendered":"https:\/\/brasilnoticias.org\/site\/?p=6461"},"modified":"2023-06-03T06:49:13","modified_gmt":"2023-06-03T09:49:13","slug":"tecnico-de-som-e-expulso-do-barradao-apos-chamar-local-de-barra-lixo-confira-video","status":"publish","type":"post","link":"https:\/\/brasilnoticias.org\/site\/tecnico-de-som-e-expulso-do-barradao-apos-chamar-local-de-barra-lixo-confira-video\/","title":{"rendered":"T\u00e9cnico de som \u00e9 expulso do Barrad\u00e3o ap\u00f3s chamar local de &#8221; barra lixo&#8221;; confira v\u00eddeo"},"content":{"rendered":"<p>Um t\u00e9cnico de som que trabalharia no Barrad\u00e3o, no jogo desta sexta-feira (2), \u00e0s 21h30, foi expulso do est\u00e1dio ap\u00f3s uma publica\u00e7\u00e3o desrespeitosa nos stories do seu Instagram, na qual refere-se ao local como  &#8216;Barra lixo&#8217;. Um funcion\u00e1rio do Vit\u00f3ria foi avisado da foto e retirou o homem do local.<\/p>\n<p>Segundo um dos funcion\u00e1rios presentes no v\u00eddeo, a pr\u00f3pria TUI, torcida uniformizada do Vit\u00f3ria, teria avisado sobre a publica\u00e7\u00e3o. Este mesmo homem, que est\u00e1 gravando o v\u00eddeo, repreende o t\u00e9cnico e, irritado, afirma que a atitude coloca em risco outros funcion\u00e1rios que trabalham no est\u00e1dio.<\/p>\n<blockquote class=\"twitter-tweet\">\n<p lang=\"pt\" dir=\"ltr\">T\u00e9cnico de som \u00e9 expulso do Barrad\u00e3o ap\u00f3s se referir ao local como \u201cbarra lixo\u201d <a href=\"https:\/\/t.co\/PqITxZTHOO\">pic.twitter.com\/PqITxZTHOO<\/a><\/p>\n<p>&mdash; BNews (@bnews_oficial) <a href=\"https:\/\/twitter.com\/bnews_oficial\/status\/1664746924077989889?ref_src=twsrc%5Etfw\">June 2, 2023<\/a><\/p><\/blockquote>\n<p> <script async src=\"https:\/\/platform.twitter.com\/widgets.js\" charset=\"utf-8\"><\/script><\/p>\n<p>Foto Reprodu\u00e7\u00e3o\/Redes Sociais<br \/>\nBNews<\/p>\n","protected":false},"excerpt":{"rendered":"<p>Um t\u00e9cnico de som que trabalharia no Barrad\u00e3o, no jogo desta sexta-feira (2), \u00e0s 21h30, foi expulso do est\u00e1dio ap\u00f3s<\/p>\n","protected":false},"author":1,"featured_media":6462,"comment_status":"open","ping_status":"open","sticky":false,"template":"","format":"standard","meta":{"colormag_page_container_layout":"default_layout","colormag_page_sidebar_layout":"default_layout","_FSMCFIC_featured_image_caption":"","_FSMCFIC_featured_image_nocaption":"","_FSMCFIC_featured_image_hide":"","footnotes":""},"categories":[2,1],"tags":[],"class_list":["post-6461","post","type-post","status-publish","format-standard","has-post-thumbnail","hentry","category-noticias","category-ultimas"],"yoast_head":"<!-- This site is optimized with the Yoast SEO plugin v27.1.1 - https:\/\/yoast.com\/product\/yoast-seo-wordpress\/ -->\n<title>T\u00e9cnico de som \u00e9 expulso do Barrad\u00e3o ap\u00f3s chamar local de &quot; barra lixo&quot;; confira v\u00eddeo - Brasil not\u00edcias<\/title>\n<meta name=\"robots\" content=\"index, follow, max-snippet:-1, max-image-preview:large, max-video-preview:-1\" \/>\n<link rel=\"canonical\" href=\"https:\/\/brasilnoticias.org\/site\/tecnico-de-som-e-expulso-do-barradao-apos-chamar-local-de-barra-lixo-confira-video\/\" \/>\n<meta property=\"og:locale\" content=\"pt_PT\" \/>\n<meta property=\"og:type\" content=\"article\" \/>\n<meta property=\"og:title\" content=\"T\u00e9cnico de som \u00e9 expulso do Barrad\u00e3o ap\u00f3s chamar local de &quot; barra lixo&quot;; confira v\u00eddeo - Brasil not\u00edcias\" \/>\n<meta property=\"og:description\" content=\"Um t\u00e9cnico de som que trabalharia no Barrad\u00e3o, no jogo desta sexta-feira (2), \u00e0s 21h30, foi expulso do est\u00e1dio ap\u00f3s\" \/>\n<meta property=\"og:url\" content=\"https:\/\/brasilnoticias.org\/site\/tecnico-de-som-e-expulso-do-barradao-apos-chamar-local-de-barra-lixo-confira-video\/\" \/>\n<meta property=\"og:site_name\" content=\"Brasil not\u00edcias\" \/>\n<meta property=\"article:published_time\" content=\"2023-06-03T09:49:13+00:00\" \/>\n<meta property=\"og:image\" content=\"https:\/\/brasilnoticias.org\/site\/wp-content\/uploads\/2023\/06\/essa_widelg.jpg\" \/>\n\t<meta property=\"og:image:width\" content=\"629\" \/>\n\t<meta property=\"og:image:height\" content=\"415\" \/>\n\t<meta property=\"og:image:type\" content=\"image\/jpeg\" \/>\n<meta name=\"author\" content=\"Reda\u00e7\u00e3o\" \/>\n<meta name=\"twitter:card\" content=\"summary_large_image\" \/>\n<meta name=\"twitter:label1\" content=\"Escrito por\" \/>\n\t<meta name=\"twitter:data1\" content=\"Reda\u00e7\u00e3o\" \/>\n<script type=\"application\/ld+json\" class=\"yoast-schema-graph\">{\"@context\":\"https:\/\/schema.org\",\"@graph\":[{\"@type\":\"Article\",\"@id\":\"https:\/\/brasilnoticias.org\/site\/tecnico-de-som-e-expulso-do-barradao-apos-chamar-local-de-barra-lixo-confira-video\/#article\",\"isPartOf\":{\"@id\":\"https:\/\/brasilnoticias.org\/site\/tecnico-de-som-e-expulso-do-barradao-apos-chamar-local-de-barra-lixo-confira-video\/\"},\"author\":{\"name\":\"Reda\u00e7\u00e3o\",\"@id\":\"https:\/\/brasilnoticias.org\/site\/#\/schema\/person\/a0e05b973ec4d15c658d51911e53507b\"},\"headline\":\"T\u00e9cnico de som \u00e9 expulso do Barrad\u00e3o ap\u00f3s chamar local de &#8221; barra lixo&#8221;; confira v\u00eddeo\",\"datePublished\":\"2023-06-03T09:49:13+00:00\",\"mainEntityOfPage\":{\"@id\":\"https:\/\/brasilnoticias.org\/site\/tecnico-de-som-e-expulso-do-barradao-apos-chamar-local-de-barra-lixo-confira-video\/\"},\"wordCount\":160,\"commentCount\":0,\"publisher\":{\"@id\":\"https:\/\/brasilnoticias.org\/site\/#organization\"},\"image\":{\"@id\":\"https:\/\/brasilnoticias.org\/site\/tecnico-de-som-e-expulso-do-barradao-apos-chamar-local-de-barra-lixo-confira-video\/#primaryimage\"},\"thumbnailUrl\":\"https:\/\/brasilnoticias.org\/site\/wp-content\/uploads\/2023\/06\/essa_widelg.jpg\",\"articleSection\":[\"Not\u00edcias\",\"\u00daltimas\"],\"inLanguage\":\"pt-PT\",\"potentialAction\":[{\"@type\":\"CommentAction\",\"name\":\"Comment\",\"target\":[\"https:\/\/brasilnoticias.org\/site\/tecnico-de-som-e-expulso-do-barradao-apos-chamar-local-de-barra-lixo-confira-video\/#respond\"]}]},{\"@type\":\"WebPage\",\"@id\":\"https:\/\/brasilnoticias.org\/site\/tecnico-de-som-e-expulso-do-barradao-apos-chamar-local-de-barra-lixo-confira-video\/\",\"url\":\"https:\/\/brasilnoticias.org\/site\/tecnico-de-som-e-expulso-do-barradao-apos-chamar-local-de-barra-lixo-confira-video\/\",\"name\":\"T\u00e9cnico de som \u00e9 expulso do Barrad\u00e3o ap\u00f3s chamar local de \\\" barra lixo\\\"; confira v\u00eddeo - Brasil not\u00edcias\",\"isPartOf\":{\"@id\":\"https:\/\/brasilnoticias.org\/site\/#website\"},\"primaryImageOfPage\":{\"@id\":\"https:\/\/brasilnoticias.org\/site\/tecnico-de-som-e-expulso-do-barradao-apos-chamar-local-de-barra-lixo-confira-video\/#primaryimage\"},\"image\":{\"@id\":\"https:\/\/brasilnoticias.org\/site\/tecnico-de-som-e-expulso-do-barradao-apos-chamar-local-de-barra-lixo-confira-video\/#primaryimage\"},\"thumbnailUrl\":\"https:\/\/brasilnoticias.org\/site\/wp-content\/uploads\/2023\/06\/essa_widelg.jpg\",\"datePublished\":\"2023-06-03T09:49:13+00:00\",\"breadcrumb\":{\"@id\":\"https:\/\/brasilnoticias.org\/site\/tecnico-de-som-e-expulso-do-barradao-apos-chamar-local-de-barra-lixo-confira-video\/#breadcrumb\"},\"inLanguage\":\"pt-PT\",\"potentialAction\":[{\"@type\":\"ReadAction\",\"target\":[\"https:\/\/brasilnoticias.org\/site\/tecnico-de-som-e-expulso-do-barradao-apos-chamar-local-de-barra-lixo-confira-video\/\"]}]},{\"@type\":\"ImageObject\",\"inLanguage\":\"pt-PT\",\"@id\":\"https:\/\/brasilnoticias.org\/site\/tecnico-de-som-e-expulso-do-barradao-apos-chamar-local-de-barra-lixo-confira-video\/#primaryimage\",\"url\":\"https:\/\/brasilnoticias.org\/site\/wp-content\/uploads\/2023\/06\/essa_widelg.jpg\",\"contentUrl\":\"https:\/\/brasilnoticias.org\/site\/wp-content\/uploads\/2023\/06\/essa_widelg.jpg\",\"width\":629,\"height\":415},{\"@type\":\"BreadcrumbList\",\"@id\":\"https:\/\/brasilnoticias.org\/site\/tecnico-de-som-e-expulso-do-barradao-apos-chamar-local-de-barra-lixo-confira-video\/#breadcrumb\",\"itemListElement\":[{\"@type\":\"ListItem\",\"position\":1,\"name\":\"In\u00edcio\",\"item\":\"https:\/\/brasilnoticias.org\/site\/\"},{\"@type\":\"ListItem\",\"position\":2,\"name\":\"T\u00e9cnico de som \u00e9 expulso do Barrad\u00e3o ap\u00f3s chamar local de &#8221; barra lixo&#8221;; confira v\u00eddeo\"}]},{\"@type\":\"WebSite\",\"@id\":\"https:\/\/brasilnoticias.org\/site\/#website\",\"url\":\"https:\/\/brasilnoticias.org\/site\/\",\"name\":\"Brasil not\u00edcias\",\"description\":\"Brasil not\u00edcias\",\"publisher\":{\"@id\":\"https:\/\/brasilnoticias.org\/site\/#organization\"},\"potentialAction\":[{\"@type\":\"SearchAction\",\"target\":{\"@type\":\"EntryPoint\",\"urlTemplate\":\"https:\/\/brasilnoticias.org\/site\/?s={search_term_string}\"},\"query-input\":{\"@type\":\"PropertyValueSpecification\",\"valueRequired\":true,\"valueName\":\"search_term_string\"}}],\"inLanguage\":\"pt-PT\"},{\"@type\":\"Organization\",\"@id\":\"https:\/\/brasilnoticias.org\/site\/#organization\",\"name\":\"Brasil not\u00edcias\",\"url\":\"https:\/\/brasilnoticias.org\/site\/\",\"logo\":{\"@type\":\"ImageObject\",\"inLanguage\":\"pt-PT\",\"@id\":\"https:\/\/brasilnoticias.org\/site\/#\/schema\/logo\/image\/\",\"url\":\"https:\/\/brasilnoticias.org\/site\/wp-content\/uploads\/2022\/05\/cropped-brasilnoticias-mini.jpg\",\"contentUrl\":\"https:\/\/brasilnoticias.org\/site\/wp-content\/uploads\/2022\/05\/cropped-brasilnoticias-mini.jpg\",\"width\":314,\"height\":86,\"caption\":\"Brasil not\u00edcias\"},\"image\":{\"@id\":\"https:\/\/brasilnoticias.org\/site\/#\/schema\/logo\/image\/\"}},{\"@type\":\"Person\",\"@id\":\"https:\/\/brasilnoticias.org\/site\/#\/schema\/person\/a0e05b973ec4d15c658d51911e53507b\",\"name\":\"Reda\u00e7\u00e3o\",\"image\":{\"@type\":\"ImageObject\",\"inLanguage\":\"pt-PT\",\"@id\":\"https:\/\/brasilnoticias.org\/site\/#\/schema\/person\/image\/\",\"url\":\"https:\/\/secure.gravatar.com\/avatar\/75d8b050df2de108b08ae78dfb8e374892df24a383c67db9c46a9c604f6aee9c?s=96&d=mm&r=g\",\"contentUrl\":\"https:\/\/secure.gravatar.com\/avatar\/75d8b050df2de108b08ae78dfb8e374892df24a383c67db9c46a9c604f6aee9c?s=96&d=mm&r=g\",\"caption\":\"Reda\u00e7\u00e3o\"},\"sameAs\":[\"https:\/\/brasilnoticias.org\/site\"],\"url\":\"https:\/\/brasilnoticias.org\/site\/author\/fernandozsngmail-com\/\"}]}<\/script>\n<!-- \/ Yoast SEO plugin. -->","yoast_head_json":{"title":"T\u00e9cnico de som \u00e9 expulso do Barrad\u00e3o ap\u00f3s chamar local de \" barra lixo\"; confira v\u00eddeo - Brasil not\u00edcias","robots":{"index":"index","follow":"follow","max-snippet":"max-snippet:-1","max-image-preview":"max-image-preview:large","max-video-preview":"max-video-preview:-1"},"canonical":"https:\/\/brasilnoticias.org\/site\/tecnico-de-som-e-expulso-do-barradao-apos-chamar-local-de-barra-lixo-confira-video\/","og_locale":"pt_PT","og_type":"article","og_title":"T\u00e9cnico de som \u00e9 expulso do Barrad\u00e3o ap\u00f3s chamar local de \" barra lixo\"; confira v\u00eddeo - Brasil not\u00edcias","og_description":"Um t\u00e9cnico de som que trabalharia no Barrad\u00e3o, no jogo desta sexta-feira (2), \u00e0s 21h30, foi expulso do est\u00e1dio ap\u00f3s","og_url":"https:\/\/brasilnoticias.org\/site\/tecnico-de-som-e-expulso-do-barradao-apos-chamar-local-de-barra-lixo-confira-video\/","og_site_name":"Brasil not\u00edcias","article_published_time":"2023-06-03T09:49:13+00:00","og_image":[{"width":629,"height":415,"url":"https:\/\/brasilnoticias.org\/site\/wp-content\/uploads\/2023\/06\/essa_widelg.jpg","type":"image\/jpeg"}],"author":"Reda\u00e7\u00e3o","twitter_card":"summary_large_image","twitter_misc":{"Escrito por":"Reda\u00e7\u00e3o"},"schema":{"@context":"https:\/\/schema.org","@graph":[{"@type":"Article","@id":"https:\/\/brasilnoticias.org\/site\/tecnico-de-som-e-expulso-do-barradao-apos-chamar-local-de-barra-lixo-confira-video\/#article","isPartOf":{"@id":"https:\/\/brasilnoticias.org\/site\/tecnico-de-som-e-expulso-do-barradao-apos-chamar-local-de-barra-lixo-confira-video\/"},"author":{"name":"Reda\u00e7\u00e3o","@id":"https:\/\/brasilnoticias.org\/site\/#\/schema\/person\/a0e05b973ec4d15c658d51911e53507b"},"headline":"T\u00e9cnico de som \u00e9 expulso do Barrad\u00e3o ap\u00f3s chamar local de &#8221; barra lixo&#8221;; confira v\u00eddeo","datePublished":"2023-06-03T09:49:13+00:00","mainEntityOfPage":{"@id":"https:\/\/brasilnoticias.org\/site\/tecnico-de-som-e-expulso-do-barradao-apos-chamar-local-de-barra-lixo-confira-video\/"},"wordCount":160,"commentCount":0,"publisher":{"@id":"https:\/\/brasilnoticias.org\/site\/#organization"},"image":{"@id":"https:\/\/brasilnoticias.org\/site\/tecnico-de-som-e-expulso-do-barradao-apos-chamar-local-de-barra-lixo-confira-video\/#primaryimage"},"thumbnailUrl":"https:\/\/brasilnoticias.org\/site\/wp-content\/uploads\/2023\/06\/essa_widelg.jpg","articleSection":["Not\u00edcias","\u00daltimas"],"inLanguage":"pt-PT","potentialAction":[{"@type":"CommentAction","name":"Comment","target":["https:\/\/brasilnoticias.org\/site\/tecnico-de-som-e-expulso-do-barradao-apos-chamar-local-de-barra-lixo-confira-video\/#respond"]}]},{"@type":"WebPage","@id":"https:\/\/brasilnoticias.org\/site\/tecnico-de-som-e-expulso-do-barradao-apos-chamar-local-de-barra-lixo-confira-video\/","url":"https:\/\/brasilnoticias.org\/site\/tecnico-de-som-e-expulso-do-barradao-apos-chamar-local-de-barra-lixo-confira-video\/","name":"T\u00e9cnico de som \u00e9 expulso do Barrad\u00e3o ap\u00f3s chamar local de \" barra lixo\"; confira v\u00eddeo - Brasil not\u00edcias","isPartOf":{"@id":"https:\/\/brasilnoticias.org\/site\/#website"},"primaryImageOfPage":{"@id":"https:\/\/brasilnoticias.org\/site\/tecnico-de-som-e-expulso-do-barradao-apos-chamar-local-de-barra-lixo-confira-video\/#primaryimage"},"image":{"@id":"https:\/\/brasilnoticias.org\/site\/tecnico-de-som-e-expulso-do-barradao-apos-chamar-local-de-barra-lixo-confira-video\/#primaryimage"},"thumbnailUrl":"https:\/\/brasilnoticias.org\/site\/wp-content\/uploads\/2023\/06\/essa_widelg.jpg","datePublished":"2023-06-03T09:49:13+00:00","breadcrumb":{"@id":"https:\/\/brasilnoticias.org\/site\/tecnico-de-som-e-expulso-do-barradao-apos-chamar-local-de-barra-lixo-confira-video\/#breadcrumb"},"inLanguage":"pt-PT","potentialAction":[{"@type":"ReadAction","target":["https:\/\/brasilnoticias.org\/site\/tecnico-de-som-e-expulso-do-barradao-apos-chamar-local-de-barra-lixo-confira-video\/"]}]},{"@type":"ImageObject","inLanguage":"pt-PT","@id":"https:\/\/brasilnoticias.org\/site\/tecnico-de-som-e-expulso-do-barradao-apos-chamar-local-de-barra-lixo-confira-video\/#primaryimage","url":"https:\/\/brasilnoticias.org\/site\/wp-content\/uploads\/2023\/06\/essa_widelg.jpg","contentUrl":"https:\/\/brasilnoticias.org\/site\/wp-content\/uploads\/2023\/06\/essa_widelg.jpg","width":629,"height":415},{"@type":"BreadcrumbList","@id":"https:\/\/brasilnoticias.org\/site\/tecnico-de-som-e-expulso-do-barradao-apos-chamar-local-de-barra-lixo-confira-video\/#breadcrumb","itemListElement":[{"@type":"ListItem","position":1,"name":"In\u00edcio","item":"https:\/\/brasilnoticias.org\/site\/"},{"@type":"ListItem","position":2,"name":"T\u00e9cnico de som \u00e9 expulso do Barrad\u00e3o ap\u00f3s chamar local de &#8221; barra lixo&#8221;; confira v\u00eddeo"}]},{"@type":"WebSite","@id":"https:\/\/brasilnoticias.org\/site\/#website","url":"https:\/\/brasilnoticias.org\/site\/","name":"Brasil not\u00edcias","description":"Brasil not\u00edcias","publisher":{"@id":"https:\/\/brasilnoticias.org\/site\/#organization"},"potentialAction":[{"@type":"SearchAction","target":{"@type":"EntryPoint","urlTemplate":"https:\/\/brasilnoticias.org\/site\/?s={search_term_string}"},"query-input":{"@type":"PropertyValueSpecification","valueRequired":true,"valueName":"search_term_string"}}],"inLanguage":"pt-PT"},{"@type":"Organization","@id":"https:\/\/brasilnoticias.org\/site\/#organization","name":"Brasil not\u00edcias","url":"https:\/\/brasilnoticias.org\/site\/","logo":{"@type":"ImageObject","inLanguage":"pt-PT","@id":"https:\/\/brasilnoticias.org\/site\/#\/schema\/logo\/image\/","url":"https:\/\/brasilnoticias.org\/site\/wp-content\/uploads\/2022\/05\/cropped-brasilnoticias-mini.jpg","contentUrl":"https:\/\/brasilnoticias.org\/site\/wp-content\/uploads\/2022\/05\/cropped-brasilnoticias-mini.jpg","width":314,"height":86,"caption":"Brasil not\u00edcias"},"image":{"@id":"https:\/\/brasilnoticias.org\/site\/#\/schema\/logo\/image\/"}},{"@type":"Person","@id":"https:\/\/brasilnoticias.org\/site\/#\/schema\/person\/a0e05b973ec4d15c658d51911e53507b","name":"Reda\u00e7\u00e3o","image":{"@type":"ImageObject","inLanguage":"pt-PT","@id":"https:\/\/brasilnoticias.org\/site\/#\/schema\/person\/image\/","url":"https:\/\/secure.gravatar.com\/avatar\/75d8b050df2de108b08ae78dfb8e374892df24a383c67db9c46a9c604f6aee9c?s=96&d=mm&r=g","contentUrl":"https:\/\/secure.gravatar.com\/avatar\/75d8b050df2de108b08ae78dfb8e374892df24a383c67db9c46a9c604f6aee9c?s=96&d=mm&r=g","caption":"Reda\u00e7\u00e3o"},"sameAs":["https:\/\/brasilnoticias.org\/site"],"url":"https:\/\/brasilnoticias.org\/site\/author\/fernandozsngmail-com\/"}]}},"_links":{"self":[{"href":"https:\/\/brasilnoticias.org\/site\/wp-json\/wp\/v2\/posts\/6461","targetHints":{"allow":["GET"]}}],"collection":[{"href":"https:\/\/brasilnoticias.org\/site\/wp-json\/wp\/v2\/posts"}],"about":[{"href":"https:\/\/brasilnoticias.org\/site\/wp-json\/wp\/v2\/types\/post"}],"author":[{"embeddable":true,"href":"https:\/\/brasilnoticias.org\/site\/wp-json\/wp\/v2\/users\/1"}],"replies":[{"embeddable":true,"href":"https:\/\/brasilnoticias.org\/site\/wp-json\/wp\/v2\/comments?post=6461"}],"version-history":[{"count":1,"href":"https:\/\/brasilnoticias.org\/site\/wp-json\/wp\/v2\/posts\/6461\/revisions"}],"predecessor-version":[{"id":6463,"href":"https:\/\/brasilnoticias.org\/site\/wp-json\/wp\/v2\/posts\/6461\/revisions\/6463"}],"wp:featuredmedia":[{"embeddable":true,"href":"https:\/\/brasilnoticias.org\/site\/wp-json\/wp\/v2\/media\/6462"}],"wp:attachment":[{"href":"https:\/\/brasilnoticias.org\/site\/wp-json\/wp\/v2\/media?parent=6461"}],"wp:term":[{"taxonomy":"category","embeddable":true,"href":"https:\/\/brasilnoticias.org\/site\/wp-json\/wp\/v2\/categories?post=6461"},{"taxonomy":"post_tag","embeddable":true,"href":"https:\/\/brasilnoticias.org\/site\/wp-json\/wp\/v2\/tags?post=6461"}],"curies":[{"name":"wp","href":"https:\/\/api.w.org\/{rel}","templated":true}]}}