{"id":6503,"date":"2023-06-05T06:29:23","date_gmt":"2023-06-05T09:29:23","guid":{"rendered":"https:\/\/brasilnoticias.org\/site\/?p=6503"},"modified":"2023-06-05T06:29:23","modified_gmt":"2023-06-05T09:29:23","slug":"policia-flagra-carga-de-drogas-e-derruba-comercio-interestadual","status":"publish","type":"post","link":"https:\/\/brasilnoticias.org\/site\/policia-flagra-carga-de-drogas-e-derruba-comercio-interestadual\/","title":{"rendered":"Pol\u00edcia flagra carga de drogas e derruba \u2018com\u00e9rcio\u2019 interestadual"},"content":{"rendered":"<p>Uma a\u00e7\u00e3o organizada em conjunto pelas Pol\u00edcia Civil e Rodovi\u00e1ria Federal desencadeou na apreens\u00e3o de aproximadamente 400 quilos de drogas, como por exemplo, maconha e coca\u00edna. O caso aconteceu neste s\u00e1bado (3), na cidade de Cajazeiras, localizada no Sert\u00e3o do Para\u00edba. <\/p>\n<p>A carga estava na parte interna de uma carreta que teve como sa\u00edda a cidade de S\u00e3o Paulo, de acordo com informa\u00e7\u00f5es divulgadas pela PC. As investiga\u00e7\u00f5es indicam que a droga teria como destino o sert\u00e3o do estado nordestino, al\u00e9m de outros estados do Brasil, os quais seriam abastecidos ap\u00f3s o \u2018com\u00e9rcio\u2019 interestadual. <\/p>\n<p>Em fun\u00e7\u00e3o do caso, o condutor do ve\u00edculo foi preso e deslocado para a delegacia de Pol\u00edcia Civil. At\u00e9 o momento, a identidade do suspeito n\u00e3o foi divulgada.<\/p>\n<p>&#8216;Empreendedor do tr\u00e1fico&#8217;<\/p>\n<p>Um adolescente foi flagrado, neste s\u00e1bado (3), com uma sacola de drogas, no bairro de Engenho Velho de Brotas, em Salvador. Ap\u00f3s notar a presen\u00e7a de policias do Esquadr\u00e3o \u00c1guia da Pol\u00edcia Militar, que faziam rondas na localidade, ele correu e deixou para tr\u00e1s o material.<\/p>\n<p>Dentro do pacote estavam 300 pedras de crack, 32 por\u00e7\u00f5es de &#8220;lol\u00f3&#8221;, 23 pinos de coca\u00edna, uma muni\u00e7\u00e3o para fuzil calibre 5.56, dois celulares e uma m\u00e1quina de cart\u00e3o, utilizado para receber o pagamento dos seus \u201cclientes\u201d. As informa\u00e7\u00f5es s\u00e3o da Secretaria de Seguran\u00e7a P\u00fablica da Bahia (SSP-BA).<\/p>\n<p>Foto Divulga\u00e7\u00e3o\/Pol\u00edcia Civil<br \/>\nBNews<\/p>\n","protected":false},"excerpt":{"rendered":"<p>Uma a\u00e7\u00e3o organizada em conjunto pelas Pol\u00edcia Civil e Rodovi\u00e1ria Federal desencadeou na apreens\u00e3o de aproximadamente 400 quilos de drogas,<\/p>\n","protected":false},"author":1,"featured_media":6504,"comment_status":"open","ping_status":"open","sticky":false,"template":"","format":"standard","meta":{"colormag_page_container_layout":"default_layout","colormag_page_sidebar_layout":"default_layout","_FSMCFIC_featured_image_caption":"","_FSMCFIC_featured_image_nocaption":"","_FSMCFIC_featured_image_hide":"","footnotes":""},"categories":[3,1],"tags":[],"class_list":["post-6503","post","type-post","status-publish","format-standard","has-post-thumbnail","hentry","category-policia","category-ultimas"],"yoast_head":"<!-- This site is optimized with the Yoast SEO plugin v27.1.1 - https:\/\/yoast.com\/product\/yoast-seo-wordpress\/ -->\n<title>Pol\u00edcia flagra carga de drogas e derruba \u2018com\u00e9rcio\u2019 interestadual - Brasil not\u00edcias<\/title>\n<meta name=\"robots\" content=\"index, follow, max-snippet:-1, max-image-preview:large, max-video-preview:-1\" \/>\n<link rel=\"canonical\" href=\"https:\/\/brasilnoticias.org\/site\/policia-flagra-carga-de-drogas-e-derruba-comercio-interestadual\/\" \/>\n<meta property=\"og:locale\" content=\"pt_PT\" \/>\n<meta property=\"og:type\" content=\"article\" \/>\n<meta property=\"og:title\" content=\"Pol\u00edcia flagra carga de drogas e derruba \u2018com\u00e9rcio\u2019 interestadual - Brasil not\u00edcias\" \/>\n<meta property=\"og:description\" content=\"Uma a\u00e7\u00e3o organizada em conjunto pelas Pol\u00edcia Civil e Rodovi\u00e1ria Federal desencadeou na apreens\u00e3o de aproximadamente 400 quilos de drogas,\" \/>\n<meta property=\"og:url\" content=\"https:\/\/brasilnoticias.org\/site\/policia-flagra-carga-de-drogas-e-derruba-comercio-interestadual\/\" \/>\n<meta property=\"og:site_name\" content=\"Brasil not\u00edcias\" \/>\n<meta property=\"article:published_time\" content=\"2023-06-05T09:29:23+00:00\" \/>\n<meta property=\"og:image\" content=\"https:\/\/brasilnoticias.org\/site\/wp-content\/uploads\/2023\/06\/policia-carga-comercio-interestadual_widelg.jpg\" \/>\n\t<meta property=\"og:image:width\" content=\"800\" \/>\n\t<meta property=\"og:image:height\" content=\"450\" \/>\n\t<meta property=\"og:image:type\" content=\"image\/jpeg\" \/>\n<meta name=\"author\" content=\"Reda\u00e7\u00e3o\" \/>\n<meta name=\"twitter:card\" content=\"summary_large_image\" \/>\n<meta name=\"twitter:label1\" content=\"Escrito por\" \/>\n\t<meta name=\"twitter:data1\" content=\"Reda\u00e7\u00e3o\" \/>\n<script type=\"application\/ld+json\" class=\"yoast-schema-graph\">{\"@context\":\"https:\/\/schema.org\",\"@graph\":[{\"@type\":\"Article\",\"@id\":\"https:\/\/brasilnoticias.org\/site\/policia-flagra-carga-de-drogas-e-derruba-comercio-interestadual\/#article\",\"isPartOf\":{\"@id\":\"https:\/\/brasilnoticias.org\/site\/policia-flagra-carga-de-drogas-e-derruba-comercio-interestadual\/\"},\"author\":{\"name\":\"Reda\u00e7\u00e3o\",\"@id\":\"https:\/\/brasilnoticias.org\/site\/#\/schema\/person\/a0e05b973ec4d15c658d51911e53507b\"},\"headline\":\"Pol\u00edcia flagra carga de drogas e derruba \u2018com\u00e9rcio\u2019 interestadual\",\"datePublished\":\"2023-06-05T09:29:23+00:00\",\"mainEntityOfPage\":{\"@id\":\"https:\/\/brasilnoticias.org\/site\/policia-flagra-carga-de-drogas-e-derruba-comercio-interestadual\/\"},\"wordCount\":266,\"commentCount\":0,\"publisher\":{\"@id\":\"https:\/\/brasilnoticias.org\/site\/#organization\"},\"image\":{\"@id\":\"https:\/\/brasilnoticias.org\/site\/policia-flagra-carga-de-drogas-e-derruba-comercio-interestadual\/#primaryimage\"},\"thumbnailUrl\":\"https:\/\/brasilnoticias.org\/site\/wp-content\/uploads\/2023\/06\/policia-carga-comercio-interestadual_widelg.jpg\",\"articleSection\":[\"Pol\u00edcia\",\"\u00daltimas\"],\"inLanguage\":\"pt-PT\",\"potentialAction\":[{\"@type\":\"CommentAction\",\"name\":\"Comment\",\"target\":[\"https:\/\/brasilnoticias.org\/site\/policia-flagra-carga-de-drogas-e-derruba-comercio-interestadual\/#respond\"]}]},{\"@type\":\"WebPage\",\"@id\":\"https:\/\/brasilnoticias.org\/site\/policia-flagra-carga-de-drogas-e-derruba-comercio-interestadual\/\",\"url\":\"https:\/\/brasilnoticias.org\/site\/policia-flagra-carga-de-drogas-e-derruba-comercio-interestadual\/\",\"name\":\"Pol\u00edcia flagra carga de drogas e derruba \u2018com\u00e9rcio\u2019 interestadual - Brasil not\u00edcias\",\"isPartOf\":{\"@id\":\"https:\/\/brasilnoticias.org\/site\/#website\"},\"primaryImageOfPage\":{\"@id\":\"https:\/\/brasilnoticias.org\/site\/policia-flagra-carga-de-drogas-e-derruba-comercio-interestadual\/#primaryimage\"},\"image\":{\"@id\":\"https:\/\/brasilnoticias.org\/site\/policia-flagra-carga-de-drogas-e-derruba-comercio-interestadual\/#primaryimage\"},\"thumbnailUrl\":\"https:\/\/brasilnoticias.org\/site\/wp-content\/uploads\/2023\/06\/policia-carga-comercio-interestadual_widelg.jpg\",\"datePublished\":\"2023-06-05T09:29:23+00:00\",\"breadcrumb\":{\"@id\":\"https:\/\/brasilnoticias.org\/site\/policia-flagra-carga-de-drogas-e-derruba-comercio-interestadual\/#breadcrumb\"},\"inLanguage\":\"pt-PT\",\"potentialAction\":[{\"@type\":\"ReadAction\",\"target\":[\"https:\/\/brasilnoticias.org\/site\/policia-flagra-carga-de-drogas-e-derruba-comercio-interestadual\/\"]}]},{\"@type\":\"ImageObject\",\"inLanguage\":\"pt-PT\",\"@id\":\"https:\/\/brasilnoticias.org\/site\/policia-flagra-carga-de-drogas-e-derruba-comercio-interestadual\/#primaryimage\",\"url\":\"https:\/\/brasilnoticias.org\/site\/wp-content\/uploads\/2023\/06\/policia-carga-comercio-interestadual_widelg.jpg\",\"contentUrl\":\"https:\/\/brasilnoticias.org\/site\/wp-content\/uploads\/2023\/06\/policia-carga-comercio-interestadual_widelg.jpg\",\"width\":800,\"height\":450},{\"@type\":\"BreadcrumbList\",\"@id\":\"https:\/\/brasilnoticias.org\/site\/policia-flagra-carga-de-drogas-e-derruba-comercio-interestadual\/#breadcrumb\",\"itemListElement\":[{\"@type\":\"ListItem\",\"position\":1,\"name\":\"In\u00edcio\",\"item\":\"https:\/\/brasilnoticias.org\/site\/\"},{\"@type\":\"ListItem\",\"position\":2,\"name\":\"Pol\u00edcia flagra carga de drogas e derruba \u2018com\u00e9rcio\u2019 interestadual\"}]},{\"@type\":\"WebSite\",\"@id\":\"https:\/\/brasilnoticias.org\/site\/#website\",\"url\":\"https:\/\/brasilnoticias.org\/site\/\",\"name\":\"Brasil not\u00edcias\",\"description\":\"Brasil not\u00edcias\",\"publisher\":{\"@id\":\"https:\/\/brasilnoticias.org\/site\/#organization\"},\"potentialAction\":[{\"@type\":\"SearchAction\",\"target\":{\"@type\":\"EntryPoint\",\"urlTemplate\":\"https:\/\/brasilnoticias.org\/site\/?s={search_term_string}\"},\"query-input\":{\"@type\":\"PropertyValueSpecification\",\"valueRequired\":true,\"valueName\":\"search_term_string\"}}],\"inLanguage\":\"pt-PT\"},{\"@type\":\"Organization\",\"@id\":\"https:\/\/brasilnoticias.org\/site\/#organization\",\"name\":\"Brasil not\u00edcias\",\"url\":\"https:\/\/brasilnoticias.org\/site\/\",\"logo\":{\"@type\":\"ImageObject\",\"inLanguage\":\"pt-PT\",\"@id\":\"https:\/\/brasilnoticias.org\/site\/#\/schema\/logo\/image\/\",\"url\":\"https:\/\/brasilnoticias.org\/site\/wp-content\/uploads\/2022\/05\/cropped-brasilnoticias-mini.jpg\",\"contentUrl\":\"https:\/\/brasilnoticias.org\/site\/wp-content\/uploads\/2022\/05\/cropped-brasilnoticias-mini.jpg\",\"width\":314,\"height\":86,\"caption\":\"Brasil not\u00edcias\"},\"image\":{\"@id\":\"https:\/\/brasilnoticias.org\/site\/#\/schema\/logo\/image\/\"}},{\"@type\":\"Person\",\"@id\":\"https:\/\/brasilnoticias.org\/site\/#\/schema\/person\/a0e05b973ec4d15c658d51911e53507b\",\"name\":\"Reda\u00e7\u00e3o\",\"image\":{\"@type\":\"ImageObject\",\"inLanguage\":\"pt-PT\",\"@id\":\"https:\/\/brasilnoticias.org\/site\/#\/schema\/person\/image\/\",\"url\":\"https:\/\/secure.gravatar.com\/avatar\/75d8b050df2de108b08ae78dfb8e374892df24a383c67db9c46a9c604f6aee9c?s=96&d=mm&r=g\",\"contentUrl\":\"https:\/\/secure.gravatar.com\/avatar\/75d8b050df2de108b08ae78dfb8e374892df24a383c67db9c46a9c604f6aee9c?s=96&d=mm&r=g\",\"caption\":\"Reda\u00e7\u00e3o\"},\"sameAs\":[\"https:\/\/brasilnoticias.org\/site\"],\"url\":\"https:\/\/brasilnoticias.org\/site\/author\/fernandozsngmail-com\/\"}]}<\/script>\n<!-- \/ Yoast SEO plugin. -->","yoast_head_json":{"title":"Pol\u00edcia flagra carga de drogas e derruba \u2018com\u00e9rcio\u2019 interestadual - Brasil not\u00edcias","robots":{"index":"index","follow":"follow","max-snippet":"max-snippet:-1","max-image-preview":"max-image-preview:large","max-video-preview":"max-video-preview:-1"},"canonical":"https:\/\/brasilnoticias.org\/site\/policia-flagra-carga-de-drogas-e-derruba-comercio-interestadual\/","og_locale":"pt_PT","og_type":"article","og_title":"Pol\u00edcia flagra carga de drogas e derruba \u2018com\u00e9rcio\u2019 interestadual - Brasil not\u00edcias","og_description":"Uma a\u00e7\u00e3o organizada em conjunto pelas Pol\u00edcia Civil e Rodovi\u00e1ria Federal desencadeou na apreens\u00e3o de aproximadamente 400 quilos de drogas,","og_url":"https:\/\/brasilnoticias.org\/site\/policia-flagra-carga-de-drogas-e-derruba-comercio-interestadual\/","og_site_name":"Brasil not\u00edcias","article_published_time":"2023-06-05T09:29:23+00:00","og_image":[{"width":800,"height":450,"url":"https:\/\/brasilnoticias.org\/site\/wp-content\/uploads\/2023\/06\/policia-carga-comercio-interestadual_widelg.jpg","type":"image\/jpeg"}],"author":"Reda\u00e7\u00e3o","twitter_card":"summary_large_image","twitter_misc":{"Escrito por":"Reda\u00e7\u00e3o"},"schema":{"@context":"https:\/\/schema.org","@graph":[{"@type":"Article","@id":"https:\/\/brasilnoticias.org\/site\/policia-flagra-carga-de-drogas-e-derruba-comercio-interestadual\/#article","isPartOf":{"@id":"https:\/\/brasilnoticias.org\/site\/policia-flagra-carga-de-drogas-e-derruba-comercio-interestadual\/"},"author":{"name":"Reda\u00e7\u00e3o","@id":"https:\/\/brasilnoticias.org\/site\/#\/schema\/person\/a0e05b973ec4d15c658d51911e53507b"},"headline":"Pol\u00edcia flagra carga de drogas e derruba \u2018com\u00e9rcio\u2019 interestadual","datePublished":"2023-06-05T09:29:23+00:00","mainEntityOfPage":{"@id":"https:\/\/brasilnoticias.org\/site\/policia-flagra-carga-de-drogas-e-derruba-comercio-interestadual\/"},"wordCount":266,"commentCount":0,"publisher":{"@id":"https:\/\/brasilnoticias.org\/site\/#organization"},"image":{"@id":"https:\/\/brasilnoticias.org\/site\/policia-flagra-carga-de-drogas-e-derruba-comercio-interestadual\/#primaryimage"},"thumbnailUrl":"https:\/\/brasilnoticias.org\/site\/wp-content\/uploads\/2023\/06\/policia-carga-comercio-interestadual_widelg.jpg","articleSection":["Pol\u00edcia","\u00daltimas"],"inLanguage":"pt-PT","potentialAction":[{"@type":"CommentAction","name":"Comment","target":["https:\/\/brasilnoticias.org\/site\/policia-flagra-carga-de-drogas-e-derruba-comercio-interestadual\/#respond"]}]},{"@type":"WebPage","@id":"https:\/\/brasilnoticias.org\/site\/policia-flagra-carga-de-drogas-e-derruba-comercio-interestadual\/","url":"https:\/\/brasilnoticias.org\/site\/policia-flagra-carga-de-drogas-e-derruba-comercio-interestadual\/","name":"Pol\u00edcia flagra carga de drogas e derruba \u2018com\u00e9rcio\u2019 interestadual - Brasil not\u00edcias","isPartOf":{"@id":"https:\/\/brasilnoticias.org\/site\/#website"},"primaryImageOfPage":{"@id":"https:\/\/brasilnoticias.org\/site\/policia-flagra-carga-de-drogas-e-derruba-comercio-interestadual\/#primaryimage"},"image":{"@id":"https:\/\/brasilnoticias.org\/site\/policia-flagra-carga-de-drogas-e-derruba-comercio-interestadual\/#primaryimage"},"thumbnailUrl":"https:\/\/brasilnoticias.org\/site\/wp-content\/uploads\/2023\/06\/policia-carga-comercio-interestadual_widelg.jpg","datePublished":"2023-06-05T09:29:23+00:00","breadcrumb":{"@id":"https:\/\/brasilnoticias.org\/site\/policia-flagra-carga-de-drogas-e-derruba-comercio-interestadual\/#breadcrumb"},"inLanguage":"pt-PT","potentialAction":[{"@type":"ReadAction","target":["https:\/\/brasilnoticias.org\/site\/policia-flagra-carga-de-drogas-e-derruba-comercio-interestadual\/"]}]},{"@type":"ImageObject","inLanguage":"pt-PT","@id":"https:\/\/brasilnoticias.org\/site\/policia-flagra-carga-de-drogas-e-derruba-comercio-interestadual\/#primaryimage","url":"https:\/\/brasilnoticias.org\/site\/wp-content\/uploads\/2023\/06\/policia-carga-comercio-interestadual_widelg.jpg","contentUrl":"https:\/\/brasilnoticias.org\/site\/wp-content\/uploads\/2023\/06\/policia-carga-comercio-interestadual_widelg.jpg","width":800,"height":450},{"@type":"BreadcrumbList","@id":"https:\/\/brasilnoticias.org\/site\/policia-flagra-carga-de-drogas-e-derruba-comercio-interestadual\/#breadcrumb","itemListElement":[{"@type":"ListItem","position":1,"name":"In\u00edcio","item":"https:\/\/brasilnoticias.org\/site\/"},{"@type":"ListItem","position":2,"name":"Pol\u00edcia flagra carga de drogas e derruba \u2018com\u00e9rcio\u2019 interestadual"}]},{"@type":"WebSite","@id":"https:\/\/brasilnoticias.org\/site\/#website","url":"https:\/\/brasilnoticias.org\/site\/","name":"Brasil not\u00edcias","description":"Brasil not\u00edcias","publisher":{"@id":"https:\/\/brasilnoticias.org\/site\/#organization"},"potentialAction":[{"@type":"SearchAction","target":{"@type":"EntryPoint","urlTemplate":"https:\/\/brasilnoticias.org\/site\/?s={search_term_string}"},"query-input":{"@type":"PropertyValueSpecification","valueRequired":true,"valueName":"search_term_string"}}],"inLanguage":"pt-PT"},{"@type":"Organization","@id":"https:\/\/brasilnoticias.org\/site\/#organization","name":"Brasil not\u00edcias","url":"https:\/\/brasilnoticias.org\/site\/","logo":{"@type":"ImageObject","inLanguage":"pt-PT","@id":"https:\/\/brasilnoticias.org\/site\/#\/schema\/logo\/image\/","url":"https:\/\/brasilnoticias.org\/site\/wp-content\/uploads\/2022\/05\/cropped-brasilnoticias-mini.jpg","contentUrl":"https:\/\/brasilnoticias.org\/site\/wp-content\/uploads\/2022\/05\/cropped-brasilnoticias-mini.jpg","width":314,"height":86,"caption":"Brasil not\u00edcias"},"image":{"@id":"https:\/\/brasilnoticias.org\/site\/#\/schema\/logo\/image\/"}},{"@type":"Person","@id":"https:\/\/brasilnoticias.org\/site\/#\/schema\/person\/a0e05b973ec4d15c658d51911e53507b","name":"Reda\u00e7\u00e3o","image":{"@type":"ImageObject","inLanguage":"pt-PT","@id":"https:\/\/brasilnoticias.org\/site\/#\/schema\/person\/image\/","url":"https:\/\/secure.gravatar.com\/avatar\/75d8b050df2de108b08ae78dfb8e374892df24a383c67db9c46a9c604f6aee9c?s=96&d=mm&r=g","contentUrl":"https:\/\/secure.gravatar.com\/avatar\/75d8b050df2de108b08ae78dfb8e374892df24a383c67db9c46a9c604f6aee9c?s=96&d=mm&r=g","caption":"Reda\u00e7\u00e3o"},"sameAs":["https:\/\/brasilnoticias.org\/site"],"url":"https:\/\/brasilnoticias.org\/site\/author\/fernandozsngmail-com\/"}]}},"_links":{"self":[{"href":"https:\/\/brasilnoticias.org\/site\/wp-json\/wp\/v2\/posts\/6503","targetHints":{"allow":["GET"]}}],"collection":[{"href":"https:\/\/brasilnoticias.org\/site\/wp-json\/wp\/v2\/posts"}],"about":[{"href":"https:\/\/brasilnoticias.org\/site\/wp-json\/wp\/v2\/types\/post"}],"author":[{"embeddable":true,"href":"https:\/\/brasilnoticias.org\/site\/wp-json\/wp\/v2\/users\/1"}],"replies":[{"embeddable":true,"href":"https:\/\/brasilnoticias.org\/site\/wp-json\/wp\/v2\/comments?post=6503"}],"version-history":[{"count":1,"href":"https:\/\/brasilnoticias.org\/site\/wp-json\/wp\/v2\/posts\/6503\/revisions"}],"predecessor-version":[{"id":6505,"href":"https:\/\/brasilnoticias.org\/site\/wp-json\/wp\/v2\/posts\/6503\/revisions\/6505"}],"wp:featuredmedia":[{"embeddable":true,"href":"https:\/\/brasilnoticias.org\/site\/wp-json\/wp\/v2\/media\/6504"}],"wp:attachment":[{"href":"https:\/\/brasilnoticias.org\/site\/wp-json\/wp\/v2\/media?parent=6503"}],"wp:term":[{"taxonomy":"category","embeddable":true,"href":"https:\/\/brasilnoticias.org\/site\/wp-json\/wp\/v2\/categories?post=6503"},{"taxonomy":"post_tag","embeddable":true,"href":"https:\/\/brasilnoticias.org\/site\/wp-json\/wp\/v2\/tags?post=6503"}],"curies":[{"name":"wp","href":"https:\/\/api.w.org\/{rel}","templated":true}]}}