{"id":6536,"date":"2023-06-06T06:24:00","date_gmt":"2023-06-06T09:24:00","guid":{"rendered":"https:\/\/brasilnoticias.org\/site\/?p=6536"},"modified":"2023-06-06T06:24:00","modified_gmt":"2023-06-06T09:24:00","slug":"homem-que-matou-companheira-asfixiada-e-condenado-a-16-anos-de-prisao","status":"publish","type":"post","link":"https:\/\/brasilnoticias.org\/site\/homem-que-matou-companheira-asfixiada-e-condenado-a-16-anos-de-prisao\/","title":{"rendered":"Homem que matou companheira asfixiada \u00e9 condenado a 16 anos de pris\u00e3o"},"content":{"rendered":"<p>O conselho de senten\u00e7a condenou, a 16 anos de pris\u00e3o, o r\u00e9u Wl\u00e1ucio Heverton Canuto de Sales, que foi levado a j\u00fari popular acusado de ter matado sua companheira, Maria Miriam Evangelista Vieira.<\/p>\n<p>O Tribunal do J\u00fari foi realizado no dia 1\u00ba de junho, nas depend\u00eancias da C\u00e2mara de Vereadores de S\u00e3o Mateus, sendo presidido pelo juiz Raphael de Jesus Serra Amorim, titular da 2\u00aa Vara da Comarca de S\u00e3o Mateus, a 191 km de S\u00e3o Lu\u00eds-MA.<\/p>\n<p>O J\u00fari decidiu pela culpabilidade do r\u00e9u, que recebeu a pena definitiva de 16 anos de reclus\u00e3o, a ser cumprida, inicialmente, em regime fechado.<\/p>\n<p>&#8220;Parabenizo a atua\u00e7\u00e3o da equipe de funcion\u00e1rios da 2\u00b0 vara da comarca de S\u00e3o Mateus, bem como dos representantes do Minist\u00e9rio P\u00fablico e da Defensoria P\u00fablica. A resposta estatal a fatos de elevada gravidade, a exemplo de feminic\u00eddios, reafirma o compromisso do judici\u00e1rio local&#8221;, ressaltou o juiz Raphael de Jesus Serra Amorim.<\/p>\n<p>Foto Divulga\u00e7\u00e3o\/ CGJ-MA<br \/>\nBNews<\/p>\n","protected":false},"excerpt":{"rendered":"<p>O conselho de senten\u00e7a condenou, a 16 anos de pris\u00e3o, o r\u00e9u Wl\u00e1ucio Heverton Canuto de Sales, que foi levado<\/p>\n","protected":false},"author":1,"featured_media":6537,"comment_status":"open","ping_status":"open","sticky":false,"template":"","format":"standard","meta":{"colormag_page_container_layout":"default_layout","colormag_page_sidebar_layout":"default_layout","_FSMCFIC_featured_image_caption":"","_FSMCFIC_featured_image_nocaption":"","_FSMCFIC_featured_image_hide":"","footnotes":""},"categories":[7,1],"tags":[],"class_list":["post-6536","post","type-post","status-publish","format-standard","has-post-thumbnail","hentry","category-justica","category-ultimas"],"yoast_head":"<!-- This site is optimized with the Yoast SEO plugin v27.1.1 - https:\/\/yoast.com\/product\/yoast-seo-wordpress\/ -->\n<title>Homem que matou companheira asfixiada \u00e9 condenado a 16 anos de pris\u00e3o - Brasil not\u00edcias<\/title>\n<meta name=\"robots\" content=\"index, follow, max-snippet:-1, max-image-preview:large, max-video-preview:-1\" \/>\n<link rel=\"canonical\" href=\"https:\/\/brasilnoticias.org\/site\/homem-que-matou-companheira-asfixiada-e-condenado-a-16-anos-de-prisao\/\" \/>\n<meta property=\"og:locale\" content=\"pt_PT\" \/>\n<meta property=\"og:type\" content=\"article\" \/>\n<meta property=\"og:title\" content=\"Homem que matou companheira asfixiada \u00e9 condenado a 16 anos de pris\u00e3o - Brasil not\u00edcias\" \/>\n<meta property=\"og:description\" content=\"O conselho de senten\u00e7a condenou, a 16 anos de pris\u00e3o, o r\u00e9u Wl\u00e1ucio Heverton Canuto de Sales, que foi levado\" \/>\n<meta property=\"og:url\" content=\"https:\/\/brasilnoticias.org\/site\/homem-que-matou-companheira-asfixiada-e-condenado-a-16-anos-de-prisao\/\" \/>\n<meta property=\"og:site_name\" content=\"Brasil not\u00edcias\" \/>\n<meta property=\"article:published_time\" content=\"2023-06-06T09:24:00+00:00\" \/>\n<meta property=\"og:image\" content=\"https:\/\/brasilnoticias.org\/site\/wp-content\/uploads\/2023\/06\/assassinato_widelg.webp\" \/>\n\t<meta property=\"og:image:width\" content=\"800\" \/>\n\t<meta property=\"og:image:height\" content=\"450\" \/>\n\t<meta property=\"og:image:type\" content=\"image\/webp\" \/>\n<meta name=\"author\" content=\"Reda\u00e7\u00e3o\" \/>\n<meta name=\"twitter:card\" content=\"summary_large_image\" \/>\n<meta name=\"twitter:label1\" content=\"Escrito por\" \/>\n\t<meta name=\"twitter:data1\" content=\"Reda\u00e7\u00e3o\" \/>\n<script type=\"application\/ld+json\" class=\"yoast-schema-graph\">{\"@context\":\"https:\/\/schema.org\",\"@graph\":[{\"@type\":\"Article\",\"@id\":\"https:\/\/brasilnoticias.org\/site\/homem-que-matou-companheira-asfixiada-e-condenado-a-16-anos-de-prisao\/#article\",\"isPartOf\":{\"@id\":\"https:\/\/brasilnoticias.org\/site\/homem-que-matou-companheira-asfixiada-e-condenado-a-16-anos-de-prisao\/\"},\"author\":{\"name\":\"Reda\u00e7\u00e3o\",\"@id\":\"https:\/\/brasilnoticias.org\/site\/#\/schema\/person\/a0e05b973ec4d15c658d51911e53507b\"},\"headline\":\"Homem que matou companheira asfixiada \u00e9 condenado a 16 anos de pris\u00e3o\",\"datePublished\":\"2023-06-06T09:24:00+00:00\",\"mainEntityOfPage\":{\"@id\":\"https:\/\/brasilnoticias.org\/site\/homem-que-matou-companheira-asfixiada-e-condenado-a-16-anos-de-prisao\/\"},\"wordCount\":186,\"commentCount\":0,\"publisher\":{\"@id\":\"https:\/\/brasilnoticias.org\/site\/#organization\"},\"image\":{\"@id\":\"https:\/\/brasilnoticias.org\/site\/homem-que-matou-companheira-asfixiada-e-condenado-a-16-anos-de-prisao\/#primaryimage\"},\"thumbnailUrl\":\"https:\/\/brasilnoticias.org\/site\/wp-content\/uploads\/2023\/06\/assassinato_widelg.webp\",\"articleSection\":[\"Justi\u00e7a\",\"\u00daltimas\"],\"inLanguage\":\"pt-PT\",\"potentialAction\":[{\"@type\":\"CommentAction\",\"name\":\"Comment\",\"target\":[\"https:\/\/brasilnoticias.org\/site\/homem-que-matou-companheira-asfixiada-e-condenado-a-16-anos-de-prisao\/#respond\"]}]},{\"@type\":\"WebPage\",\"@id\":\"https:\/\/brasilnoticias.org\/site\/homem-que-matou-companheira-asfixiada-e-condenado-a-16-anos-de-prisao\/\",\"url\":\"https:\/\/brasilnoticias.org\/site\/homem-que-matou-companheira-asfixiada-e-condenado-a-16-anos-de-prisao\/\",\"name\":\"Homem que matou companheira asfixiada \u00e9 condenado a 16 anos de pris\u00e3o - Brasil not\u00edcias\",\"isPartOf\":{\"@id\":\"https:\/\/brasilnoticias.org\/site\/#website\"},\"primaryImageOfPage\":{\"@id\":\"https:\/\/brasilnoticias.org\/site\/homem-que-matou-companheira-asfixiada-e-condenado-a-16-anos-de-prisao\/#primaryimage\"},\"image\":{\"@id\":\"https:\/\/brasilnoticias.org\/site\/homem-que-matou-companheira-asfixiada-e-condenado-a-16-anos-de-prisao\/#primaryimage\"},\"thumbnailUrl\":\"https:\/\/brasilnoticias.org\/site\/wp-content\/uploads\/2023\/06\/assassinato_widelg.webp\",\"datePublished\":\"2023-06-06T09:24:00+00:00\",\"breadcrumb\":{\"@id\":\"https:\/\/brasilnoticias.org\/site\/homem-que-matou-companheira-asfixiada-e-condenado-a-16-anos-de-prisao\/#breadcrumb\"},\"inLanguage\":\"pt-PT\",\"potentialAction\":[{\"@type\":\"ReadAction\",\"target\":[\"https:\/\/brasilnoticias.org\/site\/homem-que-matou-companheira-asfixiada-e-condenado-a-16-anos-de-prisao\/\"]}]},{\"@type\":\"ImageObject\",\"inLanguage\":\"pt-PT\",\"@id\":\"https:\/\/brasilnoticias.org\/site\/homem-que-matou-companheira-asfixiada-e-condenado-a-16-anos-de-prisao\/#primaryimage\",\"url\":\"https:\/\/brasilnoticias.org\/site\/wp-content\/uploads\/2023\/06\/assassinato_widelg.webp\",\"contentUrl\":\"https:\/\/brasilnoticias.org\/site\/wp-content\/uploads\/2023\/06\/assassinato_widelg.webp\",\"width\":800,\"height\":450},{\"@type\":\"BreadcrumbList\",\"@id\":\"https:\/\/brasilnoticias.org\/site\/homem-que-matou-companheira-asfixiada-e-condenado-a-16-anos-de-prisao\/#breadcrumb\",\"itemListElement\":[{\"@type\":\"ListItem\",\"position\":1,\"name\":\"In\u00edcio\",\"item\":\"https:\/\/brasilnoticias.org\/site\/\"},{\"@type\":\"ListItem\",\"position\":2,\"name\":\"Homem que matou companheira asfixiada \u00e9 condenado a 16 anos de pris\u00e3o\"}]},{\"@type\":\"WebSite\",\"@id\":\"https:\/\/brasilnoticias.org\/site\/#website\",\"url\":\"https:\/\/brasilnoticias.org\/site\/\",\"name\":\"Brasil not\u00edcias\",\"description\":\"Brasil not\u00edcias\",\"publisher\":{\"@id\":\"https:\/\/brasilnoticias.org\/site\/#organization\"},\"potentialAction\":[{\"@type\":\"SearchAction\",\"target\":{\"@type\":\"EntryPoint\",\"urlTemplate\":\"https:\/\/brasilnoticias.org\/site\/?s={search_term_string}\"},\"query-input\":{\"@type\":\"PropertyValueSpecification\",\"valueRequired\":true,\"valueName\":\"search_term_string\"}}],\"inLanguage\":\"pt-PT\"},{\"@type\":\"Organization\",\"@id\":\"https:\/\/brasilnoticias.org\/site\/#organization\",\"name\":\"Brasil not\u00edcias\",\"url\":\"https:\/\/brasilnoticias.org\/site\/\",\"logo\":{\"@type\":\"ImageObject\",\"inLanguage\":\"pt-PT\",\"@id\":\"https:\/\/brasilnoticias.org\/site\/#\/schema\/logo\/image\/\",\"url\":\"https:\/\/brasilnoticias.org\/site\/wp-content\/uploads\/2022\/05\/cropped-brasilnoticias-mini.jpg\",\"contentUrl\":\"https:\/\/brasilnoticias.org\/site\/wp-content\/uploads\/2022\/05\/cropped-brasilnoticias-mini.jpg\",\"width\":314,\"height\":86,\"caption\":\"Brasil not\u00edcias\"},\"image\":{\"@id\":\"https:\/\/brasilnoticias.org\/site\/#\/schema\/logo\/image\/\"}},{\"@type\":\"Person\",\"@id\":\"https:\/\/brasilnoticias.org\/site\/#\/schema\/person\/a0e05b973ec4d15c658d51911e53507b\",\"name\":\"Reda\u00e7\u00e3o\",\"image\":{\"@type\":\"ImageObject\",\"inLanguage\":\"pt-PT\",\"@id\":\"https:\/\/brasilnoticias.org\/site\/#\/schema\/person\/image\/\",\"url\":\"https:\/\/secure.gravatar.com\/avatar\/75d8b050df2de108b08ae78dfb8e374892df24a383c67db9c46a9c604f6aee9c?s=96&d=mm&r=g\",\"contentUrl\":\"https:\/\/secure.gravatar.com\/avatar\/75d8b050df2de108b08ae78dfb8e374892df24a383c67db9c46a9c604f6aee9c?s=96&d=mm&r=g\",\"caption\":\"Reda\u00e7\u00e3o\"},\"sameAs\":[\"https:\/\/brasilnoticias.org\/site\"],\"url\":\"https:\/\/brasilnoticias.org\/site\/author\/fernandozsngmail-com\/\"}]}<\/script>\n<!-- \/ Yoast SEO plugin. -->","yoast_head_json":{"title":"Homem que matou companheira asfixiada \u00e9 condenado a 16 anos de pris\u00e3o - Brasil not\u00edcias","robots":{"index":"index","follow":"follow","max-snippet":"max-snippet:-1","max-image-preview":"max-image-preview:large","max-video-preview":"max-video-preview:-1"},"canonical":"https:\/\/brasilnoticias.org\/site\/homem-que-matou-companheira-asfixiada-e-condenado-a-16-anos-de-prisao\/","og_locale":"pt_PT","og_type":"article","og_title":"Homem que matou companheira asfixiada \u00e9 condenado a 16 anos de pris\u00e3o - Brasil not\u00edcias","og_description":"O conselho de senten\u00e7a condenou, a 16 anos de pris\u00e3o, o r\u00e9u Wl\u00e1ucio Heverton Canuto de Sales, que foi levado","og_url":"https:\/\/brasilnoticias.org\/site\/homem-que-matou-companheira-asfixiada-e-condenado-a-16-anos-de-prisao\/","og_site_name":"Brasil not\u00edcias","article_published_time":"2023-06-06T09:24:00+00:00","og_image":[{"width":800,"height":450,"url":"https:\/\/brasilnoticias.org\/site\/wp-content\/uploads\/2023\/06\/assassinato_widelg.webp","type":"image\/webp"}],"author":"Reda\u00e7\u00e3o","twitter_card":"summary_large_image","twitter_misc":{"Escrito por":"Reda\u00e7\u00e3o"},"schema":{"@context":"https:\/\/schema.org","@graph":[{"@type":"Article","@id":"https:\/\/brasilnoticias.org\/site\/homem-que-matou-companheira-asfixiada-e-condenado-a-16-anos-de-prisao\/#article","isPartOf":{"@id":"https:\/\/brasilnoticias.org\/site\/homem-que-matou-companheira-asfixiada-e-condenado-a-16-anos-de-prisao\/"},"author":{"name":"Reda\u00e7\u00e3o","@id":"https:\/\/brasilnoticias.org\/site\/#\/schema\/person\/a0e05b973ec4d15c658d51911e53507b"},"headline":"Homem que matou companheira asfixiada \u00e9 condenado a 16 anos de pris\u00e3o","datePublished":"2023-06-06T09:24:00+00:00","mainEntityOfPage":{"@id":"https:\/\/brasilnoticias.org\/site\/homem-que-matou-companheira-asfixiada-e-condenado-a-16-anos-de-prisao\/"},"wordCount":186,"commentCount":0,"publisher":{"@id":"https:\/\/brasilnoticias.org\/site\/#organization"},"image":{"@id":"https:\/\/brasilnoticias.org\/site\/homem-que-matou-companheira-asfixiada-e-condenado-a-16-anos-de-prisao\/#primaryimage"},"thumbnailUrl":"https:\/\/brasilnoticias.org\/site\/wp-content\/uploads\/2023\/06\/assassinato_widelg.webp","articleSection":["Justi\u00e7a","\u00daltimas"],"inLanguage":"pt-PT","potentialAction":[{"@type":"CommentAction","name":"Comment","target":["https:\/\/brasilnoticias.org\/site\/homem-que-matou-companheira-asfixiada-e-condenado-a-16-anos-de-prisao\/#respond"]}]},{"@type":"WebPage","@id":"https:\/\/brasilnoticias.org\/site\/homem-que-matou-companheira-asfixiada-e-condenado-a-16-anos-de-prisao\/","url":"https:\/\/brasilnoticias.org\/site\/homem-que-matou-companheira-asfixiada-e-condenado-a-16-anos-de-prisao\/","name":"Homem que matou companheira asfixiada \u00e9 condenado a 16 anos de pris\u00e3o - Brasil not\u00edcias","isPartOf":{"@id":"https:\/\/brasilnoticias.org\/site\/#website"},"primaryImageOfPage":{"@id":"https:\/\/brasilnoticias.org\/site\/homem-que-matou-companheira-asfixiada-e-condenado-a-16-anos-de-prisao\/#primaryimage"},"image":{"@id":"https:\/\/brasilnoticias.org\/site\/homem-que-matou-companheira-asfixiada-e-condenado-a-16-anos-de-prisao\/#primaryimage"},"thumbnailUrl":"https:\/\/brasilnoticias.org\/site\/wp-content\/uploads\/2023\/06\/assassinato_widelg.webp","datePublished":"2023-06-06T09:24:00+00:00","breadcrumb":{"@id":"https:\/\/brasilnoticias.org\/site\/homem-que-matou-companheira-asfixiada-e-condenado-a-16-anos-de-prisao\/#breadcrumb"},"inLanguage":"pt-PT","potentialAction":[{"@type":"ReadAction","target":["https:\/\/brasilnoticias.org\/site\/homem-que-matou-companheira-asfixiada-e-condenado-a-16-anos-de-prisao\/"]}]},{"@type":"ImageObject","inLanguage":"pt-PT","@id":"https:\/\/brasilnoticias.org\/site\/homem-que-matou-companheira-asfixiada-e-condenado-a-16-anos-de-prisao\/#primaryimage","url":"https:\/\/brasilnoticias.org\/site\/wp-content\/uploads\/2023\/06\/assassinato_widelg.webp","contentUrl":"https:\/\/brasilnoticias.org\/site\/wp-content\/uploads\/2023\/06\/assassinato_widelg.webp","width":800,"height":450},{"@type":"BreadcrumbList","@id":"https:\/\/brasilnoticias.org\/site\/homem-que-matou-companheira-asfixiada-e-condenado-a-16-anos-de-prisao\/#breadcrumb","itemListElement":[{"@type":"ListItem","position":1,"name":"In\u00edcio","item":"https:\/\/brasilnoticias.org\/site\/"},{"@type":"ListItem","position":2,"name":"Homem que matou companheira asfixiada \u00e9 condenado a 16 anos de pris\u00e3o"}]},{"@type":"WebSite","@id":"https:\/\/brasilnoticias.org\/site\/#website","url":"https:\/\/brasilnoticias.org\/site\/","name":"Brasil not\u00edcias","description":"Brasil not\u00edcias","publisher":{"@id":"https:\/\/brasilnoticias.org\/site\/#organization"},"potentialAction":[{"@type":"SearchAction","target":{"@type":"EntryPoint","urlTemplate":"https:\/\/brasilnoticias.org\/site\/?s={search_term_string}"},"query-input":{"@type":"PropertyValueSpecification","valueRequired":true,"valueName":"search_term_string"}}],"inLanguage":"pt-PT"},{"@type":"Organization","@id":"https:\/\/brasilnoticias.org\/site\/#organization","name":"Brasil not\u00edcias","url":"https:\/\/brasilnoticias.org\/site\/","logo":{"@type":"ImageObject","inLanguage":"pt-PT","@id":"https:\/\/brasilnoticias.org\/site\/#\/schema\/logo\/image\/","url":"https:\/\/brasilnoticias.org\/site\/wp-content\/uploads\/2022\/05\/cropped-brasilnoticias-mini.jpg","contentUrl":"https:\/\/brasilnoticias.org\/site\/wp-content\/uploads\/2022\/05\/cropped-brasilnoticias-mini.jpg","width":314,"height":86,"caption":"Brasil not\u00edcias"},"image":{"@id":"https:\/\/brasilnoticias.org\/site\/#\/schema\/logo\/image\/"}},{"@type":"Person","@id":"https:\/\/brasilnoticias.org\/site\/#\/schema\/person\/a0e05b973ec4d15c658d51911e53507b","name":"Reda\u00e7\u00e3o","image":{"@type":"ImageObject","inLanguage":"pt-PT","@id":"https:\/\/brasilnoticias.org\/site\/#\/schema\/person\/image\/","url":"https:\/\/secure.gravatar.com\/avatar\/75d8b050df2de108b08ae78dfb8e374892df24a383c67db9c46a9c604f6aee9c?s=96&d=mm&r=g","contentUrl":"https:\/\/secure.gravatar.com\/avatar\/75d8b050df2de108b08ae78dfb8e374892df24a383c67db9c46a9c604f6aee9c?s=96&d=mm&r=g","caption":"Reda\u00e7\u00e3o"},"sameAs":["https:\/\/brasilnoticias.org\/site"],"url":"https:\/\/brasilnoticias.org\/site\/author\/fernandozsngmail-com\/"}]}},"_links":{"self":[{"href":"https:\/\/brasilnoticias.org\/site\/wp-json\/wp\/v2\/posts\/6536","targetHints":{"allow":["GET"]}}],"collection":[{"href":"https:\/\/brasilnoticias.org\/site\/wp-json\/wp\/v2\/posts"}],"about":[{"href":"https:\/\/brasilnoticias.org\/site\/wp-json\/wp\/v2\/types\/post"}],"author":[{"embeddable":true,"href":"https:\/\/brasilnoticias.org\/site\/wp-json\/wp\/v2\/users\/1"}],"replies":[{"embeddable":true,"href":"https:\/\/brasilnoticias.org\/site\/wp-json\/wp\/v2\/comments?post=6536"}],"version-history":[{"count":1,"href":"https:\/\/brasilnoticias.org\/site\/wp-json\/wp\/v2\/posts\/6536\/revisions"}],"predecessor-version":[{"id":6538,"href":"https:\/\/brasilnoticias.org\/site\/wp-json\/wp\/v2\/posts\/6536\/revisions\/6538"}],"wp:featuredmedia":[{"embeddable":true,"href":"https:\/\/brasilnoticias.org\/site\/wp-json\/wp\/v2\/media\/6537"}],"wp:attachment":[{"href":"https:\/\/brasilnoticias.org\/site\/wp-json\/wp\/v2\/media?parent=6536"}],"wp:term":[{"taxonomy":"category","embeddable":true,"href":"https:\/\/brasilnoticias.org\/site\/wp-json\/wp\/v2\/categories?post=6536"},{"taxonomy":"post_tag","embeddable":true,"href":"https:\/\/brasilnoticias.org\/site\/wp-json\/wp\/v2\/tags?post=6536"}],"curies":[{"name":"wp","href":"https:\/\/api.w.org\/{rel}","templated":true}]}}