{"id":655,"date":"2022-05-29T18:29:25","date_gmt":"2022-05-29T21:29:25","guid":{"rendered":"https:\/\/brasilnoticias.org\/site\/?p=655"},"modified":"2022-05-29T18:29:25","modified_gmt":"2022-05-29T21:29:25","slug":"biden-visita-escola-de-massacre-no-texas-e-governo-diz-que-revisara-atuacao-da-policia","status":"publish","type":"post","link":"https:\/\/brasilnoticias.org\/site\/biden-visita-escola-de-massacre-no-texas-e-governo-diz-que-revisara-atuacao-da-policia\/","title":{"rendered":"BIDEN VISITA ESCOLA DE MASSACRE NO TEXAS, E GOVERNO DIZ QUE REVISAR\u00c1 ATUA\u00c7\u00c3O DA POL\u00cdCIA"},"content":{"rendered":"<p>O presidente americano, Joe Biden, desembarcou neste domingo (29) na cidade de Uvalde, no Texas, para confortar as fam\u00edlias devastadas pelo pior tiroteio em uma escola nos EUA em uma d\u00e9cada. \u00c9 a terceira viagem presidencial de Biden a um local de tiroteio em massa. No in\u00edcio do m\u00eas, ele esteve em Buffalo, Nova York, onde um atirador matou dez pessoas negras em um ataque com motiva\u00e7\u00e3o racista em um supermercado.<\/p>\n<p>Em Uvalde, Biden e a primeira-dama, Jill, colocaram rosas brancas na placa da Robb Elementary School, onde um jovem de 18 anos matou 19 alunos e dois professores no \u00faltimo dia 24, e enxugaram as l\u00e1grimas ao visitarem um memorial em homenagem \u00e0s v\u00edtimas. O atirador, Salvador Ramos, entrou na escola com um fuzil semiautom\u00e1tico AR-15 depois de matar a av\u00f3. O casal Biden tamb\u00e9m assistiu a uma missa na Igreja Cat\u00f3lica do Sagrado Cora\u00e7\u00e3o e se reuniria com as fam\u00edlias dos mortos, com sobreviventes e socorristas.<\/p>\n<p>Pouco depois da chegada do presidente a Uvalde, o Departamento de Justi\u00e7a americano anunciou que far\u00e1 uma revis\u00e3o dos procedimentos da pol\u00edcia no ataque, que vem sendo questionada por ter demorado a agir contra o atirador. Segundo testemunhas, a pol\u00edcia permitiu que o atirador permanecesse na escola por quase 40 minutos, enquanto os agentes esperavam no corredor e as crian\u00e7as telefonavam para o 911 em p\u00e2nico de dentro da sala, pedindo ajuda.<\/p>\n<p>Autoridades do Texas e do condado onde fica a cidade dizem que est\u00e3o conduzindo seu pr\u00f3prio inqu\u00e9rito, mas Anthony Coley, porta-voz do Departamento de Justi\u00e7a, afirmou que far\u00e1 uma \u201cRevis\u00e3o de Incidentes Cr\u00edticos\u201d sobre a atua\u00e7\u00e3o da pol\u00edcia, a pedido do prefeito de Uvalde. \u201cO objetivo da revis\u00e3o \u00e9 fornecer um relato independente das a\u00e7\u00f5es e respostas da aplica\u00e7\u00e3o da lei naquele dia e identificar as li\u00e7\u00f5es aprendidas e as melhores pr\u00e1ticas para ajudar os socorristas a se prepararem e responderem a eventos de atiradores ativos\u201d, disse Coley.<\/p>\n<p>\u201cO Departamento de Justi\u00e7a publicar\u00e1 um relat\u00f3rio com suas conclus\u00f5es\u201d, acrescentou Coley.<\/p>\n<p><strong>CONTROLE DE ARMAS<\/strong><\/p>\n<p>O massacre colocou o controle de armas mais uma vez no topo da agenda do pa\u00eds, a poucos meses das elei\u00e7\u00f5es de novembro, com os defensores de um maior controle \u00e0 legisla\u00e7\u00e3o argumentando que o \u00faltimo derramamento de sangue representa um ponto de inflex\u00e3o. \u201cO presidente tem uma oportunidade real. O pa\u00eds est\u00e1 pedindo desesperadamente que um l\u00edder pare o massacre da viol\u00eancia armada\u201d, disse Igor Volsky, diretor executivo da Guns Down America.<\/p>\n<p>L\u00edderes republicanos, como o senador pelo Texas Ted Cruz e o ex-presidente Donald Trump, rejeitaram os pedidos de novas medidas de controle de armas e, em vez disso, sugeriram investir em cuidados de sa\u00fade mental ou refor\u00e7ar a seguran\u00e7a escolar. Democrata, Biden vem pedindo repetidamente por mudan\u00e7as nas leis de armas dos Estados Unidos, mas n\u00e3o conseguiu impedir os tiroteios em massa ou convencer os republicanos de que controles mais r\u00edgidos poderiam conter a carnificina.<\/p>\n<p>Durante a visita deste domingo, ele estava acompanhado pelo governador do Texas, Greg Abbott, um republicano que se op\u00f5e a novas restri\u00e7\u00f5es \u00e0 compra de armas. \u201cPrecisamos de ajuda, governador Abbott\u201d, gritaram algumas pessoas na multid\u00e3o, quando Biden chegou \u00e0 escola. Outros gritaram: \u201cQue vergonha, Abbott\u201d.<\/p>\n<p>Abbott vem negando que as rec\u00e9m-promulgadas leis de armas do estado, incluindo uma medida que remove os requisitos de licenciamento para o porte de uma arma escondida, tenham sido relevantes para o massacre de ter\u00e7a-feira. Em vez disso, ele tamb\u00e9m aponta para a culpa das doen\u00e7as mentais. Salvador Ramos n\u00e3o tinha antecedentes criminais nem hist\u00f3rico de doen\u00e7a mental, mas postou mensagens amea\u00e7adoras nas m\u00eddias sociais antes do tiroteio.<\/p>\n<p>A vice-presidente Kamala Harris pediu a proibi\u00e7\u00e3o de armas de assalto durante uma viagem a Buffalo no s\u00e1bado, dizendo que, ap\u00f3s os dois tiroteios em massa consecutivos, esses \u201carmamentos de guerra\u201d n\u00e3o deveriam ter \u201cnenhum lugar em uma sociedade civil\u201d. Assessores da Casa Branca e aliados pr\u00f3ximos dizem que \u00e9 improv\u00e1vel que Biden avance em propostas pol\u00edticas espec\u00edficas ou tome medidas executivas para reprimir as armas de fogo, porque isso poderia atrapalhar negocia\u00e7\u00f5es delicadas no Senado dividido.<\/p>\n<p>Os democratas do Senado tamb\u00e9m diminu\u00edram a ret\u00f3rica \u00e0 medida em que as negocia\u00e7\u00f5es continuaram durante o recesso do feriado do Memorial Day nesta semana. \u201cTemos que ser realistas sobre o que podemos alcan\u00e7ar\u201d, disse o senador democrata Dick Durbin, ao programa \u201cEstado da Uni\u00e3o\u201d da CNN no domingo. Os colegas de partido de Durbin controlam por pouco o Senado dividido em 50-50, mas precisam de 60 votos para aprovar a maior parte da legisla\u00e7\u00e3o.<\/p>\n<p><strong>DEPOIMENTOS APAVORANTES<\/strong><\/p>\n<p>Sobreviventes do ataque disseram que sussurraram, suplicando por ajuda, nas liga\u00e7\u00f5es para o 911. Alguns se fingiram de mortos para evitar chamar a aten\u00e7\u00e3o do atirador. Miah Cerrillo, 11, se jogou no ch\u00e3o para escapar da aten\u00e7\u00e3o de Salvador Ramos. A menina se cobriu com o sangue de um colega, cujo corpo estava ao lado dela, disse ela \u00e0 CNN fora das c\u00e2meras. Ela tinha acabado de ver como Ramos matou sua professora depois de dizer \u201cboa noite\u201d para ela.<\/p>\n<p>Outro estudante, Daniel, disse ao jornal The Washington Post que enquanto as v\u00edtimas esperavam a pol\u00edcia vir em seu socorro, ningu\u00e9m gritou. \u201cFiquei assustado e estressado, porque as balas quase me atingiram\u201d, disse ele. Sua professora, que estava ferida, sussurrou para eles \u201cficarem calmos\u201d e \u201cficarem quietos\u201d. Ele acabou sendo resgatado pela pol\u00edcia, que quebrou as janelas de sua sala de aula. Desde ent\u00e3o, tem pesadelos recorrentes.<\/p>\n<p>&nbsp;<\/p>\n<p><span class=\"assinatura_exclusiva\">Folhapress<\/span><\/p>\n","protected":false},"excerpt":{"rendered":"<p>O presidente americano, Joe Biden, desembarcou neste domingo (29) na cidade de Uvalde, no Texas, para confortar as fam\u00edlias devastadas<\/p>\n","protected":false},"author":2,"featured_media":657,"comment_status":"open","ping_status":"open","sticky":false,"template":"","format":"standard","meta":{"colormag_page_container_layout":"default_layout","colormag_page_sidebar_layout":"default_layout","_FSMCFIC_featured_image_caption":"","_FSMCFIC_featured_image_nocaption":"","_FSMCFIC_featured_image_hide":"","footnotes":""},"categories":[6,1],"tags":[],"class_list":["post-655","post","type-post","status-publish","format-standard","has-post-thumbnail","hentry","category-mundo","category-ultimas"],"yoast_head":"<!-- This site is optimized with the Yoast SEO plugin v27.1.1 - https:\/\/yoast.com\/product\/yoast-seo-wordpress\/ -->\n<title>BIDEN VISITA ESCOLA DE MASSACRE NO TEXAS, E GOVERNO DIZ QUE REVISAR\u00c1 ATUA\u00c7\u00c3O DA POL\u00cdCIA - Brasil not\u00edcias<\/title>\n<meta name=\"robots\" content=\"index, follow, max-snippet:-1, max-image-preview:large, max-video-preview:-1\" \/>\n<link rel=\"canonical\" href=\"https:\/\/brasilnoticias.org\/site\/biden-visita-escola-de-massacre-no-texas-e-governo-diz-que-revisara-atuacao-da-policia\/\" \/>\n<meta property=\"og:locale\" content=\"pt_PT\" \/>\n<meta property=\"og:type\" content=\"article\" \/>\n<meta property=\"og:title\" content=\"BIDEN VISITA ESCOLA DE MASSACRE NO TEXAS, E GOVERNO DIZ QUE REVISAR\u00c1 ATUA\u00c7\u00c3O DA POL\u00cdCIA - Brasil not\u00edcias\" \/>\n<meta property=\"og:description\" content=\"O presidente americano, Joe Biden, desembarcou neste domingo (29) na cidade de Uvalde, no Texas, para confortar as fam\u00edlias devastadas\" \/>\n<meta property=\"og:url\" content=\"https:\/\/brasilnoticias.org\/site\/biden-visita-escola-de-massacre-no-texas-e-governo-diz-que-revisara-atuacao-da-policia\/\" \/>\n<meta property=\"og:site_name\" content=\"Brasil not\u00edcias\" \/>\n<meta property=\"article:published_time\" content=\"2022-05-29T21:29:25+00:00\" \/>\n<meta property=\"og:image\" content=\"https:\/\/brasilnoticias.org\/site\/wp-content\/uploads\/2022\/05\/Screenshot_20220529-182009-242.png\" \/>\n\t<meta property=\"og:image:width\" content=\"720\" \/>\n\t<meta property=\"og:image:height\" content=\"695\" \/>\n\t<meta property=\"og:image:type\" content=\"image\/png\" \/>\n<meta name=\"author\" content=\"Reda\u00e7\u00e3o\" \/>\n<meta name=\"twitter:card\" content=\"summary_large_image\" \/>\n<meta name=\"twitter:label1\" content=\"Escrito por\" \/>\n\t<meta name=\"twitter:data1\" content=\"Reda\u00e7\u00e3o\" \/>\n\t<meta name=\"twitter:label2\" content=\"Tempo estimado de leitura\" \/>\n\t<meta name=\"twitter:data2\" content=\"5 minutos\" \/>\n<script type=\"application\/ld+json\" class=\"yoast-schema-graph\">{\"@context\":\"https:\/\/schema.org\",\"@graph\":[{\"@type\":\"Article\",\"@id\":\"https:\/\/brasilnoticias.org\/site\/biden-visita-escola-de-massacre-no-texas-e-governo-diz-que-revisara-atuacao-da-policia\/#article\",\"isPartOf\":{\"@id\":\"https:\/\/brasilnoticias.org\/site\/biden-visita-escola-de-massacre-no-texas-e-governo-diz-que-revisara-atuacao-da-policia\/\"},\"author\":{\"name\":\"Reda\u00e7\u00e3o\",\"@id\":\"https:\/\/brasilnoticias.org\/site\/#\/schema\/person\/f609fa847b5314f1c8b983342f34c798\"},\"headline\":\"BIDEN VISITA ESCOLA DE MASSACRE NO TEXAS, E GOVERNO DIZ QUE REVISAR\u00c1 ATUA\u00c7\u00c3O DA POL\u00cdCIA\",\"datePublished\":\"2022-05-29T21:29:25+00:00\",\"mainEntityOfPage\":{\"@id\":\"https:\/\/brasilnoticias.org\/site\/biden-visita-escola-de-massacre-no-texas-e-governo-diz-que-revisara-atuacao-da-policia\/\"},\"wordCount\":984,\"commentCount\":0,\"publisher\":{\"@id\":\"https:\/\/brasilnoticias.org\/site\/#organization\"},\"image\":{\"@id\":\"https:\/\/brasilnoticias.org\/site\/biden-visita-escola-de-massacre-no-texas-e-governo-diz-que-revisara-atuacao-da-policia\/#primaryimage\"},\"thumbnailUrl\":\"https:\/\/brasilnoticias.org\/site\/wp-content\/uploads\/2022\/05\/Screenshot_20220529-182009-242.png\",\"articleSection\":[\"Mundo\",\"\u00daltimas\"],\"inLanguage\":\"pt-PT\",\"potentialAction\":[{\"@type\":\"CommentAction\",\"name\":\"Comment\",\"target\":[\"https:\/\/brasilnoticias.org\/site\/biden-visita-escola-de-massacre-no-texas-e-governo-diz-que-revisara-atuacao-da-policia\/#respond\"]}]},{\"@type\":\"WebPage\",\"@id\":\"https:\/\/brasilnoticias.org\/site\/biden-visita-escola-de-massacre-no-texas-e-governo-diz-que-revisara-atuacao-da-policia\/\",\"url\":\"https:\/\/brasilnoticias.org\/site\/biden-visita-escola-de-massacre-no-texas-e-governo-diz-que-revisara-atuacao-da-policia\/\",\"name\":\"BIDEN VISITA ESCOLA DE MASSACRE NO TEXAS, E GOVERNO DIZ QUE REVISAR\u00c1 ATUA\u00c7\u00c3O DA POL\u00cdCIA - Brasil not\u00edcias\",\"isPartOf\":{\"@id\":\"https:\/\/brasilnoticias.org\/site\/#website\"},\"primaryImageOfPage\":{\"@id\":\"https:\/\/brasilnoticias.org\/site\/biden-visita-escola-de-massacre-no-texas-e-governo-diz-que-revisara-atuacao-da-policia\/#primaryimage\"},\"image\":{\"@id\":\"https:\/\/brasilnoticias.org\/site\/biden-visita-escola-de-massacre-no-texas-e-governo-diz-que-revisara-atuacao-da-policia\/#primaryimage\"},\"thumbnailUrl\":\"https:\/\/brasilnoticias.org\/site\/wp-content\/uploads\/2022\/05\/Screenshot_20220529-182009-242.png\",\"datePublished\":\"2022-05-29T21:29:25+00:00\",\"breadcrumb\":{\"@id\":\"https:\/\/brasilnoticias.org\/site\/biden-visita-escola-de-massacre-no-texas-e-governo-diz-que-revisara-atuacao-da-policia\/#breadcrumb\"},\"inLanguage\":\"pt-PT\",\"potentialAction\":[{\"@type\":\"ReadAction\",\"target\":[\"https:\/\/brasilnoticias.org\/site\/biden-visita-escola-de-massacre-no-texas-e-governo-diz-que-revisara-atuacao-da-policia\/\"]}]},{\"@type\":\"ImageObject\",\"inLanguage\":\"pt-PT\",\"@id\":\"https:\/\/brasilnoticias.org\/site\/biden-visita-escola-de-massacre-no-texas-e-governo-diz-que-revisara-atuacao-da-policia\/#primaryimage\",\"url\":\"https:\/\/brasilnoticias.org\/site\/wp-content\/uploads\/2022\/05\/Screenshot_20220529-182009-242.png\",\"contentUrl\":\"https:\/\/brasilnoticias.org\/site\/wp-content\/uploads\/2022\/05\/Screenshot_20220529-182009-242.png\",\"width\":720,\"height\":695},{\"@type\":\"BreadcrumbList\",\"@id\":\"https:\/\/brasilnoticias.org\/site\/biden-visita-escola-de-massacre-no-texas-e-governo-diz-que-revisara-atuacao-da-policia\/#breadcrumb\",\"itemListElement\":[{\"@type\":\"ListItem\",\"position\":1,\"name\":\"In\u00edcio\",\"item\":\"https:\/\/brasilnoticias.org\/site\/\"},{\"@type\":\"ListItem\",\"position\":2,\"name\":\"BIDEN VISITA ESCOLA DE MASSACRE NO TEXAS, E GOVERNO DIZ QUE REVISAR\u00c1 ATUA\u00c7\u00c3O DA POL\u00cdCIA\"}]},{\"@type\":\"WebSite\",\"@id\":\"https:\/\/brasilnoticias.org\/site\/#website\",\"url\":\"https:\/\/brasilnoticias.org\/site\/\",\"name\":\"Brasil not\u00edcias\",\"description\":\"Brasil not\u00edcias\",\"publisher\":{\"@id\":\"https:\/\/brasilnoticias.org\/site\/#organization\"},\"potentialAction\":[{\"@type\":\"SearchAction\",\"target\":{\"@type\":\"EntryPoint\",\"urlTemplate\":\"https:\/\/brasilnoticias.org\/site\/?s={search_term_string}\"},\"query-input\":{\"@type\":\"PropertyValueSpecification\",\"valueRequired\":true,\"valueName\":\"search_term_string\"}}],\"inLanguage\":\"pt-PT\"},{\"@type\":\"Organization\",\"@id\":\"https:\/\/brasilnoticias.org\/site\/#organization\",\"name\":\"Brasil not\u00edcias\",\"url\":\"https:\/\/brasilnoticias.org\/site\/\",\"logo\":{\"@type\":\"ImageObject\",\"inLanguage\":\"pt-PT\",\"@id\":\"https:\/\/brasilnoticias.org\/site\/#\/schema\/logo\/image\/\",\"url\":\"https:\/\/brasilnoticias.org\/site\/wp-content\/uploads\/2022\/05\/cropped-brasilnoticias-mini.jpg\",\"contentUrl\":\"https:\/\/brasilnoticias.org\/site\/wp-content\/uploads\/2022\/05\/cropped-brasilnoticias-mini.jpg\",\"width\":314,\"height\":86,\"caption\":\"Brasil not\u00edcias\"},\"image\":{\"@id\":\"https:\/\/brasilnoticias.org\/site\/#\/schema\/logo\/image\/\"}},{\"@type\":\"Person\",\"@id\":\"https:\/\/brasilnoticias.org\/site\/#\/schema\/person\/f609fa847b5314f1c8b983342f34c798\",\"name\":\"Reda\u00e7\u00e3o\",\"image\":{\"@type\":\"ImageObject\",\"inLanguage\":\"pt-PT\",\"@id\":\"https:\/\/brasilnoticias.org\/site\/#\/schema\/person\/image\/\",\"url\":\"https:\/\/secure.gravatar.com\/avatar\/447284c06c1ad8b46465a36de9cd0d8326b73387a22799b8b1ffb1fbcff2ed0c?s=96&d=mm&r=g\",\"contentUrl\":\"https:\/\/secure.gravatar.com\/avatar\/447284c06c1ad8b46465a36de9cd0d8326b73387a22799b8b1ffb1fbcff2ed0c?s=96&d=mm&r=g\",\"caption\":\"Reda\u00e7\u00e3o\"},\"url\":\"https:\/\/brasilnoticias.org\/site\/author\/redacao\/\"}]}<\/script>\n<!-- \/ Yoast SEO plugin. -->","yoast_head_json":{"title":"BIDEN VISITA ESCOLA DE MASSACRE NO TEXAS, E GOVERNO DIZ QUE REVISAR\u00c1 ATUA\u00c7\u00c3O DA POL\u00cdCIA - Brasil not\u00edcias","robots":{"index":"index","follow":"follow","max-snippet":"max-snippet:-1","max-image-preview":"max-image-preview:large","max-video-preview":"max-video-preview:-1"},"canonical":"https:\/\/brasilnoticias.org\/site\/biden-visita-escola-de-massacre-no-texas-e-governo-diz-que-revisara-atuacao-da-policia\/","og_locale":"pt_PT","og_type":"article","og_title":"BIDEN VISITA ESCOLA DE MASSACRE NO TEXAS, E GOVERNO DIZ QUE REVISAR\u00c1 ATUA\u00c7\u00c3O DA POL\u00cdCIA - Brasil not\u00edcias","og_description":"O presidente americano, Joe Biden, desembarcou neste domingo (29) na cidade de Uvalde, no Texas, para confortar as fam\u00edlias devastadas","og_url":"https:\/\/brasilnoticias.org\/site\/biden-visita-escola-de-massacre-no-texas-e-governo-diz-que-revisara-atuacao-da-policia\/","og_site_name":"Brasil not\u00edcias","article_published_time":"2022-05-29T21:29:25+00:00","og_image":[{"width":720,"height":695,"url":"https:\/\/brasilnoticias.org\/site\/wp-content\/uploads\/2022\/05\/Screenshot_20220529-182009-242.png","type":"image\/png"}],"author":"Reda\u00e7\u00e3o","twitter_card":"summary_large_image","twitter_misc":{"Escrito por":"Reda\u00e7\u00e3o","Tempo estimado de leitura":"5 minutos"},"schema":{"@context":"https:\/\/schema.org","@graph":[{"@type":"Article","@id":"https:\/\/brasilnoticias.org\/site\/biden-visita-escola-de-massacre-no-texas-e-governo-diz-que-revisara-atuacao-da-policia\/#article","isPartOf":{"@id":"https:\/\/brasilnoticias.org\/site\/biden-visita-escola-de-massacre-no-texas-e-governo-diz-que-revisara-atuacao-da-policia\/"},"author":{"name":"Reda\u00e7\u00e3o","@id":"https:\/\/brasilnoticias.org\/site\/#\/schema\/person\/f609fa847b5314f1c8b983342f34c798"},"headline":"BIDEN VISITA ESCOLA DE MASSACRE NO TEXAS, E GOVERNO DIZ QUE REVISAR\u00c1 ATUA\u00c7\u00c3O DA POL\u00cdCIA","datePublished":"2022-05-29T21:29:25+00:00","mainEntityOfPage":{"@id":"https:\/\/brasilnoticias.org\/site\/biden-visita-escola-de-massacre-no-texas-e-governo-diz-que-revisara-atuacao-da-policia\/"},"wordCount":984,"commentCount":0,"publisher":{"@id":"https:\/\/brasilnoticias.org\/site\/#organization"},"image":{"@id":"https:\/\/brasilnoticias.org\/site\/biden-visita-escola-de-massacre-no-texas-e-governo-diz-que-revisara-atuacao-da-policia\/#primaryimage"},"thumbnailUrl":"https:\/\/brasilnoticias.org\/site\/wp-content\/uploads\/2022\/05\/Screenshot_20220529-182009-242.png","articleSection":["Mundo","\u00daltimas"],"inLanguage":"pt-PT","potentialAction":[{"@type":"CommentAction","name":"Comment","target":["https:\/\/brasilnoticias.org\/site\/biden-visita-escola-de-massacre-no-texas-e-governo-diz-que-revisara-atuacao-da-policia\/#respond"]}]},{"@type":"WebPage","@id":"https:\/\/brasilnoticias.org\/site\/biden-visita-escola-de-massacre-no-texas-e-governo-diz-que-revisara-atuacao-da-policia\/","url":"https:\/\/brasilnoticias.org\/site\/biden-visita-escola-de-massacre-no-texas-e-governo-diz-que-revisara-atuacao-da-policia\/","name":"BIDEN VISITA ESCOLA DE MASSACRE NO TEXAS, E GOVERNO DIZ QUE REVISAR\u00c1 ATUA\u00c7\u00c3O DA POL\u00cdCIA - Brasil not\u00edcias","isPartOf":{"@id":"https:\/\/brasilnoticias.org\/site\/#website"},"primaryImageOfPage":{"@id":"https:\/\/brasilnoticias.org\/site\/biden-visita-escola-de-massacre-no-texas-e-governo-diz-que-revisara-atuacao-da-policia\/#primaryimage"},"image":{"@id":"https:\/\/brasilnoticias.org\/site\/biden-visita-escola-de-massacre-no-texas-e-governo-diz-que-revisara-atuacao-da-policia\/#primaryimage"},"thumbnailUrl":"https:\/\/brasilnoticias.org\/site\/wp-content\/uploads\/2022\/05\/Screenshot_20220529-182009-242.png","datePublished":"2022-05-29T21:29:25+00:00","breadcrumb":{"@id":"https:\/\/brasilnoticias.org\/site\/biden-visita-escola-de-massacre-no-texas-e-governo-diz-que-revisara-atuacao-da-policia\/#breadcrumb"},"inLanguage":"pt-PT","potentialAction":[{"@type":"ReadAction","target":["https:\/\/brasilnoticias.org\/site\/biden-visita-escola-de-massacre-no-texas-e-governo-diz-que-revisara-atuacao-da-policia\/"]}]},{"@type":"ImageObject","inLanguage":"pt-PT","@id":"https:\/\/brasilnoticias.org\/site\/biden-visita-escola-de-massacre-no-texas-e-governo-diz-que-revisara-atuacao-da-policia\/#primaryimage","url":"https:\/\/brasilnoticias.org\/site\/wp-content\/uploads\/2022\/05\/Screenshot_20220529-182009-242.png","contentUrl":"https:\/\/brasilnoticias.org\/site\/wp-content\/uploads\/2022\/05\/Screenshot_20220529-182009-242.png","width":720,"height":695},{"@type":"BreadcrumbList","@id":"https:\/\/brasilnoticias.org\/site\/biden-visita-escola-de-massacre-no-texas-e-governo-diz-que-revisara-atuacao-da-policia\/#breadcrumb","itemListElement":[{"@type":"ListItem","position":1,"name":"In\u00edcio","item":"https:\/\/brasilnoticias.org\/site\/"},{"@type":"ListItem","position":2,"name":"BIDEN VISITA ESCOLA DE MASSACRE NO TEXAS, E GOVERNO DIZ QUE REVISAR\u00c1 ATUA\u00c7\u00c3O DA POL\u00cdCIA"}]},{"@type":"WebSite","@id":"https:\/\/brasilnoticias.org\/site\/#website","url":"https:\/\/brasilnoticias.org\/site\/","name":"Brasil not\u00edcias","description":"Brasil not\u00edcias","publisher":{"@id":"https:\/\/brasilnoticias.org\/site\/#organization"},"potentialAction":[{"@type":"SearchAction","target":{"@type":"EntryPoint","urlTemplate":"https:\/\/brasilnoticias.org\/site\/?s={search_term_string}"},"query-input":{"@type":"PropertyValueSpecification","valueRequired":true,"valueName":"search_term_string"}}],"inLanguage":"pt-PT"},{"@type":"Organization","@id":"https:\/\/brasilnoticias.org\/site\/#organization","name":"Brasil not\u00edcias","url":"https:\/\/brasilnoticias.org\/site\/","logo":{"@type":"ImageObject","inLanguage":"pt-PT","@id":"https:\/\/brasilnoticias.org\/site\/#\/schema\/logo\/image\/","url":"https:\/\/brasilnoticias.org\/site\/wp-content\/uploads\/2022\/05\/cropped-brasilnoticias-mini.jpg","contentUrl":"https:\/\/brasilnoticias.org\/site\/wp-content\/uploads\/2022\/05\/cropped-brasilnoticias-mini.jpg","width":314,"height":86,"caption":"Brasil not\u00edcias"},"image":{"@id":"https:\/\/brasilnoticias.org\/site\/#\/schema\/logo\/image\/"}},{"@type":"Person","@id":"https:\/\/brasilnoticias.org\/site\/#\/schema\/person\/f609fa847b5314f1c8b983342f34c798","name":"Reda\u00e7\u00e3o","image":{"@type":"ImageObject","inLanguage":"pt-PT","@id":"https:\/\/brasilnoticias.org\/site\/#\/schema\/person\/image\/","url":"https:\/\/secure.gravatar.com\/avatar\/447284c06c1ad8b46465a36de9cd0d8326b73387a22799b8b1ffb1fbcff2ed0c?s=96&d=mm&r=g","contentUrl":"https:\/\/secure.gravatar.com\/avatar\/447284c06c1ad8b46465a36de9cd0d8326b73387a22799b8b1ffb1fbcff2ed0c?s=96&d=mm&r=g","caption":"Reda\u00e7\u00e3o"},"url":"https:\/\/brasilnoticias.org\/site\/author\/redacao\/"}]}},"_links":{"self":[{"href":"https:\/\/brasilnoticias.org\/site\/wp-json\/wp\/v2\/posts\/655","targetHints":{"allow":["GET"]}}],"collection":[{"href":"https:\/\/brasilnoticias.org\/site\/wp-json\/wp\/v2\/posts"}],"about":[{"href":"https:\/\/brasilnoticias.org\/site\/wp-json\/wp\/v2\/types\/post"}],"author":[{"embeddable":true,"href":"https:\/\/brasilnoticias.org\/site\/wp-json\/wp\/v2\/users\/2"}],"replies":[{"embeddable":true,"href":"https:\/\/brasilnoticias.org\/site\/wp-json\/wp\/v2\/comments?post=655"}],"version-history":[{"count":1,"href":"https:\/\/brasilnoticias.org\/site\/wp-json\/wp\/v2\/posts\/655\/revisions"}],"predecessor-version":[{"id":658,"href":"https:\/\/brasilnoticias.org\/site\/wp-json\/wp\/v2\/posts\/655\/revisions\/658"}],"wp:featuredmedia":[{"embeddable":true,"href":"https:\/\/brasilnoticias.org\/site\/wp-json\/wp\/v2\/media\/657"}],"wp:attachment":[{"href":"https:\/\/brasilnoticias.org\/site\/wp-json\/wp\/v2\/media?parent=655"}],"wp:term":[{"taxonomy":"category","embeddable":true,"href":"https:\/\/brasilnoticias.org\/site\/wp-json\/wp\/v2\/categories?post=655"},{"taxonomy":"post_tag","embeddable":true,"href":"https:\/\/brasilnoticias.org\/site\/wp-json\/wp\/v2\/tags?post=655"}],"curies":[{"name":"wp","href":"https:\/\/api.w.org\/{rel}","templated":true}]}}