{"id":6553,"date":"2023-06-06T18:20:23","date_gmt":"2023-06-06T21:20:23","guid":{"rendered":"https:\/\/brasilnoticias.org\/site\/?p=6553"},"modified":"2023-06-06T13:10:35","modified_gmt":"2023-06-06T16:10:35","slug":"morre-astrud-gilberto-icone-da-bossa-nova-aos-83-anos","status":"publish","type":"post","link":"https:\/\/brasilnoticias.org\/site\/morre-astrud-gilberto-icone-da-bossa-nova-aos-83-anos\/","title":{"rendered":"Morre Astrud Gilberto, \u00edcone da Bossa Nova, aos 83 anos"},"content":{"rendered":"<p>Morreu, nesta segunda-feira (5), a cantora, compositora e \u00edcone da Bossa Nova, Astrud Gilberto, aos 83 anos. A informa\u00e7\u00e3o foi confirmada por Paul Ricci, colaborador da artista, nas redes sociais, a pedido do filho da cantora.<\/p>\n<p>Astrud nasceu em Salvador, em 1940, mas foi morar no Rio de Janeiro ainda crian\u00e7a. Em 1959, se casou com Jo\u00e3o Gilberto, e adotou seu sobrenome. Ela tamb\u00e9m participou do \u00e1lbum \u201cGetz\/ Gilberto\u201d, de Jo\u00e3o Gilberto e do saxofonista Stan Getz, com arranjos de Tom Jobim. Na \u00e9poca, o \u00e1lbum conquistou o Grammy de \u00c1lbum do Ano e de Grava\u00e7\u00e3o do Ano, com Garota de Ipanema.<\/p>\n<p>Astrud chegou a concorrer a melhor performance vocal feminina, mas perdeu para Barbra Streisand. Tamb\u00e9m competiu para ser artista revela\u00e7\u00e3o, mas saiu derrota para os The Beatles. Ainda depois da separa\u00e7\u00e3o de Jo\u00e3o Gilberto, fez turn\u00eas em todo o planeta.<\/p>\n<p>Foto: Kroon, Ron \/ Anefo &#8211; Wikimedia Commons<br \/>\nPor: Metro1<\/p>\n","protected":false},"excerpt":{"rendered":"<p>Morreu, nesta segunda-feira (5), a cantora, compositora e \u00edcone da Bossa Nova, Astrud Gilberto, aos 83 anos. A informa\u00e7\u00e3o foi<\/p>\n","protected":false},"author":1,"featured_media":6554,"comment_status":"open","ping_status":"open","sticky":false,"template":"","format":"standard","meta":{"colormag_page_container_layout":"default_layout","colormag_page_sidebar_layout":"default_layout","_FSMCFIC_featured_image_caption":"","_FSMCFIC_featured_image_nocaption":"","_FSMCFIC_featured_image_hide":"","footnotes":""},"categories":[2,1],"tags":[],"class_list":["post-6553","post","type-post","status-publish","format-standard","has-post-thumbnail","hentry","category-noticias","category-ultimas"],"yoast_head":"<!-- This site is optimized with the Yoast SEO plugin v27.1.1 - https:\/\/yoast.com\/product\/yoast-seo-wordpress\/ -->\n<title>Morre Astrud Gilberto, \u00edcone da Bossa Nova, aos 83 anos - Brasil not\u00edcias<\/title>\n<meta name=\"robots\" content=\"index, follow, max-snippet:-1, max-image-preview:large, max-video-preview:-1\" \/>\n<link rel=\"canonical\" href=\"https:\/\/brasilnoticias.org\/site\/morre-astrud-gilberto-icone-da-bossa-nova-aos-83-anos\/\" \/>\n<meta property=\"og:locale\" content=\"pt_PT\" \/>\n<meta property=\"og:type\" content=\"article\" \/>\n<meta property=\"og:title\" content=\"Morre Astrud Gilberto, \u00edcone da Bossa Nova, aos 83 anos - Brasil not\u00edcias\" \/>\n<meta property=\"og:description\" content=\"Morreu, nesta segunda-feira (5), a cantora, compositora e \u00edcone da Bossa Nova, Astrud Gilberto, aos 83 anos. A informa\u00e7\u00e3o foi\" \/>\n<meta property=\"og:url\" content=\"https:\/\/brasilnoticias.org\/site\/morre-astrud-gilberto-icone-da-bossa-nova-aos-83-anos\/\" \/>\n<meta property=\"og:site_name\" content=\"Brasil not\u00edcias\" \/>\n<meta property=\"article:published_time\" content=\"2023-06-06T21:20:23+00:00\" \/>\n<meta property=\"og:image\" content=\"https:\/\/brasilnoticias.org\/site\/wp-content\/uploads\/2023\/06\/137208morre-astrud-gilberto-icone-da-bossa-nova-aos-83-anos-3.jpg\" \/>\n\t<meta property=\"og:image:width\" content=\"1600\" \/>\n\t<meta property=\"og:image:height\" content=\"752\" \/>\n\t<meta property=\"og:image:type\" content=\"image\/jpeg\" \/>\n<meta name=\"author\" content=\"Reda\u00e7\u00e3o\" \/>\n<meta name=\"twitter:card\" content=\"summary_large_image\" \/>\n<meta name=\"twitter:label1\" content=\"Escrito por\" \/>\n\t<meta name=\"twitter:data1\" content=\"Reda\u00e7\u00e3o\" \/>\n<script type=\"application\/ld+json\" class=\"yoast-schema-graph\">{\"@context\":\"https:\/\/schema.org\",\"@graph\":[{\"@type\":\"Article\",\"@id\":\"https:\/\/brasilnoticias.org\/site\/morre-astrud-gilberto-icone-da-bossa-nova-aos-83-anos\/#article\",\"isPartOf\":{\"@id\":\"https:\/\/brasilnoticias.org\/site\/morre-astrud-gilberto-icone-da-bossa-nova-aos-83-anos\/\"},\"author\":{\"name\":\"Reda\u00e7\u00e3o\",\"@id\":\"https:\/\/brasilnoticias.org\/site\/#\/schema\/person\/a0e05b973ec4d15c658d51911e53507b\"},\"headline\":\"Morre Astrud Gilberto, \u00edcone da Bossa Nova, aos 83 anos\",\"datePublished\":\"2023-06-06T21:20:23+00:00\",\"mainEntityOfPage\":{\"@id\":\"https:\/\/brasilnoticias.org\/site\/morre-astrud-gilberto-icone-da-bossa-nova-aos-83-anos\/\"},\"wordCount\":167,\"commentCount\":0,\"publisher\":{\"@id\":\"https:\/\/brasilnoticias.org\/site\/#organization\"},\"image\":{\"@id\":\"https:\/\/brasilnoticias.org\/site\/morre-astrud-gilberto-icone-da-bossa-nova-aos-83-anos\/#primaryimage\"},\"thumbnailUrl\":\"https:\/\/brasilnoticias.org\/site\/wp-content\/uploads\/2023\/06\/137208morre-astrud-gilberto-icone-da-bossa-nova-aos-83-anos-3.jpg\",\"articleSection\":[\"Not\u00edcias\",\"\u00daltimas\"],\"inLanguage\":\"pt-PT\",\"potentialAction\":[{\"@type\":\"CommentAction\",\"name\":\"Comment\",\"target\":[\"https:\/\/brasilnoticias.org\/site\/morre-astrud-gilberto-icone-da-bossa-nova-aos-83-anos\/#respond\"]}]},{\"@type\":\"WebPage\",\"@id\":\"https:\/\/brasilnoticias.org\/site\/morre-astrud-gilberto-icone-da-bossa-nova-aos-83-anos\/\",\"url\":\"https:\/\/brasilnoticias.org\/site\/morre-astrud-gilberto-icone-da-bossa-nova-aos-83-anos\/\",\"name\":\"Morre Astrud Gilberto, \u00edcone da Bossa Nova, aos 83 anos - Brasil not\u00edcias\",\"isPartOf\":{\"@id\":\"https:\/\/brasilnoticias.org\/site\/#website\"},\"primaryImageOfPage\":{\"@id\":\"https:\/\/brasilnoticias.org\/site\/morre-astrud-gilberto-icone-da-bossa-nova-aos-83-anos\/#primaryimage\"},\"image\":{\"@id\":\"https:\/\/brasilnoticias.org\/site\/morre-astrud-gilberto-icone-da-bossa-nova-aos-83-anos\/#primaryimage\"},\"thumbnailUrl\":\"https:\/\/brasilnoticias.org\/site\/wp-content\/uploads\/2023\/06\/137208morre-astrud-gilberto-icone-da-bossa-nova-aos-83-anos-3.jpg\",\"datePublished\":\"2023-06-06T21:20:23+00:00\",\"breadcrumb\":{\"@id\":\"https:\/\/brasilnoticias.org\/site\/morre-astrud-gilberto-icone-da-bossa-nova-aos-83-anos\/#breadcrumb\"},\"inLanguage\":\"pt-PT\",\"potentialAction\":[{\"@type\":\"ReadAction\",\"target\":[\"https:\/\/brasilnoticias.org\/site\/morre-astrud-gilberto-icone-da-bossa-nova-aos-83-anos\/\"]}]},{\"@type\":\"ImageObject\",\"inLanguage\":\"pt-PT\",\"@id\":\"https:\/\/brasilnoticias.org\/site\/morre-astrud-gilberto-icone-da-bossa-nova-aos-83-anos\/#primaryimage\",\"url\":\"https:\/\/brasilnoticias.org\/site\/wp-content\/uploads\/2023\/06\/137208morre-astrud-gilberto-icone-da-bossa-nova-aos-83-anos-3.jpg\",\"contentUrl\":\"https:\/\/brasilnoticias.org\/site\/wp-content\/uploads\/2023\/06\/137208morre-astrud-gilberto-icone-da-bossa-nova-aos-83-anos-3.jpg\",\"width\":1600,\"height\":752},{\"@type\":\"BreadcrumbList\",\"@id\":\"https:\/\/brasilnoticias.org\/site\/morre-astrud-gilberto-icone-da-bossa-nova-aos-83-anos\/#breadcrumb\",\"itemListElement\":[{\"@type\":\"ListItem\",\"position\":1,\"name\":\"In\u00edcio\",\"item\":\"https:\/\/brasilnoticias.org\/site\/\"},{\"@type\":\"ListItem\",\"position\":2,\"name\":\"Morre Astrud Gilberto, \u00edcone da Bossa Nova, aos 83 anos\"}]},{\"@type\":\"WebSite\",\"@id\":\"https:\/\/brasilnoticias.org\/site\/#website\",\"url\":\"https:\/\/brasilnoticias.org\/site\/\",\"name\":\"Brasil not\u00edcias\",\"description\":\"Brasil not\u00edcias\",\"publisher\":{\"@id\":\"https:\/\/brasilnoticias.org\/site\/#organization\"},\"potentialAction\":[{\"@type\":\"SearchAction\",\"target\":{\"@type\":\"EntryPoint\",\"urlTemplate\":\"https:\/\/brasilnoticias.org\/site\/?s={search_term_string}\"},\"query-input\":{\"@type\":\"PropertyValueSpecification\",\"valueRequired\":true,\"valueName\":\"search_term_string\"}}],\"inLanguage\":\"pt-PT\"},{\"@type\":\"Organization\",\"@id\":\"https:\/\/brasilnoticias.org\/site\/#organization\",\"name\":\"Brasil not\u00edcias\",\"url\":\"https:\/\/brasilnoticias.org\/site\/\",\"logo\":{\"@type\":\"ImageObject\",\"inLanguage\":\"pt-PT\",\"@id\":\"https:\/\/brasilnoticias.org\/site\/#\/schema\/logo\/image\/\",\"url\":\"https:\/\/brasilnoticias.org\/site\/wp-content\/uploads\/2022\/05\/cropped-brasilnoticias-mini.jpg\",\"contentUrl\":\"https:\/\/brasilnoticias.org\/site\/wp-content\/uploads\/2022\/05\/cropped-brasilnoticias-mini.jpg\",\"width\":314,\"height\":86,\"caption\":\"Brasil not\u00edcias\"},\"image\":{\"@id\":\"https:\/\/brasilnoticias.org\/site\/#\/schema\/logo\/image\/\"}},{\"@type\":\"Person\",\"@id\":\"https:\/\/brasilnoticias.org\/site\/#\/schema\/person\/a0e05b973ec4d15c658d51911e53507b\",\"name\":\"Reda\u00e7\u00e3o\",\"image\":{\"@type\":\"ImageObject\",\"inLanguage\":\"pt-PT\",\"@id\":\"https:\/\/brasilnoticias.org\/site\/#\/schema\/person\/image\/\",\"url\":\"https:\/\/secure.gravatar.com\/avatar\/75d8b050df2de108b08ae78dfb8e374892df24a383c67db9c46a9c604f6aee9c?s=96&d=mm&r=g\",\"contentUrl\":\"https:\/\/secure.gravatar.com\/avatar\/75d8b050df2de108b08ae78dfb8e374892df24a383c67db9c46a9c604f6aee9c?s=96&d=mm&r=g\",\"caption\":\"Reda\u00e7\u00e3o\"},\"sameAs\":[\"https:\/\/brasilnoticias.org\/site\"],\"url\":\"https:\/\/brasilnoticias.org\/site\/author\/fernandozsngmail-com\/\"}]}<\/script>\n<!-- \/ Yoast SEO plugin. -->","yoast_head_json":{"title":"Morre Astrud Gilberto, \u00edcone da Bossa Nova, aos 83 anos - Brasil not\u00edcias","robots":{"index":"index","follow":"follow","max-snippet":"max-snippet:-1","max-image-preview":"max-image-preview:large","max-video-preview":"max-video-preview:-1"},"canonical":"https:\/\/brasilnoticias.org\/site\/morre-astrud-gilberto-icone-da-bossa-nova-aos-83-anos\/","og_locale":"pt_PT","og_type":"article","og_title":"Morre Astrud Gilberto, \u00edcone da Bossa Nova, aos 83 anos - Brasil not\u00edcias","og_description":"Morreu, nesta segunda-feira (5), a cantora, compositora e \u00edcone da Bossa Nova, Astrud Gilberto, aos 83 anos. A informa\u00e7\u00e3o foi","og_url":"https:\/\/brasilnoticias.org\/site\/morre-astrud-gilberto-icone-da-bossa-nova-aos-83-anos\/","og_site_name":"Brasil not\u00edcias","article_published_time":"2023-06-06T21:20:23+00:00","og_image":[{"width":1600,"height":752,"url":"https:\/\/brasilnoticias.org\/site\/wp-content\/uploads\/2023\/06\/137208morre-astrud-gilberto-icone-da-bossa-nova-aos-83-anos-3.jpg","type":"image\/jpeg"}],"author":"Reda\u00e7\u00e3o","twitter_card":"summary_large_image","twitter_misc":{"Escrito por":"Reda\u00e7\u00e3o"},"schema":{"@context":"https:\/\/schema.org","@graph":[{"@type":"Article","@id":"https:\/\/brasilnoticias.org\/site\/morre-astrud-gilberto-icone-da-bossa-nova-aos-83-anos\/#article","isPartOf":{"@id":"https:\/\/brasilnoticias.org\/site\/morre-astrud-gilberto-icone-da-bossa-nova-aos-83-anos\/"},"author":{"name":"Reda\u00e7\u00e3o","@id":"https:\/\/brasilnoticias.org\/site\/#\/schema\/person\/a0e05b973ec4d15c658d51911e53507b"},"headline":"Morre Astrud Gilberto, \u00edcone da Bossa Nova, aos 83 anos","datePublished":"2023-06-06T21:20:23+00:00","mainEntityOfPage":{"@id":"https:\/\/brasilnoticias.org\/site\/morre-astrud-gilberto-icone-da-bossa-nova-aos-83-anos\/"},"wordCount":167,"commentCount":0,"publisher":{"@id":"https:\/\/brasilnoticias.org\/site\/#organization"},"image":{"@id":"https:\/\/brasilnoticias.org\/site\/morre-astrud-gilberto-icone-da-bossa-nova-aos-83-anos\/#primaryimage"},"thumbnailUrl":"https:\/\/brasilnoticias.org\/site\/wp-content\/uploads\/2023\/06\/137208morre-astrud-gilberto-icone-da-bossa-nova-aos-83-anos-3.jpg","articleSection":["Not\u00edcias","\u00daltimas"],"inLanguage":"pt-PT","potentialAction":[{"@type":"CommentAction","name":"Comment","target":["https:\/\/brasilnoticias.org\/site\/morre-astrud-gilberto-icone-da-bossa-nova-aos-83-anos\/#respond"]}]},{"@type":"WebPage","@id":"https:\/\/brasilnoticias.org\/site\/morre-astrud-gilberto-icone-da-bossa-nova-aos-83-anos\/","url":"https:\/\/brasilnoticias.org\/site\/morre-astrud-gilberto-icone-da-bossa-nova-aos-83-anos\/","name":"Morre Astrud Gilberto, \u00edcone da Bossa Nova, aos 83 anos - Brasil not\u00edcias","isPartOf":{"@id":"https:\/\/brasilnoticias.org\/site\/#website"},"primaryImageOfPage":{"@id":"https:\/\/brasilnoticias.org\/site\/morre-astrud-gilberto-icone-da-bossa-nova-aos-83-anos\/#primaryimage"},"image":{"@id":"https:\/\/brasilnoticias.org\/site\/morre-astrud-gilberto-icone-da-bossa-nova-aos-83-anos\/#primaryimage"},"thumbnailUrl":"https:\/\/brasilnoticias.org\/site\/wp-content\/uploads\/2023\/06\/137208morre-astrud-gilberto-icone-da-bossa-nova-aos-83-anos-3.jpg","datePublished":"2023-06-06T21:20:23+00:00","breadcrumb":{"@id":"https:\/\/brasilnoticias.org\/site\/morre-astrud-gilberto-icone-da-bossa-nova-aos-83-anos\/#breadcrumb"},"inLanguage":"pt-PT","potentialAction":[{"@type":"ReadAction","target":["https:\/\/brasilnoticias.org\/site\/morre-astrud-gilberto-icone-da-bossa-nova-aos-83-anos\/"]}]},{"@type":"ImageObject","inLanguage":"pt-PT","@id":"https:\/\/brasilnoticias.org\/site\/morre-astrud-gilberto-icone-da-bossa-nova-aos-83-anos\/#primaryimage","url":"https:\/\/brasilnoticias.org\/site\/wp-content\/uploads\/2023\/06\/137208morre-astrud-gilberto-icone-da-bossa-nova-aos-83-anos-3.jpg","contentUrl":"https:\/\/brasilnoticias.org\/site\/wp-content\/uploads\/2023\/06\/137208morre-astrud-gilberto-icone-da-bossa-nova-aos-83-anos-3.jpg","width":1600,"height":752},{"@type":"BreadcrumbList","@id":"https:\/\/brasilnoticias.org\/site\/morre-astrud-gilberto-icone-da-bossa-nova-aos-83-anos\/#breadcrumb","itemListElement":[{"@type":"ListItem","position":1,"name":"In\u00edcio","item":"https:\/\/brasilnoticias.org\/site\/"},{"@type":"ListItem","position":2,"name":"Morre Astrud Gilberto, \u00edcone da Bossa Nova, aos 83 anos"}]},{"@type":"WebSite","@id":"https:\/\/brasilnoticias.org\/site\/#website","url":"https:\/\/brasilnoticias.org\/site\/","name":"Brasil not\u00edcias","description":"Brasil not\u00edcias","publisher":{"@id":"https:\/\/brasilnoticias.org\/site\/#organization"},"potentialAction":[{"@type":"SearchAction","target":{"@type":"EntryPoint","urlTemplate":"https:\/\/brasilnoticias.org\/site\/?s={search_term_string}"},"query-input":{"@type":"PropertyValueSpecification","valueRequired":true,"valueName":"search_term_string"}}],"inLanguage":"pt-PT"},{"@type":"Organization","@id":"https:\/\/brasilnoticias.org\/site\/#organization","name":"Brasil not\u00edcias","url":"https:\/\/brasilnoticias.org\/site\/","logo":{"@type":"ImageObject","inLanguage":"pt-PT","@id":"https:\/\/brasilnoticias.org\/site\/#\/schema\/logo\/image\/","url":"https:\/\/brasilnoticias.org\/site\/wp-content\/uploads\/2022\/05\/cropped-brasilnoticias-mini.jpg","contentUrl":"https:\/\/brasilnoticias.org\/site\/wp-content\/uploads\/2022\/05\/cropped-brasilnoticias-mini.jpg","width":314,"height":86,"caption":"Brasil not\u00edcias"},"image":{"@id":"https:\/\/brasilnoticias.org\/site\/#\/schema\/logo\/image\/"}},{"@type":"Person","@id":"https:\/\/brasilnoticias.org\/site\/#\/schema\/person\/a0e05b973ec4d15c658d51911e53507b","name":"Reda\u00e7\u00e3o","image":{"@type":"ImageObject","inLanguage":"pt-PT","@id":"https:\/\/brasilnoticias.org\/site\/#\/schema\/person\/image\/","url":"https:\/\/secure.gravatar.com\/avatar\/75d8b050df2de108b08ae78dfb8e374892df24a383c67db9c46a9c604f6aee9c?s=96&d=mm&r=g","contentUrl":"https:\/\/secure.gravatar.com\/avatar\/75d8b050df2de108b08ae78dfb8e374892df24a383c67db9c46a9c604f6aee9c?s=96&d=mm&r=g","caption":"Reda\u00e7\u00e3o"},"sameAs":["https:\/\/brasilnoticias.org\/site"],"url":"https:\/\/brasilnoticias.org\/site\/author\/fernandozsngmail-com\/"}]}},"_links":{"self":[{"href":"https:\/\/brasilnoticias.org\/site\/wp-json\/wp\/v2\/posts\/6553","targetHints":{"allow":["GET"]}}],"collection":[{"href":"https:\/\/brasilnoticias.org\/site\/wp-json\/wp\/v2\/posts"}],"about":[{"href":"https:\/\/brasilnoticias.org\/site\/wp-json\/wp\/v2\/types\/post"}],"author":[{"embeddable":true,"href":"https:\/\/brasilnoticias.org\/site\/wp-json\/wp\/v2\/users\/1"}],"replies":[{"embeddable":true,"href":"https:\/\/brasilnoticias.org\/site\/wp-json\/wp\/v2\/comments?post=6553"}],"version-history":[{"count":1,"href":"https:\/\/brasilnoticias.org\/site\/wp-json\/wp\/v2\/posts\/6553\/revisions"}],"predecessor-version":[{"id":6555,"href":"https:\/\/brasilnoticias.org\/site\/wp-json\/wp\/v2\/posts\/6553\/revisions\/6555"}],"wp:featuredmedia":[{"embeddable":true,"href":"https:\/\/brasilnoticias.org\/site\/wp-json\/wp\/v2\/media\/6554"}],"wp:attachment":[{"href":"https:\/\/brasilnoticias.org\/site\/wp-json\/wp\/v2\/media?parent=6553"}],"wp:term":[{"taxonomy":"category","embeddable":true,"href":"https:\/\/brasilnoticias.org\/site\/wp-json\/wp\/v2\/categories?post=6553"},{"taxonomy":"post_tag","embeddable":true,"href":"https:\/\/brasilnoticias.org\/site\/wp-json\/wp\/v2\/tags?post=6553"}],"curies":[{"name":"wp","href":"https:\/\/api.w.org\/{rel}","templated":true}]}}