{"id":6562,"date":"2023-06-07T06:59:53","date_gmt":"2023-06-07T09:59:53","guid":{"rendered":"https:\/\/brasilnoticias.org\/site\/?p=6562"},"modified":"2023-06-07T06:59:53","modified_gmt":"2023-06-07T09:59:53","slug":"carro-com-tres-criancas-cai-em-corrego-no-bairro-de-coutos-em-salvador","status":"publish","type":"post","link":"https:\/\/brasilnoticias.org\/site\/carro-com-tres-criancas-cai-em-corrego-no-bairro-de-coutos-em-salvador\/","title":{"rendered":"Carro com tr\u00eas crian\u00e7as cai em c\u00f3rrego no bairro de Coutos em Salvador"},"content":{"rendered":"<p>Um acidente causou um grande susto aos ocupantes de um carro, inclusive tr\u00eas crian\u00e7as, em Salvador, na tarde desta ter\u00e7a-feira (6). O ve\u00edculo caiu em um c\u00f3rrego, na rua Franco Velasco, no bairro de Coutos, no Sub\u00farbio Ferrovi\u00e1rio, ap\u00f3s o motorista perder o controle.<\/p>\n<p>Apesar da gravidade e do carro ficar parcialmente destru\u00eddo, as v\u00edtimas n\u00e3o sofreram ferimentos. Elas foram resgatadas por funcion\u00e1rios da Empresa Baiana de \u00c1guas e Saneamento (Embasa), que faziam um servi\u00e7o de manuten\u00e7\u00e3o pr\u00f3ximo ao local do acidente.<\/p>\n<p>Imagens que circulam na internet mostram o momento do resgate, que foi feito quando a \u00e1gua do c\u00f3rrego come\u00e7ou a entrar no autom\u00f3vel. As crian\u00e7as foram acalmadas por um grupo de pessoas que acompanharam o salvamento. Al\u00e9m delas, duas mulheres e um homem tamb\u00e9m foram retirados.<\/p>\n<p>N\u00e3o h\u00e1 informa\u00e7\u00f5es sobre o atual estado de sa\u00fade das v\u00edtimas e nem se elas foram encaminhadas ao hospital. A Superintend\u00eancia de Tr\u00e2nsito do Salvador (Transalvador) informou que n\u00e3o foi acionada para a ocorr\u00eancia.<\/p>\n<p>Foto Reprodu\u00e7\u00e3o \/ Redes Sociais<br \/>\nBNews<\/p>\n","protected":false},"excerpt":{"rendered":"<p>Um acidente causou um grande susto aos ocupantes de um carro, inclusive tr\u00eas crian\u00e7as, em Salvador, na tarde desta ter\u00e7a-feira<\/p>\n","protected":false},"author":1,"featured_media":6563,"comment_status":"open","ping_status":"open","sticky":false,"template":"","format":"standard","meta":{"colormag_page_container_layout":"default_layout","colormag_page_sidebar_layout":"default_layout","_FSMCFIC_featured_image_caption":"","_FSMCFIC_featured_image_nocaption":"","_FSMCFIC_featured_image_hide":"","footnotes":""},"categories":[2,1],"tags":[],"class_list":["post-6562","post","type-post","status-publish","format-standard","has-post-thumbnail","hentry","category-noticias","category-ultimas"],"yoast_head":"<!-- This site is optimized with the Yoast SEO plugin v27.1.1 - https:\/\/yoast.com\/product\/yoast-seo-wordpress\/ -->\n<title>Carro com tr\u00eas crian\u00e7as cai em c\u00f3rrego no bairro de Coutos em Salvador - Brasil not\u00edcias<\/title>\n<meta name=\"robots\" content=\"index, follow, max-snippet:-1, max-image-preview:large, max-video-preview:-1\" \/>\n<link rel=\"canonical\" href=\"https:\/\/brasilnoticias.org\/site\/carro-com-tres-criancas-cai-em-corrego-no-bairro-de-coutos-em-salvador\/\" \/>\n<meta property=\"og:locale\" content=\"pt_PT\" \/>\n<meta property=\"og:type\" content=\"article\" \/>\n<meta property=\"og:title\" content=\"Carro com tr\u00eas crian\u00e7as cai em c\u00f3rrego no bairro de Coutos em Salvador - Brasil not\u00edcias\" \/>\n<meta property=\"og:description\" content=\"Um acidente causou um grande susto aos ocupantes de um carro, inclusive tr\u00eas crian\u00e7as, em Salvador, na tarde desta ter\u00e7a-feira\" \/>\n<meta property=\"og:url\" content=\"https:\/\/brasilnoticias.org\/site\/carro-com-tres-criancas-cai-em-corrego-no-bairro-de-coutos-em-salvador\/\" \/>\n<meta property=\"og:site_name\" content=\"Brasil not\u00edcias\" \/>\n<meta property=\"article:published_time\" content=\"2023-06-07T09:59:53+00:00\" \/>\n<meta property=\"og:image\" content=\"https:\/\/brasilnoticias.org\/site\/wp-content\/uploads\/2023\/06\/carro_corrego_widelg.jpg\" \/>\n\t<meta property=\"og:image:width\" content=\"800\" \/>\n\t<meta property=\"og:image:height\" content=\"450\" \/>\n\t<meta property=\"og:image:type\" content=\"image\/jpeg\" \/>\n<meta name=\"author\" content=\"Reda\u00e7\u00e3o\" \/>\n<meta name=\"twitter:card\" content=\"summary_large_image\" \/>\n<meta name=\"twitter:label1\" content=\"Escrito por\" \/>\n\t<meta name=\"twitter:data1\" content=\"Reda\u00e7\u00e3o\" \/>\n<script type=\"application\/ld+json\" class=\"yoast-schema-graph\">{\"@context\":\"https:\/\/schema.org\",\"@graph\":[{\"@type\":\"Article\",\"@id\":\"https:\/\/brasilnoticias.org\/site\/carro-com-tres-criancas-cai-em-corrego-no-bairro-de-coutos-em-salvador\/#article\",\"isPartOf\":{\"@id\":\"https:\/\/brasilnoticias.org\/site\/carro-com-tres-criancas-cai-em-corrego-no-bairro-de-coutos-em-salvador\/\"},\"author\":{\"name\":\"Reda\u00e7\u00e3o\",\"@id\":\"https:\/\/brasilnoticias.org\/site\/#\/schema\/person\/a0e05b973ec4d15c658d51911e53507b\"},\"headline\":\"Carro com tr\u00eas crian\u00e7as cai em c\u00f3rrego no bairro de Coutos em Salvador\",\"datePublished\":\"2023-06-07T09:59:53+00:00\",\"mainEntityOfPage\":{\"@id\":\"https:\/\/brasilnoticias.org\/site\/carro-com-tres-criancas-cai-em-corrego-no-bairro-de-coutos-em-salvador\/\"},\"wordCount\":212,\"commentCount\":0,\"publisher\":{\"@id\":\"https:\/\/brasilnoticias.org\/site\/#organization\"},\"image\":{\"@id\":\"https:\/\/brasilnoticias.org\/site\/carro-com-tres-criancas-cai-em-corrego-no-bairro-de-coutos-em-salvador\/#primaryimage\"},\"thumbnailUrl\":\"https:\/\/brasilnoticias.org\/site\/wp-content\/uploads\/2023\/06\/carro_corrego_widelg.jpg\",\"articleSection\":[\"Not\u00edcias\",\"\u00daltimas\"],\"inLanguage\":\"pt-PT\",\"potentialAction\":[{\"@type\":\"CommentAction\",\"name\":\"Comment\",\"target\":[\"https:\/\/brasilnoticias.org\/site\/carro-com-tres-criancas-cai-em-corrego-no-bairro-de-coutos-em-salvador\/#respond\"]}]},{\"@type\":\"WebPage\",\"@id\":\"https:\/\/brasilnoticias.org\/site\/carro-com-tres-criancas-cai-em-corrego-no-bairro-de-coutos-em-salvador\/\",\"url\":\"https:\/\/brasilnoticias.org\/site\/carro-com-tres-criancas-cai-em-corrego-no-bairro-de-coutos-em-salvador\/\",\"name\":\"Carro com tr\u00eas crian\u00e7as cai em c\u00f3rrego no bairro de Coutos em Salvador - Brasil not\u00edcias\",\"isPartOf\":{\"@id\":\"https:\/\/brasilnoticias.org\/site\/#website\"},\"primaryImageOfPage\":{\"@id\":\"https:\/\/brasilnoticias.org\/site\/carro-com-tres-criancas-cai-em-corrego-no-bairro-de-coutos-em-salvador\/#primaryimage\"},\"image\":{\"@id\":\"https:\/\/brasilnoticias.org\/site\/carro-com-tres-criancas-cai-em-corrego-no-bairro-de-coutos-em-salvador\/#primaryimage\"},\"thumbnailUrl\":\"https:\/\/brasilnoticias.org\/site\/wp-content\/uploads\/2023\/06\/carro_corrego_widelg.jpg\",\"datePublished\":\"2023-06-07T09:59:53+00:00\",\"breadcrumb\":{\"@id\":\"https:\/\/brasilnoticias.org\/site\/carro-com-tres-criancas-cai-em-corrego-no-bairro-de-coutos-em-salvador\/#breadcrumb\"},\"inLanguage\":\"pt-PT\",\"potentialAction\":[{\"@type\":\"ReadAction\",\"target\":[\"https:\/\/brasilnoticias.org\/site\/carro-com-tres-criancas-cai-em-corrego-no-bairro-de-coutos-em-salvador\/\"]}]},{\"@type\":\"ImageObject\",\"inLanguage\":\"pt-PT\",\"@id\":\"https:\/\/brasilnoticias.org\/site\/carro-com-tres-criancas-cai-em-corrego-no-bairro-de-coutos-em-salvador\/#primaryimage\",\"url\":\"https:\/\/brasilnoticias.org\/site\/wp-content\/uploads\/2023\/06\/carro_corrego_widelg.jpg\",\"contentUrl\":\"https:\/\/brasilnoticias.org\/site\/wp-content\/uploads\/2023\/06\/carro_corrego_widelg.jpg\",\"width\":800,\"height\":450},{\"@type\":\"BreadcrumbList\",\"@id\":\"https:\/\/brasilnoticias.org\/site\/carro-com-tres-criancas-cai-em-corrego-no-bairro-de-coutos-em-salvador\/#breadcrumb\",\"itemListElement\":[{\"@type\":\"ListItem\",\"position\":1,\"name\":\"In\u00edcio\",\"item\":\"https:\/\/brasilnoticias.org\/site\/\"},{\"@type\":\"ListItem\",\"position\":2,\"name\":\"Carro com tr\u00eas crian\u00e7as cai em c\u00f3rrego no bairro de Coutos em Salvador\"}]},{\"@type\":\"WebSite\",\"@id\":\"https:\/\/brasilnoticias.org\/site\/#website\",\"url\":\"https:\/\/brasilnoticias.org\/site\/\",\"name\":\"Brasil not\u00edcias\",\"description\":\"Brasil not\u00edcias\",\"publisher\":{\"@id\":\"https:\/\/brasilnoticias.org\/site\/#organization\"},\"potentialAction\":[{\"@type\":\"SearchAction\",\"target\":{\"@type\":\"EntryPoint\",\"urlTemplate\":\"https:\/\/brasilnoticias.org\/site\/?s={search_term_string}\"},\"query-input\":{\"@type\":\"PropertyValueSpecification\",\"valueRequired\":true,\"valueName\":\"search_term_string\"}}],\"inLanguage\":\"pt-PT\"},{\"@type\":\"Organization\",\"@id\":\"https:\/\/brasilnoticias.org\/site\/#organization\",\"name\":\"Brasil not\u00edcias\",\"url\":\"https:\/\/brasilnoticias.org\/site\/\",\"logo\":{\"@type\":\"ImageObject\",\"inLanguage\":\"pt-PT\",\"@id\":\"https:\/\/brasilnoticias.org\/site\/#\/schema\/logo\/image\/\",\"url\":\"https:\/\/brasilnoticias.org\/site\/wp-content\/uploads\/2022\/05\/cropped-brasilnoticias-mini.jpg\",\"contentUrl\":\"https:\/\/brasilnoticias.org\/site\/wp-content\/uploads\/2022\/05\/cropped-brasilnoticias-mini.jpg\",\"width\":314,\"height\":86,\"caption\":\"Brasil not\u00edcias\"},\"image\":{\"@id\":\"https:\/\/brasilnoticias.org\/site\/#\/schema\/logo\/image\/\"}},{\"@type\":\"Person\",\"@id\":\"https:\/\/brasilnoticias.org\/site\/#\/schema\/person\/a0e05b973ec4d15c658d51911e53507b\",\"name\":\"Reda\u00e7\u00e3o\",\"image\":{\"@type\":\"ImageObject\",\"inLanguage\":\"pt-PT\",\"@id\":\"https:\/\/brasilnoticias.org\/site\/#\/schema\/person\/image\/\",\"url\":\"https:\/\/secure.gravatar.com\/avatar\/75d8b050df2de108b08ae78dfb8e374892df24a383c67db9c46a9c604f6aee9c?s=96&d=mm&r=g\",\"contentUrl\":\"https:\/\/secure.gravatar.com\/avatar\/75d8b050df2de108b08ae78dfb8e374892df24a383c67db9c46a9c604f6aee9c?s=96&d=mm&r=g\",\"caption\":\"Reda\u00e7\u00e3o\"},\"sameAs\":[\"https:\/\/brasilnoticias.org\/site\"],\"url\":\"https:\/\/brasilnoticias.org\/site\/author\/fernandozsngmail-com\/\"}]}<\/script>\n<!-- \/ Yoast SEO plugin. -->","yoast_head_json":{"title":"Carro com tr\u00eas crian\u00e7as cai em c\u00f3rrego no bairro de Coutos em Salvador - Brasil not\u00edcias","robots":{"index":"index","follow":"follow","max-snippet":"max-snippet:-1","max-image-preview":"max-image-preview:large","max-video-preview":"max-video-preview:-1"},"canonical":"https:\/\/brasilnoticias.org\/site\/carro-com-tres-criancas-cai-em-corrego-no-bairro-de-coutos-em-salvador\/","og_locale":"pt_PT","og_type":"article","og_title":"Carro com tr\u00eas crian\u00e7as cai em c\u00f3rrego no bairro de Coutos em Salvador - Brasil not\u00edcias","og_description":"Um acidente causou um grande susto aos ocupantes de um carro, inclusive tr\u00eas crian\u00e7as, em Salvador, na tarde desta ter\u00e7a-feira","og_url":"https:\/\/brasilnoticias.org\/site\/carro-com-tres-criancas-cai-em-corrego-no-bairro-de-coutos-em-salvador\/","og_site_name":"Brasil not\u00edcias","article_published_time":"2023-06-07T09:59:53+00:00","og_image":[{"width":800,"height":450,"url":"https:\/\/brasilnoticias.org\/site\/wp-content\/uploads\/2023\/06\/carro_corrego_widelg.jpg","type":"image\/jpeg"}],"author":"Reda\u00e7\u00e3o","twitter_card":"summary_large_image","twitter_misc":{"Escrito por":"Reda\u00e7\u00e3o"},"schema":{"@context":"https:\/\/schema.org","@graph":[{"@type":"Article","@id":"https:\/\/brasilnoticias.org\/site\/carro-com-tres-criancas-cai-em-corrego-no-bairro-de-coutos-em-salvador\/#article","isPartOf":{"@id":"https:\/\/brasilnoticias.org\/site\/carro-com-tres-criancas-cai-em-corrego-no-bairro-de-coutos-em-salvador\/"},"author":{"name":"Reda\u00e7\u00e3o","@id":"https:\/\/brasilnoticias.org\/site\/#\/schema\/person\/a0e05b973ec4d15c658d51911e53507b"},"headline":"Carro com tr\u00eas crian\u00e7as cai em c\u00f3rrego no bairro de Coutos em Salvador","datePublished":"2023-06-07T09:59:53+00:00","mainEntityOfPage":{"@id":"https:\/\/brasilnoticias.org\/site\/carro-com-tres-criancas-cai-em-corrego-no-bairro-de-coutos-em-salvador\/"},"wordCount":212,"commentCount":0,"publisher":{"@id":"https:\/\/brasilnoticias.org\/site\/#organization"},"image":{"@id":"https:\/\/brasilnoticias.org\/site\/carro-com-tres-criancas-cai-em-corrego-no-bairro-de-coutos-em-salvador\/#primaryimage"},"thumbnailUrl":"https:\/\/brasilnoticias.org\/site\/wp-content\/uploads\/2023\/06\/carro_corrego_widelg.jpg","articleSection":["Not\u00edcias","\u00daltimas"],"inLanguage":"pt-PT","potentialAction":[{"@type":"CommentAction","name":"Comment","target":["https:\/\/brasilnoticias.org\/site\/carro-com-tres-criancas-cai-em-corrego-no-bairro-de-coutos-em-salvador\/#respond"]}]},{"@type":"WebPage","@id":"https:\/\/brasilnoticias.org\/site\/carro-com-tres-criancas-cai-em-corrego-no-bairro-de-coutos-em-salvador\/","url":"https:\/\/brasilnoticias.org\/site\/carro-com-tres-criancas-cai-em-corrego-no-bairro-de-coutos-em-salvador\/","name":"Carro com tr\u00eas crian\u00e7as cai em c\u00f3rrego no bairro de Coutos em Salvador - Brasil not\u00edcias","isPartOf":{"@id":"https:\/\/brasilnoticias.org\/site\/#website"},"primaryImageOfPage":{"@id":"https:\/\/brasilnoticias.org\/site\/carro-com-tres-criancas-cai-em-corrego-no-bairro-de-coutos-em-salvador\/#primaryimage"},"image":{"@id":"https:\/\/brasilnoticias.org\/site\/carro-com-tres-criancas-cai-em-corrego-no-bairro-de-coutos-em-salvador\/#primaryimage"},"thumbnailUrl":"https:\/\/brasilnoticias.org\/site\/wp-content\/uploads\/2023\/06\/carro_corrego_widelg.jpg","datePublished":"2023-06-07T09:59:53+00:00","breadcrumb":{"@id":"https:\/\/brasilnoticias.org\/site\/carro-com-tres-criancas-cai-em-corrego-no-bairro-de-coutos-em-salvador\/#breadcrumb"},"inLanguage":"pt-PT","potentialAction":[{"@type":"ReadAction","target":["https:\/\/brasilnoticias.org\/site\/carro-com-tres-criancas-cai-em-corrego-no-bairro-de-coutos-em-salvador\/"]}]},{"@type":"ImageObject","inLanguage":"pt-PT","@id":"https:\/\/brasilnoticias.org\/site\/carro-com-tres-criancas-cai-em-corrego-no-bairro-de-coutos-em-salvador\/#primaryimage","url":"https:\/\/brasilnoticias.org\/site\/wp-content\/uploads\/2023\/06\/carro_corrego_widelg.jpg","contentUrl":"https:\/\/brasilnoticias.org\/site\/wp-content\/uploads\/2023\/06\/carro_corrego_widelg.jpg","width":800,"height":450},{"@type":"BreadcrumbList","@id":"https:\/\/brasilnoticias.org\/site\/carro-com-tres-criancas-cai-em-corrego-no-bairro-de-coutos-em-salvador\/#breadcrumb","itemListElement":[{"@type":"ListItem","position":1,"name":"In\u00edcio","item":"https:\/\/brasilnoticias.org\/site\/"},{"@type":"ListItem","position":2,"name":"Carro com tr\u00eas crian\u00e7as cai em c\u00f3rrego no bairro de Coutos em Salvador"}]},{"@type":"WebSite","@id":"https:\/\/brasilnoticias.org\/site\/#website","url":"https:\/\/brasilnoticias.org\/site\/","name":"Brasil not\u00edcias","description":"Brasil not\u00edcias","publisher":{"@id":"https:\/\/brasilnoticias.org\/site\/#organization"},"potentialAction":[{"@type":"SearchAction","target":{"@type":"EntryPoint","urlTemplate":"https:\/\/brasilnoticias.org\/site\/?s={search_term_string}"},"query-input":{"@type":"PropertyValueSpecification","valueRequired":true,"valueName":"search_term_string"}}],"inLanguage":"pt-PT"},{"@type":"Organization","@id":"https:\/\/brasilnoticias.org\/site\/#organization","name":"Brasil not\u00edcias","url":"https:\/\/brasilnoticias.org\/site\/","logo":{"@type":"ImageObject","inLanguage":"pt-PT","@id":"https:\/\/brasilnoticias.org\/site\/#\/schema\/logo\/image\/","url":"https:\/\/brasilnoticias.org\/site\/wp-content\/uploads\/2022\/05\/cropped-brasilnoticias-mini.jpg","contentUrl":"https:\/\/brasilnoticias.org\/site\/wp-content\/uploads\/2022\/05\/cropped-brasilnoticias-mini.jpg","width":314,"height":86,"caption":"Brasil not\u00edcias"},"image":{"@id":"https:\/\/brasilnoticias.org\/site\/#\/schema\/logo\/image\/"}},{"@type":"Person","@id":"https:\/\/brasilnoticias.org\/site\/#\/schema\/person\/a0e05b973ec4d15c658d51911e53507b","name":"Reda\u00e7\u00e3o","image":{"@type":"ImageObject","inLanguage":"pt-PT","@id":"https:\/\/brasilnoticias.org\/site\/#\/schema\/person\/image\/","url":"https:\/\/secure.gravatar.com\/avatar\/75d8b050df2de108b08ae78dfb8e374892df24a383c67db9c46a9c604f6aee9c?s=96&d=mm&r=g","contentUrl":"https:\/\/secure.gravatar.com\/avatar\/75d8b050df2de108b08ae78dfb8e374892df24a383c67db9c46a9c604f6aee9c?s=96&d=mm&r=g","caption":"Reda\u00e7\u00e3o"},"sameAs":["https:\/\/brasilnoticias.org\/site"],"url":"https:\/\/brasilnoticias.org\/site\/author\/fernandozsngmail-com\/"}]}},"_links":{"self":[{"href":"https:\/\/brasilnoticias.org\/site\/wp-json\/wp\/v2\/posts\/6562","targetHints":{"allow":["GET"]}}],"collection":[{"href":"https:\/\/brasilnoticias.org\/site\/wp-json\/wp\/v2\/posts"}],"about":[{"href":"https:\/\/brasilnoticias.org\/site\/wp-json\/wp\/v2\/types\/post"}],"author":[{"embeddable":true,"href":"https:\/\/brasilnoticias.org\/site\/wp-json\/wp\/v2\/users\/1"}],"replies":[{"embeddable":true,"href":"https:\/\/brasilnoticias.org\/site\/wp-json\/wp\/v2\/comments?post=6562"}],"version-history":[{"count":1,"href":"https:\/\/brasilnoticias.org\/site\/wp-json\/wp\/v2\/posts\/6562\/revisions"}],"predecessor-version":[{"id":6564,"href":"https:\/\/brasilnoticias.org\/site\/wp-json\/wp\/v2\/posts\/6562\/revisions\/6564"}],"wp:featuredmedia":[{"embeddable":true,"href":"https:\/\/brasilnoticias.org\/site\/wp-json\/wp\/v2\/media\/6563"}],"wp:attachment":[{"href":"https:\/\/brasilnoticias.org\/site\/wp-json\/wp\/v2\/media?parent=6562"}],"wp:term":[{"taxonomy":"category","embeddable":true,"href":"https:\/\/brasilnoticias.org\/site\/wp-json\/wp\/v2\/categories?post=6562"},{"taxonomy":"post_tag","embeddable":true,"href":"https:\/\/brasilnoticias.org\/site\/wp-json\/wp\/v2\/tags?post=6562"}],"curies":[{"name":"wp","href":"https:\/\/api.w.org\/{rel}","templated":true}]}}