{"id":6565,"date":"2023-06-07T07:01:01","date_gmt":"2023-06-07T10:01:01","guid":{"rendered":"https:\/\/brasilnoticias.org\/site\/?p=6565"},"modified":"2023-06-07T07:01:01","modified_gmt":"2023-06-07T10:01:01","slug":"veiculo-com-turistas-capota-nos-lencois-maranhenses-e-deixa-feridos","status":"publish","type":"post","link":"https:\/\/brasilnoticias.org\/site\/veiculo-com-turistas-capota-nos-lencois-maranhenses-e-deixa-feridos\/","title":{"rendered":"Ve\u00edculo com turistas capota nos Len\u00e7\u00f3is Maranhenses e deixa feridos"},"content":{"rendered":"<p>Sete turistas ficaram feridos ap\u00f3s uma caminhonete capotar nos Len\u00e7\u00f3is Maranhenses, no Maranh\u00e3o, nesta segunda-feira (5). O acidente aconteceu no munic\u00edpio de Santo Amaro do Maranh\u00e3o, um dos principais destinos dos Len\u00e7\u00f3is, a 238 km da capital S\u00e3o Lu\u00eds.<\/p>\n<p>\u00c0 pol\u00edcia o motorista disse que perdeu o controle da dire\u00e7\u00e3o depois que o sol atrapalhou sua vis\u00e3o. Eles passavam pelas dunas, e o carro foi parar na lagoa.<\/p>\n<p>Quatro pessoas que estavam na caminhonete foram socorridas e levados para hospital -tr\u00eas receberam alta e uma permanece internada com fraturas no Hospital Regional de Barreirinhas (MA), segundo a Secretaria de Sa\u00fade do Maranh\u00e3o. Outras cinco pessoas tiveram ferimentos leves e receberam os primeiros socorros no local.<\/p>\n<p>De acordo com a Secretaria de Turismo de Santo Amaro e a Pol\u00edcia Militar, o carro era credenciado para circular no local e tanto o motorista como o guia de turismo tinham autoriza\u00e7\u00e3o para trabalhar.<\/p>\n<p>Em nota, a Prefeitura de Santo Amaro do Maranh\u00e3o afirmou que o munic\u00edpio n\u00e3o p\u00f4de atender imediatamente a ocorr\u00eancia porque as ambul\u00e2ncias estavam todas ocupadas com transfer\u00eancia de pacientes para outras cidades. A prefeitura disse ainda que o hospital pediu apoio do Corpo de Bombeiros de Barreirinhas (MA), cidade vizinha, mas que eles n\u00e3o atenderam porque estavam a caminho de outra ocorr\u00eancia.<\/p>\n<p>Depois de retornar de uma cidade pr\u00f3xima, uma ambul\u00e2ncia da prefeitura conseguiu fazer a transfer\u00eancia de algumas das v\u00edtimas do acidente para unidades de sa\u00fade. Um carro de apoio particular tamb\u00e9m auxiliou no resgate.<\/p>\n<p>O ICMBio (Instituto Chico Mendes de Conserva\u00e7\u00e3o da Biodiversidade) informou que o acidente aconteceu dentro dos limites do Parque Municipal dos Len\u00e7\u00f3is Maranhenses, administrado pela prefeitura de Santo Amaro, e n\u00e3o no Parque Nacional, que pertence \u00e0 Uni\u00e3o.<\/p>\n<p>As regras para o deslocamento de ve\u00edculos s\u00e3o as mesmas nos dois parques, segundo a Prefeitura de Santo Amaro. Apenas ve\u00edculos de turismo credenciados previamente s\u00e3o autorizados a circular.<\/p>\n<p>Este \u00e9 o segundo acidente nos Len\u00e7\u00f3is Maranhenses no per\u00edodo de um ano. Em julho de 2022, um ve\u00edculo clandestino que transportava turistas capotou nas dunas e afundou em uma lagoa em uma \u00e1rea restrita do Parque Nacional -ningu\u00e9m ficou ferido. Os turistas entraram de forma ilegal no parque, por uma trilha, e seguiram pelas dunas do povoado de Atins at\u00e9 Santo Amaro. Durante o percurso, o ve\u00edculo capotou e caiu em uma das lagoas do parque.<\/p>\n<p>Em outubro do ano passado, no Cear\u00e1, duas turistas morreram ap\u00f3s um ve\u00edculo despencar de uma das dunas de Guri\u00fa, em Camocim, no litoral oeste do estado.<\/p>\n<p>Foto Reprodu\u00e7\u00e3o<br \/>\nBNews<\/p>\n","protected":false},"excerpt":{"rendered":"<p>Sete turistas ficaram feridos ap\u00f3s uma caminhonete capotar nos Len\u00e7\u00f3is Maranhenses, no Maranh\u00e3o, nesta segunda-feira (5). O acidente aconteceu no<\/p>\n","protected":false},"author":1,"featured_media":6566,"comment_status":"open","ping_status":"open","sticky":false,"template":"","format":"standard","meta":{"colormag_page_container_layout":"default_layout","colormag_page_sidebar_layout":"default_layout","_FSMCFIC_featured_image_caption":"","_FSMCFIC_featured_image_nocaption":"","_FSMCFIC_featured_image_hide":"","footnotes":""},"categories":[2,1],"tags":[],"class_list":["post-6565","post","type-post","status-publish","format-standard","has-post-thumbnail","hentry","category-noticias","category-ultimas"],"yoast_head":"<!-- This site is optimized with the Yoast SEO plugin v27.1.1 - https:\/\/yoast.com\/product\/yoast-seo-wordpress\/ -->\n<title>Ve\u00edculo com turistas capota nos Len\u00e7\u00f3is Maranhenses e deixa feridos - Brasil not\u00edcias<\/title>\n<meta name=\"robots\" content=\"index, follow, max-snippet:-1, max-image-preview:large, max-video-preview:-1\" \/>\n<link rel=\"canonical\" href=\"https:\/\/brasilnoticias.org\/site\/veiculo-com-turistas-capota-nos-lencois-maranhenses-e-deixa-feridos\/\" \/>\n<meta property=\"og:locale\" content=\"pt_PT\" \/>\n<meta property=\"og:type\" content=\"article\" \/>\n<meta property=\"og:title\" content=\"Ve\u00edculo com turistas capota nos Len\u00e7\u00f3is Maranhenses e deixa feridos - Brasil not\u00edcias\" \/>\n<meta property=\"og:description\" content=\"Sete turistas ficaram feridos ap\u00f3s uma caminhonete capotar nos Len\u00e7\u00f3is Maranhenses, no Maranh\u00e3o, nesta segunda-feira (5). O acidente aconteceu no\" \/>\n<meta property=\"og:url\" content=\"https:\/\/brasilnoticias.org\/site\/veiculo-com-turistas-capota-nos-lencois-maranhenses-e-deixa-feridos\/\" \/>\n<meta property=\"og:site_name\" content=\"Brasil not\u00edcias\" \/>\n<meta property=\"article:published_time\" content=\"2023-06-07T10:01:01+00:00\" \/>\n<meta property=\"og:image\" content=\"https:\/\/brasilnoticias.org\/site\/wp-content\/uploads\/2023\/06\/veiculo_com_turistas_capota_nos_lencois_maranhenses_e_deixa_feridos_widelg.jpg\" \/>\n\t<meta property=\"og:image:width\" content=\"800\" \/>\n\t<meta property=\"og:image:height\" content=\"450\" \/>\n\t<meta property=\"og:image:type\" content=\"image\/jpeg\" \/>\n<meta name=\"author\" content=\"Reda\u00e7\u00e3o\" \/>\n<meta name=\"twitter:card\" content=\"summary_large_image\" \/>\n<meta name=\"twitter:label1\" content=\"Escrito por\" \/>\n\t<meta name=\"twitter:data1\" content=\"Reda\u00e7\u00e3o\" \/>\n<script type=\"application\/ld+json\" class=\"yoast-schema-graph\">{\"@context\":\"https:\/\/schema.org\",\"@graph\":[{\"@type\":\"Article\",\"@id\":\"https:\/\/brasilnoticias.org\/site\/veiculo-com-turistas-capota-nos-lencois-maranhenses-e-deixa-feridos\/#article\",\"isPartOf\":{\"@id\":\"https:\/\/brasilnoticias.org\/site\/veiculo-com-turistas-capota-nos-lencois-maranhenses-e-deixa-feridos\/\"},\"author\":{\"name\":\"Reda\u00e7\u00e3o\",\"@id\":\"https:\/\/brasilnoticias.org\/site\/#\/schema\/person\/a0e05b973ec4d15c658d51911e53507b\"},\"headline\":\"Ve\u00edculo com turistas capota nos Len\u00e7\u00f3is Maranhenses e deixa feridos\",\"datePublished\":\"2023-06-07T10:01:01+00:00\",\"mainEntityOfPage\":{\"@id\":\"https:\/\/brasilnoticias.org\/site\/veiculo-com-turistas-capota-nos-lencois-maranhenses-e-deixa-feridos\/\"},\"wordCount\":473,\"commentCount\":0,\"publisher\":{\"@id\":\"https:\/\/brasilnoticias.org\/site\/#organization\"},\"image\":{\"@id\":\"https:\/\/brasilnoticias.org\/site\/veiculo-com-turistas-capota-nos-lencois-maranhenses-e-deixa-feridos\/#primaryimage\"},\"thumbnailUrl\":\"https:\/\/brasilnoticias.org\/site\/wp-content\/uploads\/2023\/06\/veiculo_com_turistas_capota_nos_lencois_maranhenses_e_deixa_feridos_widelg.jpg\",\"articleSection\":[\"Not\u00edcias\",\"\u00daltimas\"],\"inLanguage\":\"pt-PT\",\"potentialAction\":[{\"@type\":\"CommentAction\",\"name\":\"Comment\",\"target\":[\"https:\/\/brasilnoticias.org\/site\/veiculo-com-turistas-capota-nos-lencois-maranhenses-e-deixa-feridos\/#respond\"]}]},{\"@type\":\"WebPage\",\"@id\":\"https:\/\/brasilnoticias.org\/site\/veiculo-com-turistas-capota-nos-lencois-maranhenses-e-deixa-feridos\/\",\"url\":\"https:\/\/brasilnoticias.org\/site\/veiculo-com-turistas-capota-nos-lencois-maranhenses-e-deixa-feridos\/\",\"name\":\"Ve\u00edculo com turistas capota nos Len\u00e7\u00f3is Maranhenses e deixa feridos - Brasil not\u00edcias\",\"isPartOf\":{\"@id\":\"https:\/\/brasilnoticias.org\/site\/#website\"},\"primaryImageOfPage\":{\"@id\":\"https:\/\/brasilnoticias.org\/site\/veiculo-com-turistas-capota-nos-lencois-maranhenses-e-deixa-feridos\/#primaryimage\"},\"image\":{\"@id\":\"https:\/\/brasilnoticias.org\/site\/veiculo-com-turistas-capota-nos-lencois-maranhenses-e-deixa-feridos\/#primaryimage\"},\"thumbnailUrl\":\"https:\/\/brasilnoticias.org\/site\/wp-content\/uploads\/2023\/06\/veiculo_com_turistas_capota_nos_lencois_maranhenses_e_deixa_feridos_widelg.jpg\",\"datePublished\":\"2023-06-07T10:01:01+00:00\",\"breadcrumb\":{\"@id\":\"https:\/\/brasilnoticias.org\/site\/veiculo-com-turistas-capota-nos-lencois-maranhenses-e-deixa-feridos\/#breadcrumb\"},\"inLanguage\":\"pt-PT\",\"potentialAction\":[{\"@type\":\"ReadAction\",\"target\":[\"https:\/\/brasilnoticias.org\/site\/veiculo-com-turistas-capota-nos-lencois-maranhenses-e-deixa-feridos\/\"]}]},{\"@type\":\"ImageObject\",\"inLanguage\":\"pt-PT\",\"@id\":\"https:\/\/brasilnoticias.org\/site\/veiculo-com-turistas-capota-nos-lencois-maranhenses-e-deixa-feridos\/#primaryimage\",\"url\":\"https:\/\/brasilnoticias.org\/site\/wp-content\/uploads\/2023\/06\/veiculo_com_turistas_capota_nos_lencois_maranhenses_e_deixa_feridos_widelg.jpg\",\"contentUrl\":\"https:\/\/brasilnoticias.org\/site\/wp-content\/uploads\/2023\/06\/veiculo_com_turistas_capota_nos_lencois_maranhenses_e_deixa_feridos_widelg.jpg\",\"width\":800,\"height\":450},{\"@type\":\"BreadcrumbList\",\"@id\":\"https:\/\/brasilnoticias.org\/site\/veiculo-com-turistas-capota-nos-lencois-maranhenses-e-deixa-feridos\/#breadcrumb\",\"itemListElement\":[{\"@type\":\"ListItem\",\"position\":1,\"name\":\"In\u00edcio\",\"item\":\"https:\/\/brasilnoticias.org\/site\/\"},{\"@type\":\"ListItem\",\"position\":2,\"name\":\"Ve\u00edculo com turistas capota nos Len\u00e7\u00f3is Maranhenses e deixa feridos\"}]},{\"@type\":\"WebSite\",\"@id\":\"https:\/\/brasilnoticias.org\/site\/#website\",\"url\":\"https:\/\/brasilnoticias.org\/site\/\",\"name\":\"Brasil not\u00edcias\",\"description\":\"Brasil not\u00edcias\",\"publisher\":{\"@id\":\"https:\/\/brasilnoticias.org\/site\/#organization\"},\"potentialAction\":[{\"@type\":\"SearchAction\",\"target\":{\"@type\":\"EntryPoint\",\"urlTemplate\":\"https:\/\/brasilnoticias.org\/site\/?s={search_term_string}\"},\"query-input\":{\"@type\":\"PropertyValueSpecification\",\"valueRequired\":true,\"valueName\":\"search_term_string\"}}],\"inLanguage\":\"pt-PT\"},{\"@type\":\"Organization\",\"@id\":\"https:\/\/brasilnoticias.org\/site\/#organization\",\"name\":\"Brasil not\u00edcias\",\"url\":\"https:\/\/brasilnoticias.org\/site\/\",\"logo\":{\"@type\":\"ImageObject\",\"inLanguage\":\"pt-PT\",\"@id\":\"https:\/\/brasilnoticias.org\/site\/#\/schema\/logo\/image\/\",\"url\":\"https:\/\/brasilnoticias.org\/site\/wp-content\/uploads\/2022\/05\/cropped-brasilnoticias-mini.jpg\",\"contentUrl\":\"https:\/\/brasilnoticias.org\/site\/wp-content\/uploads\/2022\/05\/cropped-brasilnoticias-mini.jpg\",\"width\":314,\"height\":86,\"caption\":\"Brasil not\u00edcias\"},\"image\":{\"@id\":\"https:\/\/brasilnoticias.org\/site\/#\/schema\/logo\/image\/\"}},{\"@type\":\"Person\",\"@id\":\"https:\/\/brasilnoticias.org\/site\/#\/schema\/person\/a0e05b973ec4d15c658d51911e53507b\",\"name\":\"Reda\u00e7\u00e3o\",\"image\":{\"@type\":\"ImageObject\",\"inLanguage\":\"pt-PT\",\"@id\":\"https:\/\/brasilnoticias.org\/site\/#\/schema\/person\/image\/\",\"url\":\"https:\/\/secure.gravatar.com\/avatar\/75d8b050df2de108b08ae78dfb8e374892df24a383c67db9c46a9c604f6aee9c?s=96&d=mm&r=g\",\"contentUrl\":\"https:\/\/secure.gravatar.com\/avatar\/75d8b050df2de108b08ae78dfb8e374892df24a383c67db9c46a9c604f6aee9c?s=96&d=mm&r=g\",\"caption\":\"Reda\u00e7\u00e3o\"},\"sameAs\":[\"https:\/\/brasilnoticias.org\/site\"],\"url\":\"https:\/\/brasilnoticias.org\/site\/author\/fernandozsngmail-com\/\"}]}<\/script>\n<!-- \/ Yoast SEO plugin. -->","yoast_head_json":{"title":"Ve\u00edculo com turistas capota nos Len\u00e7\u00f3is Maranhenses e deixa feridos - Brasil not\u00edcias","robots":{"index":"index","follow":"follow","max-snippet":"max-snippet:-1","max-image-preview":"max-image-preview:large","max-video-preview":"max-video-preview:-1"},"canonical":"https:\/\/brasilnoticias.org\/site\/veiculo-com-turistas-capota-nos-lencois-maranhenses-e-deixa-feridos\/","og_locale":"pt_PT","og_type":"article","og_title":"Ve\u00edculo com turistas capota nos Len\u00e7\u00f3is Maranhenses e deixa feridos - Brasil not\u00edcias","og_description":"Sete turistas ficaram feridos ap\u00f3s uma caminhonete capotar nos Len\u00e7\u00f3is Maranhenses, no Maranh\u00e3o, nesta segunda-feira (5). O acidente aconteceu no","og_url":"https:\/\/brasilnoticias.org\/site\/veiculo-com-turistas-capota-nos-lencois-maranhenses-e-deixa-feridos\/","og_site_name":"Brasil not\u00edcias","article_published_time":"2023-06-07T10:01:01+00:00","og_image":[{"width":800,"height":450,"url":"https:\/\/brasilnoticias.org\/site\/wp-content\/uploads\/2023\/06\/veiculo_com_turistas_capota_nos_lencois_maranhenses_e_deixa_feridos_widelg.jpg","type":"image\/jpeg"}],"author":"Reda\u00e7\u00e3o","twitter_card":"summary_large_image","twitter_misc":{"Escrito por":"Reda\u00e7\u00e3o"},"schema":{"@context":"https:\/\/schema.org","@graph":[{"@type":"Article","@id":"https:\/\/brasilnoticias.org\/site\/veiculo-com-turistas-capota-nos-lencois-maranhenses-e-deixa-feridos\/#article","isPartOf":{"@id":"https:\/\/brasilnoticias.org\/site\/veiculo-com-turistas-capota-nos-lencois-maranhenses-e-deixa-feridos\/"},"author":{"name":"Reda\u00e7\u00e3o","@id":"https:\/\/brasilnoticias.org\/site\/#\/schema\/person\/a0e05b973ec4d15c658d51911e53507b"},"headline":"Ve\u00edculo com turistas capota nos Len\u00e7\u00f3is Maranhenses e deixa feridos","datePublished":"2023-06-07T10:01:01+00:00","mainEntityOfPage":{"@id":"https:\/\/brasilnoticias.org\/site\/veiculo-com-turistas-capota-nos-lencois-maranhenses-e-deixa-feridos\/"},"wordCount":473,"commentCount":0,"publisher":{"@id":"https:\/\/brasilnoticias.org\/site\/#organization"},"image":{"@id":"https:\/\/brasilnoticias.org\/site\/veiculo-com-turistas-capota-nos-lencois-maranhenses-e-deixa-feridos\/#primaryimage"},"thumbnailUrl":"https:\/\/brasilnoticias.org\/site\/wp-content\/uploads\/2023\/06\/veiculo_com_turistas_capota_nos_lencois_maranhenses_e_deixa_feridos_widelg.jpg","articleSection":["Not\u00edcias","\u00daltimas"],"inLanguage":"pt-PT","potentialAction":[{"@type":"CommentAction","name":"Comment","target":["https:\/\/brasilnoticias.org\/site\/veiculo-com-turistas-capota-nos-lencois-maranhenses-e-deixa-feridos\/#respond"]}]},{"@type":"WebPage","@id":"https:\/\/brasilnoticias.org\/site\/veiculo-com-turistas-capota-nos-lencois-maranhenses-e-deixa-feridos\/","url":"https:\/\/brasilnoticias.org\/site\/veiculo-com-turistas-capota-nos-lencois-maranhenses-e-deixa-feridos\/","name":"Ve\u00edculo com turistas capota nos Len\u00e7\u00f3is Maranhenses e deixa feridos - Brasil not\u00edcias","isPartOf":{"@id":"https:\/\/brasilnoticias.org\/site\/#website"},"primaryImageOfPage":{"@id":"https:\/\/brasilnoticias.org\/site\/veiculo-com-turistas-capota-nos-lencois-maranhenses-e-deixa-feridos\/#primaryimage"},"image":{"@id":"https:\/\/brasilnoticias.org\/site\/veiculo-com-turistas-capota-nos-lencois-maranhenses-e-deixa-feridos\/#primaryimage"},"thumbnailUrl":"https:\/\/brasilnoticias.org\/site\/wp-content\/uploads\/2023\/06\/veiculo_com_turistas_capota_nos_lencois_maranhenses_e_deixa_feridos_widelg.jpg","datePublished":"2023-06-07T10:01:01+00:00","breadcrumb":{"@id":"https:\/\/brasilnoticias.org\/site\/veiculo-com-turistas-capota-nos-lencois-maranhenses-e-deixa-feridos\/#breadcrumb"},"inLanguage":"pt-PT","potentialAction":[{"@type":"ReadAction","target":["https:\/\/brasilnoticias.org\/site\/veiculo-com-turistas-capota-nos-lencois-maranhenses-e-deixa-feridos\/"]}]},{"@type":"ImageObject","inLanguage":"pt-PT","@id":"https:\/\/brasilnoticias.org\/site\/veiculo-com-turistas-capota-nos-lencois-maranhenses-e-deixa-feridos\/#primaryimage","url":"https:\/\/brasilnoticias.org\/site\/wp-content\/uploads\/2023\/06\/veiculo_com_turistas_capota_nos_lencois_maranhenses_e_deixa_feridos_widelg.jpg","contentUrl":"https:\/\/brasilnoticias.org\/site\/wp-content\/uploads\/2023\/06\/veiculo_com_turistas_capota_nos_lencois_maranhenses_e_deixa_feridos_widelg.jpg","width":800,"height":450},{"@type":"BreadcrumbList","@id":"https:\/\/brasilnoticias.org\/site\/veiculo-com-turistas-capota-nos-lencois-maranhenses-e-deixa-feridos\/#breadcrumb","itemListElement":[{"@type":"ListItem","position":1,"name":"In\u00edcio","item":"https:\/\/brasilnoticias.org\/site\/"},{"@type":"ListItem","position":2,"name":"Ve\u00edculo com turistas capota nos Len\u00e7\u00f3is Maranhenses e deixa feridos"}]},{"@type":"WebSite","@id":"https:\/\/brasilnoticias.org\/site\/#website","url":"https:\/\/brasilnoticias.org\/site\/","name":"Brasil not\u00edcias","description":"Brasil not\u00edcias","publisher":{"@id":"https:\/\/brasilnoticias.org\/site\/#organization"},"potentialAction":[{"@type":"SearchAction","target":{"@type":"EntryPoint","urlTemplate":"https:\/\/brasilnoticias.org\/site\/?s={search_term_string}"},"query-input":{"@type":"PropertyValueSpecification","valueRequired":true,"valueName":"search_term_string"}}],"inLanguage":"pt-PT"},{"@type":"Organization","@id":"https:\/\/brasilnoticias.org\/site\/#organization","name":"Brasil not\u00edcias","url":"https:\/\/brasilnoticias.org\/site\/","logo":{"@type":"ImageObject","inLanguage":"pt-PT","@id":"https:\/\/brasilnoticias.org\/site\/#\/schema\/logo\/image\/","url":"https:\/\/brasilnoticias.org\/site\/wp-content\/uploads\/2022\/05\/cropped-brasilnoticias-mini.jpg","contentUrl":"https:\/\/brasilnoticias.org\/site\/wp-content\/uploads\/2022\/05\/cropped-brasilnoticias-mini.jpg","width":314,"height":86,"caption":"Brasil not\u00edcias"},"image":{"@id":"https:\/\/brasilnoticias.org\/site\/#\/schema\/logo\/image\/"}},{"@type":"Person","@id":"https:\/\/brasilnoticias.org\/site\/#\/schema\/person\/a0e05b973ec4d15c658d51911e53507b","name":"Reda\u00e7\u00e3o","image":{"@type":"ImageObject","inLanguage":"pt-PT","@id":"https:\/\/brasilnoticias.org\/site\/#\/schema\/person\/image\/","url":"https:\/\/secure.gravatar.com\/avatar\/75d8b050df2de108b08ae78dfb8e374892df24a383c67db9c46a9c604f6aee9c?s=96&d=mm&r=g","contentUrl":"https:\/\/secure.gravatar.com\/avatar\/75d8b050df2de108b08ae78dfb8e374892df24a383c67db9c46a9c604f6aee9c?s=96&d=mm&r=g","caption":"Reda\u00e7\u00e3o"},"sameAs":["https:\/\/brasilnoticias.org\/site"],"url":"https:\/\/brasilnoticias.org\/site\/author\/fernandozsngmail-com\/"}]}},"_links":{"self":[{"href":"https:\/\/brasilnoticias.org\/site\/wp-json\/wp\/v2\/posts\/6565","targetHints":{"allow":["GET"]}}],"collection":[{"href":"https:\/\/brasilnoticias.org\/site\/wp-json\/wp\/v2\/posts"}],"about":[{"href":"https:\/\/brasilnoticias.org\/site\/wp-json\/wp\/v2\/types\/post"}],"author":[{"embeddable":true,"href":"https:\/\/brasilnoticias.org\/site\/wp-json\/wp\/v2\/users\/1"}],"replies":[{"embeddable":true,"href":"https:\/\/brasilnoticias.org\/site\/wp-json\/wp\/v2\/comments?post=6565"}],"version-history":[{"count":1,"href":"https:\/\/brasilnoticias.org\/site\/wp-json\/wp\/v2\/posts\/6565\/revisions"}],"predecessor-version":[{"id":6567,"href":"https:\/\/brasilnoticias.org\/site\/wp-json\/wp\/v2\/posts\/6565\/revisions\/6567"}],"wp:featuredmedia":[{"embeddable":true,"href":"https:\/\/brasilnoticias.org\/site\/wp-json\/wp\/v2\/media\/6566"}],"wp:attachment":[{"href":"https:\/\/brasilnoticias.org\/site\/wp-json\/wp\/v2\/media?parent=6565"}],"wp:term":[{"taxonomy":"category","embeddable":true,"href":"https:\/\/brasilnoticias.org\/site\/wp-json\/wp\/v2\/categories?post=6565"},{"taxonomy":"post_tag","embeddable":true,"href":"https:\/\/brasilnoticias.org\/site\/wp-json\/wp\/v2\/tags?post=6565"}],"curies":[{"name":"wp","href":"https:\/\/api.w.org\/{rel}","templated":true}]}}