{"id":6568,"date":"2023-06-07T07:03:18","date_gmt":"2023-06-07T10:03:18","guid":{"rendered":"https:\/\/brasilnoticias.org\/site\/?p=6568"},"modified":"2023-06-07T07:03:18","modified_gmt":"2023-06-07T10:03:18","slug":"confira-a-programacao-do-sao-joao-da-bahia-para-a-capital-baiana","status":"publish","type":"post","link":"https:\/\/brasilnoticias.org\/site\/confira-a-programacao-do-sao-joao-da-bahia-para-a-capital-baiana\/","title":{"rendered":"Confira a programa\u00e7\u00e3o do S\u00e3o Jo\u00e3o da Bahia para a capital baiana"},"content":{"rendered":"<p>O Governo do Estado divulgou, no in\u00edcio da noite desta ter\u00e7a-feira (6), as principais atra\u00e7\u00f5es do S\u00e3o Jo\u00e3o da Bahia que, em Salvador, v\u00e3o acontecer em tr\u00eas diferentes regi\u00f5es da cidade: Parque de Exposi\u00e7\u00f5es, Centro Hist\u00f3rico e Paripe.<\/p>\n<p>No bairro localizado no Sub\u00farbio Ferrovi\u00e1rio, as principais atra\u00e7\u00f5es ficar\u00e3o por conta de Kevi Jonny, no dia 23, e Saulo, no dia 24 de junho. No Pelourinho (Centro Hist\u00f3rico), a festa come\u00e7a no dia 22, tem como principal show o cantor Alceu Valen\u00e7a.<\/p>\n<p>No dia 23, a banda Falamansa agita os forrozeiros de plant\u00e3o. Um dia depois (24), Geraldo Azevedo ser\u00e1 um dos que vai se apresentar na regi\u00e3o. Encerrando os festejos no Centro Hist\u00f3rico da capital baiana, subir\u00e3o ao palco Fl\u00e1vio Jos\u00e9 e Flor de Mandacaru, no dia 25 de julho.<\/p>\n<p>O Parque de Exposi\u00e7\u00f5es, por sua vez, ser\u00e1 o principal local de shows do S\u00e3o Jo\u00e3o em Salvador. Por l\u00e1, a grade foi dividida em dois momentos: de 22 a 24 de junho e de 30 de junho a 2 de julho.<\/p>\n<p>Entre as atra\u00e7\u00f5es est\u00e3o: Wesley Safad\u00e3o, Xand Avi\u00e3o, Simone Mendes, Thiago Aquino, Z\u00e9 Vaqueiro, Maiara e Mara\u00edsa, Jorge e Matheus, Tayrone, Danniel Vieira, Pablo, Jo\u00e3o Gomes, Del Feliz, Estakazero, Adelm\u00e1rio Coelho, Daniela Mercury, Bell Marques e Timbalada.<\/p>\n<p>Confira a programa\u00e7\u00e3o para Salvador do S\u00e3o Jo\u00e3o da Bahia:<\/p>\n<p>Paripe (Sub\u00farbio)<\/p>\n<p>23 de junho (sexta-feira)<\/p>\n<p>Marcinho Sensa\u00e7\u00e3o<br \/>\nKevi Jonny<br \/>\nNenho<\/p>\n<p>24 de junho (s\u00e1bado)<\/p>\n<p>Tarc\u00edsio do Acordeon<br \/>\nSaulo<br \/>\nPedro Libe<\/p>\n<p>Pelourinho (Centro Hist\u00f3rico)<\/p>\n<p>22 de junho (quinta-feira)<\/p>\n<p>Lara Am\u00e9lia<br \/>\nAlceu Valen\u00e7a<br \/>\nLarissa Marques<\/p>\n<p>23 de junho (sexta-feira)<\/p>\n<p>Falamansa<br \/>\nClayton e Rom\u00e1rio<br \/>\nCarneirinho<\/p>\n<p>24 de junho (s\u00e1bado)<\/p>\n<p>Geraldo Azevedo<br \/>\nThiago Brava<br \/>\nGilmel\u00e2ndia<\/p>\n<p>25 de junho (domingo)<\/p>\n<p>Fl\u00e1vio Jos\u00e9<br \/>\nFlor de Mandacaru<\/p>\n<p>Parque de Exposi\u00e7\u00f5es<\/p>\n<p>22 de junho (quinta-feira)<\/p>\n<p>Thiago Aquino<br \/>\nNadson Ferinha<br \/>\nDorgival<br \/>\nWesley Safad\u00e3o<br \/>\nPriscila Senna<br \/>\nHugo e Guilherme<br \/>\nXand Avi\u00e3o<\/p>\n<p>23 de junho (sexta-feira)<\/p>\n<p>Thiago Brava<br \/>\nSeu Maxixe<br \/>\nJunior Marques<br \/>\nSimone Mendes<br \/>\nMari Fernandez<br \/>\nClayton e Rom\u00e1rio<br \/>\nZ\u00e9 Vaqueiro<br \/>\nMatheus Fernandes<\/p>\n<p>24 de junho (s\u00e1bado)<\/p>\n<p>Vitor Fernandes<br \/>\nLauana Prado<br \/>\nMaiara e Mara\u00edsa<br \/>\nJorge e Matheus<br \/>\nDiego e Vitor Hugo<br \/>\nTayrone<br \/>\nJonas Esticado<\/p>\n<p>30 de junho (sexta-feira)<\/p>\n<p>Japinha Conde<br \/>\nFilomena Bagaceira<br \/>\nKevi Jonny<br \/>\nIguinho e Lulinha<br \/>\nDanniel Vieira<br \/>\nZ\u00e9 Neto e Cristiano<br \/>\nPablo<br \/>\nJo\u00e3o Gomes<\/p>\n<p>1\u00ba de julho (s\u00e1bado)<\/p>\n<p>Del Feliz<br \/>\nLincoln<br \/>\nEstakazero<br \/>\nTarc\u00edsio do Acordeon<br \/>\nSolange Almeida<br \/>\nAdelm\u00e1rio Coelho<br \/>\nNattan<br \/>\nLeo Santana<\/p>\n<p>2 de julho (domingo)<\/p>\n<p>Dan Valente<br \/>\nTuca<br \/>\nPsirico<br \/>\nDaniela Mercury<br \/>\nBanda Eva<br \/>\nBell Marques<br \/>\nParangol\u00e9<br \/>\nTimbalada<br \/>\nFilipe Escandurras<\/p>\n<p>BNews<br \/>\nFoto Paul Marx\/Divulga\u00e7\u00e3o\/Bahiatursa<\/p>\n","protected":false},"excerpt":{"rendered":"<p>O Governo do Estado divulgou, no in\u00edcio da noite desta ter\u00e7a-feira (6), as principais atra\u00e7\u00f5es do S\u00e3o Jo\u00e3o da Bahia<\/p>\n","protected":false},"author":1,"featured_media":6569,"comment_status":"open","ping_status":"open","sticky":false,"template":"","format":"standard","meta":{"colormag_page_container_layout":"default_layout","colormag_page_sidebar_layout":"default_layout","_FSMCFIC_featured_image_caption":"","_FSMCFIC_featured_image_nocaption":"","_FSMCFIC_featured_image_hide":"","footnotes":""},"categories":[2,1],"tags":[],"class_list":["post-6568","post","type-post","status-publish","format-standard","has-post-thumbnail","hentry","category-noticias","category-ultimas"],"yoast_head":"<!-- This site is optimized with the Yoast SEO plugin v27.1.1 - https:\/\/yoast.com\/product\/yoast-seo-wordpress\/ -->\n<title>Confira a programa\u00e7\u00e3o do S\u00e3o Jo\u00e3o da Bahia para a capital baiana - Brasil not\u00edcias<\/title>\n<meta name=\"robots\" content=\"index, follow, max-snippet:-1, max-image-preview:large, max-video-preview:-1\" \/>\n<link rel=\"canonical\" href=\"https:\/\/brasilnoticias.org\/site\/confira-a-programacao-do-sao-joao-da-bahia-para-a-capital-baiana\/\" \/>\n<meta property=\"og:locale\" content=\"pt_PT\" \/>\n<meta property=\"og:type\" content=\"article\" \/>\n<meta property=\"og:title\" content=\"Confira a programa\u00e7\u00e3o do S\u00e3o Jo\u00e3o da Bahia para a capital baiana - Brasil not\u00edcias\" \/>\n<meta property=\"og:description\" content=\"O Governo do Estado divulgou, no in\u00edcio da noite desta ter\u00e7a-feira (6), as principais atra\u00e7\u00f5es do S\u00e3o Jo\u00e3o da Bahia\" \/>\n<meta property=\"og:url\" content=\"https:\/\/brasilnoticias.org\/site\/confira-a-programacao-do-sao-joao-da-bahia-para-a-capital-baiana\/\" \/>\n<meta property=\"og:site_name\" content=\"Brasil not\u00edcias\" \/>\n<meta property=\"article:published_time\" content=\"2023-06-07T10:03:18+00:00\" \/>\n<meta property=\"og:image\" content=\"https:\/\/brasilnoticias.org\/site\/wp-content\/uploads\/2023\/06\/parque_de_exposicoes_lotado_-_foto_-_paulmarx_widelg.jpg\" \/>\n\t<meta property=\"og:image:width\" content=\"800\" \/>\n\t<meta property=\"og:image:height\" content=\"450\" \/>\n\t<meta property=\"og:image:type\" content=\"image\/jpeg\" \/>\n<meta name=\"author\" content=\"Reda\u00e7\u00e3o\" \/>\n<meta name=\"twitter:card\" content=\"summary_large_image\" \/>\n<meta name=\"twitter:label1\" content=\"Escrito por\" \/>\n\t<meta name=\"twitter:data1\" content=\"Reda\u00e7\u00e3o\" \/>\n<script type=\"application\/ld+json\" class=\"yoast-schema-graph\">{\"@context\":\"https:\/\/schema.org\",\"@graph\":[{\"@type\":\"Article\",\"@id\":\"https:\/\/brasilnoticias.org\/site\/confira-a-programacao-do-sao-joao-da-bahia-para-a-capital-baiana\/#article\",\"isPartOf\":{\"@id\":\"https:\/\/brasilnoticias.org\/site\/confira-a-programacao-do-sao-joao-da-bahia-para-a-capital-baiana\/\"},\"author\":{\"name\":\"Reda\u00e7\u00e3o\",\"@id\":\"https:\/\/brasilnoticias.org\/site\/#\/schema\/person\/a0e05b973ec4d15c658d51911e53507b\"},\"headline\":\"Confira a programa\u00e7\u00e3o do S\u00e3o Jo\u00e3o da Bahia para a capital baiana\",\"datePublished\":\"2023-06-07T10:03:18+00:00\",\"mainEntityOfPage\":{\"@id\":\"https:\/\/brasilnoticias.org\/site\/confira-a-programacao-do-sao-joao-da-bahia-para-a-capital-baiana\/\"},\"wordCount\":456,\"commentCount\":0,\"publisher\":{\"@id\":\"https:\/\/brasilnoticias.org\/site\/#organization\"},\"image\":{\"@id\":\"https:\/\/brasilnoticias.org\/site\/confira-a-programacao-do-sao-joao-da-bahia-para-a-capital-baiana\/#primaryimage\"},\"thumbnailUrl\":\"https:\/\/brasilnoticias.org\/site\/wp-content\/uploads\/2023\/06\/parque_de_exposicoes_lotado_-_foto_-_paulmarx_widelg.jpg\",\"articleSection\":[\"Not\u00edcias\",\"\u00daltimas\"],\"inLanguage\":\"pt-PT\",\"potentialAction\":[{\"@type\":\"CommentAction\",\"name\":\"Comment\",\"target\":[\"https:\/\/brasilnoticias.org\/site\/confira-a-programacao-do-sao-joao-da-bahia-para-a-capital-baiana\/#respond\"]}]},{\"@type\":\"WebPage\",\"@id\":\"https:\/\/brasilnoticias.org\/site\/confira-a-programacao-do-sao-joao-da-bahia-para-a-capital-baiana\/\",\"url\":\"https:\/\/brasilnoticias.org\/site\/confira-a-programacao-do-sao-joao-da-bahia-para-a-capital-baiana\/\",\"name\":\"Confira a programa\u00e7\u00e3o do S\u00e3o Jo\u00e3o da Bahia para a capital baiana - Brasil not\u00edcias\",\"isPartOf\":{\"@id\":\"https:\/\/brasilnoticias.org\/site\/#website\"},\"primaryImageOfPage\":{\"@id\":\"https:\/\/brasilnoticias.org\/site\/confira-a-programacao-do-sao-joao-da-bahia-para-a-capital-baiana\/#primaryimage\"},\"image\":{\"@id\":\"https:\/\/brasilnoticias.org\/site\/confira-a-programacao-do-sao-joao-da-bahia-para-a-capital-baiana\/#primaryimage\"},\"thumbnailUrl\":\"https:\/\/brasilnoticias.org\/site\/wp-content\/uploads\/2023\/06\/parque_de_exposicoes_lotado_-_foto_-_paulmarx_widelg.jpg\",\"datePublished\":\"2023-06-07T10:03:18+00:00\",\"breadcrumb\":{\"@id\":\"https:\/\/brasilnoticias.org\/site\/confira-a-programacao-do-sao-joao-da-bahia-para-a-capital-baiana\/#breadcrumb\"},\"inLanguage\":\"pt-PT\",\"potentialAction\":[{\"@type\":\"ReadAction\",\"target\":[\"https:\/\/brasilnoticias.org\/site\/confira-a-programacao-do-sao-joao-da-bahia-para-a-capital-baiana\/\"]}]},{\"@type\":\"ImageObject\",\"inLanguage\":\"pt-PT\",\"@id\":\"https:\/\/brasilnoticias.org\/site\/confira-a-programacao-do-sao-joao-da-bahia-para-a-capital-baiana\/#primaryimage\",\"url\":\"https:\/\/brasilnoticias.org\/site\/wp-content\/uploads\/2023\/06\/parque_de_exposicoes_lotado_-_foto_-_paulmarx_widelg.jpg\",\"contentUrl\":\"https:\/\/brasilnoticias.org\/site\/wp-content\/uploads\/2023\/06\/parque_de_exposicoes_lotado_-_foto_-_paulmarx_widelg.jpg\",\"width\":800,\"height\":450},{\"@type\":\"BreadcrumbList\",\"@id\":\"https:\/\/brasilnoticias.org\/site\/confira-a-programacao-do-sao-joao-da-bahia-para-a-capital-baiana\/#breadcrumb\",\"itemListElement\":[{\"@type\":\"ListItem\",\"position\":1,\"name\":\"In\u00edcio\",\"item\":\"https:\/\/brasilnoticias.org\/site\/\"},{\"@type\":\"ListItem\",\"position\":2,\"name\":\"Confira a programa\u00e7\u00e3o do S\u00e3o Jo\u00e3o da Bahia para a capital baiana\"}]},{\"@type\":\"WebSite\",\"@id\":\"https:\/\/brasilnoticias.org\/site\/#website\",\"url\":\"https:\/\/brasilnoticias.org\/site\/\",\"name\":\"Brasil not\u00edcias\",\"description\":\"Brasil not\u00edcias\",\"publisher\":{\"@id\":\"https:\/\/brasilnoticias.org\/site\/#organization\"},\"potentialAction\":[{\"@type\":\"SearchAction\",\"target\":{\"@type\":\"EntryPoint\",\"urlTemplate\":\"https:\/\/brasilnoticias.org\/site\/?s={search_term_string}\"},\"query-input\":{\"@type\":\"PropertyValueSpecification\",\"valueRequired\":true,\"valueName\":\"search_term_string\"}}],\"inLanguage\":\"pt-PT\"},{\"@type\":\"Organization\",\"@id\":\"https:\/\/brasilnoticias.org\/site\/#organization\",\"name\":\"Brasil not\u00edcias\",\"url\":\"https:\/\/brasilnoticias.org\/site\/\",\"logo\":{\"@type\":\"ImageObject\",\"inLanguage\":\"pt-PT\",\"@id\":\"https:\/\/brasilnoticias.org\/site\/#\/schema\/logo\/image\/\",\"url\":\"https:\/\/brasilnoticias.org\/site\/wp-content\/uploads\/2022\/05\/cropped-brasilnoticias-mini.jpg\",\"contentUrl\":\"https:\/\/brasilnoticias.org\/site\/wp-content\/uploads\/2022\/05\/cropped-brasilnoticias-mini.jpg\",\"width\":314,\"height\":86,\"caption\":\"Brasil not\u00edcias\"},\"image\":{\"@id\":\"https:\/\/brasilnoticias.org\/site\/#\/schema\/logo\/image\/\"}},{\"@type\":\"Person\",\"@id\":\"https:\/\/brasilnoticias.org\/site\/#\/schema\/person\/a0e05b973ec4d15c658d51911e53507b\",\"name\":\"Reda\u00e7\u00e3o\",\"image\":{\"@type\":\"ImageObject\",\"inLanguage\":\"pt-PT\",\"@id\":\"https:\/\/brasilnoticias.org\/site\/#\/schema\/person\/image\/\",\"url\":\"https:\/\/secure.gravatar.com\/avatar\/75d8b050df2de108b08ae78dfb8e374892df24a383c67db9c46a9c604f6aee9c?s=96&d=mm&r=g\",\"contentUrl\":\"https:\/\/secure.gravatar.com\/avatar\/75d8b050df2de108b08ae78dfb8e374892df24a383c67db9c46a9c604f6aee9c?s=96&d=mm&r=g\",\"caption\":\"Reda\u00e7\u00e3o\"},\"sameAs\":[\"https:\/\/brasilnoticias.org\/site\"],\"url\":\"https:\/\/brasilnoticias.org\/site\/author\/fernandozsngmail-com\/\"}]}<\/script>\n<!-- \/ Yoast SEO plugin. -->","yoast_head_json":{"title":"Confira a programa\u00e7\u00e3o do S\u00e3o Jo\u00e3o da Bahia para a capital baiana - Brasil not\u00edcias","robots":{"index":"index","follow":"follow","max-snippet":"max-snippet:-1","max-image-preview":"max-image-preview:large","max-video-preview":"max-video-preview:-1"},"canonical":"https:\/\/brasilnoticias.org\/site\/confira-a-programacao-do-sao-joao-da-bahia-para-a-capital-baiana\/","og_locale":"pt_PT","og_type":"article","og_title":"Confira a programa\u00e7\u00e3o do S\u00e3o Jo\u00e3o da Bahia para a capital baiana - Brasil not\u00edcias","og_description":"O Governo do Estado divulgou, no in\u00edcio da noite desta ter\u00e7a-feira (6), as principais atra\u00e7\u00f5es do S\u00e3o Jo\u00e3o da Bahia","og_url":"https:\/\/brasilnoticias.org\/site\/confira-a-programacao-do-sao-joao-da-bahia-para-a-capital-baiana\/","og_site_name":"Brasil not\u00edcias","article_published_time":"2023-06-07T10:03:18+00:00","og_image":[{"width":800,"height":450,"url":"https:\/\/brasilnoticias.org\/site\/wp-content\/uploads\/2023\/06\/parque_de_exposicoes_lotado_-_foto_-_paulmarx_widelg.jpg","type":"image\/jpeg"}],"author":"Reda\u00e7\u00e3o","twitter_card":"summary_large_image","twitter_misc":{"Escrito por":"Reda\u00e7\u00e3o"},"schema":{"@context":"https:\/\/schema.org","@graph":[{"@type":"Article","@id":"https:\/\/brasilnoticias.org\/site\/confira-a-programacao-do-sao-joao-da-bahia-para-a-capital-baiana\/#article","isPartOf":{"@id":"https:\/\/brasilnoticias.org\/site\/confira-a-programacao-do-sao-joao-da-bahia-para-a-capital-baiana\/"},"author":{"name":"Reda\u00e7\u00e3o","@id":"https:\/\/brasilnoticias.org\/site\/#\/schema\/person\/a0e05b973ec4d15c658d51911e53507b"},"headline":"Confira a programa\u00e7\u00e3o do S\u00e3o Jo\u00e3o da Bahia para a capital baiana","datePublished":"2023-06-07T10:03:18+00:00","mainEntityOfPage":{"@id":"https:\/\/brasilnoticias.org\/site\/confira-a-programacao-do-sao-joao-da-bahia-para-a-capital-baiana\/"},"wordCount":456,"commentCount":0,"publisher":{"@id":"https:\/\/brasilnoticias.org\/site\/#organization"},"image":{"@id":"https:\/\/brasilnoticias.org\/site\/confira-a-programacao-do-sao-joao-da-bahia-para-a-capital-baiana\/#primaryimage"},"thumbnailUrl":"https:\/\/brasilnoticias.org\/site\/wp-content\/uploads\/2023\/06\/parque_de_exposicoes_lotado_-_foto_-_paulmarx_widelg.jpg","articleSection":["Not\u00edcias","\u00daltimas"],"inLanguage":"pt-PT","potentialAction":[{"@type":"CommentAction","name":"Comment","target":["https:\/\/brasilnoticias.org\/site\/confira-a-programacao-do-sao-joao-da-bahia-para-a-capital-baiana\/#respond"]}]},{"@type":"WebPage","@id":"https:\/\/brasilnoticias.org\/site\/confira-a-programacao-do-sao-joao-da-bahia-para-a-capital-baiana\/","url":"https:\/\/brasilnoticias.org\/site\/confira-a-programacao-do-sao-joao-da-bahia-para-a-capital-baiana\/","name":"Confira a programa\u00e7\u00e3o do S\u00e3o Jo\u00e3o da Bahia para a capital baiana - Brasil not\u00edcias","isPartOf":{"@id":"https:\/\/brasilnoticias.org\/site\/#website"},"primaryImageOfPage":{"@id":"https:\/\/brasilnoticias.org\/site\/confira-a-programacao-do-sao-joao-da-bahia-para-a-capital-baiana\/#primaryimage"},"image":{"@id":"https:\/\/brasilnoticias.org\/site\/confira-a-programacao-do-sao-joao-da-bahia-para-a-capital-baiana\/#primaryimage"},"thumbnailUrl":"https:\/\/brasilnoticias.org\/site\/wp-content\/uploads\/2023\/06\/parque_de_exposicoes_lotado_-_foto_-_paulmarx_widelg.jpg","datePublished":"2023-06-07T10:03:18+00:00","breadcrumb":{"@id":"https:\/\/brasilnoticias.org\/site\/confira-a-programacao-do-sao-joao-da-bahia-para-a-capital-baiana\/#breadcrumb"},"inLanguage":"pt-PT","potentialAction":[{"@type":"ReadAction","target":["https:\/\/brasilnoticias.org\/site\/confira-a-programacao-do-sao-joao-da-bahia-para-a-capital-baiana\/"]}]},{"@type":"ImageObject","inLanguage":"pt-PT","@id":"https:\/\/brasilnoticias.org\/site\/confira-a-programacao-do-sao-joao-da-bahia-para-a-capital-baiana\/#primaryimage","url":"https:\/\/brasilnoticias.org\/site\/wp-content\/uploads\/2023\/06\/parque_de_exposicoes_lotado_-_foto_-_paulmarx_widelg.jpg","contentUrl":"https:\/\/brasilnoticias.org\/site\/wp-content\/uploads\/2023\/06\/parque_de_exposicoes_lotado_-_foto_-_paulmarx_widelg.jpg","width":800,"height":450},{"@type":"BreadcrumbList","@id":"https:\/\/brasilnoticias.org\/site\/confira-a-programacao-do-sao-joao-da-bahia-para-a-capital-baiana\/#breadcrumb","itemListElement":[{"@type":"ListItem","position":1,"name":"In\u00edcio","item":"https:\/\/brasilnoticias.org\/site\/"},{"@type":"ListItem","position":2,"name":"Confira a programa\u00e7\u00e3o do S\u00e3o Jo\u00e3o da Bahia para a capital baiana"}]},{"@type":"WebSite","@id":"https:\/\/brasilnoticias.org\/site\/#website","url":"https:\/\/brasilnoticias.org\/site\/","name":"Brasil not\u00edcias","description":"Brasil not\u00edcias","publisher":{"@id":"https:\/\/brasilnoticias.org\/site\/#organization"},"potentialAction":[{"@type":"SearchAction","target":{"@type":"EntryPoint","urlTemplate":"https:\/\/brasilnoticias.org\/site\/?s={search_term_string}"},"query-input":{"@type":"PropertyValueSpecification","valueRequired":true,"valueName":"search_term_string"}}],"inLanguage":"pt-PT"},{"@type":"Organization","@id":"https:\/\/brasilnoticias.org\/site\/#organization","name":"Brasil not\u00edcias","url":"https:\/\/brasilnoticias.org\/site\/","logo":{"@type":"ImageObject","inLanguage":"pt-PT","@id":"https:\/\/brasilnoticias.org\/site\/#\/schema\/logo\/image\/","url":"https:\/\/brasilnoticias.org\/site\/wp-content\/uploads\/2022\/05\/cropped-brasilnoticias-mini.jpg","contentUrl":"https:\/\/brasilnoticias.org\/site\/wp-content\/uploads\/2022\/05\/cropped-brasilnoticias-mini.jpg","width":314,"height":86,"caption":"Brasil not\u00edcias"},"image":{"@id":"https:\/\/brasilnoticias.org\/site\/#\/schema\/logo\/image\/"}},{"@type":"Person","@id":"https:\/\/brasilnoticias.org\/site\/#\/schema\/person\/a0e05b973ec4d15c658d51911e53507b","name":"Reda\u00e7\u00e3o","image":{"@type":"ImageObject","inLanguage":"pt-PT","@id":"https:\/\/brasilnoticias.org\/site\/#\/schema\/person\/image\/","url":"https:\/\/secure.gravatar.com\/avatar\/75d8b050df2de108b08ae78dfb8e374892df24a383c67db9c46a9c604f6aee9c?s=96&d=mm&r=g","contentUrl":"https:\/\/secure.gravatar.com\/avatar\/75d8b050df2de108b08ae78dfb8e374892df24a383c67db9c46a9c604f6aee9c?s=96&d=mm&r=g","caption":"Reda\u00e7\u00e3o"},"sameAs":["https:\/\/brasilnoticias.org\/site"],"url":"https:\/\/brasilnoticias.org\/site\/author\/fernandozsngmail-com\/"}]}},"_links":{"self":[{"href":"https:\/\/brasilnoticias.org\/site\/wp-json\/wp\/v2\/posts\/6568","targetHints":{"allow":["GET"]}}],"collection":[{"href":"https:\/\/brasilnoticias.org\/site\/wp-json\/wp\/v2\/posts"}],"about":[{"href":"https:\/\/brasilnoticias.org\/site\/wp-json\/wp\/v2\/types\/post"}],"author":[{"embeddable":true,"href":"https:\/\/brasilnoticias.org\/site\/wp-json\/wp\/v2\/users\/1"}],"replies":[{"embeddable":true,"href":"https:\/\/brasilnoticias.org\/site\/wp-json\/wp\/v2\/comments?post=6568"}],"version-history":[{"count":1,"href":"https:\/\/brasilnoticias.org\/site\/wp-json\/wp\/v2\/posts\/6568\/revisions"}],"predecessor-version":[{"id":6570,"href":"https:\/\/brasilnoticias.org\/site\/wp-json\/wp\/v2\/posts\/6568\/revisions\/6570"}],"wp:featuredmedia":[{"embeddable":true,"href":"https:\/\/brasilnoticias.org\/site\/wp-json\/wp\/v2\/media\/6569"}],"wp:attachment":[{"href":"https:\/\/brasilnoticias.org\/site\/wp-json\/wp\/v2\/media?parent=6568"}],"wp:term":[{"taxonomy":"category","embeddable":true,"href":"https:\/\/brasilnoticias.org\/site\/wp-json\/wp\/v2\/categories?post=6568"},{"taxonomy":"post_tag","embeddable":true,"href":"https:\/\/brasilnoticias.org\/site\/wp-json\/wp\/v2\/tags?post=6568"}],"curies":[{"name":"wp","href":"https:\/\/api.w.org\/{rel}","templated":true}]}}